{"id":221,"date":"2009-08-31T07:24:38","date_gmt":"2009-08-31T07:24:38","guid":{"rendered":"http:\/\/blog.causeur.fr\/bonnetdane\/?p=221"},"modified":"2021-04-22T18:53:23","modified_gmt":"2021-04-22T16:53:23","slug":"rentrer","status":"publish","type":"post","link":"https:\/\/blog.causeur.fr\/bonnetdane\/rentrer-221","title":{"rendered":"Rentrer"},"content":{"rendered":"<p>Rentrer, disent-ils\u2026<\/p>\n<p>Seraient-ils sortis&nbsp;? Et sortis de quoi&nbsp;?<\/p>\n<p>Seraient-ils partis&nbsp;? Mais partis o\u00f9&nbsp;? Au camping le plus proche, pr\u00e9cisent les gazettes. Par les temps qui courent, ceux qui ont d\u00e9j\u00e0 le pain quotidien relativement hebdomadaire, comme disait Pr\u00e9vert, ont toutes les chances de voir leurs vacances annuelles devenir d\u00e9cennales. Comme la crue du m\u00eame nom, que l\u2019on nous annonce pour l\u2019hiver prochain \u2014 Parisiens fortun\u00e9s, ramenez vos Zodiacs avec vous, le Marais sera sous les eaux en janvier, et on p\u00eachera de vraies carpes rue du Roi-de-Sicile\u2026<\/p>\n<p>Rentr\u00e9e politique, et \u00ab&nbsp;universit\u00e9s d\u2019\u00e9t\u00e9&nbsp;\u00bb (1)&nbsp;: mais il ne m\u2019est pas apparu que qui que ce soit ait d\u00e9croch\u00e9, en juillet-ao\u00fbt. Les invectives et les coups bas n\u2019ont pas attendu l\u2019automne pour se ramasser \u00e0 la pelle (2). Et je ne suis pas s\u00fbr que septembre donne \u00e0 certains des id\u00e9es nouvelles.<\/p>\n<p>Rentrer&nbsp;: comme si un trop-plein succ\u00e9dait \u00e0 un manque. Mais les manques risquent d\u2019\u00eatre encore plus criants, cet automne. Le ch\u00f4mage en expansion, l\u2019industrie d\u00e9mantel\u00e9e, les banques coulant les PME de fa\u00e7on \u00e0 continuer \u00e0 verser des dividendes \u00e0 leurs traders et surtout \u00e0 leurs actionnaires \u2014 saint Paribas, priez pour moi&nbsp;! \u2014, la dette publique au plus haut, les imp\u00f4ts nouveaux salu\u00e9s par les Verts\u2026 Que de motifs de satisfaction&nbsp;!<\/p>\n<p>Rentr\u00e9e litt\u00e9raire, para\u00eet-il. Chaque ann\u00e9e, c\u2019est comme si, quelque part en juin, nous \u00e9tions entr\u00e9s dans l\u2019\u00e8re du vide. Ne restaient plus, pour combler le trou des vacances, que les bouquins de plage \u2014 le dernier Michael Connelly, ou une bleuette sur les \u00e9plucheurs de patates des \u00eeles anglo-normandes. Sauf pour les politiques qui, comme le remarquait r\u00e9cemment <em>Marianne<\/em><span>, ne s\u2019abaissent pas \u00e0 des divertissements si vulgaires, et relisent Hegel en vill\u00e9giature\u2026 Et Nicolas Sarkozy&nbsp;? Il a visit\u00e9 la Princesse de Cl\u00e8ves&nbsp;?<\/span><\/p>\n<p>Tiens, j\u2019ai relu <em>Madame Bovary<\/em><span>. Un bon contrepoint au matraquage m\u00e9diatique invraisemblable pour lancer l\u2019autobiographie de Beigbeder (un remake du <em>Roman avec coca\u00efne<\/em> d\u2019Agu\u00e9ev&nbsp;?), dont les \u00ab&nbsp;bonnes pages&nbsp;\u00bb, parues dans le<\/span> <em>Figaro Magazine<\/em> <span>(qui en est \u00e0 son cinqui\u00e8me ou sixi\u00e8me article sur le fils de pub, merci Yann Moix et les copains\u2026) ne m\u2019ont gu\u00e8re convaincu. Idem pour <em>les Aimants<\/em>, de Jean-Marc Parisis. Relisez <em>les Liaisons dangereuses<\/em> \u2014 ou <em>le Gu\u00e9pard<\/em>&nbsp;: la \u00ab&nbsp;rentr\u00e9e&nbsp;\u00bb, c\u2019est l\u2019illusion que tout change alors que tout reste de m\u00eame \u2014 les chefs d\u2019\u0153uvre, et le reste.<\/span><\/p>\n<p>Rentr\u00e9e scolaire enfin.<\/p>\n<p>La grippe va-t-elle sauver le minist\u00e8re&nbsp;? On n\u2019a \u00e0 peu pr\u00e8s parl\u00e9 que de \u00e7a&nbsp;: les classes ferm\u00e9es par anticipation, et les parents d\u2019\u00e9l\u00e8ves m\u00e9contents qu\u2019on veuille emp\u00eacher leurs bambins d\u2019attraper le premier virus qui passe, et dont il s\u2019av\u00e8re, \u00e0 l\u2019usage, qu\u2019il n\u2019est pas plus contagieux ni plus virulent qu\u2019une grippe \u00ab&nbsp;normale&nbsp;\u00bb, mais qu\u2019il constitue, en temps de crise, un \u00e9cran de fum\u00e9e opportun. Le ministre, manifestement dou\u00e9 pour la communication \u2014 c\u2019est son m\u00e9tier, c\u2019est sa vocation \u2014, annonce d\u2019abord la cr\u00e9ation d\u2019une Agence centralis\u00e9e pour fluidifier les remplacements, et en catimini y renonce. De m\u00eame, il promet de poursuivre la R\u00e9forme du lyc\u00e9e \u00e0 laquelle Xavier Darcos avait pr\u00e9f\u00e9r\u00e9 donner du temps, beaucoup de temps, mais qui accouchera d\u2019une souris p\u00e9dagogique&nbsp;: qui prendrait le risque, en pleine ann\u00e9e \u00e9lectorale, de mettre quelques millions d\u2019\u00e9l\u00e8ves dans la rue&nbsp;? Ce m\u00eame ministre ne se hasardera pas \u00e0 r\u00e9former le Coll\u00e8ge, qui n\u2019est plus le maillon faible mais le trou noir du syst\u00e8me fran\u00e7ais&nbsp;: il sait parler aux syndicats, \u00e0 tous les syndicats, cet homme\u2026 Et il ne modifiera en rien l\u2019acc\u00e8s \u00e0 la voie technologique, alors que le Bac Pro en trois ans r\u00e9clame une pr\u00e9paration d\u00e8s la Quatri\u00e8me&nbsp;: mais il va bien falloir prendre trois ans pour \u00e9valuer les nouvelles dispositions, n\u2019est-ce pas&nbsp;? Et il passera un accord discret avec les \u00ab&nbsp;d\u00e9sob\u00e9isseurs&nbsp;\u00bb (3), qui ces jours-ci rendent publique une \u00ab&nbsp;charte&nbsp;\u00bb si d\u00e9risoire que l\u2019on croirait presque qu\u2019ils ont lu Shakespeare \u2014 <em>Beaucoup de bruit pour rien<\/em> <span>(4).<\/span><\/p>\n<p>Reste plus qu\u2019\u00e0 rentrer dans le lard.<\/p>\n<p class=\"MsoNormal\" style=\"text-align: justify;\">Jean-Paul Brighelli<\/p>\n<p class=\"MsoNormal\" style=\"text-align: justify;\">(1) Je serai samedi prochain \u00e0 la Grande-Motte, pour celle du MoDem. Passez-y donc si vous \u00eates dans le coin&nbsp;: c\u2019est charmant, une fois les touristes partis\u2026<\/p>\n<p class=\"MsoNormal\" style=\"text-align: justify;\">(2) D\u00e9licate allusion \u00e0 une performance peut-\u00eatre oubli\u00e9e de Lionel Jospin chantant, \u00e0 la t\u00e9l\u00e9vision, \u00ab&nbsp;les Feuilles mortes&nbsp;\u00bb \u2014 un grand moment de kitsch que vous avez peut-\u00eatre oubli\u00e9 \u2014 \u00e0 tort.<\/p>\n<p class=\"MsoNormal\" style=\"text-align: justify;\">(3) Evoqu\u00e9s en juin sur http:\/\/bonnetdane.midiblogs.com\/archive\/2009\/07\/17\/desobeisseurs-galopins-et-turlupins.html.<\/p>\n<p class=\"MsoNormal\" style=\"text-align: justify;\">(4) Je ne me hasarderai pas, les connaissant, \u00e0 supposer qu\u2019ils l\u2019ont relu. Quant \u00e0 ladite charte, elle est l\u00e0 (<a href=\"http:\/\/www.libetoulouse.fr\/2007\/2009\/08\/%C3%A9ducation-les-universit%C3%A9s-d%C3%A9t%C3%A9-des-enseignements-d%C3%A9sob%C3%A9isseurs-aux-r%C3%A9formes-de-lenseignement-primaire-se-sont-a.html\">http:\/\/www.libetoulouse.fr\/2007\/2009\/08\/\u00e9ducation-les-universit\u00e9s-d\u00e9t\u00e9-des-enseignements-d\u00e9sob\u00e9isseurs-aux-r\u00e9formes-de-lenseignement-primaire-se-sont-a.html<\/a>). Et on oserait me dire que je ne suis pas beau joueur avec cette bande d\u2019imb\u00e9ciles&nbsp;?<\/p>\n<p><!--EndFragment--><\/p>\n","protected":false},"excerpt":{"rendered":"<p>Rentrer, disent-ils\u2026 Seraient-ils sortis&nbsp;? Et sortis de quoi&nbsp;? Seraient-ils partis&nbsp;? Mais partis o\u00f9&nbsp;? Au camping le plus proche, pr\u00e9cisent les gazettes. Par les temps qui courent, ceux qui ont d\u00e9j\u00e0 le pain quotidien relativement hebdomadaire, comme disait Pr\u00e9vert, ont toutes les chances de voir leurs vacances annuelles devenir d\u00e9cennales. Comme la crue du m\u00eame nom, [&hellip;]<\/p>\n","protected":false},"author":6,"featured_media":0,"comment_status":"open","ping_status":"open","sticky":false,"template":"","format":"standard","meta":{"footnotes":""},"categories":[1],"tags":[],"class_list":{"0":"post-221","1":"post","2":"type-post","3":"status-publish","4":"format-standard","6":"category-non-classe"},"_links":{"self":[{"href":"https:\/\/blog.causeur.fr\/bonnetdane\/wp-json\/wp\/v2\/posts\/221","targetHints":{"allow":["GET"]}}],"collection":[{"href":"https:\/\/blog.causeur.fr\/bonnetdane\/wp-json\/wp\/v2\/posts"}],"about":[{"href":"https:\/\/blog.causeur.fr\/bonnetdane\/wp-json\/wp\/v2\/types\/post"}],"author":[{"embeddable":true,"href":"https:\/\/blog.causeur.fr\/bonnetdane\/wp-json\/wp\/v2\/users\/6"}],"replies":[{"embeddable":true,"href":"https:\/\/blog.causeur.fr\/bonnetdane\/wp-json\/wp\/v2\/comments?post=221"}],"version-history":[{"count":0,"href":"https:\/\/blog.causeur.fr\/bonnetdane\/wp-json\/wp\/v2\/posts\/221\/revisions"}],"wp:attachment":[{"href":"https:\/\/blog.causeur.fr\/bonnetdane\/wp-json\/wp\/v2\/media?parent=221"}],"wp:term":[{"taxonomy":"category","embeddable":true,"href":"https:\/\/blog.causeur.fr\/bonnetdane\/wp-json\/wp\/v2\/categories?post=221"},{"taxonomy":"post_tag","embeddable":true,"href":"https:\/\/blog.causeur.fr\/bonnetdane\/wp-json\/wp\/v2\/tags?post=221"}],"curies":[{"name":"wp","href":"https:\/\/api.w.org\/{rel}","templated":true}]}}