{"id":2231,"date":"2018-06-08T13:59:42","date_gmt":"2018-06-08T11:59:42","guid":{"rendered":"https:\/\/blog.causeur.fr\/bonnetdane\/?p=2231"},"modified":"2021-04-22T18:48:40","modified_gmt":"2021-04-22T16:48:40","slug":"du-fascisme-democratique-et-autres-aleas-de-la-modernite","status":"publish","type":"post","link":"https:\/\/blog.causeur.fr\/bonnetdane\/du-fascisme-democratique-et-autres-aleas-de-la-modernite-2231","title":{"rendered":"Du fascisme d\u00e9mocratique et autres al\u00e9as de la modernit\u00e9"},"content":{"rendered":"<p><a href=\"https:\/\/blog.causeur.fr\/bonnetdane\/du-fascisme-democratique-et-autres-aleas-de-la-modernite-002231.html\/tocqueville_02_2\" rel=\"attachment wp-att-2235\"><img loading=\"lazy\" decoding=\"async\" class=\"aligncenter size-medium wp-image-2235\" src=\"https:\/\/blog.causeur.fr\/bonnetdane\/files\/2018\/06\/tocqueville_02_2-300x197.jpg\" alt=\"tocqueville_02_2\" width=\"300\" height=\"197\" srcset=\"https:\/\/blog.causeur.fr\/bonnetdane\/wp-content\/uploads\/sites\/25\/2018\/06\/tocqueville_02_2-300x197.jpg 300w, https:\/\/blog.causeur.fr\/bonnetdane\/wp-content\/uploads\/sites\/25\/2018\/06\/tocqueville_02_2-456x300.jpg 456w, https:\/\/blog.causeur.fr\/bonnetdane\/wp-content\/uploads\/sites\/25\/2018\/06\/tocqueville_02_2.jpg 555w\" sizes=\"auto, (max-width: 300px) 100vw, 300px\" \/><\/a>S\u2019ouvre aujourd\u2019hui vendredi 8 juin, au ch\u00e2teau de Tocqueville, un grand colloque international sur \u00ab la d\u00e9mocratie en Occident au XXI\u00e8me si\u00e8cle\u00a0\u00bb \u2014 ce qu\u2019Alexandre Devecchio, <a href=\"http:\/\/www.lefigaro.fr\/vox\/societe\/2018\/06\/07\/31003-20180607ARTFIG00306-la-grande-fracture-democratique.php\">qui en rend excellemment compte dans le <em>Figaro<\/em> du 8 juin<\/a>, appelle \u00ab la grande fracture d\u00e9mocratique \u00bb.<br \/>\nUne appr\u00e9hension h\u00e2tive d\u2019un tel sujet am\u00e8nerait peut-\u00eatre le lecteur \u00e0 penser qu\u2019en ces temps de Front national, de Ligue du Nord, d\u2019UKIP (Angleterre), AfD (Allemagne), \u00d6VP (Autriche) et autres Fidesz &#8211; Magyar Polg\u00e1ri Sz\u00f6vets\u00e9g (Hongrie) ou Prawo i Sprawiedliwo\u015b\u0107 (Pologne), la menace est d\u00e9j\u00e0 install\u00e9e \u00e0 l\u2019extr\u00eame-droite. Un historien demi-habile ferait peut-\u00eatre un parall\u00e8le avec l\u2019ascension d\u2019Hitler sous le r\u00e9gime de Weimar, histoire (si je puis dire) de nous faire peur\u2026<\/p>\n<p><em>Enter<\/em> David Adler, political researcher, <a href=\"https:\/\/www.nytimes.com\/interactive\/2018\/05\/23\/opinion\/international-world\/centrists-democracy.html\">comme dit le <em>New York Times<\/em><\/a>. Dans un article fascinant paru le 31 mai dernier, il fait \u00e9tat de <a href=\"https:\/\/drive.google.com\/file\/d\/1fOGwtRUF-y-98IcDs-3YYrtREl8GbaoH\/view\">sa recherche sur le rapport \u00e0 la notion de d\u00e9mocratie<\/a> \u2014 et \u00e0 sa pratique \u2014 dans les pays occidentaux, tous suppos\u00e9s d\u00e9mocrates. De sa recherche et de sa stup\u00e9faction : dans tous les pays \u00ab d\u00e9mocratiques \u00bb, les centristes, globalement au pouvoir, sont majoritairement hostiles \u00e0 la d\u00e9mocratie.<br \/>\nCertes, les partis d\u2019extr\u00eame-droite aiment les hommes forts. Mais les centristes les talonnent : ils ont horreur de ces circonstances molles qu\u2019on appelle <em>vox populi<\/em>. Voyez plut\u00f4t :<a href=\"https:\/\/blog.causeur.fr\/bonnetdane\/du-fascisme-democratique-et-autres-aleas-de-la-modernite-002231.html\/capture-decran-2018-06-08-a-10-59-42\" rel=\"attachment wp-att-2236\"><img loading=\"lazy\" decoding=\"async\" class=\"aligncenter size-medium wp-image-2236\" src=\"https:\/\/blog.causeur.fr\/bonnetdane\/files\/2018\/06\/Capture-d\u2019\u00e9cran-2018-06-08-\u00e0-10.59.42-300x193.png\" alt=\"Capture d\u2019\u00e9cran 2018-06-08 \u00e0 10.59.42\" width=\"300\" height=\"193\" srcset=\"https:\/\/blog.causeur.fr\/bonnetdane\/wp-content\/uploads\/sites\/25\/2018\/06\/Capture-d\u2019\u00e9cran-2018-06-08-\u00e0-10.59.42-300x193.png 300w, https:\/\/blog.causeur.fr\/bonnetdane\/wp-content\/uploads\/sites\/25\/2018\/06\/Capture-d\u2019\u00e9cran-2018-06-08-\u00e0-10.59.42-466x300.png 466w, https:\/\/blog.causeur.fr\/bonnetdane\/wp-content\/uploads\/sites\/25\/2018\/06\/Capture-d\u2019\u00e9cran-2018-06-08-\u00e0-10.59.42.png 713w\" sizes=\"auto, (max-width: 300px) 100vw, 300px\" \/><\/a><\/p>\n<div id=\"ligne\"><\/div>\n<p><a href=\"https:\/\/blog.causeur.fr\/bonnetdane\/du-fascisme-democratique-et-autres-aleas-de-la-modernite-002231.html\/capture-decran-2018-06-08-a-11-00-12\" rel=\"attachment wp-att-2237\"><img loading=\"lazy\" decoding=\"async\" class=\"aligncenter size-medium wp-image-2237\" src=\"https:\/\/blog.causeur.fr\/bonnetdane\/files\/2018\/06\/Capture-d\u2019\u00e9cran-2018-06-08-\u00e0-11.00.12-300x105.png\" alt=\"Capture d\u2019\u00e9cran 2018-06-08 \u00e0 11.00.12\" width=\"300\" height=\"105\" srcset=\"https:\/\/blog.causeur.fr\/bonnetdane\/wp-content\/uploads\/sites\/25\/2018\/06\/Capture-d\u2019\u00e9cran-2018-06-08-\u00e0-11.00.12-300x105.png 300w, https:\/\/blog.causeur.fr\/bonnetdane\/wp-content\/uploads\/sites\/25\/2018\/06\/Capture-d\u2019\u00e9cran-2018-06-08-\u00e0-11.00.12-500x174.png 500w, https:\/\/blog.causeur.fr\/bonnetdane\/wp-content\/uploads\/sites\/25\/2018\/06\/Capture-d\u2019\u00e9cran-2018-06-08-\u00e0-11.00.12.png 674w\" sizes=\"auto, (max-width: 300px) 100vw, 300px\" \/><\/a>Horreur surtout de ce qui peut r\u00e9sulter d\u2019un vote d\u00e9mocratique. Rappelez-vous la fa\u00e7on dont les d\u00e9mocrates centristes de chez nous, ceux qui sont aux manettes \u00e0 Bruxelles, ont contourn\u00e9 le vote sur Maastricht. Souvenez-vous des cris d\u2019orfraie des d\u00e9mocrates anglais de la City \u00e0 la suite du Brexit, sugg\u00e9rant que Londres (ah, une m\u00e9gapole mondialis\u00e9e, quel pied\u2026) fasse s\u00e9cession. Et remarquez depuis quelques jours les hurlements de nos d\u00e9mocrates \u00e0 nous, face \u00e0 l\u2019issue des derni\u00e8res \u00e9lections italiennes : le pr\u00e9sident Sergio Mattarella cherchant \u00e0 confisquer l\u2019\u00e9lection, qui lui semblait peu compatible avec les sempiternels crit\u00e8res europ\u00e9ens, et les journalistes de chez nous appelant quasiment le ch\u00e2timent divin sur la t\u00eate des inconscients qui ont vot\u00e9 l\u00e0-bas pour la Ligue du Nord ou pour Cinque Stelle. Etienne Gernelle, dans <em>le Point<\/em>, <a href=\"http:\/\/www.lepoint.fr\/editos-du-point\/etienne-gernelle\/etienne-gernelle-italie-le-musee-vivant-de-la-betise-a-ouvert-ses-portes-07-06-2018-2224928_782.php\">a trouv\u00e9 de jolies invectives<\/a> contre ces \u00ab histrions \u00bb qui ont \u00ab stupidement tonn\u00e9 \u00bb mais qui ont mang\u00e9 le pain blanc de leur b\u00eatise. Et Matteo Salvini, le patron de la Ligue, doit d\u00e9sormais se faire \u00e0 l\u2019id\u00e9e que c\u2019en est fini de \u00ab la p\u00e9riode b\u00e9nie o\u00f9 il pouvait dire ce qu&rsquo;il souhaitait sans que cela porte \u00e0 cons\u00e9quence \u00bb. On n\u2019est pas plus aimable avec des gens qui ont quand m\u00eame ramass\u00e9 une large majorit\u00e9 des voix. Ces Italiens sont sans doute moins intelligents qu\u2019un \u00e9ditorialiste fran\u00e7ais.<\/p>\n<p>L\u2019inversion des codes ne date pas d\u2019hier. \u00ab L\u2019ignorance, c\u2019est la force \u00bb, disaient jadis en ch\u0153ur George Orwell et Philippe Meirieu \u2014 avec des intentions diff\u00e9rentes, sarcasme l\u00e0, programme ici. Mais cela fait une grosse dizaine d\u2019ann\u00e9es que les \u00ab d\u00e9mocrates \u00bb auto-proclam\u00e9s se conduisent comme des autocrates. Des tyrans, parfois. Des Europ\u00e9ens \u00e0 la botte de l\u2019Allemagne, qui n\u2019en finit pas de caresser dans le sens du poil les descendants des oustachis, lancent une guerre insens\u00e9e en ex-Yougoslavie \u2014 dont est sortie une Bosnie porte-avion de l\u2019islamisme et des trafics d\u2019organes. Un Premier ministre anglais, \u00ab french poodle \u00bb du pr\u00e9sident am\u00e9ricain, lance son pays dans la guerre sans demander l\u2019avis de quiconque. Un pr\u00e9sident fran\u00e7ais s\u2019assoit sur un r\u00e9f\u00e9rendum, nous ram\u00e8ne \u00e0 l\u2019Otan sans en r\u00e9f\u00e9rer \u00e0 qui que ce soit et lance en Libye une op\u00e9ration unilat\u00e9rale et incertaine \u2014 restons poli. Un autre, apr\u00e8s lui, joue avec les unit\u00e9s d\u2019\u00e9lite en Afrique, et menace la Syrie de repr\u00e9sailles au nom d\u2019un \u00ab ordre mondial \u00bb d\u00e9mocratique. Et je passe outre la politique europ\u00e9enne vis-\u00e0-vis de la Russie, tout cela \u00e0 propos de l\u2019Ukraine, autre vieil alli\u00e9 du III\u00e8me Reich \u2014 et d\u2019ailleurs les partis n\u00e9o-nazis y fleurissent. Ces d\u00e9mocraties-l\u00e0 d\u00e9cid\u00e9ment sentent bon\u2026<br \/>\nParce que ces op\u00e9rations unilat\u00e9rales, d\u00e9cid\u00e9es dans le silence feutr\u00e9 des cabinets, sont lanc\u00e9es <em>au nom de la d\u00e9mocratie<\/em> \u2013 sans demander jamais son avis au <em>D\u00e9mos<\/em>, le peuple qui a bon dos, de larges \u00e9paules et le portefeuille vide.<\/p>\n<p>Nous allons vers des temps troubl\u00e9s. Nos pr\u00e9tendus d\u00e9mocrates se sont saisis de la d\u00e9mocratie pour contourner la R\u00e9publique. Non seulement Tocqueville, qui faisait l\u2019\u00e9loge de la d\u00e9mocratie en Am\u00e9rique tout en soulignant ses limites, avait raison, mais Montesquieu, qu\u2019il avait lu de pr\u00e8s, avait raison lui aussi : la d\u00e9mocratie (une certaine esp\u00e8ce de d\u00e9mocratie) est une perversion, et elle se confond d\u00e9sormais avec cette autre perversion qu\u2019est l\u2019oligarchie, la s\u00e9paration nette du peuple d\u2019en bas d\u2019avec les \u00e9lites suppos\u00e9es d\u2019en haut. Et ces deux perversions en produisent une troisi\u00e8me que Montesquieu appelait tyrannie. C&rsquo;est une combinatoire. J&rsquo;exag\u00e8re ? Ah oui ?<\/p>\n<p>J\u2019ai mis du temps \u00e0 comprendre que les politiques scolaires ne visaient au fond qu\u2019\u00e0 accentuer cette s\u00e9paration, et que l\u2019argent d\u00e9vers\u00e9 sur le bas avait pour but essentiel de pr\u00e9server les privil\u00e8ges d\u2019en haut. J\u2019ai mis du temps \u00e0 admettre qu\u2019on ne changerait pas le syst\u00e8me scolaire sans changer de r\u00e9gime, en revenant \u00e0 une r\u00e9publique vraie et en balayant nos d\u00e9mocrates de fa\u00e7ade \u2014 ceux qui tentent chaque jour de faire croire que <em>populisme<\/em> est un gros mot, sans doute parce qu&rsquo;ils croient que le peuple est une menace. C&rsquo;est m\u00eame la seule chose dont ils ont peur.<\/p>\n<p>Au fond, ce ne sont pas les partis \u00ab\u00a0fascistes\u00a0\u00bb qui pr\u00e9sentent un vrai danger. Ce sont ceux qui se parent ostensiblement des oripeaux de la d\u00e9mocratie \u2014 pour mieux la contourner. Le danger, c&rsquo;est l&rsquo;extr\u00eame-centre. Depuis 50 ans, en Occident, aucun coup d&rsquo;Etat n&rsquo;est venu des extr\u00eames. Ils sont tous partis du centre \u2014 sur le mod\u00e8le de Louis-Napol\u00e9on \u00a0Bonaparte : on se fait \u00e9lire par des bourgeois, puis on prend le pouvoir en suspendant toutes les libert\u00e9s. Le prochain, que je crois poche, fonctionnera sur le m\u00eame mod\u00e8le \u2014 ou il se contentera de changer la loi \u00e9lectorale et le mode d&rsquo;\u00e9lection des d\u00e9put\u00e9s (et leur nombre) pour continuer \u00e0 r\u00e9gner. Que d&rsquo;aucuns ne le voient pas trouble ma foi en la nature humaine\u2026<\/p>\n<p>Alors, <em>fratelli d\u2019Italia<\/em>, ne vous laissez pas impressionner. Appliquez votre programme. Allez jusqu\u2019au bout : d\u00e9noncez la dette absurde dont on vous fait payer (comme \u00e0 nous) les int\u00e9r\u00eats sans espoir de la r\u00e9gler un jour. Pour la r\u00e9sorber, il faudrait que les Etats puissent cr\u00e9er de l\u2019argent \u2013 et ils ne le peuvent pas, ficel\u00e9s qu\u2019ils sont par le syst\u00e8me bancaire. Faites crouler ce vieux monde : seuls ceux qui ont beaucoup ont quelque chose \u00e0 y perdre \u2014 et<a href=\"https:\/\/www.lemonde.fr\/economie\/article\/2018\/06\/06\/les-ecarts-de-richesse-se-creusent-entre-les-proprietaires-et-les-locataires_5310465_3234.html\"> l\u2019INSEE vient d\u2019avouer<\/a> que notre \u00ab d\u00e9mocratie \u00bb ne profite qu\u2019aux plus riches, quelle d\u00e9couverte !<a href=\"https:\/\/blog.causeur.fr\/bonnetdane\/du-fascisme-democratique-et-autres-aleas-de-la-modernite-002231.html\/inegalites\" rel=\"attachment wp-att-2238\"><img loading=\"lazy\" decoding=\"async\" class=\"aligncenter size-medium wp-image-2238\" src=\"https:\/\/blog.causeur.fr\/bonnetdane\/files\/2018\/06\/inegalites-300x231.jpg\" alt=\"inegalites\" width=\"300\" height=\"231\" srcset=\"https:\/\/blog.causeur.fr\/bonnetdane\/wp-content\/uploads\/sites\/25\/2018\/06\/inegalites-300x231.jpg 300w, https:\/\/blog.causeur.fr\/bonnetdane\/wp-content\/uploads\/sites\/25\/2018\/06\/inegalites.jpg 390w\" sizes=\"auto, (max-width: 300px) 100vw, 300px\" \/><\/a> Non, l\u2019Histoire n\u2019est pas finie, comme Francis Fukuyama l\u2019a finalement reconnu. Elle commence \u2014 ou elle continue. <em>Avanti popolo<\/em> !<\/p>\n<p>Jean-Paul Brighelli<\/p>\n","protected":false},"excerpt":{"rendered":"<p>S\u2019ouvre aujourd\u2019hui vendredi 8 juin, au ch\u00e2teau de Tocqueville, un grand colloque international sur \u00ab la d\u00e9mocratie en Occident au XXI\u00e8me si\u00e8cle\u00a0\u00bb \u2014 ce qu\u2019Alexandre Devecchio, qui en rend excellemment compte dans le Figaro du 8 juin, appelle \u00ab la grande fracture d\u00e9mocratique \u00bb. Une appr\u00e9hension h\u00e2tive d\u2019un tel sujet am\u00e8nerait peut-\u00eatre le lecteur \u00e0 [&hellip;]<\/p>\n","protected":false},"author":6,"featured_media":0,"comment_status":"open","ping_status":"open","sticky":false,"template":"","format":"standard","meta":{"footnotes":""},"categories":[1],"tags":[1485,1484,121,1087],"class_list":{"0":"post-2231","1":"post","2":"type-post","3":"status-publish","4":"format-standard","6":"category-non-classe","7":"tag-la-democratie-en-occident-au-xxieme-siecle","8":"tag-chateau-de-tocqueville","9":"tag-democratie","10":"tag-populisme"},"_links":{"self":[{"href":"https:\/\/blog.causeur.fr\/bonnetdane\/wp-json\/wp\/v2\/posts\/2231","targetHints":{"allow":["GET"]}}],"collection":[{"href":"https:\/\/blog.causeur.fr\/bonnetdane\/wp-json\/wp\/v2\/posts"}],"about":[{"href":"https:\/\/blog.causeur.fr\/bonnetdane\/wp-json\/wp\/v2\/types\/post"}],"author":[{"embeddable":true,"href":"https:\/\/blog.causeur.fr\/bonnetdane\/wp-json\/wp\/v2\/users\/6"}],"replies":[{"embeddable":true,"href":"https:\/\/blog.causeur.fr\/bonnetdane\/wp-json\/wp\/v2\/comments?post=2231"}],"version-history":[{"count":0,"href":"https:\/\/blog.causeur.fr\/bonnetdane\/wp-json\/wp\/v2\/posts\/2231\/revisions"}],"wp:attachment":[{"href":"https:\/\/blog.causeur.fr\/bonnetdane\/wp-json\/wp\/v2\/media?parent=2231"}],"wp:term":[{"taxonomy":"category","embeddable":true,"href":"https:\/\/blog.causeur.fr\/bonnetdane\/wp-json\/wp\/v2\/categories?post=2231"},{"taxonomy":"post_tag","embeddable":true,"href":"https:\/\/blog.causeur.fr\/bonnetdane\/wp-json\/wp\/v2\/tags?post=2231"}],"curies":[{"name":"wp","href":"https:\/\/api.w.org\/{rel}","templated":true}]}}