{"id":2283,"date":"2018-07-21T06:07:08","date_gmt":"2018-07-21T04:07:08","guid":{"rendered":"https:\/\/blog.causeur.fr\/bonnetdane\/?p=2283"},"modified":"2021-04-22T18:48:40","modified_gmt":"2021-04-22T16:48:40","slug":"demain-lafrique","status":"publish","type":"post","link":"https:\/\/blog.causeur.fr\/bonnetdane\/demain-lafrique-2283","title":{"rendered":"Demain l&rsquo;Afrique !"},"content":{"rendered":"<p><a href=\"https:\/\/blog.causeur.fr\/bonnetdane\/demain-lafrique-002283.html\/capture-decran-2018-07-21-a-04-55-43\" rel=\"attachment wp-att-2294\"><img loading=\"lazy\" decoding=\"async\" class=\"aligncenter size-medium wp-image-2294\" src=\"https:\/\/blog.causeur.fr\/bonnetdane\/files\/2018\/07\/Capture-d\u2019\u00e9cran-2018-07-21-\u00e0-04.55.43-300x228.png\" alt=\"Capture d\u2019\u00e9cran 2018-07-21 \u00e0 04.55.43\" width=\"300\" height=\"228\" srcset=\"https:\/\/blog.causeur.fr\/bonnetdane\/wp-content\/uploads\/sites\/25\/2018\/07\/Capture-d\u2019\u00e9cran-2018-07-21-\u00e0-04.55.43-300x228.png 300w, https:\/\/blog.causeur.fr\/bonnetdane\/wp-content\/uploads\/sites\/25\/2018\/07\/Capture-d\u2019\u00e9cran-2018-07-21-\u00e0-04.55.43-395x300.png 395w, https:\/\/blog.causeur.fr\/bonnetdane\/wp-content\/uploads\/sites\/25\/2018\/07\/Capture-d\u2019\u00e9cran-2018-07-21-\u00e0-04.55.43.png 661w\" sizes=\"auto, (max-width: 300px) 100vw, 300px\" \/><\/a>Avant tout, pr\u00e9cisons un point : que tel ou tel Fran\u00e7ais ait telle ou telle origine m\u2019indiff\u00e8re totalement \u2014 pourvu qu\u2019il se sente prioritairement Fran\u00e7ais. Quand \u00e7a m\u2019arrange, je parle volontiers, apr\u00e8s le troisi\u00e8me verre de Fiumicicoli, de mes racines corses ou toscanes.<br \/>\nOui, mais voil\u00e0, me direz-vous, tout cela reste Blanc.<br \/>\nEt alors ? Que vous importe ? \u00ab Un jour t\u00f4t ou tard \/ On n\u2019est que des os\u2026 \/ Est-ce que les tiens seront noirs ? \/ Ce serait rigolo\u2026 \u00bb<br \/>\nOn veut r\u00e9former la Constitution, qui explique que \u00ab la France est une R\u00e9publique indivisible, la\u00efque, d\u00e9mocratique et sociale\u00a0\u00bb, et qu&rsquo;elle \u00ab assure l&rsquo;\u00e9galit\u00e9 devant la loi de tous les citoyens sans distinction d&rsquo;origine, de race ou de religion. \u00bb Que l\u2019on est Homme, sans \u00eatre assign\u00e9 \u00e0 r\u00e9sidence ethnique\u2026<br \/>\nOui, mais voil\u00e0 : d\u2019aucuns aimeraient bien que nous en parlions un peu plus, de race et de religion, ou de banlieues, ce mot magique dans lequel dispara\u00eet aujourd&rsquo;hui l\u2019identit\u00e9 fran\u00e7aise. D\u2019aucuns aimeraient bien que la France \u00e9clate en communaut\u00e9s si possible antagonistes\u2026 O\u00f9 les Blancs feraient profil bas, au nom de leur pass\u00e9 esclavagiste\u2026 O\u00f9 seraient reconnues toutes les origines, toutes les appartenances \u2014 tout ce qui justement est fondu\u00a0dans le mot \u00ab Fran\u00e7ais \u00bb.<br \/>\nNon, non, ce n\u2019est pas le PIR de Houria Bouleldja qui attire notre attention sur la supr\u00e9matie africaine. C\u2019est <a href=\"https:\/\/www.parismatch.com\/Actu\/Sport\/L-Afrique-aussi-championne-du-monde-de-Foot-1562489\"><em>Paris-Match<\/em><\/a>, c\u2019est <a href=\"https:\/\/www.courrierinternational.com\/article\/vu-des-etats-unis-en-france-la-naissance-dune-generation-bleus\"><em>Courrier International<\/em><\/a>, et \u00e0 la base, c\u2019est le <a href=\"https:\/\/www.nytimes.com\/2018\/06\/07\/sports\/france-coupe-du-monde-bleues-banlieues.html\"><em>New York Times<\/em><\/a>.<\/p>\n<p>Dans <a href=\"http:\/\/www.lefigaro.fr\/vox\/societe\/2018\/07\/20\/31003-20180720ARTFIG00223-mathieu-bock-cote-quand-l-amerique-racialise-la-victoire-de-l-equipe-de-france.php\">un article plein de sens paru samedi 21 juillet dans <em>le Figaro<\/em><\/a>, mon sociologue qu\u00e9b\u00e9cois pr\u00e9f\u00e9r\u00e9, Matthieu Bock-C\u00f4t\u00e9, analyse avec finesse ces d\u00e9clarations pleines d\u2019onction, auxquelles Barack Obama a donn\u00e9 sa b\u00e9n\u00e9diction en soulignant que les joueurs victorieux de l\u2019\u00e9quipe de France n\u2019\u00e9taient pas, majoritairement, \u00ab gaulois \u00bb (il devrait voyager, cet homme, il saurait que les Gaulois, en France, n\u2019existent plus qu\u2019\u00e0 l\u2019\u00e9tat de traces). \u00ab Une mani\u00e8re comme une autre, dit notre Qu\u00e9b\u00e9cois, d\u2019inviter le pays \u00e0 \u00ab mettre \u00e0 jour ses repr\u00e9sentations collectives et \u00e0 se d\u00e9tacher de ses vieilles l\u00e9gendes. \u00bb<br \/>\nEn 1998, on avait trouv\u00e9 cette jolie formule, la France Black-Blanc-Beur. L\u2019allit\u00e9ration unifiait le pays. Vingt ans plus tard, les m\u00e9dias insistent : la victoire est une victoire africaine. <em>Paris-Match<\/em> pr\u00e9cise m\u00eame \u2014 ce qui aurait valu \u00e0 son journaliste de perdre la t\u00eate en 1793 : \u00ab Sur le terrain, parmi les onze joueurs qui d\u00e9butent cette finale du Mondial 2018 \u00e0 Moscou, cinq sont d\u2019origine africaines. Et pas des moindres : les deux Camerounais, Kylian MBappe (moiti\u00e9 alg\u00e9rien, moiti\u00e9 camerounais) et Samuel Umtiti (n\u00e9 \u00e0 Yaound\u00e9) ; Paul Pogba, n\u00e9 \u00e0 Lagny-sur-Marne de parents guin\u00e9ens (d\u2019ethnie Kpelle) ;N\u2019Golo Kant\u00e9 d\u2019origine du Mali et Blaise Matuidi, n\u00e9 \u00e0 Toulouse de parents qui ont fui l\u2019Angola pour la R\u00e9publique d\u00e9mocratique du Congo. \u00bb Et d\u2019ajouter que si l\u2019on analyse les origines des rempla\u00e7ants, c\u2019est tout aussi frappant. Saga Africa !<br \/>\nEt Griezmann, qu\u2019est-ce qu\u2019il est ? Germano-lusitanien, para\u00eet-il ? Quand vous le voyez \u00e9voluer sur un terrain, c\u2019est \u00e0 \u00e7a que vous pensez ? Et Olivier Giroud ?<br \/>\nAh, c\u2019est qu\u2019au fond, ils sont des taches dans la puret\u00e9 du noir ivoire\u2026<\/p>\n<p>Si en revanche je dis qu\u2019une large proportion de d\u00e9linquants, dans nos prisons, est d\u2019origine extra-europ\u00e9enne, \u00e7a tombe sous le coup de la loi. Et Bock-C\u00f4t\u00e9 de commenter : \u00ab Mentionner les origines d\u2019un d\u00e9linquant serait raciste, mais rappeler les origines d\u2019un joueur serait une c\u00e9l\u00e9bration admirable de la diversit\u00e9. La diversit\u00e9 est une richesse quand elle gagne mais il devient raciste de la mentionner quand elle prend le visage de la fracture du pays. On pourrait parler d\u2019une ethnicisation des rapports sociaux \u00e0 g\u00e9om\u00e9trie variable. \u00bb<\/p>\n<p>Que les Etats-Unis nous somment de reconna\u00eetre la mosa\u00efque, et m\u00eame de ne plus voir que \u00e7a, n\u2019a rien d\u2019\u00e9tonnant : ils r\u00eavent d\u2019une France tribale. Les m\u00e9dias am\u00e9ricains donnent aux indig\u00e9nistes fran\u00e7ais, ceux qui \u00e9crivent <em>les Blancs, les Juifs et nous<\/em>, assimil\u00e9s h\u00e2tivement \u00e0 leurs propres mouvements pour les droits civiques des ann\u00e9es 1960, une place disproportionn\u00e9e dans leurs colonnes. \u00ab Le racialisme am\u00e9ricain, conclut Bock-C\u00f4t\u00e9, pousse ainsi \u00e0 la n\u00e9gation des histoires nationales pour recomposer la soci\u00e9t\u00e9 selon le mod\u00e8le de la compartimentions ethnique. \u00bb<br \/>\nCe serait une exp\u00e9rience fascinante de fl\u00e2ner sur les grands boulevards avec de petits drapeaux accroch\u00e9s sur la t\u00eate \u2014 selon les origines de nos parents, grands-parents, anc\u00eatres et anthropopith\u00e8ques divers. Nous nous regarderions en chiens de fa\u00efence, sommant les autres d\u2019afficher leur g\u00e9n\u00e9alogie. Fin de 2000 ans d\u2019Histoire fran\u00e7aise, noy\u00e9e\u00a0dans un grand bain de communaut\u00e9s rivales. Puis au nom de la d\u00e9mocratie, nous instituerons des conseils municipaux multi-ethniques. Puis nous autoriserons la pri\u00e8re en classe, parce que la la\u00efcit\u00e9, ce produit si strictement fran\u00e7ais que les Am\u00e9ricains, quand ils en parlent, l\u2019\u00e9crivent en italique, n\u2019est pas compatible avec le tout-communautarisme. Puis\u2026<\/p>\n<p>Les apprentis-sorciers qui veulent aujourd\u2019hui effacer toute r\u00e9f\u00e9rence \u00e0 la race dans la Constitution (ils devraient apprendre \u00e0 lire, la Constitution dit justement que a France ne reconna\u00eet aucune \u00ab race \u00bb) pr\u00e9parent en sous-main la reconnaissance des \u00ab origines \u00bb. Pourquoi ne pas inscrire son arbre g\u00e9n\u00e9alogique sur ses papiers d\u2019identit\u00e9 ? \u00ab Nationalit\u00e9 fran\u00e7aise \u00bb, c\u2019est un peu court, jeune homme. Ajoutons-y la religion, comme les Allemands. Puis celle des parents et des grands-parents \u2014 comme P\u00e9tain.<\/p>\n<p>Dans un livre un peu oubli\u00e9, <em>Chien blanc<\/em>, Romain Gary met en sc\u00e8ne divers acteurs hollywoodiens des ann\u00e9es 1960 se flagellant \u00e0 l\u2019id\u00e9e que leurs anc\u00eatres furent esclavagistes ou g\u00e9nocideurs d\u2019Indiens. Et de raconter, <em>tongue in cheek<\/em>, qu\u2019il leur avait signal\u00e9, en passant, que tel arrivait d\u2019un <em>shtetl<\/em> ukrainien, tel autre d\u2019un village du Mezzogiorno, et que leur responsabilit\u00e9 dans la traite atlantique ou le massacre de Wounded Knee n\u2019\u00e9tait pas bien \u00e9tabli\u2026 Tout comme la responsabilit\u00e9 de 99% des Fran\u00e7ais dans la colonisation n\u2019est bien nette\u00a0\u2014 \u00e0 moins que tu ne juges sur la couleur de la peau, raciste que tu es !<\/p>\n<p>Le foot m\u2018indiff\u00e8re, c\u2019est un choix sportif : jamais bien compris pourquoi ces jeunes gens ne saisissaient pas la balle entre leurs mains pour aller marquer entre les poteaux. Mais la nation, en revanche, m\u2019importe beaucoup : la France est un creuset dans lequel divers m\u00e9taux ont \u00e9t\u00e9 fondus pour faire un alliage indestructible \u2014 un alliage que les donneurs de le\u00e7ons yankees et les valets qui les servent aimeraient rompre et \u00e9parpiller fa\u00e7on puzzle. Afin de r\u00e9gner en ma\u00eetres.<br \/>\nPendant ce temps la Chine\u2026<\/p>\n<p>Jean-Paul Brighelli<\/p>\n","protected":false},"excerpt":{"rendered":"<p>Avant tout, pr\u00e9cisons un point : que tel ou tel Fran\u00e7ais ait telle ou telle origine m\u2019indiff\u00e8re totalement \u2014 pourvu qu\u2019il se sente prioritairement Fran\u00e7ais. Quand \u00e7a m\u2019arrange, je parle volontiers, apr\u00e8s le troisi\u00e8me verre de Fiumicicoli, de mes racines corses ou toscanes. Oui, mais voil\u00e0, me direz-vous, tout cela reste Blanc. Et alors ? [&hellip;]<\/p>\n","protected":false},"author":6,"featured_media":0,"comment_status":"open","ping_status":"open","sticky":false,"template":"","format":"standard","meta":{"footnotes":""},"categories":[1],"tags":[1508,266,555,1507],"class_list":{"0":"post-2283","1":"post","2":"type-post","3":"status-publish","4":"format-standard","6":"category-non-classe","7":"tag-ethnicisme","8":"tag-foot","9":"tag-france","10":"tag-race"},"_links":{"self":[{"href":"https:\/\/blog.causeur.fr\/bonnetdane\/wp-json\/wp\/v2\/posts\/2283","targetHints":{"allow":["GET"]}}],"collection":[{"href":"https:\/\/blog.causeur.fr\/bonnetdane\/wp-json\/wp\/v2\/posts"}],"about":[{"href":"https:\/\/blog.causeur.fr\/bonnetdane\/wp-json\/wp\/v2\/types\/post"}],"author":[{"embeddable":true,"href":"https:\/\/blog.causeur.fr\/bonnetdane\/wp-json\/wp\/v2\/users\/6"}],"replies":[{"embeddable":true,"href":"https:\/\/blog.causeur.fr\/bonnetdane\/wp-json\/wp\/v2\/comments?post=2283"}],"version-history":[{"count":0,"href":"https:\/\/blog.causeur.fr\/bonnetdane\/wp-json\/wp\/v2\/posts\/2283\/revisions"}],"wp:attachment":[{"href":"https:\/\/blog.causeur.fr\/bonnetdane\/wp-json\/wp\/v2\/media?parent=2283"}],"wp:term":[{"taxonomy":"category","embeddable":true,"href":"https:\/\/blog.causeur.fr\/bonnetdane\/wp-json\/wp\/v2\/categories?post=2283"},{"taxonomy":"post_tag","embeddable":true,"href":"https:\/\/blog.causeur.fr\/bonnetdane\/wp-json\/wp\/v2\/tags?post=2283"}],"curies":[{"name":"wp","href":"https:\/\/api.w.org\/{rel}","templated":true}]}}