{"id":2296,"date":"2018-07-28T03:49:24","date_gmt":"2018-07-28T01:49:24","guid":{"rendered":"https:\/\/blog.causeur.fr\/bonnetdane\/?p=2296"},"modified":"2021-04-22T18:48:40","modified_gmt":"2021-04-22T16:48:40","slug":"ego-trip","status":"publish","type":"post","link":"https:\/\/blog.causeur.fr\/bonnetdane\/ego-trip-2296","title":{"rendered":"Ego Trip"},"content":{"rendered":"<p><em>\u00ab Si James Bond le rencontrait dans la rue, reconna\u00eetrait-il le jeune homme pur et ardent qu\u2019il avait \u00e9t\u00e9 \u00e0 dix-sept ans ? Et qu\u2019est-ce que ce jeune homme penserait de lui, l\u2019agent secret, le James Bond m\u00fbr ? L\u2019adolescent le reconna\u00eetrait-il, sous l\u2019\u00e9corce qui \u00e9tait venue recouvrir cet homme, et qu\u2019avaient ternie des ann\u00e9es de tricheries, de cruaut\u00e9, de terreur \u2014 cet homme aux yeux froids et arrogants, \u00e0 la joue sabr\u00e9e d\u2019une cicatrice, avec cette bosse sous l\u2019aisselle gauche ? \u00bb<\/em><br \/>\nIan Fleming, <em>From Russia with love<\/em>, chapitre XIII \u2014 1957).<\/p>\n<p>Ian Fleming aurait voulu Cary Grant, para\u00eet-il, pour interpr\u00e9ter Bond. Il trouvait Sean Connery un peu trop \u00e9cossais \u2014 et l&rsquo;acteur a fait de son mieux, dans les Bond qu&rsquo;il a jou\u00e9s, pour effacer son accent \u00e9dimbourgeois. L&rsquo;\u00e9crivain r\u00e9fugi\u00e9 \u00e0 la Jama\u00efque<\/p>\n<figure id=\"attachment_2317\" aria-describedby=\"caption-attachment-2317\" style=\"width: 300px\" class=\"wp-caption aligncenter\"><a href=\"https:\/\/blog.causeur.fr\/bonnetdane\/ego-trip-002296.html\/ian-fleming-at-his-desk-at-goldeneye-jamaica\" rel=\"attachment wp-att-2317\"><img loading=\"lazy\" decoding=\"async\" class=\"size-medium wp-image-2317\" src=\"https:\/\/blog.causeur.fr\/bonnetdane\/files\/2018\/07\/homepage-image-300x203.jpg\" alt=\"Ian Fleming at his desk at Goldeneye, Jamaica\" width=\"300\" height=\"203\" srcset=\"https:\/\/blog.causeur.fr\/bonnetdane\/wp-content\/uploads\/sites\/25\/2018\/07\/homepage-image-300x203.jpg 300w, https:\/\/blog.causeur.fr\/bonnetdane\/wp-content\/uploads\/sites\/25\/2018\/07\/homepage-image-444x300.jpg 444w, https:\/\/blog.causeur.fr\/bonnetdane\/wp-content\/uploads\/sites\/25\/2018\/07\/homepage-image.jpg 740w\" sizes=\"auto, (max-width: 300px) 100vw, 300px\" \/><\/a><figcaption id=\"caption-attachment-2317\" class=\"wp-caption-text\">Ian Fleming at his desk at Goldeneye, Jamaica<\/figcaption><\/figure>\n<p>ne se voyait pas incarn\u00e9 par l&rsquo;ex-Monsieur Univers-Ecosse<a href=\"https:\/\/blog.causeur.fr\/bonnetdane\/ego-trip-002296.html\/sean-connery\" rel=\"attachment wp-att-2318\"><img loading=\"lazy\" decoding=\"async\" class=\"aligncenter size-medium wp-image-2318\" src=\"https:\/\/blog.causeur.fr\/bonnetdane\/files\/2018\/07\/Sean-Connery-212x300.jpg\" alt=\"Sean-Connery\" width=\"212\" height=\"300\" srcset=\"https:\/\/blog.causeur.fr\/bonnetdane\/wp-content\/uploads\/sites\/25\/2018\/07\/Sean-Connery-212x300.jpg 212w, https:\/\/blog.causeur.fr\/bonnetdane\/wp-content\/uploads\/sites\/25\/2018\/07\/Sean-Connery.jpg 450w\" sizes=\"auto, (max-width: 212px) 100vw, 212px\" \/><\/a>Quant \u00e0 Sean Connery, lorsqu&rsquo;aujourd&rsquo;hui il se retourne vers celui qu&rsquo;il a \u00e9t\u00e9 quand il jouait <em>Another time, another place<\/em> avec Lana Turner (1958)<a href=\"https:\/\/blog.causeur.fr\/bonnetdane\/ego-trip-002296.html\/2048x2730-sean-connery-birthday-cool-gallery-1-43-jpg-d5f675eb\" rel=\"attachment wp-att-2319\"><img loading=\"lazy\" decoding=\"async\" class=\"aligncenter size-medium wp-image-2319\" src=\"https:\/\/blog.causeur.fr\/bonnetdane\/files\/2018\/07\/2048x2730-sean-connery-birthday-cool-gallery-1-43-jpg-d5f675eb-300x300.jpg\" alt=\"2048x2730-sean-connery-birthday-cool-gallery-1-43-jpg-d5f675eb\" width=\"300\" height=\"300\" srcset=\"https:\/\/blog.causeur.fr\/bonnetdane\/wp-content\/uploads\/sites\/25\/2018\/07\/2048x2730-sean-connery-birthday-cool-gallery-1-43-jpg-d5f675eb-300x300.jpg 300w, https:\/\/blog.causeur.fr\/bonnetdane\/wp-content\/uploads\/sites\/25\/2018\/07\/2048x2730-sean-connery-birthday-cool-gallery-1-43-jpg-d5f675eb-150x150.jpg 150w, https:\/\/blog.causeur.fr\/bonnetdane\/wp-content\/uploads\/sites\/25\/2018\/07\/2048x2730-sean-connery-birthday-cool-gallery-1-43-jpg-d5f675eb-768x768.jpg 768w, https:\/\/blog.causeur.fr\/bonnetdane\/wp-content\/uploads\/sites\/25\/2018\/07\/2048x2730-sean-connery-birthday-cool-gallery-1-43-jpg-d5f675eb-1024x1024.jpg 1024w, https:\/\/blog.causeur.fr\/bonnetdane\/wp-content\/uploads\/sites\/25\/2018\/07\/2048x2730-sean-connery-birthday-cool-gallery-1-43-jpg-d5f675eb-32x32.jpg 32w, https:\/\/blog.causeur.fr\/bonnetdane\/wp-content\/uploads\/sites\/25\/2018\/07\/2048x2730-sean-connery-birthday-cool-gallery-1-43-jpg-d5f675eb-50x50.jpg 50w, https:\/\/blog.causeur.fr\/bonnetdane\/wp-content\/uploads\/sites\/25\/2018\/07\/2048x2730-sean-connery-birthday-cool-gallery-1-43-jpg-d5f675eb-64x64.jpg 64w, https:\/\/blog.causeur.fr\/bonnetdane\/wp-content\/uploads\/sites\/25\/2018\/07\/2048x2730-sean-connery-birthday-cool-gallery-1-43-jpg-d5f675eb-96x96.jpg 96w, https:\/\/blog.causeur.fr\/bonnetdane\/wp-content\/uploads\/sites\/25\/2018\/07\/2048x2730-sean-connery-birthday-cool-gallery-1-43-jpg-d5f675eb-128x128.jpg 128w, https:\/\/blog.causeur.fr\/bonnetdane\/wp-content\/uploads\/sites\/25\/2018\/07\/2048x2730-sean-connery-birthday-cool-gallery-1-43-jpg-d5f675eb.jpg 2048w\" sizes=\"auto, (max-width: 300px) 100vw, 300px\" \/><\/a>reconna\u00eet-il celui qu&rsquo;il est devenu cinquante ans plus tard :<a href=\"https:\/\/blog.causeur.fr\/bonnetdane\/ego-trip-002296.html\/seanconneryjune08\" rel=\"attachment wp-att-2320\"><img loading=\"lazy\" decoding=\"async\" class=\"aligncenter size-medium wp-image-2320\" src=\"https:\/\/blog.causeur.fr\/bonnetdane\/files\/2018\/07\/SeanConneryJune08-264x300.jpg\" alt=\"SeanConneryJune08\" width=\"264\" height=\"300\" srcset=\"https:\/\/blog.causeur.fr\/bonnetdane\/wp-content\/uploads\/sites\/25\/2018\/07\/SeanConneryJune08-264x300.jpg 264w, https:\/\/blog.causeur.fr\/bonnetdane\/wp-content\/uploads\/sites\/25\/2018\/07\/SeanConneryJune08.jpg 524w\" sizes=\"auto, (max-width: 264px) 100vw, 264px\" \/><\/a>Bien s\u00fbr, nous, nous l&rsquo;avons \u00e0 peu pr\u00e8s fig\u00e9 ainsi \u2014 magie du cin\u00e9ma :<a href=\"https:\/\/blog.causeur.fr\/bonnetdane\/ego-trip-002296.html\/james-bond-007-carte-postale-sean-connery-je\" rel=\"attachment wp-att-2321\"><img loading=\"lazy\" decoding=\"async\" class=\"aligncenter size-medium wp-image-2321\" src=\"https:\/\/blog.causeur.fr\/bonnetdane\/files\/2018\/07\/james-bond-007-carte-postale-sean-connery-je-300x300.jpg\" alt=\"james-bond-007-carte-postale-sean-connery-je\" width=\"300\" height=\"300\" srcset=\"https:\/\/blog.causeur.fr\/bonnetdane\/wp-content\/uploads\/sites\/25\/2018\/07\/james-bond-007-carte-postale-sean-connery-je-300x300.jpg 300w, https:\/\/blog.causeur.fr\/bonnetdane\/wp-content\/uploads\/sites\/25\/2018\/07\/james-bond-007-carte-postale-sean-connery-je-150x150.jpg 150w, https:\/\/blog.causeur.fr\/bonnetdane\/wp-content\/uploads\/sites\/25\/2018\/07\/james-bond-007-carte-postale-sean-connery-je-32x32.jpg 32w, https:\/\/blog.causeur.fr\/bonnetdane\/wp-content\/uploads\/sites\/25\/2018\/07\/james-bond-007-carte-postale-sean-connery-je-50x50.jpg 50w, https:\/\/blog.causeur.fr\/bonnetdane\/wp-content\/uploads\/sites\/25\/2018\/07\/james-bond-007-carte-postale-sean-connery-je-64x64.jpg 64w, https:\/\/blog.causeur.fr\/bonnetdane\/wp-content\/uploads\/sites\/25\/2018\/07\/james-bond-007-carte-postale-sean-connery-je-96x96.jpg 96w, https:\/\/blog.causeur.fr\/bonnetdane\/wp-content\/uploads\/sites\/25\/2018\/07\/james-bond-007-carte-postale-sean-connery-je-128x128.jpg 128w, https:\/\/blog.causeur.fr\/bonnetdane\/wp-content\/uploads\/sites\/25\/2018\/07\/james-bond-007-carte-postale-sean-connery-je.jpg 700w\" sizes=\"auto, (max-width: 300px) 100vw, 300px\" \/><\/a>Et nous avons oubli\u00e9 qu&rsquo;il a aussi \u00e9t\u00e9\u2026 \u00e7a :<a href=\"https:\/\/blog.causeur.fr\/bonnetdane\/ego-trip-002296.html\/1974-zardoz-002-sean-connery\" rel=\"attachment wp-att-2322\"><img loading=\"lazy\" decoding=\"async\" class=\"aligncenter size-medium wp-image-2322\" src=\"https:\/\/blog.causeur.fr\/bonnetdane\/files\/2018\/07\/1974-zardoz-002-sean-connery-253x300.jpg\" alt=\"1974-zardoz-002-sean-connery\" width=\"253\" height=\"300\" srcset=\"https:\/\/blog.causeur.fr\/bonnetdane\/wp-content\/uploads\/sites\/25\/2018\/07\/1974-zardoz-002-sean-connery-253x300.jpg 253w, https:\/\/blog.causeur.fr\/bonnetdane\/wp-content\/uploads\/sites\/25\/2018\/07\/1974-zardoz-002-sean-connery.jpg 700w\" sizes=\"auto, (max-width: 253px) 100vw, 253px\" \/><\/a>C&rsquo;\u00e9tait dans <em>Zardoz<\/em> (1974), l&rsquo;un des nanars les plus \u00e9sot\u00e9riques de la filmographie de Connery.<\/p>\n<p>\u00ab\u00a0Mourir, cela n&rsquo;est rien, mourir, la belle affaire\u2026 mais vieillir\u2026\u00a0\u00bb<\/p>\n<p>J\u2019ai tr\u00e8s peu de photos de moi : j\u2019ai presque toujours \u00e9t\u00e9 de l\u2019autre c\u00f4t\u00e9 de l\u2019objectif. Alors bien s\u00fbr, le photographe se retrouve en creux dans les images, comme Modigliani dans cette femme nue :<a href=\"https:\/\/blog.causeur.fr\/bonnetdane\/ego-trip-002296.html\/800px-amedeo_modigliani_-_le_grand_nu\" rel=\"attachment wp-att-2305\"><img loading=\"lazy\" decoding=\"async\" class=\"aligncenter size-medium wp-image-2305\" src=\"https:\/\/blog.causeur.fr\/bonnetdane\/files\/2018\/07\/800px-Amedeo_Modigliani_-_Le_Grand_Nu-300x187.jpg\" alt=\"800px-Amedeo_Modigliani_-_Le_Grand_Nu\" width=\"300\" height=\"187\" srcset=\"https:\/\/blog.causeur.fr\/bonnetdane\/wp-content\/uploads\/sites\/25\/2018\/07\/800px-Amedeo_Modigliani_-_Le_Grand_Nu-300x187.jpg 300w, https:\/\/blog.causeur.fr\/bonnetdane\/wp-content\/uploads\/sites\/25\/2018\/07\/800px-Amedeo_Modigliani_-_Le_Grand_Nu-768x478.jpg 768w, https:\/\/blog.causeur.fr\/bonnetdane\/wp-content\/uploads\/sites\/25\/2018\/07\/800px-Amedeo_Modigliani_-_Le_Grand_Nu-482x300.jpg 482w, https:\/\/blog.causeur.fr\/bonnetdane\/wp-content\/uploads\/sites\/25\/2018\/07\/800px-Amedeo_Modigliani_-_Le_Grand_Nu.jpg 800w\" sizes=\"auto, (max-width: 300px) 100vw, 300px\" \/><\/a> Modigliani, mais pas seulement : c&rsquo;est aussi pour moi Philip Roth regardant Modigliani : \u00ab\u2026 la tige flexible de cette taille, l&rsquo;ampleur de ces hanches, le joli galbe de ces cuisses, le triangle de flamme de la toison qui marque la fente \u2014 ce nu typique de Modigliani, jeune fille de r\u00eave, longiligne, accessible, qu&rsquo;il peignait rituellement\u2026\u00bb<br \/>\nParce qu&rsquo;enfin, si \u00ab mon \u00e2me est un paysage choisi \u00bb, les paysages des autres entrent aussi dans le n\u00f4tre. Toutes les choses vues, toutes les choses lues : \u00ab El universo, que otros llaman la Biblioteca\u2026\u00bb<\/p>\n<p>Je suis l\u2019ombre de l\u2019ombre. Le masque d\u2019une apparence.<br \/>\n<a href=\"https:\/\/blog.causeur.fr\/bonnetdane\/ego-trip-002296.html\/dsc_0041-10\" rel=\"attachment wp-att-2308\"><img loading=\"lazy\" decoding=\"async\" class=\"aligncenter size-medium wp-image-2308\" src=\"https:\/\/blog.causeur.fr\/bonnetdane\/files\/2018\/07\/DSC_0041-10-201x300.jpg\" alt=\"DSC_0041 10\" width=\"201\" height=\"300\" srcset=\"https:\/\/blog.causeur.fr\/bonnetdane\/wp-content\/uploads\/sites\/25\/2018\/07\/DSC_0041-10-201x300.jpg 201w, https:\/\/blog.causeur.fr\/bonnetdane\/wp-content\/uploads\/sites\/25\/2018\/07\/DSC_0041-10-768x1147.jpg 768w, https:\/\/blog.causeur.fr\/bonnetdane\/wp-content\/uploads\/sites\/25\/2018\/07\/DSC_0041-10-685x1024.jpg 685w\" sizes=\"auto, (max-width: 201px) 100vw, 201px\" \/><\/a>Dans la photo d\u2019un ch\u00e2teau en ruines, voyez-vous d\u2019abord la ruine, ou le ch\u00e2teau \u2014 ou Brighelli qui y passait ?<br \/>\n<a href=\"https:\/\/blog.causeur.fr\/bonnetdane\/ego-trip-002296.html\/img_00000695\" rel=\"attachment wp-att-2309\"><img loading=\"lazy\" decoding=\"async\" class=\"aligncenter size-medium wp-image-2309\" src=\"https:\/\/blog.causeur.fr\/bonnetdane\/files\/2018\/07\/IMG_00000695-300x300.jpg\" alt=\"IMG_00000695\" width=\"300\" height=\"300\" srcset=\"https:\/\/blog.causeur.fr\/bonnetdane\/wp-content\/uploads\/sites\/25\/2018\/07\/IMG_00000695-300x300.jpg 300w, https:\/\/blog.causeur.fr\/bonnetdane\/wp-content\/uploads\/sites\/25\/2018\/07\/IMG_00000695-150x150.jpg 150w, https:\/\/blog.causeur.fr\/bonnetdane\/wp-content\/uploads\/sites\/25\/2018\/07\/IMG_00000695-768x768.jpg 768w, https:\/\/blog.causeur.fr\/bonnetdane\/wp-content\/uploads\/sites\/25\/2018\/07\/IMG_00000695-1024x1024.jpg 1024w, https:\/\/blog.causeur.fr\/bonnetdane\/wp-content\/uploads\/sites\/25\/2018\/07\/IMG_00000695-32x32.jpg 32w, https:\/\/blog.causeur.fr\/bonnetdane\/wp-content\/uploads\/sites\/25\/2018\/07\/IMG_00000695-50x50.jpg 50w, https:\/\/blog.causeur.fr\/bonnetdane\/wp-content\/uploads\/sites\/25\/2018\/07\/IMG_00000695-64x64.jpg 64w, https:\/\/blog.causeur.fr\/bonnetdane\/wp-content\/uploads\/sites\/25\/2018\/07\/IMG_00000695-96x96.jpg 96w, https:\/\/blog.causeur.fr\/bonnetdane\/wp-content\/uploads\/sites\/25\/2018\/07\/IMG_00000695-128x128.jpg 128w, https:\/\/blog.causeur.fr\/bonnetdane\/wp-content\/uploads\/sites\/25\/2018\/07\/IMG_00000695.jpg 1936w\" sizes=\"auto, (max-width: 300px) 100vw, 300px\" \/><\/a>Et dans le graffiti pos\u00e9 sur la silhouette d\u2019un v\u00e9lo, que voyez-vous ? Brighellli qui y passait aussi, en v\u00e9lo justement, et qui y a vu\u2026 Lequel des morts que nous tra\u00eenons tous avec nous remontait ce jour-l\u00e0 du goudron ?<\/p>\n<p>De qui je fus, peu de nouvelles.<\/p>\n<p>Etalons les pauvres artefacts d\u2019une arch\u00e9ologie narcissique : un hippie m\u00e9lancolique sur une dune de Belle-Isle,<a href=\"https:\/\/blog.causeur.fr\/bonnetdane\/ego-trip-002296.html\/capture-decran-2018-07-28-a-03-34-02\" rel=\"attachment wp-att-2323\"><img loading=\"lazy\" decoding=\"async\" class=\"aligncenter size-medium wp-image-2323\" src=\"https:\/\/blog.causeur.fr\/bonnetdane\/files\/2018\/07\/Capture-d\u2019e\u0301cran-2018-07-28-a\u0300-03.34.02-300x166.png\" alt=\"Capture d\u2019e\u0301cran 2018-07-28 a\u0300 03.34.02\" width=\"300\" height=\"166\" srcset=\"https:\/\/blog.causeur.fr\/bonnetdane\/wp-content\/uploads\/sites\/25\/2018\/07\/Capture-d\u2019e\u0301cran-2018-07-28-a\u0300-03.34.02-300x166.png 300w, https:\/\/blog.causeur.fr\/bonnetdane\/wp-content\/uploads\/sites\/25\/2018\/07\/Capture-d\u2019e\u0301cran-2018-07-28-a\u0300-03.34.02-768x424.png 768w, https:\/\/blog.causeur.fr\/bonnetdane\/wp-content\/uploads\/sites\/25\/2018\/07\/Capture-d\u2019e\u0301cran-2018-07-28-a\u0300-03.34.02-1024x565.png 1024w, https:\/\/blog.causeur.fr\/bonnetdane\/wp-content\/uploads\/sites\/25\/2018\/07\/Capture-d\u2019e\u0301cran-2018-07-28-a\u0300-03.34.02-500x276.png 500w, https:\/\/blog.causeur.fr\/bonnetdane\/wp-content\/uploads\/sites\/25\/2018\/07\/Capture-d\u2019e\u0301cran-2018-07-28-a\u0300-03.34.02.png 1078w\" sizes=\"auto, (max-width: 300px) 100vw, 300px\" \/><\/a> le m\u00eame, quelques mois plus tard, sur une plage de Sicile, au petit matin,<a href=\"https:\/\/blog.causeur.fr\/bonnetdane\/ego-trip-002296.html\/jpb-juillet-1973\" rel=\"attachment wp-att-2311\"><img loading=\"lazy\" decoding=\"async\" class=\"aligncenter size-medium wp-image-2311\" src=\"https:\/\/blog.causeur.fr\/bonnetdane\/files\/2018\/07\/JPB-juillet-1973--207x300.jpg\" alt=\"JPB juillet 1973\" width=\"207\" height=\"300\" srcset=\"https:\/\/blog.causeur.fr\/bonnetdane\/wp-content\/uploads\/sites\/25\/2018\/07\/JPB-juillet-1973--207x300.jpg 207w, https:\/\/blog.causeur.fr\/bonnetdane\/wp-content\/uploads\/sites\/25\/2018\/07\/JPB-juillet-1973-.jpg 521w\" sizes=\"auto, (max-width: 207px) 100vw, 207px\" \/><\/a> ou au pied de la statue monumentale d\u2019Aristote, en Gr\u00e8ce du Nord.<a href=\"https:\/\/blog.causeur.fr\/bonnetdane\/ego-trip-002296.html\/capture-decran-2018-07-28-a-03-36-20\" rel=\"attachment wp-att-2324\"><img loading=\"lazy\" decoding=\"async\" class=\"aligncenter size-medium wp-image-2324\" src=\"https:\/\/blog.causeur.fr\/bonnetdane\/files\/2018\/07\/Capture-d\u2019e\u0301cran-2018-07-28-a\u0300-03.36.20-152x300.png\" alt=\"Capture d\u2019e\u0301cran 2018-07-28 a\u0300 03.36.20\" width=\"152\" height=\"300\" srcset=\"https:\/\/blog.causeur.fr\/bonnetdane\/wp-content\/uploads\/sites\/25\/2018\/07\/Capture-d\u2019e\u0301cran-2018-07-28-a\u0300-03.36.20-152x300.png 152w, https:\/\/blog.causeur.fr\/bonnetdane\/wp-content\/uploads\/sites\/25\/2018\/07\/Capture-d\u2019e\u0301cran-2018-07-28-a\u0300-03.36.20.png 361w\" sizes=\"auto, (max-width: 152px) 100vw, 152px\" \/><\/a> Suis-je bien cet exhibitionniste de la fin des ann\u00e9es 1970 ?<a href=\"https:\/\/blog.causeur.fr\/bonnetdane\/ego-trip-002296.html\/jpb-1978-2\" rel=\"attachment wp-att-2313\"><img loading=\"lazy\" decoding=\"async\" class=\"aligncenter size-medium wp-image-2313\" src=\"https:\/\/blog.causeur.fr\/bonnetdane\/files\/2018\/07\/JPB-1978-2-300x229.jpg\" alt=\"JPB 1978 2\" width=\"300\" height=\"229\" srcset=\"https:\/\/blog.causeur.fr\/bonnetdane\/wp-content\/uploads\/sites\/25\/2018\/07\/JPB-1978-2-300x229.jpg 300w, https:\/\/blog.causeur.fr\/bonnetdane\/wp-content\/uploads\/sites\/25\/2018\/07\/JPB-1978-2-768x586.jpg 768w, https:\/\/blog.causeur.fr\/bonnetdane\/wp-content\/uploads\/sites\/25\/2018\/07\/JPB-1978-2-1024x781.jpg 1024w, https:\/\/blog.causeur.fr\/bonnetdane\/wp-content\/uploads\/sites\/25\/2018\/07\/JPB-1978-2-393x300.jpg 393w, https:\/\/blog.causeur.fr\/bonnetdane\/wp-content\/uploads\/sites\/25\/2018\/07\/JPB-1978-2.jpg 1285w\" sizes=\"auto, (max-width: 300px) 100vw, 300px\" \/><\/a> Ce moustachu accabl\u00e9 de soleil juste au dessus du lac de Goria ?<a href=\"https:\/\/blog.causeur.fr\/bonnetdane\/ego-trip-002296.html\/jpb-1989-2-09-23-22\" rel=\"attachment wp-att-2314\"><img loading=\"lazy\" decoding=\"async\" class=\"aligncenter size-medium wp-image-2314\" src=\"https:\/\/blog.causeur.fr\/bonnetdane\/files\/2018\/07\/JPB-1989-2-09-23-22-186x300.jpg\" alt=\"JPB 1989 2 09-23-22\" width=\"186\" height=\"300\" srcset=\"https:\/\/blog.causeur.fr\/bonnetdane\/wp-content\/uploads\/sites\/25\/2018\/07\/JPB-1989-2-09-23-22-186x300.jpg 186w, https:\/\/blog.causeur.fr\/bonnetdane\/wp-content\/uploads\/sites\/25\/2018\/07\/JPB-1989-2-09-23-22-768x1238.jpg 768w, https:\/\/blog.causeur.fr\/bonnetdane\/wp-content\/uploads\/sites\/25\/2018\/07\/JPB-1989-2-09-23-22-635x1024.jpg 635w, https:\/\/blog.causeur.fr\/bonnetdane\/wp-content\/uploads\/sites\/25\/2018\/07\/JPB-1989-2-09-23-22.jpg 922w\" sizes=\"auto, (max-width: 186px) 100vw, 186px\" \/><\/a> Ou cet autre, d\u00e9j\u00e0 moins chevelu, d\u00e9j\u00e0 plus bedonnant, adoss\u00e9 \u00e0 une rambarde au ch\u00e2teau d\u2019If ?<a href=\"https:\/\/blog.causeur.fr\/bonnetdane\/ego-trip-002296.html\/capture-decran-2018-07-27-a-15-50-34\" rel=\"attachment wp-att-2315\"><img loading=\"lazy\" decoding=\"async\" class=\"aligncenter size-medium wp-image-2315\" src=\"https:\/\/blog.causeur.fr\/bonnetdane\/files\/2018\/07\/Capture-d\u2019e\u0301cran-2018-07-27-a\u0300-15.50.34-300x260.png\" alt=\"Capture d\u2019e\u0301cran 2018-07-27 a\u0300 15.50.34\" width=\"300\" height=\"260\" srcset=\"https:\/\/blog.causeur.fr\/bonnetdane\/wp-content\/uploads\/sites\/25\/2018\/07\/Capture-d\u2019e\u0301cran-2018-07-27-a\u0300-15.50.34-300x260.png 300w, https:\/\/blog.causeur.fr\/bonnetdane\/wp-content\/uploads\/sites\/25\/2018\/07\/Capture-d\u2019e\u0301cran-2018-07-27-a\u0300-15.50.34-768x664.png 768w, https:\/\/blog.causeur.fr\/bonnetdane\/wp-content\/uploads\/sites\/25\/2018\/07\/Capture-d\u2019e\u0301cran-2018-07-27-a\u0300-15.50.34-347x300.png 347w, https:\/\/blog.causeur.fr\/bonnetdane\/wp-content\/uploads\/sites\/25\/2018\/07\/Capture-d\u2019e\u0301cran-2018-07-27-a\u0300-15.50.34.png 779w\" sizes=\"auto, (max-width: 300px) 100vw, 300px\" \/><\/a> Et pour perp\u00e9tuer le propos de Fleming, que penseraient-ils, les uns et les autres, de cet individu vaguement mena\u00e7ant,<a href=\"https:\/\/blog.causeur.fr\/bonnetdane\/ego-trip-002296.html\/0000-2\" rel=\"attachment wp-att-2316\"><img loading=\"lazy\" decoding=\"async\" class=\"aligncenter size-medium wp-image-2316\" src=\"https:\/\/blog.causeur.fr\/bonnetdane\/files\/2018\/07\/0000-240x300.jpg\" alt=\"0000\" width=\"240\" height=\"300\" srcset=\"https:\/\/blog.causeur.fr\/bonnetdane\/wp-content\/uploads\/sites\/25\/2018\/07\/0000-240x300.jpg 240w, https:\/\/blog.causeur.fr\/bonnetdane\/wp-content\/uploads\/sites\/25\/2018\/07\/0000-768x960.jpg 768w, https:\/\/blog.causeur.fr\/bonnetdane\/wp-content\/uploads\/sites\/25\/2018\/07\/0000-819x1024.jpg 819w, https:\/\/blog.causeur.fr\/bonnetdane\/wp-content\/uploads\/sites\/25\/2018\/07\/0000.jpg 2000w\" sizes=\"auto, (max-width: 240px) 100vw, 240px\" \/><\/a> cultivant le \u00ab m\u00e9pris d\u2019avance \u00bb, comme disait Cohen \u2014 Albert, pas Leonard ? Capable de voter \u00e0 droite par d\u00e9go\u00fbt \u2014 le \u00ab d\u00e9go\u00fbt \u00bb que Ren\u00e9 Crevel accrocha \u00e0 sa veste juste avant d\u2019essayer le gaz, en ce 18 juin 1935\u2026 Capable de tenir des propos d\u2019ultra-gauche \u2014 apr\u00e8s tout, id\u00e9ologiquement parlant, il serait proche de Gramsci\u2026 D\u00e9fi et provocation. Amoureux de toutes, ami de quelques-uns, ha\u00ef souvent, hant\u00e9 de soleils couchants\u2026<\/p>\n<p>Oui, que penseraient-ils de moi ? Jadis si mince, aujourd\u2019hui plus\u2026 confortable\u2026 Homme du Midi qui v\u00e9cut si longtemps dans les brumes\u2026 \u00ab Un mixte compos\u00e9 de lumi\u00e8re et de fange \u00bb, dit Tristan l\u2019Hermite.<br \/>\nComme nous tous, d\u2019ailleurs. D\u2019originalit\u00e9, point de nouvelles.<\/p>\n<p>Et tous ces Brighelli accumul\u00e9s font-ils le Brighelli d\u2019aujourd\u2019hui ? J\u2019ai moins l\u2019impression d\u2019\u00eatre un r\u00e9sultat qu\u2019une somme indistincte, une couche g\u00e9ologique o\u00f9 se lirait, \u00e0 travers les strates, une histoire contrast\u00e9e \u2014 socle hercynien, con\u00e7u dans les bas quartiers de Marseille, laves d\u00e9sagr\u00e9g\u00e9es, et roches m\u00e9tamorphiques successives.<br \/>\n<em>M\u00e9tamorphose<\/em> est bien le mot : chenille, papillon \u2014 o\u00f9 en suis-je aujourd\u2019hui de mes incarnations ? Envie d&rsquo;un dernier cocon, ou d&rsquo;une derni\u00e8re cavalcade ?<br \/>\nCe feuillet\u00e9 friable est fait aussi de pages entass\u00e9es, couches de schistes o\u00f9 se lit l\u2019ardoise de la Castagniccia, la serpentine du Cap corse \u2014 et quelques inclusions de grenats catalans\u2026 Rien de bien pr\u00e9cieux, rien de bien indiqu\u00e9 pour construire un palais : \u00e7a s\u2019effrite sous les doigts, \u00e7a se disperse, \u00e7a s\u2019affaisse peu \u00e0 peu. Poussi\u00e8re qui retourne \u00e0 la poussi\u00e8re. Je n\u2019ai jamais pu regarder une falaise o\u00f9 se lit l\u2019histoire de la Terre sans y voir une image de ce que nous sommes \u2014 des couches successivement superficielles, d\u00e9sormais \u00e9cras\u00e9es par des s\u00e9diments plus r\u00e9cents, qui eux-m\u00eames bient\u00f4t\u2026<br \/>\nNous passons la vie \u00e0 nous construire, \u00e0 nous peaufiner, alors que nous deviendrons nous aussi s\u00e9diments, terreau \u00e0 pissenlits et autres parasites\u2026 Ressusciter enfin dans la caillette d\u2019une vache, vaguement rumin\u00e9, et transform\u00e9 en bouse\u2026 en azote et m\u00e9thane\u2026 en saint-nectaire ou en reblochon\u2026<\/p>\n<p>En admettant que je pourrisse encore un peu sur pied, que pensera alors le vieillard cacochyme de celui que je suis aujourd\u2019hui, et que d\u00e9j\u00e0 je ne suis plus, au moment o\u00f9 j&rsquo;arrive au bout de ma chronique ? Qu\u2019il ne se souciait pas assez du lent pourrissement de ses cellules ? Les rides d\u2019aujourd\u2019hui sont les grands canyons de demain. Nous nous creusons, nous nous fissurons, des l\u00e9zardes courent en surface, t\u00e9moins de bouleversements internes, de ruptures cellulaires ou de prolif\u00e9rations inopin\u00e9es.<\/p>\n<p>La barbe a disparu, et la moustache aussi. Les cheveux se font rares \u2014 et comme ils blanchissent en m\u00eame temps, ils s\u2019\u00e9claircissent deux fois.<br \/>\nRestent l\u2019inqui\u00e9tude et le m\u00e9pris.<br \/>\nDeux bonnes raisons de continuer \u00e0 \u00e9crire. Et de prendre, \u00e0 partir d&rsquo;aujourd&rsquo;hui, une semaine de vacances.<\/p>\n<p>Jean-Paul Brighelli<\/p>\n","protected":false},"excerpt":{"rendered":"<p>\u00ab Si James Bond le rencontrait dans la rue, reconna\u00eetrait-il le jeune homme pur et ardent qu\u2019il avait \u00e9t\u00e9 \u00e0 dix-sept ans ? Et qu\u2019est-ce que ce jeune homme penserait de lui, l\u2019agent secret, le James Bond m\u00fbr ? L\u2019adolescent le reconna\u00eetrait-il, sous l\u2019\u00e9corce qui \u00e9tait venue recouvrir cet homme, et qu\u2019avaient ternie des ann\u00e9es [&hellip;]<\/p>\n","protected":false},"author":6,"featured_media":0,"comment_status":"open","ping_status":"open","sticky":false,"template":"","format":"standard","meta":{"footnotes":""},"categories":[1],"tags":[1512],"class_list":{"0":"post-2296","1":"post","2":"type-post","3":"status-publish","4":"format-standard","6":"category-non-classe","7":"tag-sean-connery"},"_links":{"self":[{"href":"https:\/\/blog.causeur.fr\/bonnetdane\/wp-json\/wp\/v2\/posts\/2296","targetHints":{"allow":["GET"]}}],"collection":[{"href":"https:\/\/blog.causeur.fr\/bonnetdane\/wp-json\/wp\/v2\/posts"}],"about":[{"href":"https:\/\/blog.causeur.fr\/bonnetdane\/wp-json\/wp\/v2\/types\/post"}],"author":[{"embeddable":true,"href":"https:\/\/blog.causeur.fr\/bonnetdane\/wp-json\/wp\/v2\/users\/6"}],"replies":[{"embeddable":true,"href":"https:\/\/blog.causeur.fr\/bonnetdane\/wp-json\/wp\/v2\/comments?post=2296"}],"version-history":[{"count":0,"href":"https:\/\/blog.causeur.fr\/bonnetdane\/wp-json\/wp\/v2\/posts\/2296\/revisions"}],"wp:attachment":[{"href":"https:\/\/blog.causeur.fr\/bonnetdane\/wp-json\/wp\/v2\/media?parent=2296"}],"wp:term":[{"taxonomy":"category","embeddable":true,"href":"https:\/\/blog.causeur.fr\/bonnetdane\/wp-json\/wp\/v2\/categories?post=2296"},{"taxonomy":"post_tag","embeddable":true,"href":"https:\/\/blog.causeur.fr\/bonnetdane\/wp-json\/wp\/v2\/tags?post=2296"}],"curies":[{"name":"wp","href":"https:\/\/api.w.org\/{rel}","templated":true}]}}