{"id":2329,"date":"2018-08-14T17:56:32","date_gmt":"2018-08-14T15:56:32","guid":{"rendered":"https:\/\/blog.causeur.fr\/bonnetdane\/?p=2329"},"modified":"2021-04-22T18:48:39","modified_gmt":"2021-04-22T16:48:39","slug":"connaissez-vous-vraiment-vincent-cespedes","status":"publish","type":"post","link":"https:\/\/blog.causeur.fr\/bonnetdane\/connaissez-vous-vraiment-vincent-cespedes-2329","title":{"rendered":"Connaissez-vous vraiment Vincent Cespedes ?"},"content":{"rendered":"<p><a href=\"https:\/\/blog.causeur.fr\/bonnetdane\/connaissez-vous-vraiment-vincent-cespedes-002329.html\/cespedes-vincent-300x200\" rel=\"attachment wp-att-2337\"><img loading=\"lazy\" decoding=\"async\" class=\"aligncenter size-medium wp-image-2337\" src=\"https:\/\/blog.causeur.fr\/bonnetdane\/files\/2018\/08\/cespedes-vincent-300x200-300x200.jpg\" alt=\"cespedes-vincent-300x200\" width=\"300\" height=\"200\" \/><\/a>Vincent Cespedes ne m\u2019avait pas tout \u00e0 fait \u00e9chapp\u00e9. C\u2019est l\u2019un de ces anciens profs qui ont tr\u00e8s vite d\u00e9sert\u00e9 le front et qui se croient habilit\u00e9s \u00e0 donner de loin des conseils avis\u00e9s aux enseignants rest\u00e9s en premi\u00e8re ligne. Des conseils frapp\u00e9s au sceau du p\u00e9dagogisme le plus b\u00e9at : Pauvre Ch\u00e9ri, qui en tant que prof de Philo n\u2019a connu que des \u00e9l\u00e8ves de Terminale sans jamais avoir eu \u00e0 se frotter aux damn\u00e9s de la terre qui v\u00e9g\u00e8tent au Coll\u00e8ge (ce coll\u00e8ge dont 150 000 \u00e9l\u00e8ves sortent chaque ann\u00e9e, rien dans les mains, rien dans la t\u00eate, gr\u00e2ce \u00e0 une p\u00e9dagogie appropri\u00e9e exp\u00e9riment\u00e9e depuis la fin des ann\u00e9es 1960 et sanctuaris\u00e9e par la R\u00e9forme Jospin), Pauvre Ch\u00e9ri donc donne moult conseils aux enseignants en exercice (du latin <em>exercitium<\/em>, l\u2019arm\u00e9e\u2026). Et m\u00eame se permettait-il m\u00eame de \u00ab tacler les profs \u00bb, <a href=\"http:\/\/www.vousnousils.fr\/2015\/09\/04\/vincent-cespedes-lecole-devitalise-les-enfants-de-leur-envie-de-connaitre-de-lire-et-decrire-574386\/comment-page-5\">comme dit <em>VousNousIls<\/em><\/a>.<br \/>\nPar exemple laisser les \u00e9l\u00e8ves bavarder tout \u00e0 leur aise \u2014 ce qui m\u2019\u00e9voque invinciblement le \u00ab papotis \u00bb pr\u00e9conis\u00e9 par des Inspecteurs de Lettres, jamais en retard d\u2019une aberration moderne : \u00ab Il faut des professeurs \u00ab d\u00e9sob\u00e9issants \u00bb, des professeurs qui ne se r\u00e9fugient pas derri\u00e8re les r\u00e8glements int\u00e9rieurs et les programmes. Des professeurs qui, par exemple, comprennent que le bavardage est quelque chose de magnifique ; la soif de connaissances passe par le bavardage. Plut\u00f4t que de lutter contre ce \u00ab probl\u00e8me \u00bb pendant la moiti\u00e9 du cours, il faut utiliser cette envie de s\u2019exprimer. \u00bb<\/p>\n<p>Parce que Vincent C*** est un Moderne \u2014 c\u2019est \u00e9crit en toutes lettres dans <em>l\u2019Express<\/em>, autant dire la Bible, les journalistes, ces sp\u00e9cialistes du Tout Venant et du grand N\u2019importe Quoi, ayant remplac\u00e9 d\u00e9sormais les Proph\u00e8tes : \u00ab D\u00e9fenseur de l&rsquo;intelligence connective \u00bb, <a href=\"https:\/\/www.lexpress.fr\/culture\/intellos-people-les-stars-de-la-nouvelle-garde_2028170.html\">dit Aliocha Wald-Lasowski<\/a>. \u00c7a doit vouloir dire quelque chose \u2014 mais quoi ? De surcro\u00eet, para\u00eet-il, il est beau : qu&rsquo;aurait dit la journaliste si elle avait crois\u00e9 Socrate, le plus laid de tous les Grecs ? Au m\u00eame moment, dans les m\u00eames Tables de la loi m\u00e9diatique, Christian Makarian (c\u2019est l\u2019\u00e9t\u00e9, on n\u2019embauche plus, dans les r\u00e9dactions, que des stagiaires \u00e0 l\u2019orthographe incertaine et tr\u00e8s bas de plafond) <a href=\"https:\/\/www.lexpress.fr\/culture\/les-intellos-people_2028067.html\">pose la question qui tue<\/a> (qui tue 850 000 enseignants) : \u00ab Voudrait-on que les intellos soient \u00e0 jamais des prolos lettr\u00e9s, sur le mod\u00e8le des profs barbus de nos ch\u00e8res hypokh\u00e2gnes ? \u00bb<\/p>\n<p>Pauvre cloche !<\/p>\n<p>Cespedes, comme Fran\u00e7ois B\u00e9gaudeau, l\u2019in\u00e9narrable auteur d\u2019<em>Entre les murs<\/em> dont j\u2019avais fait ici-m\u00eame <a href=\"https:\/\/blog.causeur.fr\/bonnetdane\/entre-les-murs-00166.html\">une recension malheureusement objective<\/a>, tonne du haut de sa comp\u00e9tence m\u00e9diatique (toujours \u00ab tonner contre \u00bb, conseille Flaubert dans le <em>Dictionnaire des Id\u00e9es re\u00e7ues<\/em>, que devraient plus souvent relire tous ces hilotes). Il \u00ab r\u00eave d\u2019une r\u00e9volution de l\u2019enseignement \u00bb. C\u2019est la raison sans doute pour laquelle il l\u2019a quitt\u00e9.<\/p>\n<p>Mais \u00e7a, c\u2019\u00e9tait hier.<\/p>\n<p>Au milieu de l\u2019\u00e9t\u00e9, V***C***, qui n\u2019arr\u00eate pas de penser m\u00eame quand il fait chaud, a commis une coda \u00e0 son essai de 2006, <em>M\u00e9langeons-nous. Enqu\u00eate sur l&rsquo;alchimie humaine<\/em>. Surfant sur l\u2019actualit\u00e9 de <em>l\u2019Aquarius<\/em>, qui d\u00e9rivait en M\u00e9diterran\u00e9e, <a href=\"https:\/\/bibliobs.nouvelobs.com\/idees\/20180717.OBS9835\/yallah-pourquoi-il-devient-urgent-de-fraterniser-avec-les-migrants.html\">il a propos\u00e9 dans <em>l\u2019Obs<\/em><\/a> d\u2019accueillir \u00e0 bras ouverts ces nouveaux Juifs errants (qui justement ne sont pas juifs, et le plus souvent, les vomissent). \u00ab Fraterniser : accueillir l\u2019\u00e9tranger d\u00e9muni comme un patriote. Donner corps \u00e0 la fraternit\u00e9, c\u2019est inverser le \u00abmigrant-shaming\u00bb (la disqualification et la stigmatisation des migrants) en \u00abmigrant-sharing\u00bb, en entraide et en partages avec ces derniers. \u00bb C\u2019est beau, \u00e7a sonne franglais, ce doit \u00eatre vrai.<\/p>\n<div id=\"ligne\"><\/div>\n<p>VC, qui n\u2019est pas du tout une cr\u00e9ature germanopratine et voyage volontiers dans la France p\u00e9riph\u00e9rique, dresse de notre pays un constat effrayant : \u00ab La France est vide, n\u2019en d\u00e9plaise au malthusiens. Vous prendrez la route ou le train cet \u00e9t\u00e9? Vous le constaterez donc par vous-m\u00eame. Des horizons sans village, des collines d\u2019herbes et d\u2019arbres tristes, des champs qui attendent, \u00e0 perte de vue, et des plaines qui se tra\u00eenent sans oiseaux ni enfants. \u00bb Et de conclure : \u00ab En 2060, gr\u00e2ce \u00e0 notre r\u00e9volution fraternelle, gr\u00e2ce aux migrants et \u00e0 leurs descendants, nous pourrions \u00eatre 200 millions. \u00bb<\/p>\n<p>\u00c7a me rappelle la \u00ab\u00a0France de 100 millions de Fran\u00e7ais\u00a0\u00bb du regrett\u00e9 Michel Debr\u00e9\u2026 Mais l\u2019ancien ministre appelait \u00e0 une politique nataliste. Cespedes souhaite importer la natalit\u00e9 de l\u2019\u00e9tranger. Il a d\u00fb lire Boum\u00e9di\u00e8ne, quand il \u00e9tait jeune \u2014 Boum\u00e9di\u00e8ne qui expliquait que les Arabes gagneraient la guerre avec le ventre de leurs femmes\u2026<\/p>\n<p>La France est vide ? Vous devriez faire un peu de g\u00e9ographie au lieu de vous pencher sur le monde informatis\u00e9 de demain. Vous sauriez qu\u2019un paysage, quel qu\u2019il soit, porte la trace de l\u2019intervention humaine \u2014 c\u2019est m\u00eame sa d\u00e9finition premi\u00e8re. Que ces coteaux qui semblent d\u00e9serts \u00e0 votre regard de Parisien press\u00e9 ont \u00e9t\u00e9 fignol\u00e9s au cours des si\u00e8cles par des g\u00e9n\u00e9rations de paysans qui ont conserv\u00e9 un cypr\u00e8s sur\u00a0la cr\u00eate de la colline, pour marquer l\u2019emplacement d\u2019une ancienne s\u00e9pulture ou d\u2019une chapelle oubli\u00e9e\u2026 Ces collines, d&rsquo;ailleurs, ils les ont model\u00e9es de fa\u00e7on \u00e0 en faire le paysage le plus \u00e9rotique au monde. Ils ont conserv\u00e9 un ch\u00eane au milieu d\u2019un champ pour que les troupeaux s\u2019y abritent de la chaleur\u2026 Ils ont sculpt\u00e9 les coteaux\u00a0en espaliers, patiemment, pierre apr\u00e8s pierre dans les murets, les bancaus, les restanques, o\u00f9 ils ont plant\u00e9 patiemment des ceps de vigne pour produire du Cahors ou du Saint-Chinian\u2026 Loin d\u2019\u00eatre vide, le paysage fran\u00e7ais porte les innombrables traces du travail de g\u00e9n\u00e9rations innombrables \u2014 \u00e0 qui ces paysages appartiennent. 200 millions de Fran\u00e7ais demain, qui interdiraient la f\u00eate de Saint Cyprien ici ou du vin nouveau l\u00e0\u2026 Qui construiraient des minarets sur les ruines d\u2019une civilisation trop accueillante\u2026<\/p>\n<p>D\u2019ailleurs, c\u2019est comme si c\u2019\u00e9tait fait. Il y a deux jours, je suis all\u00e9 de bon matin me baigner au Frioul \u2014 ces \u00eeles en face de Marseille <a href=\"https:\/\/blog.causeur.fr\/bonnetdane\/modeste-proposition-concernant-letablissement-dun-internat-dexcellence-aux-iles-du-frioul-001784.html\">dont j\u2019\u00e9voquais l\u2019ann\u00e9e derni\u00e8re<\/a> les magnifiques espaces ouverts \u00e0 une p\u00e9dagogie du III\u00e8me mill\u00e9naire. Le matin, on y est seul\u2026<\/p>\n<p>Pas longtemps. La superstition y avait d\u00e9barqu\u00e9 en masse \u00e0 huit heures du matin<a href=\"https:\/\/blog.causeur.fr\/bonnetdane\/connaissez-vous-vraiment-vincent-cespedes-002329.html\/img_20180811_111759\" rel=\"attachment wp-att-2338\"><img loading=\"lazy\" decoding=\"async\" class=\"aligncenter size-medium wp-image-2338\" src=\"https:\/\/blog.causeur.fr\/bonnetdane\/files\/2018\/08\/IMG_20180811_111759-214x300.jpg\" alt=\"IMG_20180811_111759\" width=\"214\" height=\"300\" srcset=\"https:\/\/blog.causeur.fr\/bonnetdane\/wp-content\/uploads\/sites\/25\/2018\/08\/IMG_20180811_111759-214x300.jpg 214w, https:\/\/blog.causeur.fr\/bonnetdane\/wp-content\/uploads\/sites\/25\/2018\/08\/IMG_20180811_111759-768x1074.jpg 768w, https:\/\/blog.causeur.fr\/bonnetdane\/wp-content\/uploads\/sites\/25\/2018\/08\/IMG_20180811_111759-732x1024.jpg 732w, https:\/\/blog.causeur.fr\/bonnetdane\/wp-content\/uploads\/sites\/25\/2018\/08\/IMG_20180811_111759.jpg 1557w\" sizes=\"auto, (max-width: 214px) 100vw, 214px\" \/><\/a>\u00a0et se baignait dans le simple appareil d\u2019un quasi\u00a0burkini\u00a0<a href=\"https:\/\/blog.causeur.fr\/bonnetdane\/connaissez-vous-vraiment-vincent-cespedes-002329.html\/img_20180811_105502\" rel=\"attachment wp-att-2339\"><img loading=\"lazy\" decoding=\"async\" class=\"aligncenter size-medium wp-image-2339\" src=\"https:\/\/blog.causeur.fr\/bonnetdane\/files\/2018\/08\/IMG_20180811_105502-300x245.jpg\" alt=\"IMG_20180811_105502\" width=\"300\" height=\"245\" srcset=\"https:\/\/blog.causeur.fr\/bonnetdane\/wp-content\/uploads\/sites\/25\/2018\/08\/IMG_20180811_105502-300x245.jpg 300w, https:\/\/blog.causeur.fr\/bonnetdane\/wp-content\/uploads\/sites\/25\/2018\/08\/IMG_20180811_105502-768x627.jpg 768w, https:\/\/blog.causeur.fr\/bonnetdane\/wp-content\/uploads\/sites\/25\/2018\/08\/IMG_20180811_105502-1024x835.jpg 1024w, https:\/\/blog.causeur.fr\/bonnetdane\/wp-content\/uploads\/sites\/25\/2018\/08\/IMG_20180811_105502-368x300.jpg 368w, https:\/\/blog.causeur.fr\/bonnetdane\/wp-content\/uploads\/sites\/25\/2018\/08\/IMG_20180811_105502.jpg 1938w\" sizes=\"auto, (max-width: 300px) 100vw, 300px\" \/><\/a><\/p>\n<p>Ma foi, j\u2019ai fini par partir \u2014 tout en me r\u00e9citant ce passage que j\u2019affectionne particuli\u00e8rement de l\u2019un des plus grands romans arabes, <em>les 1001 nuits<\/em> :<br \/>\n\u00ab Elle a un derri\u00e8re \u00e9norme et fastueux, qui l\u2019oblige \u00e0 se rasseoir quand elle se l\u00e8ve, et me met le zeb, quand j\u2019y pense, toujours debout \u00bb (traduction Mardrus). Les voiles n&rsquo;ont de bon que le moment o\u00f9 on les \u00f4te\u2026<a href=\"https:\/\/blog.causeur.fr\/bonnetdane\/connaissez-vous-vraiment-vincent-cespedes-002329.html\/jupe-voile-retro-2016-benbassa\" rel=\"attachment wp-att-2340\"><img loading=\"lazy\" decoding=\"async\" class=\"aligncenter size-medium wp-image-2340\" src=\"https:\/\/blog.causeur.fr\/bonnetdane\/files\/2018\/08\/jupe-voile-retro-2016-benbassa-300x182.jpg\" alt=\"jupe-voile-retro-2016-benbassa\" width=\"300\" height=\"182\" srcset=\"https:\/\/blog.causeur.fr\/bonnetdane\/wp-content\/uploads\/sites\/25\/2018\/08\/jupe-voile-retro-2016-benbassa-300x182.jpg 300w, https:\/\/blog.causeur.fr\/bonnetdane\/wp-content\/uploads\/sites\/25\/2018\/08\/jupe-voile-retro-2016-benbassa-768x466.jpg 768w, https:\/\/blog.causeur.fr\/bonnetdane\/wp-content\/uploads\/sites\/25\/2018\/08\/jupe-voile-retro-2016-benbassa-1024x621.jpg 1024w, https:\/\/blog.causeur.fr\/bonnetdane\/wp-content\/uploads\/sites\/25\/2018\/08\/jupe-voile-retro-2016-benbassa-495x300.jpg 495w, https:\/\/blog.causeur.fr\/bonnetdane\/wp-content\/uploads\/sites\/25\/2018\/08\/jupe-voile-retro-2016-benbassa.jpg 1600w\" sizes=\"auto, (max-width: 300px) 100vw, 300px\" \/><\/a>Et je me suis demand\u00e9 ce qu\u2019aurait fait Vincent Cespedes \u00e0 ma place, dans cette crique envahie de superstitions.<\/p>\n<p>Ah oui, mais il n\u2019habite pas Marseille, lui. Il doit vivre, \u00e0 l\u2019en croire, dans cette France vide o\u00f9 il se dispose \u00e0 accueillir fraternellement les prochains barbares.<\/p>\n<p>Jean-Paul Brighelli<\/p>\n","protected":false},"excerpt":{"rendered":"<p>Vincent Cespedes ne m\u2019avait pas tout \u00e0 fait \u00e9chapp\u00e9. C\u2019est l\u2019un de ces anciens profs qui ont tr\u00e8s vite d\u00e9sert\u00e9 le front et qui se croient habilit\u00e9s \u00e0 donner de loin des conseils avis\u00e9s aux enseignants rest\u00e9s en premi\u00e8re ligne. Des conseils frapp\u00e9s au sceau du p\u00e9dagogisme le plus b\u00e9at : Pauvre Ch\u00e9ri, qui en [&hellip;]<\/p>\n","protected":false},"author":6,"featured_media":0,"comment_status":"open","ping_status":"open","sticky":false,"template":"","format":"standard","meta":{"footnotes":""},"categories":[1],"tags":[931,15,1531],"class_list":{"0":"post-2329","1":"post","2":"type-post","3":"status-publish","4":"format-standard","6":"category-non-classe","7":"tag-migrants","8":"tag-pedagogisme","9":"tag-vincent-cespedes"},"_links":{"self":[{"href":"https:\/\/blog.causeur.fr\/bonnetdane\/wp-json\/wp\/v2\/posts\/2329","targetHints":{"allow":["GET"]}}],"collection":[{"href":"https:\/\/blog.causeur.fr\/bonnetdane\/wp-json\/wp\/v2\/posts"}],"about":[{"href":"https:\/\/blog.causeur.fr\/bonnetdane\/wp-json\/wp\/v2\/types\/post"}],"author":[{"embeddable":true,"href":"https:\/\/blog.causeur.fr\/bonnetdane\/wp-json\/wp\/v2\/users\/6"}],"replies":[{"embeddable":true,"href":"https:\/\/blog.causeur.fr\/bonnetdane\/wp-json\/wp\/v2\/comments?post=2329"}],"version-history":[{"count":0,"href":"https:\/\/blog.causeur.fr\/bonnetdane\/wp-json\/wp\/v2\/posts\/2329\/revisions"}],"wp:attachment":[{"href":"https:\/\/blog.causeur.fr\/bonnetdane\/wp-json\/wp\/v2\/media?parent=2329"}],"wp:term":[{"taxonomy":"category","embeddable":true,"href":"https:\/\/blog.causeur.fr\/bonnetdane\/wp-json\/wp\/v2\/categories?post=2329"},{"taxonomy":"post_tag","embeddable":true,"href":"https:\/\/blog.causeur.fr\/bonnetdane\/wp-json\/wp\/v2\/tags?post=2329"}],"curies":[{"name":"wp","href":"https:\/\/api.w.org\/{rel}","templated":true}]}}