{"id":2336,"date":"2018-08-17T15:25:00","date_gmt":"2018-08-17T13:25:00","guid":{"rendered":"https:\/\/blog.causeur.fr\/bonnetdane\/?p=2336"},"modified":"2021-04-22T18:48:39","modified_gmt":"2021-04-22T16:48:39","slug":"arles-2018","status":"publish","type":"post","link":"https:\/\/blog.causeur.fr\/bonnetdane\/arles-2018-2336","title":{"rendered":"Arles 2018"},"content":{"rendered":"<p><a href=\"https:\/\/blog.causeur.fr\/bonnetdane\/arles-2018-002336.html\/arles-affiche\" rel=\"attachment wp-att-2343\"><img loading=\"lazy\" decoding=\"async\" class=\"aligncenter size-medium wp-image-2343\" src=\"https:\/\/blog.causeur.fr\/bonnetdane\/files\/2018\/08\/Arles-affiche-300x274.jpg\" alt=\"Arles affiche\" width=\"300\" height=\"274\" srcset=\"https:\/\/blog.causeur.fr\/bonnetdane\/wp-content\/uploads\/sites\/25\/2018\/08\/Arles-affiche-300x274.jpg 300w, https:\/\/blog.causeur.fr\/bonnetdane\/wp-content\/uploads\/sites\/25\/2018\/08\/Arles-affiche-768x700.jpg 768w, https:\/\/blog.causeur.fr\/bonnetdane\/wp-content\/uploads\/sites\/25\/2018\/08\/Arles-affiche-1024x934.jpg 1024w, https:\/\/blog.causeur.fr\/bonnetdane\/wp-content\/uploads\/sites\/25\/2018\/08\/Arles-affiche-329x300.jpg 329w, https:\/\/blog.causeur.fr\/bonnetdane\/wp-content\/uploads\/sites\/25\/2018\/08\/Arles-affiche.jpg 1054w\" sizes=\"auto, (max-width: 300px) 100vw, 300px\" \/><\/a>Petit cru cette ann\u00e9e. Oh, on trouve encore des perles, mais dans leur majorit\u00e9 les expos vues en une journ\u00e9e tr\u00e8s charg\u00e9e \u00e9taient d\u2019un int\u00e9r\u00eat mitig\u00e9.<br \/>\nDonc, si vous passez dans la ville de Fran\u00e7oise Nyssen, notre estim\u00e9 ministre de la Culture (\u00ab estim\u00e9 \u00bb se met au masculin, h\u00e9, patate ! c\u2019est une fonction, donc un neutre, pas un attribut f\u00e9minin ou masculin), sachez quoi voir. Vous \u00e9viterez comme moi de transpirer au soleil \u2014 et diable, qu\u2019il faisait chaud jeudi dernier !<\/p>\n<p>Le plus redoutable, dans cette ville aux ruelles sagement \u00e9troites, afin de conserver ce qu\u2019il se peut de fra\u00eecheur, c\u2019est la travers\u00e9e de la place de la R\u00e9publique, sur laquelle donnent la Mairie (traversez-la, la vo\u00fbte est superbe), l\u2019\u00e9glise Saint-Trophime (un saint obscur, peut-\u00eatre envoy\u00e9 pour \u00e9vang\u00e9liser la Gaule sous le r\u00e8gne de l\u2019empereur D\u00e8ce, au IIIe si\u00e8cle) et l\u2019\u00e9glise Sainte-Anne, par laquelle j\u2019ai commenc\u00e9 mon exploration photographique.<br \/>\nJonas Bendiksen (un Norv\u00e9gien, que vouliez-vous qu\u2019il f\u00fbt d\u2019autre ?) a tir\u00e9 le portrait, \u00e0 travers le monde, de sept cingl\u00e9s qui se prennent, \u00e7\u00e0 et l\u00e0, pour des r\u00e9incarnations du Christ.<a href=\"https:\/\/blog.causeur.fr\/bonnetdane\/arles-2018-002336.html\/jonas-bendiksen\" rel=\"attachment wp-att-2344\"><img loading=\"lazy\" decoding=\"async\" class=\"aligncenter size-medium wp-image-2344\" src=\"https:\/\/blog.causeur.fr\/bonnetdane\/files\/2018\/08\/Jonas-Bendiksen--300x215.jpg\" alt=\"Jonas-Bendiksen-\" width=\"300\" height=\"215\" srcset=\"https:\/\/blog.causeur.fr\/bonnetdane\/wp-content\/uploads\/sites\/25\/2018\/08\/Jonas-Bendiksen--300x215.jpg 300w, https:\/\/blog.causeur.fr\/bonnetdane\/wp-content\/uploads\/sites\/25\/2018\/08\/Jonas-Bendiksen--768x550.jpg 768w, https:\/\/blog.causeur.fr\/bonnetdane\/wp-content\/uploads\/sites\/25\/2018\/08\/Jonas-Bendiksen--1024x733.jpg 1024w, https:\/\/blog.causeur.fr\/bonnetdane\/wp-content\/uploads\/sites\/25\/2018\/08\/Jonas-Bendiksen--419x300.jpg 419w, https:\/\/blog.causeur.fr\/bonnetdane\/wp-content\/uploads\/sites\/25\/2018\/08\/Jonas-Bendiksen-.jpg 1153w\" sizes=\"auto, (max-width: 300px) 100vw, 300px\" \/><\/a>\u00a0Grand moment. Certains sont de puissants arnaqueurs, et rassemblent des milliers de fid\u00e8les. D\u2019autres sont suivis par une poign\u00e9e de disciples. Tous sont des allum\u00e9s \u2014 ou des escrocs, l\u2019appareil-photo ne fait pas la diff\u00e9rence :<a href=\"https:\/\/blog.causeur.fr\/bonnetdane\/arles-2018-002336.html\/2478_jonas-bendiksen-ne-en-1977-le-dernier-testament-2017\" rel=\"attachment wp-att-2345\"><img loading=\"lazy\" decoding=\"async\" class=\"aligncenter size-medium wp-image-2345\" src=\"https:\/\/blog.causeur.fr\/bonnetdane\/files\/2018\/08\/2478_Jonas-Bendiksen-n\u00e9-en-1977-le-Dernier-testament-2017-300x214.jpg\" alt=\"2478_Jonas-Bendiksen, n\u00e9 en 1977, le Dernier testament, 2017\" width=\"300\" height=\"214\" srcset=\"https:\/\/blog.causeur.fr\/bonnetdane\/wp-content\/uploads\/sites\/25\/2018\/08\/2478_Jonas-Bendiksen-n\u00e9-en-1977-le-Dernier-testament-2017-300x214.jpg 300w, https:\/\/blog.causeur.fr\/bonnetdane\/wp-content\/uploads\/sites\/25\/2018\/08\/2478_Jonas-Bendiksen-n\u00e9-en-1977-le-Dernier-testament-2017.jpg 416w\" sizes=\"auto, (max-width: 300px) 100vw, 300px\" \/><\/a><\/p>\n<p>Puis j\u2019ai travers\u00e9 la redoutable place \u2014 mais il n\u2019\u00e9tait pas encore dix heures, c\u2019\u00e9tait tout \u00e0 fait supportable\u2014 pour aller au Palais de l\u2019Archev\u00each\u00e9. Oubliez William Wegman, qui ne s\u2019est pas remis d\u2019avoir deux braques de Weimar et qui colle leur t\u00eate sur tous ses sujets \u2014 dans un acc\u00e8s pr\u00e9visible de mauvais go\u00fbt, c&rsquo;est donc lui que les organisateurs ont choisi pour l&rsquo;affiche de l&rsquo;ann\u00e9e. Passez directement dans le clo\u00eetre, o\u00f9 Gregor Sailer a photographi\u00e9 des \u00ab villages Potemkine \u00bb \u2014 des lieux fictifs mais qui existent quand m\u00eame, des espaces b\u00e2tis sans habitants, qui ont appartenu \u00e0 l\u2019arm\u00e9e, souvent, ou t\u00e9moignent d\u2019un cataclysme suspendu. Des merveilles dans le genre d\u00e9cor pour film de terreur fauch\u00e9 :<\/p>\n<figure id=\"attachment_2346\" aria-describedby=\"caption-attachment-2346\" style=\"width: 300px\" class=\"wp-caption aligncenter\"><a href=\"https:\/\/blog.causeur.fr\/bonnetdane\/arles-2018-002336.html\/usa-038\" rel=\"attachment wp-att-2346\"><img loading=\"lazy\" decoding=\"async\" class=\"size-medium wp-image-2346\" src=\"https:\/\/blog.causeur.fr\/bonnetdane\/files\/2018\/08\/Sailer-Tiefort-City-USA-300x189.jpg\" alt=\"usa 038\" width=\"300\" height=\"189\" srcset=\"https:\/\/blog.causeur.fr\/bonnetdane\/wp-content\/uploads\/sites\/25\/2018\/08\/Sailer-Tiefort-City-USA-300x189.jpg 300w, https:\/\/blog.causeur.fr\/bonnetdane\/wp-content\/uploads\/sites\/25\/2018\/08\/Sailer-Tiefort-City-USA-768x484.jpg 768w, https:\/\/blog.causeur.fr\/bonnetdane\/wp-content\/uploads\/sites\/25\/2018\/08\/Sailer-Tiefort-City-USA-1024x645.jpg 1024w, https:\/\/blog.causeur.fr\/bonnetdane\/wp-content\/uploads\/sites\/25\/2018\/08\/Sailer-Tiefort-City-USA-476x300.jpg 476w, https:\/\/blog.causeur.fr\/bonnetdane\/wp-content\/uploads\/sites\/25\/2018\/08\/Sailer-Tiefort-City-USA.jpg 1772w\" sizes=\"auto, (max-width: 300px) 100vw, 300px\" \/><\/a><figcaption id=\"caption-attachment-2346\" class=\"wp-caption-text\">usa 038<\/figcaption><\/figure>\n<figure id=\"attachment_2347\" aria-describedby=\"caption-attachment-2347\" style=\"width: 300px\" class=\"wp-caption aligncenter\"><a href=\"https:\/\/blog.causeur.fr\/bonnetdane\/arles-2018-002336.html\/usa-028\" rel=\"attachment wp-att-2347\"><img loading=\"lazy\" decoding=\"async\" class=\"size-medium wp-image-2347\" src=\"https:\/\/blog.causeur.fr\/bonnetdane\/files\/2018\/08\/Sailer-USA-Junction-City-300x241.jpg\" alt=\"usa 028\" width=\"300\" height=\"241\" srcset=\"https:\/\/blog.causeur.fr\/bonnetdane\/wp-content\/uploads\/sites\/25\/2018\/08\/Sailer-USA-Junction-City-300x241.jpg 300w, https:\/\/blog.causeur.fr\/bonnetdane\/wp-content\/uploads\/sites\/25\/2018\/08\/Sailer-USA-Junction-City-768x616.jpg 768w, https:\/\/blog.causeur.fr\/bonnetdane\/wp-content\/uploads\/sites\/25\/2018\/08\/Sailer-USA-Junction-City-1024x821.jpg 1024w, https:\/\/blog.causeur.fr\/bonnetdane\/wp-content\/uploads\/sites\/25\/2018\/08\/Sailer-USA-Junction-City-374x300.jpg 374w, https:\/\/blog.causeur.fr\/bonnetdane\/wp-content\/uploads\/sites\/25\/2018\/08\/Sailer-USA-Junction-City.jpg 1772w\" sizes=\"auto, (max-width: 300px) 100vw, 300px\" \/><\/a><figcaption id=\"caption-attachment-2347\" class=\"wp-caption-text\">usa 028<\/figcaption><\/figure>\n<p>Puis en ressortant, partez \u00e0 droite, direction rue de la Calade (derri\u00e8re la mairie). \u00c0 droite, \u00e0 la Fondation Manuel Rivera-Ortiz, une exposition dispensable consacr\u00e9e \u00e0 tous les r\u00e9fugi\u00e9s du temps, dans un d\u00e9cor de gilets de sauvetage accroch\u00e9s en guirlandes. \u00c0 sauver cinq tr\u00e8s belles photos de Samit Tlatli, intitul\u00e9 \u00ab Pr\u00e9fecture \u00bb \u2014 cinq clich\u00e9s pens\u00e9s sans doute en faisant la queue au bureau des naturalisations. Par exemple :<a href=\"https:\/\/blog.causeur.fr\/bonnetdane\/arles-2018-002336.html\/samit-tlatli-prefecture-armure-2017\" rel=\"attachment wp-att-2348\"><img loading=\"lazy\" decoding=\"async\" class=\"aligncenter size-medium wp-image-2348\" src=\"https:\/\/blog.causeur.fr\/bonnetdane\/files\/2018\/08\/Samit-Tlatli-Pr\u00e9fecture-22Armure22-2017-201x300.png\" alt=\"Samit Tlatli, Pr\u00e9fecture, Armure, 2017\" width=\"201\" height=\"300\" srcset=\"https:\/\/blog.causeur.fr\/bonnetdane\/wp-content\/uploads\/sites\/25\/2018\/08\/Samit-Tlatli-Pr\u00e9fecture-22Armure22-2017-201x300.png 201w, https:\/\/blog.causeur.fr\/bonnetdane\/wp-content\/uploads\/sites\/25\/2018\/08\/Samit-Tlatli-Pr\u00e9fecture-22Armure22-2017.png 446w\" sizes=\"auto, (max-width: 201px) 100vw, 201px\" \/><\/a><\/p>\n<div id=\"ligne\"><\/div>\n<p>Descendez de vingt m\u00e8tres, au coin de la rue dans la salle Henri-Comte, une expo splendide de Ren\u00e9 Burri (rappelez-vous, Burri est l\u2019homme qui a photographi\u00e9 le Che accroch\u00e9 \u00e0 son barreau de chaise). Burri toute sa vie a \u00e9t\u00e9 obs\u00e9d\u00e9 par la pyramide de Saqqara<a href=\"https:\/\/blog.causeur.fr\/bonnetdane\/arles-2018-002336.html\/burri-saqqara-1962\" rel=\"attachment wp-att-2349\"><img loading=\"lazy\" decoding=\"async\" class=\"aligncenter size-medium wp-image-2349\" src=\"https:\/\/blog.causeur.fr\/bonnetdane\/files\/2018\/08\/Burri-saqqara-1962-300x208.jpg\" alt=\"Burri saqqara 1962\" width=\"300\" height=\"208\" srcset=\"https:\/\/blog.causeur.fr\/bonnetdane\/wp-content\/uploads\/sites\/25\/2018\/08\/Burri-saqqara-1962-300x208.jpg 300w, https:\/\/blog.causeur.fr\/bonnetdane\/wp-content\/uploads\/sites\/25\/2018\/08\/Burri-saqqara-1962-768x532.jpg 768w, https:\/\/blog.causeur.fr\/bonnetdane\/wp-content\/uploads\/sites\/25\/2018\/08\/Burri-saqqara-1962-1024x709.jpg 1024w, https:\/\/blog.causeur.fr\/bonnetdane\/wp-content\/uploads\/sites\/25\/2018\/08\/Burri-saqqara-1962-433x300.jpg 433w, https:\/\/blog.causeur.fr\/bonnetdane\/wp-content\/uploads\/sites\/25\/2018\/08\/Burri-saqqara-1962.jpg 1300w\" sizes=\"auto, (max-width: 300px) 100vw, 300px\" \/><\/a><\/p>\n<p>ce qui l\u2019a amen\u00e9 \u00e0 voir toute sa vie des triangles et des c\u00f4nes un peu partout \u2014 par exemple dans les rues de Tokyo :<a href=\"https:\/\/blog.causeur.fr\/bonnetdane\/arles-2018-002336.html\/rene-burri-tokyo-japon-1980-les-pyramides-imaginaires-aux-renconres-arles-2018\" rel=\"attachment wp-att-2350\"><img loading=\"lazy\" decoding=\"async\" class=\"aligncenter size-medium wp-image-2350\" src=\"https:\/\/blog.causeur.fr\/bonnetdane\/files\/2018\/08\/Ren\u00e9-Burri-Tokyo-Japon-1980-Les-pyramides-imaginaires-aux-Renconres-Arles-2018-300x223.jpg\" alt=\"Ren\u00e9-Burri-Tokyo-Japon-1980-Les-pyramides-imaginaires-aux-Renconres-Arles-2018\" width=\"300\" height=\"223\" srcset=\"https:\/\/blog.causeur.fr\/bonnetdane\/wp-content\/uploads\/sites\/25\/2018\/08\/Ren\u00e9-Burri-Tokyo-Japon-1980-Les-pyramides-imaginaires-aux-Renconres-Arles-2018-300x223.jpg 300w, https:\/\/blog.causeur.fr\/bonnetdane\/wp-content\/uploads\/sites\/25\/2018\/08\/Ren\u00e9-Burri-Tokyo-Japon-1980-Les-pyramides-imaginaires-aux-Renconres-Arles-2018-768x571.jpg 768w, https:\/\/blog.causeur.fr\/bonnetdane\/wp-content\/uploads\/sites\/25\/2018\/08\/Ren\u00e9-Burri-Tokyo-Japon-1980-Les-pyramides-imaginaires-aux-Renconres-Arles-2018-1024x761.jpg 1024w, https:\/\/blog.causeur.fr\/bonnetdane\/wp-content\/uploads\/sites\/25\/2018\/08\/Ren\u00e9-Burri-Tokyo-Japon-1980-Les-pyramides-imaginaires-aux-Renconres-Arles-2018-404x300.jpg 404w, https:\/\/blog.causeur.fr\/bonnetdane\/wp-content\/uploads\/sites\/25\/2018\/08\/Ren\u00e9-Burri-Tokyo-Japon-1980-Les-pyramides-imaginaires-aux-Renconres-Arles-2018.jpg 1068w\" sizes=\"auto, (max-width: 300px) 100vw, 300px\" \/><\/a><\/p>\n<p>Descendez encore, tout droit jusqu\u2019au mus\u00e9e R\u00e9attu. En dehors des toiles historiques dudit mus\u00e9e, cet h\u00f4tel particulier abrite une expo de V\u00e9ronique Ellena, d\u2019un inint\u00e9r\u00eat massif, et de vieilles photos d\u2019Alfred Latour (1888-1964), l\u2019un des noms affili\u00e9s \u00e0 ce que l\u2019on appelle la \u00ab photographie humaniste \u00ab (Doisneau, Willy Ronis, etc.). Mais justement, autant se rappeler Doisneau, Ronis et surtout etc., auteur souvent cit\u00e9 d\u2019\u0153uvres essentielles.<br \/>\nMais juste en face du R\u00e9attu, dans la Commanderie Sainte-Luce, Laura Henno expose ses images d\u2019une Am\u00e9rique oubli\u00e9e, des bouts d\u2019humanit\u00e9 dans un recoin perdu, sans adresse, ni boulot, avec leur fr\u00e8re pr\u00eacheur<a href=\"https:\/\/blog.causeur.fr\/bonnetdane\/arles-2018-002336.html\/news\" rel=\"attachment wp-att-2351\"><img loading=\"lazy\" decoding=\"async\" class=\"aligncenter size-medium wp-image-2351\" src=\"https:\/\/blog.causeur.fr\/bonnetdane\/files\/2018\/08\/news-300x257.jpg\" alt=\"news\" width=\"300\" height=\"257\" srcset=\"https:\/\/blog.causeur.fr\/bonnetdane\/wp-content\/uploads\/sites\/25\/2018\/08\/news-300x257.jpg 300w, https:\/\/blog.causeur.fr\/bonnetdane\/wp-content\/uploads\/sites\/25\/2018\/08\/news-768x658.jpg 768w, https:\/\/blog.causeur.fr\/bonnetdane\/wp-content\/uploads\/sites\/25\/2018\/08\/news-350x300.jpg 350w, https:\/\/blog.causeur.fr\/bonnetdane\/wp-content\/uploads\/sites\/25\/2018\/08\/news.jpg 1000w\" sizes=\"auto, (max-width: 300px) 100vw, 300px\" \/><\/a>\u00a0et leurs enfants quasi sauvages.<a href=\"https:\/\/blog.causeur.fr\/bonnetdane\/arles-2018-002336.html\/laura-henno-redemption-2017\" rel=\"attachment wp-att-2352\"><img loading=\"lazy\" decoding=\"async\" class=\"aligncenter size-medium wp-image-2352\" src=\"https:\/\/blog.causeur.fr\/bonnetdane\/files\/2018\/08\/Laura-Henno-Redemption-2017-300x247.gif\" alt=\"Laura Henno Redemption 2017\" width=\"300\" height=\"247\" srcset=\"https:\/\/blog.causeur.fr\/bonnetdane\/wp-content\/uploads\/sites\/25\/2018\/08\/Laura-Henno-Redemption-2017-300x247.gif 300w, https:\/\/blog.causeur.fr\/bonnetdane\/wp-content\/uploads\/sites\/25\/2018\/08\/Laura-Henno-Redemption-2017-365x300.gif 365w\" sizes=\"auto, (max-width: 300px) 100vw, 300px\" \/><\/a><\/p>\n<p>On contourne les Thermes, on se rend \u00e0 l\u2019\u00e9glise des Fr\u00e8res Pr\u00eacheurs o\u00f9, rappelez-vous, <a href=\"http:\/\/blog.causeur.fr\/bonnetdane\/mots-cles\/rencontres-photographiques-darles\">j\u2019avais admir\u00e9 l\u2019ann\u00e9e derni\u00e8re les \u00ab Pulsions urbaines \u00bb de Micha\u00ebl Wolf<\/a>. Rien de tel cette ann\u00e9e. Les visions am\u00e9ricaines de Paul Graham sont d\u2019une banalit\u00e9 \u00e0 pleurer \u2014 vues mille fois, vous avez ramen\u00e9 les m\u00eames de votre dernier voyage chez les Rednecks. Passons.<br \/>\nJ\u2019ai fait un tour par la Chapelle Saint-Martin du M\u00e9jean, tout \u00e0 c\u00f4t\u00e9 de la librairie Actes Sud. Une bonne id\u00e9e : Taysir Batniji, un Gazaoui exil\u00e9 aux Etats-Unis, y expose des photos tr\u00e8s significatives \u2014 la solitude d\u2019un fauteuil \u00e0 deux pas de la mer,<a href=\"https:\/\/blog.causeur.fr\/bonnetdane\/arles-2018-002336.html\/taysir-batniji\" rel=\"attachment wp-att-2353\"><img loading=\"lazy\" decoding=\"async\" class=\"aligncenter size-medium wp-image-2353\" src=\"https:\/\/blog.causeur.fr\/bonnetdane\/files\/2018\/08\/Taysir-Batniji-300x200.jpg\" alt=\"Taysir Batniji\" width=\"300\" height=\"200\" srcset=\"https:\/\/blog.causeur.fr\/bonnetdane\/wp-content\/uploads\/sites\/25\/2018\/08\/Taysir-Batniji-300x200.jpg 300w, https:\/\/blog.causeur.fr\/bonnetdane\/wp-content\/uploads\/sites\/25\/2018\/08\/Taysir-Batniji-768x512.jpg 768w, https:\/\/blog.causeur.fr\/bonnetdane\/wp-content\/uploads\/sites\/25\/2018\/08\/Taysir-Batniji-1024x683.jpg 1024w, https:\/\/blog.causeur.fr\/bonnetdane\/wp-content\/uploads\/sites\/25\/2018\/08\/Taysir-Batniji-450x300.jpg 450w, https:\/\/blog.causeur.fr\/bonnetdane\/wp-content\/uploads\/sites\/25\/2018\/08\/Taysir-Batniji.jpg 1200w\" sizes=\"auto, (max-width: 300px) 100vw, 300px\" \/><\/a> ou, vu de loin, un mur entier de ce qui para\u00eet \u00eatre des petites annonces immobili\u00e8res,<a href=\"https:\/\/blog.causeur.fr\/bonnetdane\/arles-2018-002336.html\/taysir-batniji-ne-en-1966-gaza-houses-2008-2009\" rel=\"attachment wp-att-2354\"><img loading=\"lazy\" decoding=\"async\" class=\"aligncenter size-medium wp-image-2354\" src=\"https:\/\/blog.causeur.fr\/bonnetdane\/files\/2018\/08\/Taysir-Batniji-n\u00e9-en-1966-Gaza-Houses-2008-2009-300x200.jpg\" alt=\"Taysir Batniji, n\u00e9 en 1966, Gaza Houses, 2008-2009\" width=\"300\" height=\"200\" srcset=\"https:\/\/blog.causeur.fr\/bonnetdane\/wp-content\/uploads\/sites\/25\/2018\/08\/Taysir-Batniji-n\u00e9-en-1966-Gaza-Houses-2008-2009-300x200.jpg 300w, https:\/\/blog.causeur.fr\/bonnetdane\/wp-content\/uploads\/sites\/25\/2018\/08\/Taysir-Batniji-n\u00e9-en-1966-Gaza-Houses-2008-2009-450x300.jpg 450w, https:\/\/blog.causeur.fr\/bonnetdane\/wp-content\/uploads\/sites\/25\/2018\/08\/Taysir-Batniji-n\u00e9-en-1966-Gaza-Houses-2008-2009.jpg 600w\" sizes=\"auto, (max-width: 300px) 100vw, 300px\" \/><\/a>\u00a0et, de pr\u00e8s, se r\u00e9v\u00e8le \u00eatre une succession de maisons d\u00e9truites au cours de l\u2019op\u00e9ration Plomb durci, en 2008 :<a href=\"https:\/\/blog.causeur.fr\/bonnetdane\/arles-2018-002336.html\/img_20180816_120252\" rel=\"attachment wp-att-2355\"><img loading=\"lazy\" decoding=\"async\" class=\"aligncenter size-medium wp-image-2355\" src=\"https:\/\/blog.causeur.fr\/bonnetdane\/files\/2018\/08\/IMG_20180816_120252-300x151.jpg\" alt=\"IMG_20180816_120252\" width=\"300\" height=\"151\" srcset=\"https:\/\/blog.causeur.fr\/bonnetdane\/wp-content\/uploads\/sites\/25\/2018\/08\/IMG_20180816_120252-300x151.jpg 300w, https:\/\/blog.causeur.fr\/bonnetdane\/wp-content\/uploads\/sites\/25\/2018\/08\/IMG_20180816_120252-768x387.jpg 768w, https:\/\/blog.causeur.fr\/bonnetdane\/wp-content\/uploads\/sites\/25\/2018\/08\/IMG_20180816_120252-1024x516.jpg 1024w, https:\/\/blog.causeur.fr\/bonnetdane\/wp-content\/uploads\/sites\/25\/2018\/08\/IMG_20180816_120252-500x252.jpg 500w\" sizes=\"auto, (max-width: 300px) 100vw, 300px\" \/><\/a>\u00a0Ce ne sont pas de grandes photos, mais c\u2019est une remarquable id\u00e9e \u2014 dans le genre conceptuel.<\/p>\n<p>Pour se remettre de ce d\u00e9luge d\u2019humanit\u00e9, allons d\u00e9jeuner de l\u2019autre c\u00f4t\u00e9 du Pont de Trinquetaille, au Saint-Pierre \u2014 assez bon et pas cher, moins frelat\u00e9 que les gargotes \u00e0 touristes de la Place du Forum\u2026<a href=\"https:\/\/blog.causeur.fr\/bonnetdane\/arles-2018-002336.html\/img_20180816_131741\" rel=\"attachment wp-att-2363\"><img loading=\"lazy\" decoding=\"async\" class=\"aligncenter size-medium wp-image-2363\" src=\"https:\/\/blog.causeur.fr\/bonnetdane\/files\/2018\/08\/IMG_20180816_131741-300x81.jpg\" alt=\"IMG_20180816_131741\" width=\"300\" height=\"81\" srcset=\"https:\/\/blog.causeur.fr\/bonnetdane\/wp-content\/uploads\/sites\/25\/2018\/08\/IMG_20180816_131741-300x81.jpg 300w, https:\/\/blog.causeur.fr\/bonnetdane\/wp-content\/uploads\/sites\/25\/2018\/08\/IMG_20180816_131741-768x208.jpg 768w, https:\/\/blog.causeur.fr\/bonnetdane\/wp-content\/uploads\/sites\/25\/2018\/08\/IMG_20180816_131741-1024x278.jpg 1024w, https:\/\/blog.causeur.fr\/bonnetdane\/wp-content\/uploads\/sites\/25\/2018\/08\/IMG_20180816_131741-500x136.jpg 500w\" sizes=\"auto, (max-width: 300px) 100vw, 300px\" \/><\/a><\/p>\n<p>Evidemment la travers\u00e9e en sens inverse du m\u00eame pont, vers 14h, c\u2019est le d\u00e9sert de Gobi au mois d\u2019ao\u00fbt. Vous vous surprenez \u00e0 r\u00e9citer Ch\u00e2teaubriand, \u00ab Levez-vous, orages d\u00e9sir\u00e9s\u2026 \u00bb Orage, \u00f4 d\u00e9sespoir ! Tu parles ! Soleil de plomb \u00e0 l\u2019heure de la sieste\u2026<a href=\"https:\/\/blog.causeur.fr\/bonnetdane\/arles-2018-002336.html\/img_20180816_131741\" rel=\"attachment wp-att-2363\"><img loading=\"lazy\" decoding=\"async\" class=\"aligncenter size-medium wp-image-2363\" src=\"https:\/\/blog.causeur.fr\/bonnetdane\/files\/2018\/08\/IMG_20180816_131741-300x81.jpg\" alt=\"IMG_20180816_131741\" width=\"300\" height=\"81\" srcset=\"https:\/\/blog.causeur.fr\/bonnetdane\/wp-content\/uploads\/sites\/25\/2018\/08\/IMG_20180816_131741-300x81.jpg 300w, https:\/\/blog.causeur.fr\/bonnetdane\/wp-content\/uploads\/sites\/25\/2018\/08\/IMG_20180816_131741-768x208.jpg 768w, https:\/\/blog.causeur.fr\/bonnetdane\/wp-content\/uploads\/sites\/25\/2018\/08\/IMG_20180816_131741-1024x278.jpg 1024w, https:\/\/blog.causeur.fr\/bonnetdane\/wp-content\/uploads\/sites\/25\/2018\/08\/IMG_20180816_131741-500x136.jpg 500w\" sizes=\"auto, (max-width: 300px) 100vw, 300px\" \/><\/a><\/p>\n<p>Je suis all\u00e9 m\u2019abriter \u00e0 la Fondation Van Gogh, un peu de peinture me distrairait de toutes ces images argentiques. Belle expo intitul\u00e9e \u00ab Soleil chaud, soleil tardif \u00bb. Des toiles vives d\u2019Adolphe Monticelli, quelques Van Gogh tout \u00e0 fait int\u00e9ressant \u2014 une Vanit\u00e9 que j\u2019ignorais, entre autre \u2014 bel exemple d\u2019auto-portrait par anticipation,<a href=\"https:\/\/blog.causeur.fr\/bonnetdane\/arles-2018-002336.html\/vangogh-crane-1887\" rel=\"attachment wp-att-2356\"><img loading=\"lazy\" decoding=\"async\" class=\"aligncenter size-medium wp-image-2356\" src=\"https:\/\/blog.causeur.fr\/bonnetdane\/files\/2018\/08\/VanGogh-Cr\u00e2ne-1887-217x300.jpg\" alt=\"VanGogh, Cr\u00e2ne 1887\" width=\"217\" height=\"300\" srcset=\"https:\/\/blog.causeur.fr\/bonnetdane\/wp-content\/uploads\/sites\/25\/2018\/08\/VanGogh-Cr\u00e2ne-1887-217x300.jpg 217w, https:\/\/blog.causeur.fr\/bonnetdane\/wp-content\/uploads\/sites\/25\/2018\/08\/VanGogh-Cr\u00e2ne-1887.jpg 433w\" sizes=\"auto, (max-width: 217px) 100vw, 217px\" \/><\/a>\u00a0et une exposition Paul Nash dont je n\u2019ai retenu qu\u2019une <em>Mer en hiver<\/em>, peinte dans le village o\u00f9 Nash se reposait des gaz inhal\u00e9s \u00e0 Ypres en 1917. Ou comment un paysage tirant vers le cubisme traduit un \u00e9tat d\u2019\u00e2me \u00e9videmment \u00e9panoui :<a href=\"https:\/\/blog.causeur.fr\/bonnetdane\/arles-2018-002336.html\/nash-winter-sea\" rel=\"attachment wp-att-2357\"><img loading=\"lazy\" decoding=\"async\" class=\"aligncenter size-medium wp-image-2357\" src=\"https:\/\/blog.causeur.fr\/bonnetdane\/files\/2018\/08\/Nash-Winter-Sea--300x224.jpg\" alt=\"Nash Winter Sea,\" width=\"300\" height=\"224\" srcset=\"https:\/\/blog.causeur.fr\/bonnetdane\/wp-content\/uploads\/sites\/25\/2018\/08\/Nash-Winter-Sea--300x224.jpg 300w, https:\/\/blog.causeur.fr\/bonnetdane\/wp-content\/uploads\/sites\/25\/2018\/08\/Nash-Winter-Sea--402x300.jpg 402w, https:\/\/blog.causeur.fr\/bonnetdane\/wp-content\/uploads\/sites\/25\/2018\/08\/Nash-Winter-Sea-.jpg 701w\" sizes=\"auto, (max-width: 300px) 100vw, 300px\" \/><\/a><\/p>\n<p>Oubliez l\u2019Eglise des Trinitaires, et passez directement \u00e0 l\u2019Espace Van Gogh, \u00e0 cent m\u00e8tres. L\u00e0, il y a des merveilles \u2014 de remarquables photos de Robert Franck, l\u2019homme qui publia en 1958 un recueil intitul\u00e9 <em>les Am\u00e9ricains<\/em> avec une pr\u00e9face de Jack Kerouac \u2014 des photos terribles d\u2019un pays terrifiant.<a href=\"https:\/\/blog.causeur.fr\/bonnetdane\/arles-2018-002336.html\/robert-franck-ne-en-1924-trolleybus-new-orleans-1955-in-the-americans-1958\" rel=\"attachment wp-att-2358\"><img loading=\"lazy\" decoding=\"async\" class=\"aligncenter size-medium wp-image-2358\" src=\"https:\/\/blog.causeur.fr\/bonnetdane\/files\/2018\/08\/Robert-Franck-n\u00e9-en-1924-Trolleybus-New-Orleans-1955-in-The-Americans-1958-300x195.jpg\" alt=\"Robert Franck (n\u00e9 en 1924), Trolleybus, New Orleans, 1955 in The Americans, 1958\" width=\"300\" height=\"195\" srcset=\"https:\/\/blog.causeur.fr\/bonnetdane\/wp-content\/uploads\/sites\/25\/2018\/08\/Robert-Franck-n\u00e9-en-1924-Trolleybus-New-Orleans-1955-in-The-Americans-1958-300x195.jpg 300w, https:\/\/blog.causeur.fr\/bonnetdane\/wp-content\/uploads\/sites\/25\/2018\/08\/Robert-Franck-n\u00e9-en-1924-Trolleybus-New-Orleans-1955-in-The-Americans-1958-768x500.jpg 768w, https:\/\/blog.causeur.fr\/bonnetdane\/wp-content\/uploads\/sites\/25\/2018\/08\/Robert-Franck-n\u00e9-en-1924-Trolleybus-New-Orleans-1955-in-The-Americans-1958-1024x666.jpg 1024w, https:\/\/blog.causeur.fr\/bonnetdane\/wp-content\/uploads\/sites\/25\/2018\/08\/Robert-Franck-n\u00e9-en-1924-Trolleybus-New-Orleans-1955-in-The-Americans-1958-461x300.jpg 461w, https:\/\/blog.causeur.fr\/bonnetdane\/wp-content\/uploads\/sites\/25\/2018\/08\/Robert-Franck-n\u00e9-en-1924-Trolleybus-New-Orleans-1955-in-The-Americans-1958.jpg 1417w\" sizes=\"auto, (max-width: 300px) 100vw, 300px\" \/><\/a><\/p>\n<p>Et \u00e0 l\u2019\u00e9tage, les m\u00eames, quinze ans plus tard, dues \u00e0 Raymond Depardon, qui est vraiment aussi grand photographe que documentariste.<a href=\"https:\/\/blog.causeur.fr\/bonnetdane\/arles-2018-002336.html\/depardon\" rel=\"attachment wp-att-2359\"><img loading=\"lazy\" decoding=\"async\" class=\"aligncenter size-medium wp-image-2359\" src=\"https:\/\/blog.causeur.fr\/bonnetdane\/files\/2018\/08\/depardon-300x209.jpg\" alt=\"depardon\" width=\"300\" height=\"209\" srcset=\"https:\/\/blog.causeur.fr\/bonnetdane\/wp-content\/uploads\/sites\/25\/2018\/08\/depardon-300x209.jpg 300w, https:\/\/blog.causeur.fr\/bonnetdane\/wp-content\/uploads\/sites\/25\/2018\/08\/depardon-768x536.jpg 768w, https:\/\/blog.causeur.fr\/bonnetdane\/wp-content\/uploads\/sites\/25\/2018\/08\/depardon-430x300.jpg 430w, https:\/\/blog.causeur.fr\/bonnetdane\/wp-content\/uploads\/sites\/25\/2018\/08\/depardon.jpg 800w\" sizes=\"auto, (max-width: 300px) 100vw, 300px\" \/><\/a><\/p>\n<p>Restait la travers\u00e9e du d\u00e9sert \u2014 \u00e0 nouveau la place de la R\u00e9publique, les ar\u00e8nes, pour arriver boulevard Emile Combes. \u00c0 la Maison des Peintres, rien \u2014 mais alors, rien. Un vide pr\u00e9tentieux. Il y en a qui s\u2019imaginent que la possession d\u2019un appareil-photo les rend photographes. Oseraient-ils se pr\u00e9tendre peintres parce qu\u2019ils se seraient achet\u00e9 une palette ? Ou \u00e9crivains d\u00e8s leur premier stylo ? La photo est un art aussi difficile que les autres \u2014 mais \u00e0 la port\u00e9e des caniches, c\u2019est bien le probl\u00e8me.<\/p>\n<p>Remontez le boulevard. Juste avant d\u2019arriver au croisement avec le boulevard des Lices se tient l\u2019espace Croisi\u00e8re, presque enti\u00e8rement consacr\u00e9 cette ann\u00e9e \u00e0 1968 dans tous ses \u00e9tats \u2014 aussi bien les affiches s\u00e9rigraphies des Beaux-arts que les photos de manif maintes fois vues et revues, celles de Gilles Caron par exemple \u2014 un gar\u00e7on trop t\u00f4t disparu dans une rizi\u00e8re cambodgienne :<\/p>\n<figure id=\"attachment_2360\" aria-describedby=\"caption-attachment-2360\" style=\"width: 203px\" class=\"wp-caption aligncenter\"><a href=\"https:\/\/blog.causeur.fr\/bonnetdane\/arles-2018-002336.html\/the-1968-may-events-riot-on-the-rue-saint-jacques-paris-france-may-6-1968\" rel=\"attachment wp-att-2360\"><img loading=\"lazy\" decoding=\"async\" class=\"size-medium wp-image-2360\" src=\"https:\/\/blog.causeur.fr\/bonnetdane\/files\/2018\/08\/Gilles-Caron-Mai68-01-1-203x300.jpg\" alt=\"The 1968 May Events, riot on the rue Saint Jacques, Paris, France, May 6, 1968\" width=\"203\" height=\"300\" srcset=\"https:\/\/blog.causeur.fr\/bonnetdane\/wp-content\/uploads\/sites\/25\/2018\/08\/Gilles-Caron-Mai68-01-1-203x300.jpg 203w, https:\/\/blog.causeur.fr\/bonnetdane\/wp-content\/uploads\/sites\/25\/2018\/08\/Gilles-Caron-Mai68-01-1.jpg 661w\" sizes=\"auto, (max-width: 203px) 100vw, 203px\" \/><\/a><figcaption id=\"caption-attachment-2360\" class=\"wp-caption-text\">The 1968 May Events, riot on the rue Saint Jacques, Paris, France, May 6, 1968<\/figcaption><\/figure>\n<p>Il ne me restait plus qu\u2019\u00e0 redescendre sur la droite. A gauche, dans la Maison des Lices, de belles photos de Feng Li, un photographe chinois capable de saisir des instants suspendues \u2014et probl\u00e9matiques \u2014 rassembl\u00e9es depuis dix ans sous un\u00a0titre unique, \u00ab\u00a0Nuits blanches\u00a0\u00bb :<a href=\"https:\/\/blog.causeur.fr\/bonnetdane\/arles-2018-002336.html\/feng-li-ne-en-1971\" rel=\"attachment wp-att-2361\"><img loading=\"lazy\" decoding=\"async\" class=\"aligncenter size-medium wp-image-2361\" src=\"https:\/\/blog.causeur.fr\/bonnetdane\/files\/2018\/08\/Feng-Li-n\u00e9-en-1971-200x300.png\" alt=\"Feng Li, n\u00e9 en 1971\" width=\"200\" height=\"300\" srcset=\"https:\/\/blog.causeur.fr\/bonnetdane\/wp-content\/uploads\/sites\/25\/2018\/08\/Feng-Li-n\u00e9-en-1971-200x300.png 200w, https:\/\/blog.causeur.fr\/bonnetdane\/wp-content\/uploads\/sites\/25\/2018\/08\/Feng-Li-n\u00e9-en-1971.png 450w\" sizes=\"auto, (max-width: 200px) 100vw, 200px\" \/><\/a><a href=\"https:\/\/blog.causeur.fr\/bonnetdane\/arles-2018-002336.html\/fengli-white-night-28-683x1024\" rel=\"attachment wp-att-2362\"><img loading=\"lazy\" decoding=\"async\" class=\"aligncenter size-medium wp-image-2362\" src=\"https:\/\/blog.causeur.fr\/bonnetdane\/files\/2018\/08\/Fengli-White-Night-28-683x1024-200x300.jpg\" alt=\"Fengli-White-Night-28-683x1024\" width=\"200\" height=\"300\" srcset=\"https:\/\/blog.causeur.fr\/bonnetdane\/wp-content\/uploads\/sites\/25\/2018\/08\/Fengli-White-Night-28-683x1024-200x300.jpg 200w, https:\/\/blog.causeur.fr\/bonnetdane\/wp-content\/uploads\/sites\/25\/2018\/08\/Fengli-White-Night-28-683x1024.jpg 683w\" sizes=\"auto, (max-width: 200px) 100vw, 200px\" \/><\/a>\u00a0Et un peu plus bas, comme d\u2019habitude, dans ce lieu magnifique qu\u2019est la Chapelle de la Charit\u00e9, rien \u2014 mais alors, rien. Ou moins que rien, Pasha Rafyi et Laurianne Bixhain.<\/p>\n<p>Il \u00e9tait temps. Il faisait soif, il \u00e9tait pr\u00e8s de seize heures, l\u2019heure de rentrer en essayant de ne pas se br\u00fbler les doigts sur le volant : les parkings arl\u00e9siens sont ing\u00e9nieusement orient\u00e9s plein soleil, afin que vous emportiez en souvenir quelques cloques artistiques \u2014 mais dont vous ne profitez\u00a0pas quand vous avez, comme moi, la chance d&rsquo;avoir un chauffeur\u2026<\/p>\n<p>Jean-Paul Brighelli<\/p>\n","protected":false},"excerpt":{"rendered":"<p>Petit cru cette ann\u00e9e. Oh, on trouve encore des perles, mais dans leur majorit\u00e9 les expos vues en une journ\u00e9e tr\u00e8s charg\u00e9e \u00e9taient d\u2019un int\u00e9r\u00eat mitig\u00e9. Donc, si vous passez dans la ville de Fran\u00e7oise Nyssen, notre estim\u00e9 ministre de la Culture (\u00ab estim\u00e9 \u00bb se met au masculin, h\u00e9, patate ! c\u2019est une fonction, [&hellip;]<\/p>\n","protected":false},"author":6,"featured_media":0,"comment_status":"open","ping_status":"open","sticky":false,"template":"","format":"standard","meta":{"footnotes":""},"categories":[1],"tags":[1543,1538,1542,1533,1532,1536,1539,1541,1258,1535,1540,1534,1537],"class_list":{"0":"post-2336","1":"post","2":"type-post","3":"status-publish","4":"format-standard","6":"category-non-classe","7":"tag-feng-li","8":"tag-fondation-van-gogh","9":"tag-gilles-caron","10":"tag-gregor-sailer","11":"tag-jonas-bendiksen","12":"tag-laura-henno","13":"tag-paul-nash","14":"tag-raymond-depardon","15":"tag-rencontres-photographiques-darles","16":"tag-rene-burri","17":"tag-robert-franck","18":"tag-samit-tlatli","19":"tag-taysir-batniji"},"_links":{"self":[{"href":"https:\/\/blog.causeur.fr\/bonnetdane\/wp-json\/wp\/v2\/posts\/2336","targetHints":{"allow":["GET"]}}],"collection":[{"href":"https:\/\/blog.causeur.fr\/bonnetdane\/wp-json\/wp\/v2\/posts"}],"about":[{"href":"https:\/\/blog.causeur.fr\/bonnetdane\/wp-json\/wp\/v2\/types\/post"}],"author":[{"embeddable":true,"href":"https:\/\/blog.causeur.fr\/bonnetdane\/wp-json\/wp\/v2\/users\/6"}],"replies":[{"embeddable":true,"href":"https:\/\/blog.causeur.fr\/bonnetdane\/wp-json\/wp\/v2\/comments?post=2336"}],"version-history":[{"count":0,"href":"https:\/\/blog.causeur.fr\/bonnetdane\/wp-json\/wp\/v2\/posts\/2336\/revisions"}],"wp:attachment":[{"href":"https:\/\/blog.causeur.fr\/bonnetdane\/wp-json\/wp\/v2\/media?parent=2336"}],"wp:term":[{"taxonomy":"category","embeddable":true,"href":"https:\/\/blog.causeur.fr\/bonnetdane\/wp-json\/wp\/v2\/categories?post=2336"},{"taxonomy":"post_tag","embeddable":true,"href":"https:\/\/blog.causeur.fr\/bonnetdane\/wp-json\/wp\/v2\/tags?post=2336"}],"curies":[{"name":"wp","href":"https:\/\/api.w.org\/{rel}","templated":true}]}}