{"id":2385,"date":"2018-09-15T06:38:29","date_gmt":"2018-09-15T04:38:29","guid":{"rendered":"https:\/\/blog.causeur.fr\/bonnetdane\/?p=2385"},"modified":"2021-04-22T18:48:39","modified_gmt":"2021-04-22T16:48:39","slug":"le-pays-des-pasteques-au-temps-du-cholera","status":"publish","type":"post","link":"https:\/\/blog.causeur.fr\/bonnetdane\/le-pays-des-pasteques-au-temps-du-cholera-2385","title":{"rendered":"Le pays des past\u00e8ques au temps du chol\u00e9ra"},"content":{"rendered":"<p>Depuis quelques jours un avis a \u00e9t\u00e9 placard\u00e9 dans la salle des profs de tous les lyc\u00e9es de Marseille :<a href=\"https:\/\/blog.causeur.fr\/bonnetdane\/le-pays-des-pasteques-au-temps-du-cholera-002385.html\/img_20180911_171037\" rel=\"attachment wp-att-2387\"><img loading=\"lazy\" decoding=\"async\" class=\"aligncenter size-large wp-image-2387\" src=\"https:\/\/blog.causeur.fr\/bonnetdane\/files\/2018\/09\/IMG_20180911_171037-840x1024.jpg\" alt=\"IMG_20180911_171037\" width=\"584\" height=\"712\" srcset=\"https:\/\/blog.causeur.fr\/bonnetdane\/wp-content\/uploads\/sites\/25\/2018\/09\/IMG_20180911_171037-840x1024.jpg 840w, https:\/\/blog.causeur.fr\/bonnetdane\/wp-content\/uploads\/sites\/25\/2018\/09\/IMG_20180911_171037-246x300.jpg 246w, https:\/\/blog.causeur.fr\/bonnetdane\/wp-content\/uploads\/sites\/25\/2018\/09\/IMG_20180911_171037-768x936.jpg 768w, https:\/\/blog.causeur.fr\/bonnetdane\/wp-content\/uploads\/sites\/25\/2018\/09\/IMG_20180911_171037.jpg 1956w\" sizes=\"auto, (max-width: 584px) 100vw, 584px\" \/><\/a><\/p>\n<p>Le plus curieux, c\u2019est que les m\u00e9decins g\u00e9n\u00e9ralistes, me disent des amis bien inform\u00e9s, n\u2019ont \u00e9t\u00e9 pr\u00e9venus de rien. Il faudrait peut-\u00eatre qu\u2019ils posent quelques bonnes questions aux diarrh\u00e9iques marseillais\u2026 \u00ab\u00a0Cagarelle\u00a0\u00bb un jour, mort toujours.<\/p>\n<p>Mais non, ce n\u2019est pas le plus bizarre. Le plus \u00e9trange, c\u2019est le silence des m\u00e9dias sur une question grave de sant\u00e9 publique \u00e0 notre porte. J\u2019imagine que personne ne pense s\u00e9rieusement que la M\u00e9diterran\u00e9e constitue pour un vibrion chol\u00e9rique un obstacle infranchissable. En moyenne la France traite 4 cas de chol\u00e9ra import\u00e9 par an \u2014 et cette ann\u00e9e, combien ? Parce qu\u2019enfin, tous ces enfants d\u2019Alg\u00e9riens somm\u00e9s d\u2019aller passer leurs vacances \u00ab au bled \u00bb ont bien fini par rentrer \u2014 et l\u2019\u00e9pid\u00e9mie remonte au d\u00e9but du mois d\u2019ao\u00fbt\u2026 Et le petit gar\u00e7on dont l\u2019\u00e9tat de sant\u00e9 a immobilis\u00e9 un avion arrivant d\u2019Alg\u00e9rie sur l\u2019a\u00e9roport de Perpignan d\u00e9but septembre, rien \u00e0 craindre, \u00e9videmment. Sans doute avait-il juste abus\u00e9 des past\u00e8ques.<\/p>\n<p>Et pourtant les m\u00e9dias fran\u00e7ais se sont obstin\u00e9ment tus\u2026 Fin ao\u00fbt, vous trouvez <a href=\"https:\/\/www.letelegramme.fr\/monde\/algerie-59-cas-de-cholera-confirmes-29-08-2018-12063501.php\">dans <em>le T\u00e9l\u00e9gramme<\/em><\/a> enfin l\u2019information brute : 59 cas confirm\u00e9s, deux morts.<a href=\"https:\/\/www.lci.fr\/international\/algerie-l-epidemie-de-cholera-fait-deux-victimes-le-gouvernement-assure-qu-elle-est-maitrisee-2096650.html\"> <em>LCI<\/em>, citant <em>El Watan<\/em><\/a>, reproche au gouvernement de s\u2019\u00eatre mis aux abonn\u00e9s absents \u2014 le ministre de la Sant\u00e9, Mokhtar Hasbellaoui, est juste revenu pour affirmer que la situation \u00e9tait bien en main, et l\u2019\u00e9pid\u00e9mie contenue, bient\u00f4t jugul\u00e9e. <a href=\"https:\/\/www.jeuneafrique.com\/620691\/societe\/epidemie-de-cholera-les-algeriens-entre-panique-et-inquietude\/\">Il n\u2019y a eu gu\u00e8re que <em>Jeune Afrique<\/em><\/a> (ils pensent mal, \u00e0 Jeune Afrique, en g\u00e9n\u00e9ral) pour noter l\u2019inqui\u00e9tude de la population devant le retour d\u2019une \u00e9pid\u00e9mie qui n\u2019avait pas donn\u00e9 de ses nouvelles depuis plus de vingt ans. D\u2019autant qu\u2019elle a co\u00efncid\u00e9 avec la f\u00eate de l\u2019A\u00efd (Ils pensent \u00e0 quoi, l\u00e0-haut ? Ciel ! Le ciel serait-il vide ?), les gens se sont ru\u00e9s pour acheter de l\u2019eau min\u00e9rale, et les magasins mal approvisionn\u00e9s pendant cette p\u00e9riode ont \u00e9t\u00e9 rapidement en rupture de stock. L\u2019\u00e9pid\u00e9mie est circonscrite, dit le gouvernement, \u00e0 la r\u00e9gion de Tipaza et de Blida \u2014 au sud d\u2019Alger ? M\u00eame pas. <a href=\"https:\/\/www.jeuneafrique.com\/627710\/societe\/cholera-en-algerie-un-nouveau-foyer-a-oran\/\">Oran serait touch\u00e9e \u00e0 son tour<\/a>, affirment des personnels soignants \u2014 de fa\u00e7on anonyme \u2014 le 10 septembre. C\u2019est fou, les gens se d\u00e9placent et les past\u00e8ques aussi\u2026<\/p>\n<p>Mais ce n\u2019est pas la question la plus grave. Nous sommes \u00e9quip\u00e9s pour r\u00e9pondre \u00e0 quelques cas suppl\u00e9mentaires.<\/p>\n<p>Le plus sid\u00e9rant, c\u2019est qu\u2019un grand pays moderne \u2014 l\u2019Alg\u00e9rie \u2014, avec des ressources naturelles consid\u00e9rables, une population jeune qui n\u2019en est pas encore \u00e0 manifester pour sa retraite, se r\u00e9v\u00e8le incapable de traiter ses eaux us\u00e9es, comme on dit pour ne pas dire \u00ab reliefs de WC \u00bb. Qu\u2019elle n\u2019a aucun syst\u00e8me sanitaire s\u00e9rieux. Qu\u2019elle arrose ses past\u00e8ques avec de la merde vibrionnante. Qu\u2019avec des ressources immenses qui lui permettent, entre autres, d\u2019avoir le budget militaire le plus important de tout le continent africain, elle persiste \u00e0 s\u2019offrir des bouff\u00e9es pathog\u00e8nes d\u2019un autre temps, comme un vulgaire pays du Tiers-monde.<br \/>\nMais nous savons bien que tous les probl\u00e8mes sont dus aux Fran\u00e7ais (partis depuis cinq d\u00e9cennies) et aux 250 000 harkis massacr\u00e9s \u00e0 la m\u00eame \u00e9poque.<\/p>\n<p>L\u2019Alg\u00e9rie est d\u2019ailleurs experte en r\u00e9\u00e9criture permanente de l\u2019Histoire. Deux films, l\u2019un d\u00e9j\u00e0 r\u00e9alis\u00e9, l\u2019autre en pr\u00e9-production, <a href=\"https:\/\/www.causeur.fr\/algerie-cinema-depardieu-bey-fln-derrais-154411\">d\u00e9rangent apparemment en ce moment les bonnes consciences alg\u00e9riennes<\/a>. Sugg\u00e9rer qu\u2019avant les Fran\u00e7ais, Arabes et Ottomans furent des envahisseurs \/ colonisateurs autrement f\u00e9roces que les troupes des g\u00e9n\u00e9raux Bugeaud et Bigeard, ne cadre pas avec les contre-v\u00e9rit\u00e9s inscrites dans les livres d\u2019Histoire. Nous nous insurgeons contre la c\u00e9l\u00e9bration, dans les manuels japonais, des va-t-en-guerre qui ont amen\u00e9 l\u2019archipel \u00e0 Hiroshima, et nous ne disons rien contre les distorsions op\u00e9r\u00e9es juste en face de chez nous. Pire : nous en sommes \u00e0 nous excuser, d\u00e9sormais, pour les bavures de l\u2019arm\u00e9e fran\u00e7aise. Les massacres op\u00e9r\u00e9s par le FLN, y compris sur d\u2019autres membres du FLN, n\u2019int\u00e9ressent personne. <a href=\"https:\/\/www.lexpress.fr\/actualite\/monde\/afrique\/en-algerie-il-n-y-aura-de-verite-que-la-verite-officielle_2035244.html\">Comme le dit tr\u00e8s bien dans <em>l\u2019Express<\/em><\/a>, Kader A. Abderrahim, ma\u00eetre de conf\u00e9rences \u00e0 Sciences Po,la seule v\u00e9rit\u00e9, en Alg\u00e9rie, est la v\u00e9rit\u00e9 officielle : \u00ab il ne faut pas s&rsquo;attendre \u00e0 des r\u00e9volutions. Loin de l\u00e0. Pourtant, les Alg\u00e9riens sont aujourd&rsquo;hui en droit de demander \u00e0 leurs dirigeants d&rsquo;\u00e9crire leur histoire, l&rsquo;histoire de la guerre d&rsquo;Alg\u00e9rie selon les faits et non pas d&rsquo;une mani\u00e8re id\u00e9ologique ou mythologique. \u00bb<br \/>\nKarim Akouche, dans <em>Causeur<\/em>, <a href=\"https:\/\/www.causeur.fr\/algerie-abdelaziz-bouteflika-necrocratie-mort-147323\">parlait l\u2019ann\u00e9e derni\u00e8re de \u00ab n\u00e9crocratie \u00bb<\/a> \u00e0 propos de l\u2019Alg\u00e9rie \u2014 et nombre de gens pensent que le Bouteflika que l\u2019on sort de temps en temps de la naphtaline est l\u2019ultime sosie d\u2019une longue s\u00e9rie. Avec un peu de chances, l\u2019ann\u00e9e prochaine, il sera r\u00e9\u00e9lu en remplacement de sa propre momie, et tout s\u2019am\u00e9liorera.<\/p>\n<p>Tout le monde (et au premier chef les Alg\u00e9riens, qui ont de l\u2019auteur de <em>la Peste<\/em> une id\u00e9e bien arr\u00eat\u00e9e \u2014 celle d\u2019un traitre) se rappelle la r\u00e9ponse de Camus \u00e0 cet \u00e9tudiant su\u00e9dois qui lui demandait ce qu\u2019il pensait du caract\u00e8re juste de la lutte pour l\u2019ind\u00e9pendance : \u00ab En ce moment, on lance des bombes dans les tramways d\u2019Alger. Ma m\u00e8re peut se trouver dans un de ces tramways. Si c\u2019est cela la justice, je pr\u00e9f\u00e8re ma m\u00e8re. \u00bb Philippe Lan\u00e7on l\u2019a opportun\u00e9ment rappel\u00e9 en 2010 <a href=\"http:\/\/next.liberation.fr\/culture\/2010\/01\/02\/camus-cet-etrange-ami_602169\">dans un bel article de <em>Lib\u00e9<\/em><\/a> (je ne connais pas Lan\u00e7on, sinon par le Lambeau, mais un homme qui pense que <em>la Chute<\/em> est le plus grand livre de Camus ne peut \u00eatre tout \u00e0 fait mauvais). Ma foi, je crois qu\u2019entre la r\u00e9habilitation d\u2019un \u00ab porteur de valises \u00bb tu\u00e9 par les paras fran\u00e7ais et la m\u00e9moire de mon p\u00e8re, \u00ab rappel\u00e9 \u00bb pendant 18 mois pour arpenter le bled, je choisis encore mon p\u00e8re. Serait-ce que notre gouvernement a calcul\u00e9 qu\u2019il y avait plus \u00e0 glaner dans l\u2019\u00e9lectorat d\u2019origine maghr\u00e9bine que dans le r\u00e9servoir, toujours plus \u00e9troit, des survivants de ce conflit sanglant ?<br \/>\nDe toute fa\u00e7on, ils sont retrait\u00e9s\u2026 Et les retrait\u00e9s, hein, en ce moment\u2026<\/p>\n<p>Jean-Paul Brighelli<\/p>\n","protected":false},"excerpt":{"rendered":"<p>Depuis quelques jours un avis a \u00e9t\u00e9 placard\u00e9 dans la salle des profs de tous les lyc\u00e9es de Marseille : Le plus curieux, c\u2019est que les m\u00e9decins g\u00e9n\u00e9ralistes, me disent des amis bien inform\u00e9s, n\u2019ont \u00e9t\u00e9 pr\u00e9venus de rien. Il faudrait peut-\u00eatre qu\u2019ils posent quelques bonnes questions aux diarrh\u00e9iques marseillais\u2026 \u00ab\u00a0Cagarelle\u00a0\u00bb un jour, mort toujours. [&hellip;]<\/p>\n","protected":false},"author":6,"featured_media":0,"comment_status":"open","ping_status":"open","sticky":false,"template":"","format":"standard","meta":{"footnotes":""},"categories":[1],"tags":[356,1553],"class_list":{"0":"post-2385","1":"post","2":"type-post","3":"status-publish","4":"format-standard","6":"category-non-classe","7":"tag-algerie","8":"tag-cholera"},"_links":{"self":[{"href":"https:\/\/blog.causeur.fr\/bonnetdane\/wp-json\/wp\/v2\/posts\/2385","targetHints":{"allow":["GET"]}}],"collection":[{"href":"https:\/\/blog.causeur.fr\/bonnetdane\/wp-json\/wp\/v2\/posts"}],"about":[{"href":"https:\/\/blog.causeur.fr\/bonnetdane\/wp-json\/wp\/v2\/types\/post"}],"author":[{"embeddable":true,"href":"https:\/\/blog.causeur.fr\/bonnetdane\/wp-json\/wp\/v2\/users\/6"}],"replies":[{"embeddable":true,"href":"https:\/\/blog.causeur.fr\/bonnetdane\/wp-json\/wp\/v2\/comments?post=2385"}],"version-history":[{"count":0,"href":"https:\/\/blog.causeur.fr\/bonnetdane\/wp-json\/wp\/v2\/posts\/2385\/revisions"}],"wp:attachment":[{"href":"https:\/\/blog.causeur.fr\/bonnetdane\/wp-json\/wp\/v2\/media?parent=2385"}],"wp:term":[{"taxonomy":"category","embeddable":true,"href":"https:\/\/blog.causeur.fr\/bonnetdane\/wp-json\/wp\/v2\/categories?post=2385"},{"taxonomy":"post_tag","embeddable":true,"href":"https:\/\/blog.causeur.fr\/bonnetdane\/wp-json\/wp\/v2\/tags?post=2385"}],"curies":[{"name":"wp","href":"https:\/\/api.w.org\/{rel}","templated":true}]}}