{"id":2386,"date":"2018-09-16T19:00:10","date_gmt":"2018-09-16T17:00:10","guid":{"rendered":"https:\/\/blog.causeur.fr\/bonnetdane\/?p=2386"},"modified":"2021-04-22T18:48:39","modified_gmt":"2021-04-22T16:48:39","slug":"delivrez-nous-du-bien","status":"publish","type":"post","link":"https:\/\/blog.causeur.fr\/bonnetdane\/delivrez-nous-du-bien-2386","title":{"rendered":"D\u00e9livrez-nous du bien !"},"content":{"rendered":"<p><a href=\"https:\/\/blog.causeur.fr\/bonnetdane\/delivrez-nous-du-bien-002386.html\/capture-decran-2018-09-16-a-15-17-55\" rel=\"attachment wp-att-2389\"><img loading=\"lazy\" decoding=\"async\" class=\"aligncenter size-full wp-image-2389\" src=\"https:\/\/blog.causeur.fr\/bonnetdane\/files\/2018\/09\/Capture-d\u2019\u00e9cran-2018-09-16-\u00e0-15.17.55.png\" alt=\"Capture d\u2019\u00e9cran 2018-09-16 \u00e0 15.17.55\" width=\"381\" height=\"583\" srcset=\"https:\/\/blog.causeur.fr\/bonnetdane\/wp-content\/uploads\/sites\/25\/2018\/09\/Capture-d\u2019\u00e9cran-2018-09-16-\u00e0-15.17.55.png 381w, https:\/\/blog.causeur.fr\/bonnetdane\/wp-content\/uploads\/sites\/25\/2018\/09\/Capture-d\u2019\u00e9cran-2018-09-16-\u00e0-15.17.55-196x300.png 196w\" sizes=\"auto, (max-width: 381px) 100vw, 381px\" \/><\/a>\u00ab Natacha Polony et Jean-Michel Quatrepoint pensent mal, me dit Jennifer. J\u2019ai ouvert leur livre d\u2019une main tremblante. Je l\u2019ai referm\u00e9, 190 pages plus loin, au bord de l\u2019asphyxie. Ah, bravo, les Editions de l\u2019Observatoire ! Comment osez-vous donner la parole \u00e0 des gens qui n\u2019ont que haine et provocation \u00e0 la bouche ? \u00ab Halte aux nouveaux inquisiteurs \u00bb, disent-ils en sous-titre. Ma foi, achetez leur livre, pour vous donner le plaisir de le br\u00fbler.<\/p>\n<p>\u00ab D\u00e8s la premi\u00e8re page, les auteur.e.s insinuent que \u00ab le bon bougre, celui qui n\u2019a pas conscience qu\u2019il perp\u00e9tue les structures de domination, celui-l\u00e0 doit \u00eatre d\u2019urgence r\u00e9\u00e9duqu\u00e9 \u00bb : que ne s\u2019appliquent-ils \u00e0 eux-m\u00eames cette \u00e9vidence ! Voil\u00e0 une journaliste encore jeune, soumise donc dans ce monde obstin\u00e9ment m\u00e2le \u00e0 toutes les perversions de tous les Weinstein de la presse, qui ose critiquer les \u00ab hyst\u00e9rof\u00e9ministes \u00bb ! Voil\u00e0 un m\u00e2le blanc h\u00e9t\u00e9ro qui prend le contrepied des th\u00e9ories les plus modernes \u2014 et met de surcro\u00eet l\u2019irr\u00e9sistible mouvement vers le progr\u00e8s et la parit\u00e9 entre tou.t.e.s sur le dos du n\u00e9o-lib\u00e9ralisme !<br \/>\n\u00ab Et ces affreux avouent au passage qu\u2019ils sont \u00ab assez peu motiv\u00e9s par l\u2019id\u00e9e de renoncer \u00e0 partager le plaisir d\u2019une c\u00f4te de b\u0153uf arros\u00e9e d\u2019un vieux saint-\u00e9milion, ou de finir leur vie dans un monde o\u00f9 il faudra signer un document en trois exemplaires avant de se lancer quelques \u0153illades \u00bb. Quel manque de sensibilit\u00e9 ! \u00c0 l\u2019\u00e8re de #MeToo, quand tant de femmes et d\u2019hommes sont encore harcel\u00e9.e.s par tant de phallocrates blancs !<br \/>\n\u00ab\u00a0Si encore Polony vivait avec un \u00ab racis\u00e9 \u00bb ! Mais on la conna\u00eet, elle pr\u00e9f\u00e8re les Basques bondissants. Si seulement elle avait offert \u00e0 ses enfants <em>Papa porte une robe<\/em>, ce merveilleux livre <a href=\"http:\/\/62.snuipp.fr\/IMG\/pdf\/6.pdf\">conseill\u00e9 par le SNUIPP<\/a>, le syndicat des professeurs des \u00e9coles ! C\u2019est Legasse qui serait chou en tutu !<br \/>\n\u00ab Ou si l\u2019un et l\u2019autre passaient en boucle <em>Tomboy<\/em> \u00e0 leur prog\u00e9niture, comme l\u2019ont fait tant d\u2019enseignant.e.s d\u00e9sireu.s.e.s.x. d\u2019\u00e9viter les discours \u00ab genr\u00e9s \u00bb !<\/p>\n<p>\u00ab (Mal\u00e9diction machiste ! Word refuse \u00ab genr\u00e9s \u00bb et me le corrige syst\u00e9matiquement, dans mon dos, en \u00ab genres \u00bb ! Et pourtant, comme le racontent en d\u00e9tail nos deux m\u00e9cr\u00e9ants de la modernit\u00e9, les GAFAM veillent au grain et suppriment les \u0153ufs durs sur les \u00e9motic\u00f4nes en forme de salade, afin d&rsquo;\u00e9pargner la susceptibilit\u00e9 des v\u00e9g\u00e9tariens !)<\/p>\n<p>\u00ab Reprenons de plus haut. Buvons la coupe jusqu\u2019\u00e0 l\u2019hallali !\u2026 \u00bb<\/p>\n<p>Tais-toi donc, punaise ! Arr\u00eate de pratiquer \u00ab cette \u00e9criture inclusive qui pr\u00e9tend, jusqu\u2019au ridicule, marquer dans la langue \u00e9crite le refus de l\u2019universalisme. \u00bb<br \/>\nBon. Reprenons.<br \/>\nLes auteurs partent du constat \u2014 fr\u00e9quent quand on appartient \u00e0 la dissidence id\u00e9ologique \u2014 du malaise que provoque, dans une r\u00e9union entre amis, toute infraction \u00e0 la doxa. Le livre est d\u2019ailleurs structur\u00e9, avec moult exemples saisissants, en th\u00e9matiques paradoxales et provocantes \u2014 sur l\u2019hyst\u00e9ro-f\u00e9minisme contemporain, les diktats des \u00ab ligues de vertu \u00bb, les partisans du 80 km\/h, les proscripteurs de cigarettes au bec de Malraux ou de Pr\u00e9vert et de petites culottes sur les tableaux de Balthus, le v\u00e9ganisme bouffeur de bouchers, les islamistes hurlant \u00e0 l\u2019islamophobie, les maghr\u00e9bines du PIR qui cultivent l\u2019antis\u00e9mitisme, les Noirs r\u00e9clamant les indemnit\u00e9s de la traite \u2014 et les r\u00e9clamant exclusivement aux Europ\u00e9ens blancs. Et j\u2019en passe.<br \/>\nCe que pointent fort bien les deux comp\u00e8res si complices sur polony.tv, c\u2019est le \u00ab retour du fanatisme religieux \u00bb : depuis que le communisme n\u2019est plus une option, le besoin inh\u00e9rent de transcendance est entr\u00e9 en conflit avec le dernier stade du d\u00e9senchantement du monde. Les imb\u00e9ciles veulent absolument croire \u00e0 quelque chose qui les d\u00e9passe, Allah, John Money, Judith Butler ou Peter Singer. Et le syst\u00e8me capitaliste, qui g\u00e8re, lui, le <em>hic et nunc<\/em>, s\u2019en accommode tr\u00e8s bien : qu\u2019ils d\u00e9lirent, pourvu qu\u2019ils consomment. \u00ab L\u2019heure n\u2019est plus \u00e0 la lutte des classes mais \u00e0 la lutte des races \u00bb : on oublie ainsi qu\u2019il y a toujours des classes, et de plus en plus de pauvres. \u00ab Le prisme dominant \/ domin\u00e9 a remplac\u00e9 les ouvriers par les minorit\u00e9s sexuelles ou raciales. L\u2019ennemi est donc l\u2019homme blanc, colonialiste, machiste. Et l\u2019on pourrait ajouter h\u00e9t\u00e9rosexuel. \u00bb<br \/>\nEt ce n\u2019est plus le patron. C\u2019est bien pratique \u2014 pour le patron.<\/p>\n<p>La r\u00e8gle majoritaire des d\u00e9mocraties tocquevilliennes ne pouvait longtemps satisfaire tous ceux qu\u2019elle laissait dans l\u2019ombre. Dor\u00e9navant, nous sommes entr\u00e9s dans l\u2019\u00e8re du \u00ab minoritarisme \u00bb \u2014 un hochet pour classes moyennes prol\u00e9taris\u00e9es \u2014, o\u00f9 des \u00ab communaut\u00e9s \u00bb, LGBT, musulmans, juifs, f\u00e9ministes, crient pour exister. C\u2019est bien commode : la R\u00e9publique est noy\u00e9e sous le flot des revendications particuli\u00e8res. Pendant ce temps, les affaires continuent.<\/p>\n<div id=\"ligne\"><\/div>\n<p>BalanceTonPorc, qui tourne \u00ab \u00e0 la cur\u00e9e contre la figure fantasm\u00e9e du m\u00e2le dominateur \u00bb (les auteurs sont trop bien \u00e9lev\u00e9s pour supposer que ces viragos r\u00eavent, au fond, \u00e0 ce sur-m\u00e2le, dirait Jarry, qu\u2019elles feignent de r\u00e9pudier), c\u2019est encore <a href=\"https:\/\/www.youtube.com\/watch?v=HDeyB9Gp2F0\">Blanche Gardin, notent les auteurs, qui en parle le mieux<\/a> (regardez les sourires crisp\u00e9s et les d\u00e9n\u00e9gations accabl\u00e9es des militantes pures et dures \u2014 toutes vierges) : \u00ab Il est impensable de rire de ce nouveau sacr\u00e9 \u00bb.<br \/>\n\u00c0 noter que les f\u00e9ministes militantes sont statistiquement lesbiennes \u00e0 37% : \u00ab D\u00e9l\u00e9guer la r\u00e9flexion sur les rapports hommes-femmes essentiellement \u00e0 des lesbiennes, c\u2019est un peu comme confier la critique gastronomique \u00e0 des anorexiques ou \u00e0 des vegans, cela d\u00e9termine l\u00e9g\u00e8rement le propos. \u00bb (le jeu, dans ce livre, est d\u2019essayer de d\u00e9terminer ce qui a \u00e9t\u00e9 \u00e9crit plut\u00f4t par Polony, ou plut\u00f4t par Quatrepoint \u2014 ici, c\u2019est assez manifeste\u2026).<br \/>\nLes analyses d\u00e9taill\u00e9es de l\u2019affaire Sauvage, de son exploitation et de sa d\u00e9clinaison en produits d\u00e9riv\u00e9s sont d\u2019une pr\u00e9cision clinique. Comment, vous n\u2019avez pas votre mug \u00ab Sauvage \u00bb ? Cessez en tout cas de vous parfumer chez Guerlain, l\u2019h\u00e9ritier dit sur les \u00ab n\u00e8gres \u00bb des choses affreuses-affreuses-affreuses.<\/p>\n<p>\u00ab Cette id\u00e9e du meilleur, ou plut\u00f4t du Bien, vous a comme des relents de lendemains qui chantent et d\u2019empire qui doit durer mille ans \u00bb. Point Godwin ? Les f\u00e9ministes dans ce qu\u2019elles ont de plus caricatural, les LGBT dans ce qu\u2019ils ont de plus \u00e9quivoque, les wahhabites dans ce qu\u2019ils ont de plus extr\u00e9miste, tous ces gens sont des supp\u00f4ts, \u00e0 distance, des deux moustachus les plus c\u00e9l\u00e8bres du XXe si\u00e8cle. Et ils ne paraissent pas s\u2019en rendre compte. \u00ab <em>1984<\/em> est d\u00e9j\u00e0 l\u00e0, gr\u00e2ce \u00e0 Twitter \u00bb. La \u00ab police de la pens\u00e9e \u00bb, qui s\u2019est invit\u00e9e depuis deux d\u00e9cennies sur les campus am\u00e9ricains, est entr\u00e9e en France. L\u2019Universit\u00e9 d\u2019\u00e9t\u00e9 du f\u00e9minisme organis\u00e9e ce week-end par Schiappa <a href=\"http:\/\/www.lepoint.fr\/societe\/universite-d-ete-du-feminisme-une-premiere-et-des-polemiques-15-09-2018-2251414_23.php\">a fait grincer des dents<\/a> : inviter Rapha\u00ebl Enthoven ou Elisabeth L\u00e9vy, quel scandale !<br \/>\nC\u2019est \u00e0 la hauteur de Pierre Rosanvallon<a href=\"https:\/\/www.causeur.fr\/pierre-rosanvallon-alain-finkielkraut-2-154401\"> refusant de rencontrer Finkielkraut tant que celui-ci n\u2019aura pas chang\u00e9 d\u2019avis<\/a>. Ce qu\u2019il y a de bien avec la Pens\u00e9e Unique, c\u2019est qu\u2019elle ne se camoufle pas.<\/p>\n<p>Au tout d\u00e9but de mon western pr\u00e9f\u00e9r\u00e9, <em>la Horde sauvage<\/em>, une petite ville est soumise au militantisme de la South Texas Temperance Union, qui pr\u00f4ne le r\u00e9gime sec. Gr\u00e2ce au ciel et au sc\u00e9nario mal-pensant de Sam Peckinpah, ces imb\u00e9ciles temp\u00e9rants, pris au milieu d\u2019une attaque de banque, se font tous transpercer de balles de calibres divers : ainsi finissent les gens vertueux, qui comme le disent tr\u00e8s bien Polony et Quatrepoint, sont des anti-humanistes. \u00c0 force de faire dans l\u2019anti-sp\u00e9cisme, ils parviennent peu \u00e0 peu \u00e0 d\u00e9shumaniser l\u2019humanit\u00e9 \u2014 parce que rien de grand, jamais, n\u2019est sorti du conformisme et de l\u2019absence de d\u00e9sir que pr\u00f4nent tous ces cr\u00e9tins\u00a0dangereux.<\/p>\n<p>Jean-Paul Brighelli<\/p>\n<p><a href=\"https:\/\/blog.causeur.fr\/bonnetdane\/delivrez-nous-du-bien-002386.html\/capture_decran_2018-09-14_a_12-50-44\" rel=\"attachment wp-att-2390\"><img loading=\"lazy\" decoding=\"async\" class=\"aligncenter size-full wp-image-2390\" src=\"https:\/\/blog.causeur.fr\/bonnetdane\/files\/2018\/09\/capture_decran_2018-09-14_a_12.50.44.png\" alt=\"capture_decran_2018-09-14_a_12.50.44\" width=\"280\" height=\"378\" srcset=\"https:\/\/blog.causeur.fr\/bonnetdane\/wp-content\/uploads\/sites\/25\/2018\/09\/capture_decran_2018-09-14_a_12.50.44.png 280w, https:\/\/blog.causeur.fr\/bonnetdane\/wp-content\/uploads\/sites\/25\/2018\/09\/capture_decran_2018-09-14_a_12.50.44-222x300.png 222w\" sizes=\"auto, (max-width: 280px) 100vw, 280px\" \/><\/a>PS. Tant qu\u2019\u00e0 faire de me coltiner la prose polonienne, j\u2019ai achet\u00e9 le dernier num\u00e9ro de <em>Marianne<\/em>, puisque ladite dirige \u00e0 pr\u00e9sent ce magazine qui brillait si fort quand Renaud D\u00e9ly en assurait la coordination. De tr\u00e8s bons articles \u2014 sur le duel Macron-Orban, ces deux extr\u00e9mismes qui pr\u00e9tendent r\u00e9genter l\u2019Europe ; sur l\u2019opposition entre \u00ab populistes \u00bb et \u00ab populicides \u00bb \u2014 c\u2019est Onfray qui s\u2019y est coll\u00e9 avec le talent qu\u2019on lui conna\u00eet ; sur les contrats que pr\u00e9tend passer la mairie de Marseille avec de grosses entreprises de BTP pour r\u00e9nover les \u00e9coles, dans le dos des PME phoc\u00e9ennes, dont les dessous de table sont certainement moins juteux ; sur \u00ab le grand soir des tocards \u00bb (Ferrand \/ Rugy)\u2026 Alors Jack Dion ou Alain L\u00e9authier, toujours bons \u2014 mais Eric Conan me manque encore. Legasse a enfin consenti \u00e0 descendre dans la rue pour vanter des jolis bordeaux \u00e0 moins de 7 euros la bouteille\u2026 Et le magazine s\u2019est d\u00e9barrass\u00e9 des insupportables \u00e9talages de snobisme parisien qui amenaient le lecteur de province \u00e0 penser que d\u00e9cid\u00e9ment, <em>Marianne<\/em> n\u2019avait rien compris \u00e0 la fracture p\u00e9riph\u00e9rique\u2026<br \/>\nIl n\u2019y a gu\u00e8re que les pages Culture qui laissent \u00e0 d\u00e9sirer : je ne suis pas s\u00fbr que <em>Un peuple et son roi<\/em>, le film \u00e0 venir de Pierre Schoeller, dont j\u2019ai tout r\u00e9cemment vu la bande-annonce, m\u00e9rite les 4 pages qui lui sont consacr\u00e9es (<em>Que la f\u00eate commence<\/em> en disait davantage en trois minutes, \u00e0 la fin du film) \u2014 pour ne rien dire de la critique enthousiaste des <em>Id\u00e9aux<\/em> d\u2019Aur\u00e9lie Filipetti, ou du pan\u00e9gyrique des sitcoms \u00e0 la fran\u00e7aise\u2026 Avec plus de 500 romans sortis depuis fin ao\u00fbt, il n\u2019y a vraiment rien d\u2019autre \u00e0 dire ?<br \/>\nEt en ces temps de rentr\u00e9e, l\u2019Ecole est le grand absent des pages d\u2019un magazine qui a sainement vir\u00e9 de cap, cherche l\u2019intelligence, la trouve, la laisse glisser, la reprend \u2014 jusqu\u2019\u00e0 la prochaine fois.<\/p>\n","protected":false},"excerpt":{"rendered":"<p>\u00ab Natacha Polony et Jean-Michel Quatrepoint pensent mal, me dit Jennifer. J\u2019ai ouvert leur livre d\u2019une main tremblante. Je l\u2019ai referm\u00e9, 190 pages plus loin, au bord de l\u2019asphyxie. Ah, bravo, les Editions de l\u2019Observatoire ! Comment osez-vous donner la parole \u00e0 des gens qui n\u2019ont que haine et provocation \u00e0 la bouche ? \u00ab [&hellip;]<\/p>\n","protected":false},"author":6,"featured_media":0,"comment_status":"open","ping_status":"open","sticky":false,"template":"","format":"standard","meta":{"footnotes":""},"categories":[1],"tags":[1554,821,207,186],"class_list":{"0":"post-2386","1":"post","2":"type-post","3":"status-publish","4":"format-standard","6":"category-non-classe","7":"tag-delivrez-nous-du-bien","8":"tag-jean-michel-quatrepoint","9":"tag-marianne","10":"tag-natacha-polony"},"_links":{"self":[{"href":"https:\/\/blog.causeur.fr\/bonnetdane\/wp-json\/wp\/v2\/posts\/2386","targetHints":{"allow":["GET"]}}],"collection":[{"href":"https:\/\/blog.causeur.fr\/bonnetdane\/wp-json\/wp\/v2\/posts"}],"about":[{"href":"https:\/\/blog.causeur.fr\/bonnetdane\/wp-json\/wp\/v2\/types\/post"}],"author":[{"embeddable":true,"href":"https:\/\/blog.causeur.fr\/bonnetdane\/wp-json\/wp\/v2\/users\/6"}],"replies":[{"embeddable":true,"href":"https:\/\/blog.causeur.fr\/bonnetdane\/wp-json\/wp\/v2\/comments?post=2386"}],"version-history":[{"count":0,"href":"https:\/\/blog.causeur.fr\/bonnetdane\/wp-json\/wp\/v2\/posts\/2386\/revisions"}],"wp:attachment":[{"href":"https:\/\/blog.causeur.fr\/bonnetdane\/wp-json\/wp\/v2\/media?parent=2386"}],"wp:term":[{"taxonomy":"category","embeddable":true,"href":"https:\/\/blog.causeur.fr\/bonnetdane\/wp-json\/wp\/v2\/categories?post=2386"},{"taxonomy":"post_tag","embeddable":true,"href":"https:\/\/blog.causeur.fr\/bonnetdane\/wp-json\/wp\/v2\/tags?post=2386"}],"curies":[{"name":"wp","href":"https:\/\/api.w.org\/{rel}","templated":true}]}}