{"id":24,"date":"2006-03-09T07:52:11","date_gmt":"2006-03-09T07:52:11","guid":{"rendered":"http:\/\/blog.causeur.fr\/bonnetdane\/?p=24"},"modified":"2021-04-22T18:54:13","modified_gmt":"2021-04-22T16:54:13","slug":"linvasion-des-barbares","status":"publish","type":"post","link":"https:\/\/blog.causeur.fr\/bonnetdane\/linvasion-des-barbares-24","title":{"rendered":"L&rsquo;invasion des barbares"},"content":{"rendered":"<p>Une affaire r\u00e9cente et parfaitement monstrueuse m&rsquo;incite \u00e0 pr\u00e9ciser ma pens\u00e9e.<br \/>Le \u00ab\u00a0barbare\u00a0\u00bb, \u00e0 l&rsquo;origine, c&rsquo;est celui qui ne parle pas grec \u2014 ou, si l&rsquo;on pr\u00e9f\u00e8re, qui ne parle pas la langue de la culture.<br \/>Et celui qui la parle mal fait des \u00ab\u00a0barbarismes\u00a0\u00bb.<br \/>Pour avoir entendu r\u00e9cemment un enseignant en \u00ab\u00a0sciences\u00a0\u00bb de l&rsquo;\u00e9ducation pr\u00e9coniser \u00e0 des \u00e9tudiant ssagement b\u00e9ats l&rsquo;utilisation massive de barbarismes sous pr\u00e9texte que \u00ab\u00a0cela se dit\u00a0\u00bb, je sais ce qu&rsquo;il en est de la pens\u00e9e unique qui pr\u00e9tend nous g\u00e9rer : ces gens-l\u00e0 sont pr\u00eats \u00e0 glisser du barbarisme \u00e0 la barbarie.<\/p>\n<p>Dans le Monde dat\u00e9 du 7 mars, Barbara Lef\u00e8vre (enseignante, auteur avec Eve Bonnivard d&rsquo;El\u00e8ves sous influence, Audibert, 2005) montre d&rsquo;ailleurs merveilleusement le lien entre ces deux termes. Et dussent les administrateurs de ce blog (mais apr\u00e8s tout, le Midi Libre a quelques liens avec le Monde, non ?) me taper sur les doigts, je le reproduis ci-dessous avant qu&rsquo;il ne se perde.<br \/>Et que l&rsquo;on ne me dise pas que je fais des amalgames : ceux qui sont tout b\u00e9ats devant les \u00ab\u00a0contre-cultures\u00a0\u00bb (faut-il vraiment que j&rsquo;explique qu&rsquo;il n&rsquo;y a pas, qu&rsquo;il n&rsquo;y a jamais eu d&rsquo;autre culture que la culture dominante, et que tout le reste est fariboles ?) et les \u00ab\u00a0communaut\u00e9s\u00a0\u00bb, ceux qui ont institu\u00e9 l&rsquo;enseignement \u00ab\u00a0citoyen\u00a0\u00bb, peuvent \u00eatre tenus pour responsables des d\u00e9rives de l&rsquo;appareil \u00e9ducatif \u2014 et des d\u00e9rives des \u00e9l\u00e8ves, apprises sur les bancs de l&rsquo;\u00e9cole, chaque fois que l&rsquo;on n&rsquo;a pas mouch\u00e9 l&rsquo;arrogance d&rsquo;un petit voyou qui vous jette : \u00ab\u00a0C&rsquo;est votre avis, c&rsquo;est pas le mien\u00a0\u00bb.<\/p>\n<p>Bonne lecture, et bon app\u00e9tit.<\/p>\n<p>JP Brighelli<\/p>\n<p>Des barbarismes \u00e0 la barbarie.<\/p>\n<p>\u00ab\u00a0Les tortionnaires d&rsquo;Ilan Halimi, meneurs, rabatteuses, conseillers, ex\u00e9cutants, tous sont de jeunes Fran\u00e7ais d&rsquo;origines diverses. Ils ont un point commun : s&rsquo;\u00eatre connus \u00e0 l&rsquo;\u00e9cole. Alors tournons-nous vers cette \u00e9cole de la R\u00e9publique, lieu de transmission culturelle pour les uns, mais aussi terreau de la haine verbale pour tant d&rsquo;autres.<\/p>\n<p>\u00ab\u00a0La violence verbale est le lot quotidien des acteurs du monde \u00e9ducatif, et notamment dans ce coeur fondamental de la s\u00e9dimentation identitaire, le coll\u00e8ge, o\u00f9 l&rsquo;adolescent bataille avec la d\u00e9licate question de l&rsquo;int\u00e9gration au groupe. C&rsquo;est l\u00e0 que se forgent ces langages meurtriers, cette barbarie verbale du quotidien qui conduit certains &#8211; et pas les plus fragiles, au contraire &#8211; au passage \u00e0 l&rsquo;acte. Il faut vivre au quotidien ces laboratoires de la haine de l&rsquo;Autre que sont devenus beaucoup de nos \u00e9tablissements scolaires &#8211; qu&rsquo;il s&rsquo;agisse de ZEP ou d&rsquo;\u00e9coles de centre-ville. Pour que soient abolies les barri\u00e8res morales emp\u00eachant le passage \u00e0 l&rsquo;acte meurtrier, il faut d\u00e9shumaniser l&rsquo;Autre. Cela commence par les mots. Ce langage de rejet et de haine est radical, il ne fait pas dans la nuance, il est ce \u00ab\u00a0noyau de condensation redoutable o\u00f9 de furieuses \u00e9nergies s&rsquo;accumulent\u00a0\u00bb (Jean-Pierre Faye).<\/p>\n<p>\u00ab\u00a0La fille est une \u00ab\u00a0pute\u00a0\u00bb, une \u00ab\u00a0salope\u00a0\u00bb, une \u00ab\u00a0tas-p\u00e9\u00a0\u00bb. Certains de ceux qui s&rsquo;expriment de la sorte au quotidien sont des adolescents amateurs de films pornos et de chanteurs aux textes \u00ab\u00a0engag\u00e9s\u00a0\u00bb d&rsquo;une exquise po\u00e9sie ; les m\u00eames pr\u00e9tendent par ailleurs veiller au respect de leur m\u00e8re et soeurs. Un jour, un des leurs va plus loin en s&rsquo;adressant \u00e0 une adulte, son enseignante enceinte \u00e0 qui il d\u00e9clare \u00ab\u00a0j&rsquo;vais te l\u00e9cher le&#8230; \u00e7a va te faire descendre ton enfant\u00a0\u00bb. Celui qui, en octobre 2002, a br\u00fbl\u00e9 vive Sohane dans un local \u00e0 poubelles parce qu&rsquo;elle avait os\u00e9 dire \u00ab\u00a0non\u00a0\u00bb a \u00e9t\u00e9 applaudi par ses supporteurs lors de la reconstitution. Barbarismes et barbarie se rejoignent : les mots ont particip\u00e9 \u00e0 r\u00e9duire l&rsquo;humain \u00e0 une chose. Le jeune coll\u00e9gien qui d\u00e9couvre la diff\u00e9rence de son identit\u00e9 sexuelle ne joue pas le jeu de la violence machiste adolescente, pr\u00e9f\u00e8re la compagnie des filles \u00e0 celle de ses cong\u00e9n\u00e8res masculins, c&rsquo;est le \u00ab\u00a0p\u00e9d\u00e9\u00a0\u00bb harcel\u00e9, stigmatis\u00e9. Un jour de f\u00e9vrier 2004, S\u00e9bastien Nouchet est vitriol\u00e9 au bas de son immeuble car les homosexuels sont des sous-hommes.<\/p>\n<p>\u00ab\u00a0Inutile de s&rsquo;\u00e9tendre sur l&rsquo;usage du mot \u00ab\u00a0juif\u00a0\u00bb dans les couloirs de nombre d&rsquo;\u00e9coles depuis de nombreuses ann\u00e9es. Il est une insulte en soi qui ne n\u00e9cessite m\u00eame pas de lui accoler d&rsquo;adjectif d\u00e9pr\u00e9ciatif. Cela expliquant que certains des acteurs \u00e9ducatifs n&rsquo;y voient pas d&rsquo;antis\u00e9mitisme : \u00ab\u00a0C&rsquo;est leur fa\u00e7on de parler, ils ne l&rsquo;entendent pas dans le m\u00eame sens que nous.\u00a0\u00bb C&rsquo;est bien l\u00e0 tout le probl\u00e8me. Cette fracture linguistique qui s&rsquo;aggrave n&rsquo;a pas fini de venir tarauder nos soci\u00e9t\u00e9s. Il faut aussi savoir ce que subissent les \u00ab\u00a0bons\u00a0\u00bb \u00e9l\u00e8ves ou en tout cas ceux qui jouent le jeu de l&rsquo;\u00e9cole. Un coll\u00e9gien d&rsquo;origine chinoise, cor\u00e9enne ou du sous-continent indien peut se voir traiter de \u00ab\u00a0juif\u00a0\u00bb, ce qui signifie dans l&rsquo;imaginaire antis\u00e9mite traditionnel qu&rsquo;il est hypocrite et joue double jeu pour s&rsquo;en sortir.<\/p>\n<p>\u00ab\u00a0Ne pas se dire en toute occasion victime des discriminations (sociales, religieuses, ethniques), d\u00e9cider que l&rsquo;\u00e9cole est le seul moyen de r\u00e9ussir, bref, faire le pari de la modernit\u00e9 m\u00eame si elle est \u00ab\u00a0occidentale\u00a0\u00bb : autant de raisons pour \u00eatre stigmatis\u00e9 par les petits tyrans peuplant les rangs des exclus du syst\u00e8me. Ces \u00ab\u00a0faibles\u00a0\u00bb dont on n&rsquo;a jamais voulu exiger le meilleur n&rsquo;ont de fait qu&rsquo;une obsession : la thune, \u00e0 leurs yeux seul vecteur de reconnaissance sociale.<\/p>\n<p>\u00ab\u00a0Bienvenue dans le ghetto scolaire fabriqu\u00e9 par nos \u00e9lites progressistes, adeptes de la contre-culture, surtout quand elle ne vient pas se frotter de trop pr\u00e8s \u00e0 leurs enfants \u00e0 l&rsquo;abri dans des \u00e9tablissements prestigieux ou priv\u00e9s. Merci \u00e0 l&rsquo;ang\u00e9lisme p\u00e9dagogique des chercheurs des ann\u00e9es 1980 et autres sociologues qui ont contribu\u00e9 \u00e0 ringardiser la fonction d&rsquo;\u00e9duquer en expliquant que l&rsquo;\u00e9cole est d&rsquo;abord \u00ab\u00a0un lieu de vie\u00a0\u00bb o\u00f9 nous sommes tous, adultes comme \u00e9l\u00e8ves, des \u00e9gaux. Bienvenue dans l&rsquo;\u00e9cole de Babeuf !<\/p>\n<p>\u00ab\u00a0Les barbarismes langagiers pr\u00e9parent le terrain conduisant aux crimes les plus barbares. La cristallisation op\u00e9r\u00e9e par la pression du groupe, la pr\u00e9sence d&rsquo;un meneur charismatique, l&rsquo;inculture et une pinc\u00e9e d&rsquo;id\u00e9ologie faisant l&rsquo;apologie de la violence au nom de valeurs transcendantes, et le tour est jou\u00e9 : le \u00ab\u00a0gang des barbares\u00a0\u00bb est pr\u00eat \u00e0 mettre ses \u00ab\u00a0id\u00e9es\u00a0\u00bb en pratique. Ignorer le terreau sur lequel pousse cette haine irr\u00e9ductible de l&rsquo;Autre, c&rsquo;est continuer de s&rsquo;aveugler. Et qu&rsquo;on ne vienne pas nous parler de communautarisme : cette barbarie-l\u00e0 nous interpelle tous. Ma fille n&rsquo;est pas une jeune Fran\u00e7aise d&rsquo;origine maghr\u00e9bine vivant \u00e0 Vitry, mon fr\u00e8re n&rsquo;est pas homo, mon cousin n&rsquo;est pas juif, \u00e7a ne me concerne pas. Pas encore&#8230;<\/p>\n<p>\u00ab\u00a0A sa secr\u00e9taire, Hitler avait dit un jour : \u00ab\u00a0La parole jette des ponts vers des horizons inconnus.\u00a0\u00bb Le m\u00e9canisme du Sprachregelung (les \u00ab\u00a0r\u00e8gles de langage\u00a0\u00bb dans le vocable nazi) qui permit d&rsquo;encoder le crime et de maintenir l&rsquo;ordre mental n\u00e9cessaire \u00e0 sa perp\u00e9tration se prolonge quand une soci\u00e9t\u00e9 tol\u00e8re que sa jeunesse vive au quotidien, \u00e0 l&rsquo;\u00e9cole m\u00eame, dans la barbarie verbale. Cette soci\u00e9t\u00e9 n&rsquo;est-elle pas ensuite hypocrite lorsqu&rsquo;elle s&rsquo;indigne de compter des barbares dans ses rangs ?\u00a0\u00bb<\/p>\n<p>BARBARA LEFEBVRE<\/p>\n<p>D&rsquo;aucuns doutent peut-\u00eatre que l&rsquo;honorable quotidien du soir, si favorable jusqu&rsquo;ici \u00e0 la pens\u00e9e Meirieu and Co, comme il y avait autrefois une \u00ab\u00a0pens\u00e9e Mao-Ts\u00e9-Toung\u00a0\u00bb, ait os\u00e9 faire para\u00eetre cet article. Mais les temps changent, et ce ne sont pas les girouettes qui tournent, c&rsquo;est le vent. Alors, courez v\u00e9rifier mes sources sur <br \/>http:\/\/www.lemonde.fr\/web\/article\/0,1-0@2-3232,36-748325,0.html<\/p>\n","protected":false},"excerpt":{"rendered":"<p>Une affaire r\u00e9cente et parfaitement monstrueuse m&rsquo;incite \u00e0 pr\u00e9ciser ma pens\u00e9e.Le \u00ab\u00a0barbare\u00a0\u00bb, \u00e0 l&rsquo;origine, c&rsquo;est celui qui ne parle pas grec \u2014 ou, si l&rsquo;on pr\u00e9f\u00e8re, qui ne parle pas la langue de la culture.Et celui qui la parle mal fait des \u00ab\u00a0barbarismes\u00a0\u00bb.Pour avoir entendu r\u00e9cemment un enseignant en \u00ab\u00a0sciences\u00a0\u00bb de l&rsquo;\u00e9ducation pr\u00e9coniser \u00e0 des [&hellip;]<\/p>\n","protected":false},"author":6,"featured_media":0,"comment_status":"open","ping_status":"open","sticky":false,"template":"","format":"standard","meta":{"footnotes":""},"categories":[1],"tags":[],"class_list":{"0":"post-24","1":"post","2":"type-post","3":"status-publish","4":"format-standard","6":"category-non-classe"},"_links":{"self":[{"href":"https:\/\/blog.causeur.fr\/bonnetdane\/wp-json\/wp\/v2\/posts\/24","targetHints":{"allow":["GET"]}}],"collection":[{"href":"https:\/\/blog.causeur.fr\/bonnetdane\/wp-json\/wp\/v2\/posts"}],"about":[{"href":"https:\/\/blog.causeur.fr\/bonnetdane\/wp-json\/wp\/v2\/types\/post"}],"author":[{"embeddable":true,"href":"https:\/\/blog.causeur.fr\/bonnetdane\/wp-json\/wp\/v2\/users\/6"}],"replies":[{"embeddable":true,"href":"https:\/\/blog.causeur.fr\/bonnetdane\/wp-json\/wp\/v2\/comments?post=24"}],"version-history":[{"count":0,"href":"https:\/\/blog.causeur.fr\/bonnetdane\/wp-json\/wp\/v2\/posts\/24\/revisions"}],"wp:attachment":[{"href":"https:\/\/blog.causeur.fr\/bonnetdane\/wp-json\/wp\/v2\/media?parent=24"}],"wp:term":[{"taxonomy":"category","embeddable":true,"href":"https:\/\/blog.causeur.fr\/bonnetdane\/wp-json\/wp\/v2\/categories?post=24"},{"taxonomy":"post_tag","embeddable":true,"href":"https:\/\/blog.causeur.fr\/bonnetdane\/wp-json\/wp\/v2\/tags?post=24"}],"curies":[{"name":"wp","href":"https:\/\/api.w.org\/{rel}","templated":true}]}}