{"id":2457,"date":"2018-11-09T13:19:27","date_gmt":"2018-11-09T11:19:27","guid":{"rendered":"https:\/\/blog.causeur.fr\/bonnetdane\/?p=2457"},"modified":"2021-04-22T18:48:39","modified_gmt":"2021-04-22T16:48:39","slug":"11-novembre-1918-obseques-dapollinaire","status":"publish","type":"post","link":"https:\/\/blog.causeur.fr\/bonnetdane\/11-novembre-1918-obseques-dapollinaire-2457","title":{"rendered":"11 novembre 1918, obs\u00e8ques d\u2019Apollinaire"},"content":{"rendered":"<p><a href=\"https:\/\/blog.causeur.fr\/bonnetdane\/11-novembre-1918-obseques-dapollinaire-002457.html\/unknown1\" rel=\"attachment wp-att-2459\"><br \/>\n<\/a><a href=\"https:\/\/blog.causeur.fr\/bonnetdane\/11-novembre-1918-obseques-dapollinaire-002457.html\/450px-guillaume_apollinaire_pere_lachaise\" rel=\"attachment wp-att-2462\"><img loading=\"lazy\" decoding=\"async\" class=\"aligncenter size-full wp-image-2462\" src=\"https:\/\/blog.causeur.fr\/bonnetdane\/files\/2018\/11\/450px-Guillaume_Apollinaire_P\u00e8re_Lachaise.jpg\" alt=\"450px-Guillaume_Apollinaire_(P\u00e8re_Lachaise)\" width=\"450\" height=\"600\" srcset=\"https:\/\/blog.causeur.fr\/bonnetdane\/wp-content\/uploads\/sites\/25\/2018\/11\/450px-Guillaume_Apollinaire_P\u00e8re_Lachaise.jpg 450w, https:\/\/blog.causeur.fr\/bonnetdane\/wp-content\/uploads\/sites\/25\/2018\/11\/450px-Guillaume_Apollinaire_P\u00e8re_Lachaise-225x300.jpg 225w\" sizes=\"auto, (max-width: 450px) 100vw, 450px\" \/><\/a>Apollinaire est mort le 9 novembre 1918 \u2014 l\u2019une des innombrables victimes de la grippe dite \u00ab espagnole \u00bb \u2014 ainsi qualifi\u00e9e parce que la presse fran\u00e7aise, musel\u00e9e par la guerre, avait pour instruction d\u2019affirmer que le virus \u00e9tait rest\u00e9 cantonn\u00e9 outre-Pyr\u00e9n\u00e9es \u2014 comme la radio-activit\u00e9 de Tchernobyl est rest\u00e9e en-de\u00e7\u00e0 des Alpes, il y a quelques ann\u00e9es.<br \/>\nDe la grippe et pas de sa blessure \u00e0 la t\u00eate, un \u00e9clat d\u2019obus re\u00e7u en mars 1916.<a href=\"https:\/\/blog.causeur.fr\/bonnetdane\/11-novembre-1918-obseques-dapollinaire-002457.html\/068pica\" rel=\"attachment wp-att-2463\"><img loading=\"lazy\" decoding=\"async\" class=\"aligncenter size-full wp-image-2463\" src=\"https:\/\/blog.causeur.fr\/bonnetdane\/files\/2018\/11\/068pica.jpg\" alt=\"068pica\" width=\"198\" height=\"276\" \/><\/a> Certes, la cicatrisation fut lente, la convalescence compliqu\u00e9e, mais tout cela lui avait laiss\u00e9 le temps d\u2019inventer le mot \u00ab surr\u00e9alisme \u00bb, et d\u2019\u00e9pouser Jacqueline, l\u2019\u00ab adorable rousse \u00bb pour laquelle il \u00e9crit l\u2019un de ses derniers po\u00e8mes :<\/p>\n<p>\u00ab\u00a0O Soleil c&rsquo;est le temps de la raison ardente<br \/>\nEt j&rsquo;attends<br \/>\nPour la suivre toujours la forme noble et douce<br \/>\nQu&rsquo;elle prend afin que je l&rsquo;aime seulement<br \/>\nElle vient et m&rsquo;attire ainsi qu&rsquo;un fer l&rsquo;aimant<br \/>\nElle a l&rsquo;aspect charmant<br \/>\nD&rsquo;une adorable rousse<br \/>\nSes cheveux sont d&rsquo;or on dirait<br \/>\nUn bel \u00e9clair qui durerait<br \/>\nOu ces flammes qui se pavanent<br \/>\nDans les roses-th\u00e9 qui se fanent<br \/>\nMais riez de moi<br \/>\nHommes de partout surtout gens d&rsquo;ici<br \/>\nCar il y a tant de choses que je n&rsquo;ose vous dire<br \/>\nTant de choses que vous ne me laisseriez pas dire<br \/>\nAyez piti\u00e9 de moi\u00a0\u00bb<\/p>\n<p>Jacqueline suit le convoi fun\u00e8bre, de saint-Germain au P\u00e8re-Lachaise \u2014 sous les hu\u00e9es de la foule enflamm\u00e9e de victoire et hurlant \u00ab \u00e0 bas Guillaume ! \u00bb \u2014 le roi de Prusse, bien s\u00fbr, mais comment les camarades en deuil qui suivent le cort\u00e8ge ne s\u2019y tromperaient-ils pas ? <a href=\"https:\/\/www.youtube.com\/watch?v=SxWQ5G5Ma9s\">Voir le t\u00e9moignage de Cendrars<\/a>, autre grand engag\u00e9 volontaire \u00e9tranger en 14, et ami d&rsquo;Apollinaire et de Max Jacob, pr\u00e9sent aux fun\u00e9railles comme un ludion noir, \u00e0 ce sujet.<br \/>\nJacqueline sera enterr\u00e9e dans la m\u00eame tombe, cinquante ans plus tard. Cinquante ans \u00e0 \u00eatre la veuve du plus grand magicien de ce d\u00e9but de si\u00e8cle. Deux ans \u00e0 peine apr\u00e8s Madeleine Pag\u00e8s, la marraine du guerrier volontaire (il est engag\u00e9 en temps qu\u2019italien, comme tant d\u2019autres qui formeront, un temps, la l\u00e9gion Garibaldi), pour laquelle il a travers\u00e9 la M\u00e9diterran\u00e9e le temps d\u2019une permission. Quatre ans apr\u00e8s Louise de Coligny-Ch\u00e2tillon, la Lou des po\u00e8mes, la derni\u00e8re violemment (\u00e0 tous les sens du terme) aim\u00e9e. Apollinaire, comme son ami Gustave le Rouge, l\u2019immortel cr\u00e9ateur du <em>Docteur Corn\u00e9lius<\/em>, a ses petites manies : lire <em>les Prosp\u00e9rit\u00e9s du fouet<\/em>, <a href=\"https:\/\/journals.openedition.org\/terrain\/16163\">la belle \u00e9tude que Christophe Granger a consacr\u00e9e aux maniaques de la Belle Epoque<\/a> \u2014 cette \u00e9poque o\u00f9 Pierre Mac Orlan, sous des pseudos plus ou moins transparents (Sadinet ou Pierre Dumarchey, son vrai patronyme) publiait des r\u00e9cits badins de m\u0153urs \u00ab anglaises \u00bb, comme on disait alors.<a href=\"https:\/\/blog.causeur.fr\/bonnetdane\/11-novembre-1918-obseques-dapollinaire-002457.html\/img-5-small480\" rel=\"attachment wp-att-2461\"><img loading=\"lazy\" decoding=\"async\" class=\"aligncenter size-full wp-image-2461\" src=\"https:\/\/blog.causeur.fr\/bonnetdane\/files\/2018\/11\/img-5-small480.jpg\" alt=\"img-5-small480\" width=\"480\" height=\"707\" srcset=\"https:\/\/blog.causeur.fr\/bonnetdane\/wp-content\/uploads\/sites\/25\/2018\/11\/img-5-small480.jpg 480w, https:\/\/blog.causeur.fr\/bonnetdane\/wp-content\/uploads\/sites\/25\/2018\/11\/img-5-small480-204x300.jpg 204w\" sizes=\"auto, (max-width: 480px) 100vw, 480px\" \/><\/a>\u00a0Lire surtout <em>les Onze mille verges<\/em>,<a href=\"https:\/\/blog.causeur.fr\/bonnetdane\/11-novembre-1918-obseques-dapollinaire-002457.html\/unknown-3\" rel=\"attachment wp-att-2460\"><img loading=\"lazy\" decoding=\"async\" class=\"aligncenter size-full wp-image-2460\" src=\"https:\/\/blog.causeur.fr\/bonnetdane\/files\/2018\/11\/Unknown.jpeg\" alt=\"Unknown\" width=\"182\" height=\"293\" \/><\/a> o\u00f9 le po\u00e8te explique une fois pour toutes que la flagellation fait partie des arts du scripteur\u00a0:<\/p>\n<p>\u00ab\u00a0Le Tatar \u00e9tait un artiste et les coups qu\u2019il frappait se r\u00e9unissaient pour former un dessin calligraphique. Sur le bas du dos, au-dessus des fesses, le mot <em>putain <\/em>apparut bient\u00f4t distinctement.\u00a0\u00bb<\/p>\n<div id=\"ligne\"><\/div>\n<p>On pr\u00e9f\u00e8re h\u00e9berger au Panth\u00e9on Maurice Genevoix \u2014 cet inlassable fournisseur de dict\u00e9es tout au long des IIIe et IVe R\u00e9publiques. Soit. Il est sans doute plus pr\u00e9sentable que l'\u00a0\u00bbenchanteur pourrissant\u00a0\u00bb. Depuis Pompidou, le niveau litt\u00e9raire a baiss\u00e9, \u00e0 l\u2019Elys\u00e9e.<\/p>\n<p>Cela nous laisse le P\u00e8re-Lachaise pour nous, les po\u00e8tes vrais, les fouetteurs du sens, les dionysiaques \u2014 \u00ab Ecoutez mes chants d\u2019universelle ivrognerie \u00bb \u2014, nous qui savons que \u00ab\u00a0le Rhin est ivre o\u00f9 les vignes se mirent\u00a0\u00bb : bon sang, quel vers \u00a0\u2014 o\u00f9 les combinaisons phoniques \u00ab\u00a0m\u00a0\u00bb, \u00ab\u00a0r\u00a0\u00bb, \u00ab\u00a0v\u00a0\u00bb et \u00ab\u00a0i\u00a0\u00bb disent la <em>merveille <\/em>sans m\u00eame la nommer\u2026<\/p>\n<p>Apollinaire s\u2019est engag\u00e9 en 14 sans haine pour les Allemands : il avait connu en Allemagne, en 1901-1902, cette Annie Playden, gouvernante anglaise coinc\u00e9e qui lui inspirera quand m\u00eame \u00ab la Chanson du mal-aim\u00e9e \u00bb. Ce n\u2019est pas rien. Tiens, elle est morte la m\u00eame ann\u00e9e que Jacqueline \u2014 c\u2019est fou ce que ces femmes aim\u00e9es ont surv\u00e9cu \u00e0 l\u2019amant trop t\u00f4t parti. Sans plus personne pour les chanter. Cinquante ans de solitude.<\/p>\n<p>Ce 11 novembre m\u2019\u00e9voque bien s\u00fbr la fin de ces quatre ans d\u2019horreur \u2014 et la victoire sur les Prussiens. \u00ab Les Boches \u00bb, disait mon grand-p\u00e8re, heureux gagnant de deux guerres mondiales. Mais il m\u2019\u00e9voque surtout la figure d\u2019Apollinaire, mort deux jours avant l\u2019armistice, mort trop t\u00f4t \u2014 \u00e0 38 ans. Il\u00a0en est de la vie des po\u00e8tes comme du silence apr\u00e8s un morceau de Mozart : tout mort, qu\u2019ils soient, ils restent vivants, et hantent encore :<\/p>\n<p>\u00ab\u00a0Ah Dieu ! que la guerre est jolie<br \/>\nAvec ses chants ses longs loisirs<br \/>\nCette bague je l&rsquo;ai polie<br \/>\nLe vent se m\u00eale \u00e0 vos soupirs<\/p>\n<p>Adieu ! voici le boute-selle<br \/>\nIl disparut dans un tournant<br \/>\nEt mourut l\u00e0-bas tandis qu&rsquo;elle<br \/>\nRiait au destin surprenant\u00a0\u00bb<\/p>\n<p>Jean-Paul Brighelli<\/p>\n","protected":false},"excerpt":{"rendered":"<p>Apollinaire est mort le 9 novembre 1918 \u2014 l\u2019une des innombrables victimes de la grippe dite \u00ab espagnole \u00bb \u2014 ainsi qualifi\u00e9e parce que la presse fran\u00e7aise, musel\u00e9e par la guerre, avait pour instruction d\u2019affirmer que le virus \u00e9tait rest\u00e9 cantonn\u00e9 outre-Pyr\u00e9n\u00e9es \u2014 comme la radio-activit\u00e9 de Tchernobyl est rest\u00e9e en-de\u00e7\u00e0 des Alpes, il y [&hellip;]<\/p>\n","protected":false},"author":6,"featured_media":0,"comment_status":"open","ping_status":"open","sticky":false,"template":"","format":"standard","meta":{"footnotes":""},"categories":[1],"tags":[1591,1592,1593],"class_list":{"0":"post-2457","1":"post","2":"type-post","3":"status-publish","4":"format-standard","6":"category-non-classe","7":"tag-11-novembre","8":"tag-14-18","9":"tag-apollinaire"},"_links":{"self":[{"href":"https:\/\/blog.causeur.fr\/bonnetdane\/wp-json\/wp\/v2\/posts\/2457","targetHints":{"allow":["GET"]}}],"collection":[{"href":"https:\/\/blog.causeur.fr\/bonnetdane\/wp-json\/wp\/v2\/posts"}],"about":[{"href":"https:\/\/blog.causeur.fr\/bonnetdane\/wp-json\/wp\/v2\/types\/post"}],"author":[{"embeddable":true,"href":"https:\/\/blog.causeur.fr\/bonnetdane\/wp-json\/wp\/v2\/users\/6"}],"replies":[{"embeddable":true,"href":"https:\/\/blog.causeur.fr\/bonnetdane\/wp-json\/wp\/v2\/comments?post=2457"}],"version-history":[{"count":0,"href":"https:\/\/blog.causeur.fr\/bonnetdane\/wp-json\/wp\/v2\/posts\/2457\/revisions"}],"wp:attachment":[{"href":"https:\/\/blog.causeur.fr\/bonnetdane\/wp-json\/wp\/v2\/media?parent=2457"}],"wp:term":[{"taxonomy":"category","embeddable":true,"href":"https:\/\/blog.causeur.fr\/bonnetdane\/wp-json\/wp\/v2\/categories?post=2457"},{"taxonomy":"post_tag","embeddable":true,"href":"https:\/\/blog.causeur.fr\/bonnetdane\/wp-json\/wp\/v2\/tags?post=2457"}],"curies":[{"name":"wp","href":"https:\/\/api.w.org\/{rel}","templated":true}]}}