{"id":2458,"date":"2018-11-11T11:44:18","date_gmt":"2018-11-11T09:44:18","guid":{"rendered":"https:\/\/blog.causeur.fr\/bonnetdane\/?p=2458"},"modified":"2021-04-22T18:48:39","modified_gmt":"2021-04-22T16:48:39","slug":"marseille-en-desherence","status":"publish","type":"post","link":"https:\/\/blog.causeur.fr\/bonnetdane\/marseille-en-desherence-2458","title":{"rendered":"Marseille en d\u00e9sh\u00e9rence"},"content":{"rendered":"<p><a href=\"https:\/\/blog.causeur.fr\/bonnetdane\/marseille-en-desherence-002458.html\/manif-1\" rel=\"attachment wp-att-2465\"><img loading=\"lazy\" decoding=\"async\" class=\"aligncenter size-full wp-image-2465\" src=\"https:\/\/blog.causeur.fr\/bonnetdane\/files\/2018\/11\/Manif-1.png\" alt=\"Manif 1\" width=\"602\" height=\"394\" srcset=\"https:\/\/blog.causeur.fr\/bonnetdane\/wp-content\/uploads\/sites\/25\/2018\/11\/Manif-1.png 602w, https:\/\/blog.causeur.fr\/bonnetdane\/wp-content\/uploads\/sites\/25\/2018\/11\/Manif-1-300x196.png 300w, https:\/\/blog.causeur.fr\/bonnetdane\/wp-content\/uploads\/sites\/25\/2018\/11\/Manif-1-458x300.png 458w\" sizes=\"auto, (max-width: 602px) 100vw, 602px\" \/><\/a>Il se passe toujours quelque chose \u00e0 Marseille : parti couvrir la \u00ab marche blanche \u00bb des habitants du centre-ville pri\u00e9s de d\u00e9m\u00e9nager pour cause d\u2019instabilit\u00e9 architecturale, j\u2019ai appris en cours de manifestation qu\u2019un balcon s\u2019\u00e9tait effondr\u00e9 Cours Garibaldi \u2014 \u00e0 30 m\u00e8tres des voitures de police rang\u00e9es en \u00e9pi devant le plus gros commissariat de la ville. Beaux gravats, trois bless\u00e9s l\u00e9gers.<a href=\"https:\/\/blog.causeur.fr\/bonnetdane\/marseille-en-desherence-002458.html\/corniche\" rel=\"attachment wp-att-2466\"><img loading=\"lazy\" decoding=\"async\" class=\"aligncenter size-full wp-image-2466\" src=\"https:\/\/blog.causeur.fr\/bonnetdane\/files\/2018\/11\/corniche.png\" alt=\"corniche\" width=\"331\" height=\"499\" srcset=\"https:\/\/blog.causeur.fr\/bonnetdane\/wp-content\/uploads\/sites\/25\/2018\/11\/corniche.png 331w, https:\/\/blog.causeur.fr\/bonnetdane\/wp-content\/uploads\/sites\/25\/2018\/11\/corniche-199x300.png 199w\" sizes=\"auto, (max-width: 331px) 100vw, 331px\" \/><\/a> Rue coup\u00e9e : de toute fa\u00e7on le Cours Lieutaud, dans le prolongement, l\u2019est depuis une semaine, \u00e0 cause des travaux de d\u00e9blaiement des trois immeubles r\u00e9duits en gravats.<br \/>\nEt le temps que je monte sur place, la rue de Rome \u00e9tait coup\u00e9e elle aussi, juste en face des coquillages de Toinou, par une intervention urgente des pompiers \u2014 que je salue au passage, il faut \u00eatre dou\u00e9 d\u2019ubiquit\u00e9, en ce moment, dans cette ville, pour faire ce m\u00e9tier.<a href=\"https:\/\/blog.causeur.fr\/bonnetdane\/marseille-en-desherence-002458.html\/rue-de-rome\" rel=\"attachment wp-att-2467\"><img loading=\"lazy\" decoding=\"async\" class=\"aligncenter size-full wp-image-2467\" src=\"https:\/\/blog.causeur.fr\/bonnetdane\/files\/2018\/11\/rue-de-rome.png\" alt=\"rue de rome\" width=\"594\" height=\"355\" srcset=\"https:\/\/blog.causeur.fr\/bonnetdane\/wp-content\/uploads\/sites\/25\/2018\/11\/rue-de-rome.png 594w, https:\/\/blog.causeur.fr\/bonnetdane\/wp-content\/uploads\/sites\/25\/2018\/11\/rue-de-rome-300x179.png 300w, https:\/\/blog.causeur.fr\/bonnetdane\/wp-content\/uploads\/sites\/25\/2018\/11\/rue-de-rome-500x300.png 500w\" sizes=\"auto, (max-width: 594px) 100vw, 594px\" \/><\/a><\/p>\n<p>Marseille est la seule ville de France dont le centre est laiss\u00e9 \u00e0 l\u2019abandon. La seule ville d\u2019Europe dont l\u2019habitat central, \u00e0 48%, est insalubre. Amis parisiens en qu\u00eate d\u2019exotisme et de Tiers-monde, renoncez au Nigeria, oubliez les Philippines, snobez le Liban : Beyrouth est \u00e0 trois heures de train de la capitale, et s\u2019appelle Marseille.<\/p>\n<p>Une promenade, nez en l\u2019air, vous en convaincra ais\u00e9ment. Les immeubles du Quartier Noailles furent jadis de bonne tenue. Mais les saints patrons install\u00e9s aux corniches<a href=\"https:\/\/blog.causeur.fr\/bonnetdane\/marseille-en-desherence-002458.html\/saint-1\" rel=\"attachment wp-att-2468\"><img loading=\"lazy\" decoding=\"async\" class=\"alignleft size-full wp-image-2468\" src=\"https:\/\/blog.causeur.fr\/bonnetdane\/files\/2018\/11\/Saint-1.png\" alt=\"Saint 1\" width=\"154\" height=\"235\" \/><\/a><a href=\"https:\/\/blog.causeur.fr\/bonnetdane\/marseille-en-desherence-002458.html\/saint-1\" rel=\"attachment wp-att-2468\"><br \/>\n<\/a> ne prot\u00e8gent plus les habitants des coups du sort et de l\u2019incurie municipale. D\u2019ailleurs, ils sont d\u00e9sormais en concurrence avec les po\u00eales \u00e0 frire qui permettent de capter Sainte Al Jezeera, nouvelles paraboles d\u2019une nouvelle religion.<a href=\"https:\/\/blog.causeur.fr\/bonnetdane\/marseille-en-desherence-002458.html\/saint-paraboles\" rel=\"attachment wp-att-2469\"><img loading=\"lazy\" decoding=\"async\" class=\"alignleft size-full wp-image-2469\" src=\"https:\/\/blog.causeur.fr\/bonnetdane\/files\/2018\/11\/Saint-paraboles.png\" alt=\"Saint : paraboles\" width=\"315\" height=\"475\" srcset=\"https:\/\/blog.causeur.fr\/bonnetdane\/wp-content\/uploads\/sites\/25\/2018\/11\/Saint-paraboles.png 315w, https:\/\/blog.causeur.fr\/bonnetdane\/wp-content\/uploads\/sites\/25\/2018\/11\/Saint-paraboles-199x300.png 199w\" sizes=\"auto, (max-width: 315px) 100vw, 315px\" \/><\/a><\/p>\n<p>&nbsp;<\/p>\n<p>&nbsp;<\/p>\n<p>&nbsp;<\/p>\n<p>&nbsp;<\/p>\n<p>&nbsp;<\/p>\n<p>&nbsp;<\/p>\n<p>&nbsp;<\/p>\n<p>&nbsp;<\/p>\n<p>&nbsp;<\/p>\n<p>&nbsp;<\/p>\n<p>&nbsp;<\/p>\n<p>Les fa\u00e7ades \u00e9caill\u00e9es,<a href=\"https:\/\/blog.causeur.fr\/bonnetdane\/marseille-en-desherence-002458.html\/fac%cc%a7ade-1\" rel=\"attachment wp-att-2470\"><img loading=\"lazy\" decoding=\"async\" class=\"alignleft size-full wp-image-2470\" src=\"https:\/\/blog.causeur.fr\/bonnetdane\/files\/2018\/11\/Fac\u0327ade-1.png\" alt=\"Fac\u0327ade 1\" width=\"477\" height=\"313\" srcset=\"https:\/\/blog.causeur.fr\/bonnetdane\/wp-content\/uploads\/sites\/25\/2018\/11\/Fac\u0327ade-1.png 477w, https:\/\/blog.causeur.fr\/bonnetdane\/wp-content\/uploads\/sites\/25\/2018\/11\/Fac\u0327ade-1-300x197.png 300w, https:\/\/blog.causeur.fr\/bonnetdane\/wp-content\/uploads\/sites\/25\/2018\/11\/Fac\u0327ade-1-457x300.png 457w\" sizes=\"auto, (max-width: 477px) 100vw, 477px\" \/><\/a>\u00a0l\u00e9zard\u00e9es,<a href=\"https:\/\/blog.causeur.fr\/bonnetdane\/marseille-en-desherence-002458.html\/fac%cc%a7ade-2\" rel=\"attachment wp-att-2471\"><img loading=\"lazy\" decoding=\"async\" class=\"aligncenter size-full wp-image-2471\" src=\"https:\/\/blog.causeur.fr\/bonnetdane\/files\/2018\/11\/fac\u0327ade-2.png\" alt=\"fac\u0327ade 2\" width=\"311\" height=\"471\" srcset=\"https:\/\/blog.causeur.fr\/bonnetdane\/wp-content\/uploads\/sites\/25\/2018\/11\/fac\u0327ade-2.png 311w, https:\/\/blog.causeur.fr\/bonnetdane\/wp-content\/uploads\/sites\/25\/2018\/11\/fac\u0327ade-2-198x300.png 198w\" sizes=\"auto, (max-width: 311px) 100vw, 311px\" \/><\/a> condamn\u00e9es,<a href=\"https:\/\/blog.causeur.fr\/bonnetdane\/marseille-en-desherence-002458.html\/fac%cc%a7ade-3\" rel=\"attachment wp-att-2472\"><img loading=\"lazy\" decoding=\"async\" class=\"alignright size-full wp-image-2472\" src=\"https:\/\/blog.causeur.fr\/bonnetdane\/files\/2018\/11\/Fac\u0327ade-3.png\" alt=\"Fac\u0327ade 3\" width=\"313\" height=\"475\" srcset=\"https:\/\/blog.causeur.fr\/bonnetdane\/wp-content\/uploads\/sites\/25\/2018\/11\/Fac\u0327ade-3.png 313w, https:\/\/blog.causeur.fr\/bonnetdane\/wp-content\/uploads\/sites\/25\/2018\/11\/Fac\u0327ade-3-198x300.png 198w\" sizes=\"auto, (max-width: 313px) 100vw, 313px\" \/><\/a><a href=\"https:\/\/blog.causeur.fr\/bonnetdane\/marseille-en-desherence-002458.html\/fac%cc%a7ade-3\" rel=\"attachment wp-att-2472\"><br \/>\n<\/a> camouflent \u00e0 peine les toits crev\u00e9s, rue du Mus\u00e9e.<a href=\"https:\/\/blog.causeur.fr\/bonnetdane\/marseille-en-desherence-002458.html\/musee-detail\" rel=\"attachment wp-att-2473\"><img loading=\"lazy\" decoding=\"async\" class=\"alignright size-full wp-image-2473\" src=\"https:\/\/blog.causeur.fr\/bonnetdane\/files\/2018\/11\/Muse\u0301e-de\u0301tail.png\" alt=\"Muse\u0301e de\u0301tail\" width=\"315\" height=\"472\" srcset=\"https:\/\/blog.causeur.fr\/bonnetdane\/wp-content\/uploads\/sites\/25\/2018\/11\/Muse\u0301e-de\u0301tail.png 315w, https:\/\/blog.causeur.fr\/bonnetdane\/wp-content\/uploads\/sites\/25\/2018\/11\/Muse\u0301e-de\u0301tail-200x300.png 200w\" sizes=\"auto, (max-width: 315px) 100vw, 315px\" \/><\/a> C\u2019est bien pour les pigeons. C\u2019est m\u00e9diocre pour les humains qui s\u2019obstinent \u00e0 vivre ici. Que ne d\u00e9m\u00e9nagent-ils donc pour aller habiter le VIIIe arrondissement, comme Gaudin, ou le VIIe, comme la s\u00e9natrice Samia Ghali\u2026<\/p>\n<p>Il y a deux Marseille. L\u2019un commence \u00e0 Castellane, occupe le Prado, le boulevard Michelet et le stade V\u00e9lodrome, jusqu\u2019\u00e0 l\u2019ob\u00e9lisque de Mazargues, et s\u2019\u00e9tend jusqu\u2019\u00e0 la mer, via Bor\u00e9ly et la Pointe Rouge, avec enclave au Roucas Blanc. L\u2019autre \u2014 l\u2019autre, c\u2019est le reste de la ville. Une ville endett\u00e9e au-del\u00e0 du raisonnable, en quasi-cessation de paiement, qui ne tient debout, au jour le jour, que par son \u00e9conomie souterraine \u2014 les \u00ab Marrrrlboro \u00bb que vous fourguent les vendeurs \u00e0 la sauvette dans la Quartier Noailles, justement, et le trafic de drogue. C\u2019est ce qui met du bouillon dans le couscous \u2014 et rien d\u2019autre.<br \/>\nPlus de la moiti\u00e9 des habitants de la ville ne sont pas assujettis \u00e0 l\u2019imp\u00f4t, par d\u00e9faut de revenus \u2014 contre 12% \u00e0 Lyon. Et le petit paquet noir assis sur une cagette au milieu du carrefour, c\u2019est une gamine en burka qui fait la manche \u2014 c\u2019\u00e9tait vendredi, jour propice \u00e0 l\u2019aum\u00f4ne\u2026<a href=\"https:\/\/blog.causeur.fr\/bonnetdane\/marseille-en-desherence-002458.html\/burka\" rel=\"attachment wp-att-2474\"><img loading=\"lazy\" decoding=\"async\" class=\"alignright size-full wp-image-2474\" src=\"https:\/\/blog.causeur.fr\/bonnetdane\/files\/2018\/11\/Burka.png\" alt=\"Burka\" width=\"250\" height=\"360\" srcset=\"https:\/\/blog.causeur.fr\/bonnetdane\/wp-content\/uploads\/sites\/25\/2018\/11\/Burka.png 250w, https:\/\/blog.causeur.fr\/bonnetdane\/wp-content\/uploads\/sites\/25\/2018\/11\/Burka-208x300.png 208w\" sizes=\"auto, (max-width: 250px) 100vw, 250px\" \/><\/a><\/p>\n<p>Mais tant que les touristes sont mis sur les rails du port, de Notre-Dame de la Garde et de l\u2019abbaye de Saint-Victor, \u00e0 la rigueur de ce caf\u00e9 \u00ab si parisien \u00bb sis \u00e0 c\u00f4t\u00e9 de chez Lempereur, dont Giono parle si bien dans <em>No\u00e9<\/em>\u2026 Tant qu\u2019ils reviennent au bateau goinfr\u00e9s de cartes postales visuelles et bien \u00e0 l\u2019abri de la mis\u00e8re qui, quoi qu\u2019en ait dit Aznavour, n\u2019est pas moins p\u00e9nible au soleil\u2026 Tant que le tourisme va, rien ne peut troubler Jean-Claude Gaudin. Tout dans la fa\u00e7ade !<br \/>\nOui \u2014 mais les fa\u00e7ades se l\u00e9zardent. Un rapport en 2015 ciblait d\u00e9j\u00e0 les immeubles qui se sont effondr\u00e9s, rue d\u2019Aubagne ?<a href=\"https:\/\/blog.causeur.fr\/bonnetdane\/marseille-en-desherence-002458.html\/rue-daubagne\" rel=\"attachment wp-att-2475\"><img loading=\"lazy\" decoding=\"async\" class=\"aligncenter size-full wp-image-2475\" src=\"https:\/\/blog.causeur.fr\/bonnetdane\/files\/2018\/11\/rue-daubagne.png\" alt=\"rue d'aubagne\" width=\"313\" height=\"474\" srcset=\"https:\/\/blog.causeur.fr\/bonnetdane\/wp-content\/uploads\/sites\/25\/2018\/11\/rue-daubagne.png 313w, https:\/\/blog.causeur.fr\/bonnetdane\/wp-content\/uploads\/sites\/25\/2018\/11\/rue-daubagne-198x300.png 198w\" sizes=\"auto, (max-width: 313px) 100vw, 313px\" \/><\/a> Broutilles. C\u2019est la faute \u00e0 la pluie, as-tu dit\u2026<br \/>\nEh bien non, Jean-Claude, ce n\u2019est pas la faute \u00e0 la pluie.<a href=\"https:\/\/blog.causeur.fr\/bonnetdane\/marseille-en-desherence-002458.html\/pluie-1\" rel=\"attachment wp-att-2476\"><img loading=\"lazy\" decoding=\"async\" class=\"aligncenter size-full wp-image-2476\" src=\"https:\/\/blog.causeur.fr\/bonnetdane\/files\/2018\/11\/Pluie-1.png\" alt=\"Pluie 1\" width=\"476\" height=\"319\" srcset=\"https:\/\/blog.causeur.fr\/bonnetdane\/wp-content\/uploads\/sites\/25\/2018\/11\/Pluie-1.png 476w, https:\/\/blog.causeur.fr\/bonnetdane\/wp-content\/uploads\/sites\/25\/2018\/11\/Pluie-1-300x201.png 300w, https:\/\/blog.causeur.fr\/bonnetdane\/wp-content\/uploads\/sites\/25\/2018\/11\/Pluie-1-448x300.png 448w\" sizes=\"auto, (max-width: 476px) 100vw, 476px\" \/><\/a> Ce sont des immeubles de pauvres, construits au XVIIIe si\u00e8cle (Sade est venu faire une orgie de flagellation rue d\u2019Aubagne) avec des mat\u00e9riaux de pauvres \u2014 impossible de planter un clou dans le mur, c\u2019est du mauvais mortier qui part en sable. Impossible de sauter \u00e0 la corde dans les appartements : le sol est fait de canisses pos\u00e9s sur des poutres pourries.<br \/>\nEt les rats qui peuplent la ville, et se nourrissent des d\u00e9chets des pauvres, ce n\u2019est pas non plus la faute \u00e0 la pluie. Les moustiques qui ont emp\u00each\u00e9 tes concitoyens de dormir, tout l\u2019\u00e9t\u00e9, ce n\u2019\u00e9tait pas la pluie non plus.<a href=\"https:\/\/blog.causeur.fr\/bonnetdane\/marseille-en-desherence-002458.html\/manif-2\" rel=\"attachment wp-att-2477\"><img loading=\"lazy\" decoding=\"async\" class=\"aligncenter size-full wp-image-2477\" src=\"https:\/\/blog.causeur.fr\/bonnetdane\/files\/2018\/11\/Manif-2.png\" alt=\"Manif 2\" width=\"592\" height=\"349\" srcset=\"https:\/\/blog.causeur.fr\/bonnetdane\/wp-content\/uploads\/sites\/25\/2018\/11\/Manif-2.png 592w, https:\/\/blog.causeur.fr\/bonnetdane\/wp-content\/uploads\/sites\/25\/2018\/11\/Manif-2-300x177.png 300w, https:\/\/blog.causeur.fr\/bonnetdane\/wp-content\/uploads\/sites\/25\/2018\/11\/Manif-2-500x295.png 500w\" sizes=\"auto, (max-width: 592px) 100vw, 592px\" \/><\/a><\/p>\n<div id=\"ligne\"><\/div>\n<p>Tu sais, mon Jean-Claude, je suis pass\u00e9 deux fois dans ton bureau du S\u00e9nat, quand tu en \u00e9tais vice-pr\u00e9sident. Le gentil jeune homme rougissant qui te servait alors de secr\u00e9taire, et qui faisait une th\u00e8se sur Jacques Maritain (eh, sur qui d\u2019autre pouvait-il la faire !) m\u2019avait montr\u00e9, tr\u00e8s fier, les belles photos o\u00f9 tu posais en compagnie du pape. Es-tu all\u00e9 \u00e0 confesse r\u00e9cemment, Jean-Claude ? L\u2019homicide par imprudence, par incurie, par incomp\u00e9tence, ce n\u2019est pas pr\u00e9vu dans les canons de l\u2019Eglise ? \u00ab Tu ne tueras point \u00bb, Jean-Claude \u2014 <em>remember<\/em> ?<br \/>\nOu par choix. Le Stade oui, les grands centres commerciaux oui, les tours majestueuses qui dominent la rade, oui \u2014 mais la souffrance des pauvres gens\u2026 Que d\u2019affaires juteuses se sont partag\u00e9es, et se partagent encore, les magnats de l\u2019immobilier ! Tout le monde sait que tu avais \u00e0 c\u0153ur, dans ce domaine, de faire mieux que Gaston : rassure-toi, c\u2019est fait.<\/p>\n<p>Jean-Paul Brighelli<\/p>\n<p>Toutes photos \u00a9JPB<\/p>\n","protected":false},"excerpt":{"rendered":"<p>Il se passe toujours quelque chose \u00e0 Marseille : parti couvrir la \u00ab marche blanche \u00bb des habitants du centre-ville pri\u00e9s de d\u00e9m\u00e9nager pour cause d\u2019instabilit\u00e9 architecturale, j\u2019ai appris en cours de manifestation qu\u2019un balcon s\u2019\u00e9tait effondr\u00e9 Cours Garibaldi \u2014 \u00e0 30 m\u00e8tres des voitures de police rang\u00e9es en \u00e9pi devant le plus gros commissariat [&hellip;]<\/p>\n","protected":false},"author":6,"featured_media":0,"comment_status":"open","ping_status":"open","sticky":false,"template":"","format":"standard","meta":{"footnotes":""},"categories":[1],"tags":[1595,1594,767,1596,61],"class_list":{"0":"post-2458","1":"post","2":"type-post","3":"status-publish","4":"format-standard","6":"category-non-classe","7":"tag-effondrements","8":"tag-insalubrite","9":"tag-jean-claude-gaudin","10":"tag-marche-blanche","11":"tag-marseille"},"_links":{"self":[{"href":"https:\/\/blog.causeur.fr\/bonnetdane\/wp-json\/wp\/v2\/posts\/2458","targetHints":{"allow":["GET"]}}],"collection":[{"href":"https:\/\/blog.causeur.fr\/bonnetdane\/wp-json\/wp\/v2\/posts"}],"about":[{"href":"https:\/\/blog.causeur.fr\/bonnetdane\/wp-json\/wp\/v2\/types\/post"}],"author":[{"embeddable":true,"href":"https:\/\/blog.causeur.fr\/bonnetdane\/wp-json\/wp\/v2\/users\/6"}],"replies":[{"embeddable":true,"href":"https:\/\/blog.causeur.fr\/bonnetdane\/wp-json\/wp\/v2\/comments?post=2458"}],"version-history":[{"count":0,"href":"https:\/\/blog.causeur.fr\/bonnetdane\/wp-json\/wp\/v2\/posts\/2458\/revisions"}],"wp:attachment":[{"href":"https:\/\/blog.causeur.fr\/bonnetdane\/wp-json\/wp\/v2\/media?parent=2458"}],"wp:term":[{"taxonomy":"category","embeddable":true,"href":"https:\/\/blog.causeur.fr\/bonnetdane\/wp-json\/wp\/v2\/categories?post=2458"},{"taxonomy":"post_tag","embeddable":true,"href":"https:\/\/blog.causeur.fr\/bonnetdane\/wp-json\/wp\/v2\/tags?post=2458"}],"curies":[{"name":"wp","href":"https:\/\/api.w.org\/{rel}","templated":true}]}}