{"id":2464,"date":"2018-11-15T06:28:21","date_gmt":"2018-11-15T04:28:21","guid":{"rendered":"https:\/\/blog.causeur.fr\/bonnetdane\/?p=2464"},"modified":"2021-04-22T18:48:39","modified_gmt":"2021-04-22T16:48:39","slug":"gaudin-assassin","status":"publish","type":"post","link":"https:\/\/blog.causeur.fr\/bonnetdane\/gaudin-assassin-2464","title":{"rendered":"\u00ab Gaudin assassin ! \u00bb"},"content":{"rendered":"<p><a href=\"https:\/\/blog.causeur.fr\/bonnetdane\/gaudin-assassin-002464.html\/assassin\" rel=\"attachment wp-att-2480\"><img loading=\"lazy\" decoding=\"async\" class=\"aligncenter size-full wp-image-2480\" src=\"https:\/\/blog.causeur.fr\/bonnetdane\/files\/2018\/11\/Assassin.png\" alt=\"Assassin\" width=\"595\" height=\"390\" srcset=\"https:\/\/blog.causeur.fr\/bonnetdane\/wp-content\/uploads\/sites\/25\/2018\/11\/Assassin.png 595w, https:\/\/blog.causeur.fr\/bonnetdane\/wp-content\/uploads\/sites\/25\/2018\/11\/Assassin-300x197.png 300w, https:\/\/blog.causeur.fr\/bonnetdane\/wp-content\/uploads\/sites\/25\/2018\/11\/Assassin-458x300.png 458w\" sizes=\"auto, (max-width: 595px) 100vw, 595px\" \/><\/a>\u00ab Gaudin assassin ! \u00bb Pas de partis, pas de syndicats. Les banderoles en bonne et due forme \u00e9taient rares, les gens brandissaient des bouts de cartons sur lesquels \u00e9taient griffonn\u00e9s les messages.<a href=\"https:\/\/blog.causeur.fr\/bonnetdane\/gaudin-assassin-002464.html\/blood\" rel=\"attachment wp-att-2483\"><img loading=\"lazy\" decoding=\"async\" class=\"aligncenter size-full wp-image-2483\" src=\"https:\/\/blog.causeur.fr\/bonnetdane\/files\/2018\/11\/Blood.png\" alt=\"Blood\" width=\"644\" height=\"530\" srcset=\"https:\/\/blog.causeur.fr\/bonnetdane\/wp-content\/uploads\/sites\/25\/2018\/11\/Blood.png 644w, https:\/\/blog.causeur.fr\/bonnetdane\/wp-content\/uploads\/sites\/25\/2018\/11\/Blood-300x247.png 300w, https:\/\/blog.causeur.fr\/bonnetdane\/wp-content\/uploads\/sites\/25\/2018\/11\/Blood-365x300.png 365w\" sizes=\"auto, (max-width: 644px) 100vw, 644px\" \/><\/a> C\u2019\u00e9tait une manifestation prol\u00e9taire. Improvisation et spontan\u00e9it\u00e9. Juste l\u2019expression de la col\u00e8re. De l\u2019impossible travail de deuil.<a href=\"https:\/\/blog.causeur.fr\/bonnetdane\/gaudin-assassin-002464.html\/marseille-en-deuil\" rel=\"attachment wp-att-2492\"><img loading=\"lazy\" decoding=\"async\" class=\"aligncenter size-full wp-image-2492\" src=\"https:\/\/blog.causeur.fr\/bonnetdane\/files\/2018\/11\/Marseille-en-deuil.png\" alt=\"Marseille en deuil\" width=\"588\" height=\"395\" srcset=\"https:\/\/blog.causeur.fr\/bonnetdane\/wp-content\/uploads\/sites\/25\/2018\/11\/Marseille-en-deuil.png 588w, https:\/\/blog.causeur.fr\/bonnetdane\/wp-content\/uploads\/sites\/25\/2018\/11\/Marseille-en-deuil-300x202.png 300w, https:\/\/blog.causeur.fr\/bonnetdane\/wp-content\/uploads\/sites\/25\/2018\/11\/Marseille-en-deuil-447x300.png 447w\" sizes=\"auto, (max-width: 588px) 100vw, 588px\" \/><\/a>Et il y avait du monde. Beaucoup de monde. La manifestation a commenc\u00e9 apr\u00e8s 18 heures, l\u2019essentiel s\u2019est d\u00e9roul\u00e9 \u00e0 la nuit tomb\u00e9e, tout chiffrage est d\u00e9licat dans de telles circonstances, mais quand la t\u00eate de la manifestation est arriv\u00e9e \u00e0 la mairie, la queue occupait toujours la Canebi\u00e8re. Dix, douze mille personnes. Peut-\u00eatre un peu plus. C\u2019est beaucoup pour un rassemblement d\u00e9cid\u00e9 trois jours avant, et en milieu de semaine.<\/p>\n<p>\u00ab Gaudin assassin ! \u00bb La col\u00e8re. Le deuil. En t\u00eate de manif, les portraits des huit disparus de la rue d\u2019Aubagne \u2014 et comme c\u2019\u00e9taient des gens de peu, plusieurs d\u2019entre eux n\u2019avaient pas m\u00eame de visage \u2014 juste des silhouettes noires, \u00e9clair\u00e9es de huit flambeaux allum\u00e9s \u00e0 la sauvette.<a href=\"https:\/\/blog.causeur.fr\/bonnetdane\/gaudin-assassin-002464.html\/portraits\" rel=\"attachment wp-att-2481\"><img loading=\"lazy\" decoding=\"async\" class=\"aligncenter size-full wp-image-2481\" src=\"https:\/\/blog.causeur.fr\/bonnetdane\/files\/2018\/11\/portraits.png\" alt=\"portraits\" width=\"593\" height=\"392\" srcset=\"https:\/\/blog.causeur.fr\/bonnetdane\/wp-content\/uploads\/sites\/25\/2018\/11\/portraits.png 593w, https:\/\/blog.causeur.fr\/bonnetdane\/wp-content\/uploads\/sites\/25\/2018\/11\/portraits-300x198.png 300w, https:\/\/blog.causeur.fr\/bonnetdane\/wp-content\/uploads\/sites\/25\/2018\/11\/portraits-454x300.png 454w\" sizes=\"auto, (max-width: 593px) 100vw, 593px\" \/><\/a>Le noir d\u2019ailleurs \u00e9tait de mise. Le noir, et le feu. Marseille conna\u00eet \u00e0 fond l\u2019usage des p\u00e9tards et des fumig\u00e8nes. Ceux qui \u00e9taient l\u00e0 auraient pu aussi bien aller applaudir l\u2019OM dans les quarts de virages.<a href=\"https:\/\/blog.causeur.fr\/bonnetdane\/gaudin-assassin-002464.html\/pub\" rel=\"attachment wp-att-2482\"><img loading=\"lazy\" decoding=\"async\" class=\"aligncenter size-full wp-image-2482\" src=\"https:\/\/blog.causeur.fr\/bonnetdane\/files\/2018\/11\/pub.png\" alt=\"pub\" width=\"617\" height=\"393\" srcset=\"https:\/\/blog.causeur.fr\/bonnetdane\/wp-content\/uploads\/sites\/25\/2018\/11\/pub.png 617w, https:\/\/blog.causeur.fr\/bonnetdane\/wp-content\/uploads\/sites\/25\/2018\/11\/pub-300x191.png 300w, https:\/\/blog.causeur.fr\/bonnetdane\/wp-content\/uploads\/sites\/25\/2018\/11\/pub-471x300.png 471w\" sizes=\"auto, (max-width: 617px) 100vw, 617px\" \/><\/a>En tout cas, ils demandaient la t\u00eate du maire, comme ils auraient demand\u00e9, au soir d\u2019une d\u00e9faite, celle de l\u2019entra\u00eeneur.<\/p>\n<div id=\"ligne\"><\/div>\n<p> Ce n&rsquo;\u00e9tait pas une manif bien propre, comme des organisations patent\u00e9es savent les tricoter. C\u2019\u00e9tait le m\u00eame peuple qui apr\u00e8s la prise de la Bastille promenait dans les rues la t\u00eate de Monsieur de Launay. Jean-Claude Gaudin n\u2019\u00e9tait pas la figure la plus populaire, hier soir. Ni lui, ni aucun des membres de sa majorit\u00e9. Apr\u00e8s s\u2019\u00eatre entendu dire que les responsabilit\u00e9s \u00e9taient multiples, que l&rsquo;enqu\u00eate serait longue, patati-patata, la foule, qui aime les solutions simples, avait d\u00e9cid\u00e9 que le coupable, c\u2019\u00e9tait le maire. Le tribunal populaire avait tranch\u00e9.<a href=\"https:\/\/blog.causeur.fr\/bonnetdane\/gaudin-assassin-002464.html\/sang-sur-les-mains\" rel=\"attachment wp-att-2484\"><img loading=\"lazy\" decoding=\"async\" class=\"aligncenter size-full wp-image-2484\" src=\"https:\/\/blog.causeur.fr\/bonnetdane\/files\/2018\/11\/Sang-sur-les-mains.png\" alt=\"Sang sur les mains\" width=\"592\" height=\"394\" srcset=\"https:\/\/blog.causeur.fr\/bonnetdane\/wp-content\/uploads\/sites\/25\/2018\/11\/Sang-sur-les-mains.png 592w, https:\/\/blog.causeur.fr\/bonnetdane\/wp-content\/uploads\/sites\/25\/2018\/11\/Sang-sur-les-mains-300x200.png 300w, https:\/\/blog.causeur.fr\/bonnetdane\/wp-content\/uploads\/sites\/25\/2018\/11\/Sang-sur-les-mains-451x300.png 451w\" sizes=\"auto, (max-width: 592px) 100vw, 592px\" \/><\/a><\/p>\n<p>Un homme politique \u2014 ne cherchez pas, vous ne trouveriez pas \u2014 m\u2019a confi\u00e9 un jour qu\u2019en France, il n\u2019y a que deux fonctions qui donnent un r\u00e9el pouvoir : Pr\u00e9sident de la R\u00e9publique, et maire. Comme un copain \u00e0 lui venait d\u2019\u00eatre \u00e9lu pr\u00e9sident, il a refus\u00e9 les postes de ministre qu\u2019il lui proposait, et il est rest\u00e9 maire de sa commune limitrophe. Il pr\u00e9f\u00e9rait \u00eatre roi en son royaume que larbin Place Beauvau.<br \/>\nLe probl\u00e8me, c\u2019est que le pouvoir ne peut pas \u00e9ternellement se laver les mains de tout ce qui arrive. Ils sont tous atteints du syndrome de Ponce-Pilate. Mais il faut parfois rendre des comptes \u2014 quand le pouvoir d\u2019achat baisse, quand le prix de l\u2019essence flambe, ou quand les immeubles, les uns apr\u00e8s les autres, sont d\u00e9clar\u00e9s insalubres : apr\u00e8s ceux de la rue d\u2019Aubagne, deux autres\u00a0Cours Lieutaud, et trois autres rue Jean Roque, \u2014 une rue \u00e9troite que j\u2019emprunte chaque jour pour aller travailler, et qui relie la rue d\u2019Aubagne au Cours Lieutaud. Comme si tout le quartier Noailles, en fait, \u00e9tait d\u00e9sormais menac\u00e9 d\u2019effondrement. Comme si quelques morts \u00e9taient le sympt\u00f4me d&rsquo;une ville au bord de l&rsquo;an\u00e9antissement. Une manifestante spectaculaire, et qui a fait du latin, ne l&rsquo;envoyait pas dire\u2026<a href=\"https:\/\/blog.causeur.fr\/bonnetdane\/gaudin-assassin-002464.html\/urbicide\" rel=\"attachment wp-att-2493\"><img loading=\"lazy\" decoding=\"async\" class=\"aligncenter size-full wp-image-2493\" src=\"https:\/\/blog.causeur.fr\/bonnetdane\/files\/2018\/11\/urbicide.png\" alt=\"urbicide\" width=\"310\" height=\"473\" srcset=\"https:\/\/blog.causeur.fr\/bonnetdane\/wp-content\/uploads\/sites\/25\/2018\/11\/urbicide.png 310w, https:\/\/blog.causeur.fr\/bonnetdane\/wp-content\/uploads\/sites\/25\/2018\/11\/urbicide-197x300.png 197w\" sizes=\"auto, (max-width: 310px) 100vw, 310px\" \/><\/a>(La jolie maison au toit effondr\u00e9 dont j\u2019ai publi\u00e9 la photo il y a quatre jours continue \u00e0 vivre sa vie de masure. Bref, il y a encore de la place dans la liste des ruines).<a href=\"https:\/\/blog.causeur.fr\/bonnetdane\/gaudin-assassin-002464.html\/murs\" rel=\"attachment wp-att-2485\"><img loading=\"lazy\" decoding=\"async\" class=\"aligncenter size-full wp-image-2485\" src=\"https:\/\/blog.causeur.fr\/bonnetdane\/files\/2018\/11\/murs.png\" alt=\"murs\" width=\"466\" height=\"315\" srcset=\"https:\/\/blog.causeur.fr\/bonnetdane\/wp-content\/uploads\/sites\/25\/2018\/11\/murs.png 466w, https:\/\/blog.causeur.fr\/bonnetdane\/wp-content\/uploads\/sites\/25\/2018\/11\/murs-300x203.png 300w, https:\/\/blog.causeur.fr\/bonnetdane\/wp-content\/uploads\/sites\/25\/2018\/11\/murs-444x300.png 444w\" sizes=\"auto, (max-width: 466px) 100vw, 466px\" \/><\/a><\/p>\n<p>\u00ab Gaudin assassin ! \u00bb. La col\u00e8re ne pose pas de questions : elle donne des r\u00e9ponses. Elle va tout de suite \u00e0 l\u2019essentiel. Elle sait bien, la foule, que le facteur \u00e9conomique est d\u00e9terminant en derni\u00e8re instance. Elle sait bien ce que l\u2019on fait de l\u2019argent.<a href=\"https:\/\/blog.causeur.fr\/bonnetdane\/gaudin-assassin-002464.html\/fric\" rel=\"attachment wp-att-2486\"><img loading=\"lazy\" decoding=\"async\" class=\"aligncenter size-full wp-image-2486\" src=\"https:\/\/blog.causeur.fr\/bonnetdane\/files\/2018\/11\/Fric.png\" alt=\"Fric\" width=\"592\" height=\"393\" srcset=\"https:\/\/blog.causeur.fr\/bonnetdane\/wp-content\/uploads\/sites\/25\/2018\/11\/Fric.png 592w, https:\/\/blog.causeur.fr\/bonnetdane\/wp-content\/uploads\/sites\/25\/2018\/11\/Fric-300x199.png 300w, https:\/\/blog.causeur.fr\/bonnetdane\/wp-content\/uploads\/sites\/25\/2018\/11\/Fric-452x300.png 452w\" sizes=\"auto, (max-width: 592px) 100vw, 592px\" \/><\/a> Elle sait bien dans quelles poches il finit par se retrouver, et quels chantiers il finance. Les \u00e9lus se croient malins, mais le peuple en masse a une intelligence collective \u2014 c\u2019est le principe des tribunaux d\u2019assises, depuis la R\u00e9volution. Et hier soir, dix ou douze mille jur\u00e9s auto-d\u00e9sign\u00e9s\u00a0avaient conclu \u00e0 la culpabilit\u00e9 des accus\u00e9s. Elle appelle un chat un chat, la foule, et \u00ab crime \u00bb un assassinat. Elle demande des ch\u00e2timents exemplaires \u2014 elle est m\u00eame capable de r\u00e9habiliter Cayenne\u2026<a href=\"https:\/\/blog.causeur.fr\/bonnetdane\/gaudin-assassin-002464.html\/bagne\" rel=\"attachment wp-att-2487\"><img loading=\"lazy\" decoding=\"async\" class=\"aligncenter size-full wp-image-2487\" src=\"https:\/\/blog.causeur.fr\/bonnetdane\/files\/2018\/11\/Bagne.png\" alt=\"Bagne\" width=\"596\" height=\"395\" srcset=\"https:\/\/blog.causeur.fr\/bonnetdane\/wp-content\/uploads\/sites\/25\/2018\/11\/Bagne.png 596w, https:\/\/blog.causeur.fr\/bonnetdane\/wp-content\/uploads\/sites\/25\/2018\/11\/Bagne-300x199.png 300w, https:\/\/blog.causeur.fr\/bonnetdane\/wp-content\/uploads\/sites\/25\/2018\/11\/Bagne-453x300.png 453w\" sizes=\"auto, (max-width: 596px) 100vw, 596px\" \/><\/a>Il n\u2019y en avait pas seulement pour Jean-Claude. Martine Vassal, pr\u00e9sidente de la M\u00e9tropole Aix-Marseille-Provence, en a pris pour son grade. C\u2019\u00e9tait dr\u00f4le, au fond, de voir des femmes r\u00e9clamer la t\u00eate d\u2019autres femmes en utilisant les ressources de l&rsquo;\u00e9criture inclusive\u2026.<a href=\"https:\/\/blog.causeur.fr\/bonnetdane\/gaudin-assassin-002464.html\/mairie-pourrie\" rel=\"attachment wp-att-2488\"><img loading=\"lazy\" decoding=\"async\" class=\"aligncenter size-full wp-image-2488\" src=\"https:\/\/blog.causeur.fr\/bonnetdane\/files\/2018\/11\/Mairie-pourrie.png\" alt=\"Mairie pourrie\" width=\"683\" height=\"463\" srcset=\"https:\/\/blog.causeur.fr\/bonnetdane\/wp-content\/uploads\/sites\/25\/2018\/11\/Mairie-pourrie.png 683w, https:\/\/blog.causeur.fr\/bonnetdane\/wp-content\/uploads\/sites\/25\/2018\/11\/Mairie-pourrie-300x203.png 300w, https:\/\/blog.causeur.fr\/bonnetdane\/wp-content\/uploads\/sites\/25\/2018\/11\/Mairie-pourrie-443x300.png 443w\" sizes=\"auto, (max-width: 683px) 100vw, 683px\" \/><\/a> M\u00e9fie-toi, Martine, les \u00ab tricoteuses \u00bb qui faisaient leur ouvrage au pied de l\u2019\u00e9chafaud en regardant tomber les t\u00eates \u00e9taient aussi des femmes. Ce n\u2019est pas <a href=\"https:\/\/marsactu.fr\/bref\/la-presidente-martine-vassal-annonce-un-plan-contre-lhabitat-indigne\/\">en annon\u00e7ant un plan contre l\u2019habitat indigne<\/a> que tu vas calmer la col\u00e8re. Mais \u00ab rien ne se fera sans argent \u00bb, dis-tu : eh bien, au lieu d\u2019en appeler rituellement \u00e0 l\u2019Etat, va donc le prendre dans les poches de ceux qui se sont gav\u00e9s, depuis cinquante ans.<a href=\"https:\/\/blog.causeur.fr\/bonnetdane\/gaudin-assassin-002464.html\/argent-public\" rel=\"attachment wp-att-2489\"><img loading=\"lazy\" decoding=\"async\" class=\"aligncenter size-full wp-image-2489\" src=\"https:\/\/blog.causeur.fr\/bonnetdane\/files\/2018\/11\/Argent-public.png\" alt=\"Argent public\" width=\"590\" height=\"386\" srcset=\"https:\/\/blog.causeur.fr\/bonnetdane\/wp-content\/uploads\/sites\/25\/2018\/11\/Argent-public.png 590w, https:\/\/blog.causeur.fr\/bonnetdane\/wp-content\/uploads\/sites\/25\/2018\/11\/Argent-public-300x196.png 300w, https:\/\/blog.causeur.fr\/bonnetdane\/wp-content\/uploads\/sites\/25\/2018\/11\/Argent-public-459x300.png 459w\" sizes=\"auto, (max-width: 590px) 100vw, 590px\" \/><\/a><\/p>\n<p>La manifestation est arriv\u00e9e devant la mairie. Juste derri\u00e8re, l\u2019H\u00f4tel Intercontinental (l\u2019ancien H\u00f4tel-Dieu) brillait de mille feux.<a href=\"https:\/\/blog.causeur.fr\/bonnetdane\/gaudin-assassin-002464.html\/mairie-intercontinental\" rel=\"attachment wp-att-2490\"><img loading=\"lazy\" decoding=\"async\" class=\"aligncenter size-full wp-image-2490\" src=\"https:\/\/blog.causeur.fr\/bonnetdane\/files\/2018\/11\/Mairie-Intercontinental.png\" alt=\"Mairie Intercontinental\" width=\"543\" height=\"364\" srcset=\"https:\/\/blog.causeur.fr\/bonnetdane\/wp-content\/uploads\/sites\/25\/2018\/11\/Mairie-Intercontinental.png 543w, https:\/\/blog.causeur.fr\/bonnetdane\/wp-content\/uploads\/sites\/25\/2018\/11\/Mairie-Intercontinental-300x201.png 300w, https:\/\/blog.causeur.fr\/bonnetdane\/wp-content\/uploads\/sites\/25\/2018\/11\/Mairie-Intercontinental-448x300.png 448w\" sizes=\"auto, (max-width: 543px) 100vw, 543px\" \/><\/a> C\u2019\u00e9tait l\u2019heure o\u00f9 les d\u00eeneurs de <em>l\u2019Alcyone<\/em>, o\u00f9 officie Lionel L\u00e9vy, prenaient l\u2019ap\u00e9ro avant de passer \u00e0 table. Qui sait s\u2019il n\u2019y avait pas, parmi eux, quelques brasseurs d\u2019affaires, quelques syndics ind\u00e9licats, quelques constructeurs pleins aux as\u2026 Peut-\u00eatre ont-il entendu la col\u00e8re qui bruissait cent m\u00e8tres plus bas. Peut-\u00eatre se moquent-ils de d\u00eener sur un volcan \u2014 mais le volcan \u00e9tait l\u00e0. D\u2019ailleurs, c\u2019est l\u00e0 que les forces de l\u2019ordre, globalement tr\u00e8s discr\u00e8tes, s\u2019\u00e9taient mass\u00e9es \u2014 et c\u2019est l\u00e0 qu\u2019ont \u00e9clat\u00e9, \u00e0 la fin, quelques incidents violents. Le pouvoir prot\u00e8ge la digestion des riches\u2014 \u00e9tonnant, non ?<\/p>\n<p>Jean-Paul Brighelli<\/p>\n<p>PS. Et elle \u00e9tait bien jolie, la journaliste blonde de <em>la Marseillaise<\/em> qui filmait l\u2019\u00e9v\u00e9nement pendant que je le photographiais.<a href=\"https:\/\/blog.causeur.fr\/bonnetdane\/gaudin-assassin-002464.html\/marseillaise\" rel=\"attachment wp-att-2491\"><img loading=\"lazy\" decoding=\"async\" class=\"aligncenter size-full wp-image-2491\" src=\"https:\/\/blog.causeur.fr\/bonnetdane\/files\/2018\/11\/Marseillaise.png\" alt=\"Marseillaise\" width=\"590\" height=\"386\" srcset=\"https:\/\/blog.causeur.fr\/bonnetdane\/wp-content\/uploads\/sites\/25\/2018\/11\/Marseillaise.png 590w, https:\/\/blog.causeur.fr\/bonnetdane\/wp-content\/uploads\/sites\/25\/2018\/11\/Marseillaise-300x196.png 300w, https:\/\/blog.causeur.fr\/bonnetdane\/wp-content\/uploads\/sites\/25\/2018\/11\/Marseillaise-459x300.png 459w\" sizes=\"auto, (max-width: 590px) 100vw, 590px\" \/><\/a><\/p>\n<p>Photos \u00a9JPB<\/p>\n","protected":false},"excerpt":{"rendered":"<p>\u00ab Gaudin assassin ! \u00bb Pas de partis, pas de syndicats. Les banderoles en bonne et due forme \u00e9taient rares, les gens brandissaient des bouts de cartons sur lesquels \u00e9taient griffonn\u00e9s les messages. C\u2019\u00e9tait une manifestation prol\u00e9taire. Improvisation et spontan\u00e9it\u00e9. Juste l\u2019expression de la col\u00e8re. De l\u2019impossible travail de deuil.Et il y avait du monde. [&hellip;]<\/p>\n","protected":false},"author":6,"featured_media":0,"comment_status":"open","ping_status":"open","sticky":false,"template":"","format":"standard","meta":{"footnotes":""},"categories":[1],"tags":[1597,1598,61],"class_list":{"0":"post-2464","1":"post","2":"type-post","3":"status-publish","4":"format-standard","6":"category-non-classe","7":"tag-gaudin-assassin","8":"tag-manifestation-14-novembre","9":"tag-marseille"},"_links":{"self":[{"href":"https:\/\/blog.causeur.fr\/bonnetdane\/wp-json\/wp\/v2\/posts\/2464","targetHints":{"allow":["GET"]}}],"collection":[{"href":"https:\/\/blog.causeur.fr\/bonnetdane\/wp-json\/wp\/v2\/posts"}],"about":[{"href":"https:\/\/blog.causeur.fr\/bonnetdane\/wp-json\/wp\/v2\/types\/post"}],"author":[{"embeddable":true,"href":"https:\/\/blog.causeur.fr\/bonnetdane\/wp-json\/wp\/v2\/users\/6"}],"replies":[{"embeddable":true,"href":"https:\/\/blog.causeur.fr\/bonnetdane\/wp-json\/wp\/v2\/comments?post=2464"}],"version-history":[{"count":0,"href":"https:\/\/blog.causeur.fr\/bonnetdane\/wp-json\/wp\/v2\/posts\/2464\/revisions"}],"wp:attachment":[{"href":"https:\/\/blog.causeur.fr\/bonnetdane\/wp-json\/wp\/v2\/media?parent=2464"}],"wp:term":[{"taxonomy":"category","embeddable":true,"href":"https:\/\/blog.causeur.fr\/bonnetdane\/wp-json\/wp\/v2\/categories?post=2464"},{"taxonomy":"post_tag","embeddable":true,"href":"https:\/\/blog.causeur.fr\/bonnetdane\/wp-json\/wp\/v2\/tags?post=2464"}],"curies":[{"name":"wp","href":"https:\/\/api.w.org\/{rel}","templated":true}]}}