{"id":2479,"date":"2018-11-19T13:22:29","date_gmt":"2018-11-19T11:22:29","guid":{"rendered":"https:\/\/blog.causeur.fr\/bonnetdane\/?p=2479"},"modified":"2021-04-22T18:48:39","modified_gmt":"2021-04-22T16:48:39","slug":"laurent-obertone-la-france-interdite","status":"publish","type":"post","link":"https:\/\/blog.causeur.fr\/bonnetdane\/laurent-obertone-la-france-interdite-2479","title":{"rendered":"Laurent Obertone, la France interdite"},"content":{"rendered":"<p><a href=\"https:\/\/blog.causeur.fr\/bonnetdane\/laurent-obertone-la-france-interdite-002479.html\/laurent-obertone-la-france-interdite-entretien\" rel=\"attachment wp-att-2495\"><img loading=\"lazy\" decoding=\"async\" class=\"aligncenter size-full wp-image-2495\" src=\"https:\/\/blog.causeur.fr\/bonnetdane\/files\/2018\/11\/laurent-obertone-la-france-interdite-entretien.jpg\" alt=\"laurent-obertone-la-france-interdite-entretien\" width=\"800\" height=\"450\" srcset=\"https:\/\/blog.causeur.fr\/bonnetdane\/wp-content\/uploads\/sites\/25\/2018\/11\/laurent-obertone-la-france-interdite-entretien.jpg 800w, https:\/\/blog.causeur.fr\/bonnetdane\/wp-content\/uploads\/sites\/25\/2018\/11\/laurent-obertone-la-france-interdite-entretien-300x169.jpg 300w, https:\/\/blog.causeur.fr\/bonnetdane\/wp-content\/uploads\/sites\/25\/2018\/11\/laurent-obertone-la-france-interdite-entretien-768x432.jpg 768w, https:\/\/blog.causeur.fr\/bonnetdane\/wp-content\/uploads\/sites\/25\/2018\/11\/laurent-obertone-la-france-interdite-entretien-500x281.jpg 500w\" sizes=\"auto, (max-width: 800px) 100vw, 800px\" \/><\/a>Il y a des livres que l\u2019on devrait interdire. La d\u00e9sinformation, pass\u00e9e une certaine limite, fr\u00f4le le criminel. La caricature de la caricature est un jeu dangereux. Laurent Obertone devrait \u00eatre en prison.<\/p>\n<p>Prenez son dernier livre. Il porte principalement sur les statistiques r\u00e9elles \u2014 pr\u00e9tend-il \u2014 concernant l\u2019immigration, dans tous les domaines. Le nombre r\u00e9el d\u2019immigr\u00e9s de premi\u00e8re ou deuxi\u00e8me g\u00e9n\u00e9ration. Le nombre r\u00e9el (ou suppos\u00e9) de ces m\u00eames immigr\u00e9s dans les prisons fran\u00e7aises, et leur rapport \u00e0 la d\u00e9linquance \u2014 comme s\u2019il n\u2019y avait aucune d\u00e9linquance \u00ab fran\u00e7aise de souche \u00bb\u2026 Et m\u00eame le QI de ces m\u00eames populations, qui serait assez nettement inf\u00e9rieur \u00e0 celui des Europ\u00e9ens. Comme si le sous-d\u00e9veloppement \u00e9conomique n\u2019\u00e9tait pas la cause premi\u00e8re du sous-d\u00e9veloppement intellectuel : Edwy Plenel, ce phare de la pens\u00e9e contemporaine, <a href=\"https:\/\/reporterre.net\/L-enfance-miserable-des-freres\">avait \u00e9voqu\u00e9 un article<\/a> sur \u00ab l\u2019enfance mis\u00e9rable des fr\u00e8res Kouachi \u00bb \u2014 \u00ab \u00e0 lire imp\u00e9rativement pour se ressaisir \u00bb.<a href=\"https:\/\/blog.causeur.fr\/bonnetdane\/laurent-obertone-la-france-interdite-002479.html\/capture-decran-2018-11-19-a-10-05-47\" rel=\"attachment wp-att-2496\"><img loading=\"lazy\" decoding=\"async\" class=\"aligncenter size-full wp-image-2496\" src=\"https:\/\/blog.causeur.fr\/bonnetdane\/files\/2018\/11\/Capture-d\u2019e\u0301cran-2018-11-19-a\u0300-10.05.47.png\" alt=\"Capture d\u2019e\u0301cran 2018-11-19 a\u0300 10.05.47\" width=\"614\" height=\"209\" srcset=\"https:\/\/blog.causeur.fr\/bonnetdane\/wp-content\/uploads\/sites\/25\/2018\/11\/Capture-d\u2019e\u0301cran-2018-11-19-a\u0300-10.05.47.png 614w, https:\/\/blog.causeur.fr\/bonnetdane\/wp-content\/uploads\/sites\/25\/2018\/11\/Capture-d\u2019e\u0301cran-2018-11-19-a\u0300-10.05.47-300x102.png 300w, https:\/\/blog.causeur.fr\/bonnetdane\/wp-content\/uploads\/sites\/25\/2018\/11\/Capture-d\u2019e\u0301cran-2018-11-19-a\u0300-10.05.47-500x170.png 500w\" sizes=\"auto, (max-width: 614px) 100vw, 614px\" \/><\/a> Comment lui donner tort ? Classes mis\u00e9reuses, classes dangereuses. La faute aux nantis.<\/p>\n<p>Sans oublier le traumatisme collectif, h\u00e9rit\u00e9 des g\u00e9n\u00e9rations ancestrales, de la traite atlantique.<\/p>\n<p>Etant entendu qu\u2019il n\u2019y en a jamais eu d\u2019autre, et que P\u00e9tr\u00e9-Grenouilleau, qui a si fort insist\u00e9 sur la traite sub-saharienne dans son ouvrage sur <em>les Traites n\u00e9gri\u00e8res<\/em> (2003), est un raciste mal d\u00e9guis\u00e9\u2026 Le collectif DOM (association m\u00e9morielle des Antillais, Guyanais, R\u00e9unionnais) <a href=\"https:\/\/www.lemonde.fr\/societe\/article\/2006\/02\/03\/le-collectif-dom-retire-sa-plainte-contre-un-historien-de-l-esclavage_737583_3224.html\">a fini par retirer sa plainte contre lui <\/a>\u2014 mais a gagn\u00e9 contre Nutrimaine, la soci\u00e9t\u00e9 propri\u00e9taire du slogan \u00ab Y\u2019a bon Banania \u00bb. Ce n\u2019\u00e9tait que justice, ce slogan fleurait bon le colonialisme, le protectionnisme, et l\u2019esclavagisme. Bref, le racisme, <a href=\"http:\/\/www.voltairenet.org\/article17240.html\">comme le lui a si bien reproch\u00e9 Claude Ribbe<\/a>. C&rsquo;est un ancien Normalien, agr\u00e9g\u00e9 de philosophie, il doit savoir ce qu&rsquo;il dit quand m\u00eame\u2026<br \/>\nObertone a d\u00fb boire du Banania dans son enfance. Sinon, il ne fournirait pas des arguments chiffr\u00e9s aux th\u00e9oriciens \u2014 que le diable les patafiole ! \u2014 du Grand Remplacement, et autres lecteurs du <em>Camp des saints<\/em>, ce livre abominable qui racontait \u2014 en 1973 \u2014 le d\u00e9barquement sur les c\u00f4tes varoises d\u2019un million d\u2019immigr\u00e9s color\u00e9s. Quelle horreur.<a href=\"https:\/\/blog.causeur.fr\/bonnetdane\/laurent-obertone-la-france-interdite-002479.html\/51pg7qmxq1l-_sl500_\" rel=\"attachment wp-att-2497\"><img loading=\"lazy\" decoding=\"async\" class=\"aligncenter size-full wp-image-2497\" src=\"https:\/\/blog.causeur.fr\/bonnetdane\/files\/2018\/11\/51pG7QmXq1L._SL500_.jpg\" alt=\"51pG7QmXq1L._SL500_\" width=\"500\" height=\"500\" srcset=\"https:\/\/blog.causeur.fr\/bonnetdane\/wp-content\/uploads\/sites\/25\/2018\/11\/51pG7QmXq1L._SL500_.jpg 500w, https:\/\/blog.causeur.fr\/bonnetdane\/wp-content\/uploads\/sites\/25\/2018\/11\/51pG7QmXq1L._SL500_-150x150.jpg 150w, https:\/\/blog.causeur.fr\/bonnetdane\/wp-content\/uploads\/sites\/25\/2018\/11\/51pG7QmXq1L._SL500_-300x300.jpg 300w, https:\/\/blog.causeur.fr\/bonnetdane\/wp-content\/uploads\/sites\/25\/2018\/11\/51pG7QmXq1L._SL500_-32x32.jpg 32w, https:\/\/blog.causeur.fr\/bonnetdane\/wp-content\/uploads\/sites\/25\/2018\/11\/51pG7QmXq1L._SL500_-50x50.jpg 50w, https:\/\/blog.causeur.fr\/bonnetdane\/wp-content\/uploads\/sites\/25\/2018\/11\/51pG7QmXq1L._SL500_-64x64.jpg 64w, https:\/\/blog.causeur.fr\/bonnetdane\/wp-content\/uploads\/sites\/25\/2018\/11\/51pG7QmXq1L._SL500_-96x96.jpg 96w, https:\/\/blog.causeur.fr\/bonnetdane\/wp-content\/uploads\/sites\/25\/2018\/11\/51pG7QmXq1L._SL500_-128x128.jpg 128w\" sizes=\"auto, (max-width: 500px) 100vw, 500px\" \/><\/a><\/p>\n<p>Je comprends mieux que <a href=\"https:\/\/www.causeur.fr\/guilluy-stephen-smith-medias-libe-155420\">la presse tombe comme un seul homme <\/a>sur le dernier ouvrage de Stephen Smith,\u00a0<em>La ru\u00e9e vers l\u2019Europe\u00a0: La jeune Afrique en route pour le Vieux Continent. <\/em>Disqualifi\u00e9 !<em><a href=\"https:\/\/blog.causeur.fr\/bonnetdane\/laurent-obertone-la-france-interdite-002479.html\/2445224-gf\" rel=\"attachment wp-att-2500\"><img loading=\"lazy\" decoding=\"async\" class=\"aligncenter size-full wp-image-2500\" src=\"https:\/\/blog.causeur.fr\/bonnetdane\/files\/2018\/11\/2445224-gf.jpg\" alt=\"2445224-gf\" width=\"375\" height=\"549\" srcset=\"https:\/\/blog.causeur.fr\/bonnetdane\/wp-content\/uploads\/sites\/25\/2018\/11\/2445224-gf.jpg 375w, https:\/\/blog.causeur.fr\/bonnetdane\/wp-content\/uploads\/sites\/25\/2018\/11\/2445224-gf-205x300.jpg 205w\" sizes=\"auto, (max-width: 375px) 100vw, 375px\" \/><\/a><\/em><\/p>\n<div id=\"ligne\"><\/div>\n<p>Les statistiques cit\u00e9es par Obertone sont contresign\u00e9es INSEE ou INED, certes, mais chacun sait, <a href=\"https:\/\/www.causeur.fr\/finkielkraut-le-monde-pasdevague-deni-156119?utm_source=Envoi+Newsletter&amp;utm_campaign=4f628ae4f8-Newsletter_14_juin_COPY_01&amp;utm_medium=email&amp;utm_term=0_6ea50029f3-4f628ae4f8-57697085\">comme l\u2019a encore r\u00e9p\u00e9t\u00e9 Finkielkraut r\u00e9cemment<\/a>, que \u00ab la sociologie n\u2019est plus la science de la soci\u00e9t\u00e9, mais la science du d\u00e9ni de ce qui s\u2019y passe, statistiques \u00e0 l\u2019appui. \u00bb<br \/>\nHeureusement que <em>Lib\u00e9<\/em> est venu remettre de l\u2019ordre dans ce livre \u00e9pouvantable, <a href=\"https:\/\/www.liberation.fr\/checknews\/2018\/11\/12\/non-la-france-ne-cache-pas-le-nombre-des-enfants-et-petits-enfants-d-immigres_1686250\">en expliquant que non<\/a>, la France ne cache pas le nombre des enfants et petits enfants d\u2019immigr\u00e9s. R\u00e9sumons pour ceux qui r\u00e9pugnent \u00e0 activer les liens hypertexte : en 2011, environ 30% des moins de 60 ans \u00e9taient immigr\u00e9s, enfants d\u2019immigr\u00e9s ou petits-enfants d\u2019immigr\u00e9s. Mich\u00e8le Tribalat, qui s\u2019est fait une sp\u00e9cialit\u00e9 de ces \u00e9tudes d\u00e9mographiques, estimait d\u00e9j\u00e0 cette proportion \u00e0 25% de la population en 1986 \u2014 soit <em>grosso modo<\/em> 14 millions d\u2019habitants de l\u2019Hexagone. En 2011, les chiffres avaient lentement mais s\u00fbrement enfl\u00e9 : pensez donc, \u00e9taient arriv\u00e9s en France 59 000 Polonais et 78 000 Allemands. Sans compter plusieurs N\u00e9o-Z\u00e9landais\u2026<a href=\"https:\/\/blog.causeur.fr\/bonnetdane\/laurent-obertone-la-france-interdite-002479.html\/1169841-tribalat\" rel=\"attachment wp-att-2499\"><img loading=\"lazy\" decoding=\"async\" class=\"aligncenter size-full wp-image-2499\" src=\"https:\/\/blog.causeur.fr\/bonnetdane\/files\/2018\/11\/1169841-tribalat.png\" alt=\"1169841-tribalat\" width=\"645\" height=\"934\" srcset=\"https:\/\/blog.causeur.fr\/bonnetdane\/wp-content\/uploads\/sites\/25\/2018\/11\/1169841-tribalat.png 645w, https:\/\/blog.causeur.fr\/bonnetdane\/wp-content\/uploads\/sites\/25\/2018\/11\/1169841-tribalat-207x300.png 207w\" sizes=\"auto, (max-width: 645px) 100vw, 645px\" \/><\/a><\/p>\n<p>Non pr\u00e9sents dans cette statistique, les Roms forment un groupe diffus dont l\u2019importance varie selon les sources. Obertone a retenu le chiffre de 500 000 personnes, avanc\u00e9 par le Monde : \u00e7a ne m\u2019\u00e9tonne pas qu\u2019un auteur aussi mal embouch\u00e9 s\u2019appuie sur les statistiques d\u2019un journal de d\u00e9sinformation, tiens ! Tant qu&rsquo;on y est, pourquoi ne pas reprendre <a href=\"https:\/\/www.lemonde.fr\/idees\/article\/2015\/10\/08\/manuel-valls-et-les-roms-l-impossible-proces_4785623_3232.html\">les propos de Manuel Valls<\/a> affirmant que seule une minorit\u00e9 des \u00ab gens du voyage \u00bb, comme on doit dire d\u00e9sormais, a vocation \u00e0 s\u2019int\u00e9grer. Une affirmation qui avait valu \u00e0 l\u2019ex-premier ministre une poursuite en justice pour incitation \u00e0 la discrimination raciale \u2014 qui n\u2019a pas abouti.<\/p>\n<p>De m\u00eame, Obertone jongle avec les statistiques de l\u2019immigration clandestine : \u00ab Le chiffre de 400 000, dit-il, para\u00eet plus qu\u2019optimiste\u00a0\u00bb. Alors que les immigr\u00e9s, clandestins ou non, sont \u00ab\u00a0une chance pour la France\u00a0\u00bb, comme disait Bernard Stasi en 1984. Stasi a \u00e9t\u00e9 d\u00e9put\u00e9 et ministre, il ne peut donc pas se tromper. D\u2019ailleurs, l\u2019\u00e9conomiste Hippolyte d\u2019Albis (une profession dou\u00e9e, comme le pape, d\u2019infaillibilit\u00e9, on le constate chaque jour) <a href=\"https:\/\/lexpansion.lexpress.fr\/actualite-economique\/les-migrants-une-chance-pour-l-economie_2021132.html\">a repris le m\u00eame slogan il y a quelques mois<\/a>. Une chance, on vous dit.<\/p>\n<p>Au passage, ces diverses r\u00e9f\u00e9rences dont je vous accable sont bien la preuve que contrairement \u00e0 ce que tente de d\u00e9montrer ce chacal fielleux d\u2019Obertone, les m\u00e9dias n\u2019occultent jamais les probl\u00e8mes li\u00e9s \u00e0 l\u2019immigration, \u00e0 l\u2019islam, aux clandestins de toutes origines. La preuve ? Ce sont deux journalistes du <em>Monde<\/em>, G\u00e9rard Davet et Fabrice Lhomme, les duettistes de <em>Un pr\u00e9sident ne devrait pas dire \u00e7a<\/em>, qui viennent de publier un livre \u2014 <em>Inch\u2019Allah : l\u2019islamisation \u00e0 visage d\u00e9couvert<\/em> \u2014 racontant comment ils ont os\u00e9, au p\u00e9ril de leur vie, passer le p\u00e9riph\u00e9rique et s\u2019enfoncer en Seine Saint-Denis. Allez, dans le dernier num\u00e9ro de <em>Causeur<\/em>, <a href=\"https:\/\/www.causeur.fr\/islam-le-monde-davet-lhomme-inchallah-155906\">Elisabeth L\u00e9vy peut bien en faire des gorges chaudes<\/a> et expliquer que <em>le Monde<\/em> vient de d\u00e9couvrir simultan\u00e9ment la lune et l\u2019eau ti\u00e8de ! Si <em>le Monde<\/em> le dit, c\u2019est que c\u2019est vrai \u2014 et \u00e7a ne l\u2019\u00e9tait pas quand Georges Bensoussan ou Barbara Lef\u00e8bvre l\u2019affirmaient il y a quinze ans dans <em>les Territoires perdus de la R\u00e9publique. <a href=\"https:\/\/blog.causeur.fr\/bonnetdane\/laurent-obertone-la-france-interdite-002479.html\/91p7tzr4vxl\" rel=\"attachment wp-att-2498\"><img loading=\"lazy\" decoding=\"async\" class=\"aligncenter size-full wp-image-2498\" src=\"https:\/\/blog.causeur.fr\/bonnetdane\/files\/2018\/11\/91P7TzR4vXL.jpg\" alt=\"91P7TzR4vXL\" width=\"1400\" height=\"2265\" srcset=\"https:\/\/blog.causeur.fr\/bonnetdane\/wp-content\/uploads\/sites\/25\/2018\/11\/91P7TzR4vXL.jpg 1400w, https:\/\/blog.causeur.fr\/bonnetdane\/wp-content\/uploads\/sites\/25\/2018\/11\/91P7TzR4vXL-185x300.jpg 185w, https:\/\/blog.causeur.fr\/bonnetdane\/wp-content\/uploads\/sites\/25\/2018\/11\/91P7TzR4vXL-768x1243.jpg 768w, https:\/\/blog.causeur.fr\/bonnetdane\/wp-content\/uploads\/sites\/25\/2018\/11\/91P7TzR4vXL-633x1024.jpg 633w\" sizes=\"auto, (max-width: 1400px) 100vw, 1400px\" \/><\/a>O<\/em>u quand Jean-Pierre Obin fournissait au ministre Fillon un rapport, en 2004, sur les d\u00e9rives communautaires dans les coll\u00e8ges et lyc\u00e9es. Tous des islamophobes, \u00e0 <em>Causeur<\/em>.<\/p>\n<p>Il n\u2019est pas exclu que d\u2019ici quinze ans, ce m\u00eame quotidien de r\u00e9f\u00e9rence reprenne les analyses de Laurent Obertone \u2014 qui pour l\u2019heure s\u2019appuie forc\u00e9ment sur des chiffres trafiqu\u00e9s et des statistiques truqu\u00e9es. Qui peut croire qu\u2019il y a tant de cas de dr\u00e9panocytose d\u00e9tect\u00e9s \u00e0 la naissance en France ? <em>Le Monde<\/em> a su \u00e9radiquer cette l\u00e9gende qui, <a href=\"https:\/\/www.lemonde.fr\/les-decodeurs\/article\/2014\/09\/12\/drepanocytose-la-maladie-genetique-qui-excite-l-extreme-droite_4486737_4355770.html\">comme il dit<\/a>, excite\u00a0l&rsquo;extr\u00eame-droite ! Qui peut se laisser berner par Obertone, qui explique que le Nouvel An, qui mobilisait 28 000 policiers en 2007, en exige aujourd\u2019hui (2017) 140 000 ? Les d\u00e9bordements de Cologne n\u2019\u00e9taient dus qu\u2019au diff\u00e9rentiel culturel entre des gens qui pensent qu\u2019il suffit de tabasser une femme longtemps pour qu\u2019elle dise oui, et des Blancs qui ont invent\u00e9 successivement la courtoisie, le charme, la galanterie et le libertinage pour arriver au m\u00eame but, et n\u2019insistent pas lorsqu\u2019on leur signifie que franchement, non\u2026<br \/>\nJe ne suivrai pas davantage l\u2019auteur lorsqu\u2019il soutient qu\u2019un grand nombre des violences exerc\u00e9es contre les professeurs ou les m\u00e9decins sont le fait de ces minorit\u00e9s opprim\u00e9es. Rappelons pour finir que\u00a0la loi de 2004 \u00e9tait une mauvaise loi : les femmes ont bien le droit d\u2019afficher partout leur soumission !<\/p>\n<p>Jean-Paul Brighelli<\/p>\n<p>PS. \u00c0 quel propos \u00e9crivais-je tout \u00e7a ? Ah oui, je cherchais pour mes \u00e9l\u00e8ves une d\u00e9finition de l&rsquo;antiphrase : l&rsquo;art de dire le contraire de ce que l&rsquo;on pense de fa\u00e7on \u00e0 ce que l&rsquo;on comprenne que l&rsquo;on pense le contraire de ce que l&rsquo;on dit. Et \u00e0 quel propos rajout\u00e9-je ce post-scriptum ? Bah, quelqu&rsquo;un chez <em>Causeur<\/em> m&rsquo;a dit \u2014 et je le crois \u2014 que les imb\u00e9ciles sont l\u00e9gion.<\/p>\n","protected":false},"excerpt":{"rendered":"<p>Il y a des livres que l\u2019on devrait interdire. La d\u00e9sinformation, pass\u00e9e une certaine limite, fr\u00f4le le criminel. La caricature de la caricature est un jeu dangereux. Laurent Obertone devrait \u00eatre en prison. Prenez son dernier livre. Il porte principalement sur les statistiques r\u00e9elles \u2014 pr\u00e9tend-il \u2014 concernant l\u2019immigration, dans tous les domaines. Le nombre [&hellip;]<\/p>\n","protected":false},"author":6,"featured_media":0,"comment_status":"open","ping_status":"open","sticky":false,"template":"","format":"standard","meta":{"footnotes":""},"categories":[1],"tags":[927,353,1600,1599,1601],"class_list":{"0":"post-2479","1":"post","2":"type-post","3":"status-publish","4":"format-standard","6":"category-non-classe","7":"tag-immigration","8":"tag-jean-raspail","9":"tag-la-france-interdite","10":"tag-laurent-obertone","11":"tag-stephen-smith"},"_links":{"self":[{"href":"https:\/\/blog.causeur.fr\/bonnetdane\/wp-json\/wp\/v2\/posts\/2479","targetHints":{"allow":["GET"]}}],"collection":[{"href":"https:\/\/blog.causeur.fr\/bonnetdane\/wp-json\/wp\/v2\/posts"}],"about":[{"href":"https:\/\/blog.causeur.fr\/bonnetdane\/wp-json\/wp\/v2\/types\/post"}],"author":[{"embeddable":true,"href":"https:\/\/blog.causeur.fr\/bonnetdane\/wp-json\/wp\/v2\/users\/6"}],"replies":[{"embeddable":true,"href":"https:\/\/blog.causeur.fr\/bonnetdane\/wp-json\/wp\/v2\/comments?post=2479"}],"version-history":[{"count":0,"href":"https:\/\/blog.causeur.fr\/bonnetdane\/wp-json\/wp\/v2\/posts\/2479\/revisions"}],"wp:attachment":[{"href":"https:\/\/blog.causeur.fr\/bonnetdane\/wp-json\/wp\/v2\/media?parent=2479"}],"wp:term":[{"taxonomy":"category","embeddable":true,"href":"https:\/\/blog.causeur.fr\/bonnetdane\/wp-json\/wp\/v2\/categories?post=2479"},{"taxonomy":"post_tag","embeddable":true,"href":"https:\/\/blog.causeur.fr\/bonnetdane\/wp-json\/wp\/v2\/tags?post=2479"}],"curies":[{"name":"wp","href":"https:\/\/api.w.org\/{rel}","templated":true}]}}