{"id":25,"date":"2006-03-24T07:35:24","date_gmt":"2006-03-24T07:35:24","guid":{"rendered":"http:\/\/blog.causeur.fr\/bonnetdane\/?p=25"},"modified":"2021-04-22T18:54:13","modified_gmt":"2021-04-22T16:54:13","slug":"revoltes","status":"publish","type":"post","link":"https:\/\/blog.causeur.fr\/bonnetdane\/revoltes-25","title":{"rendered":"R\u00e9voltes"},"content":{"rendered":"<p>Les manifestants d\u00e9filent contre le CPE \u2014 et ils ont bien raison: j&rsquo;ai rarement vu une loi aussi mal ficel\u00e9e. Et l&#8217;emballage fait le cadeau. Villepin, \u00e0 vouloir gagner dix jours en passant en force \u00e0 l&rsquo;Assembl\u00e9e, a perdu deux mois, sa cr\u00e9dibilit\u00e9, et peut-\u00eatre les chances de son parti aux prochaines \u00e9lections. Carton plein.<br \/>Sur le dernier point au moins, il est coutumier du fait. Faut-il rappeler qu&rsquo;il est le gourou de la dissolution, en 1997 ? Ou comment une majorit\u00e9 absolue qui n&rsquo;avait aucun besoin de s&rsquo;auto-dissoudre s&rsquo;est retrouv\u00e9e minoritaire en quelques semaines\u2026<\/p>\n<p>Reste \u00e0 comprendre contre quoi ils d\u00e9filent, au fond, ces \u00ab\u00a0jeunes\u00a0\u00bb\u2026<br \/>Une observation liminaire : la plupart de ceux qui participent \u00e0 ces manifestations appartiennent \u00e0 la petite bourgeoisie. D&rsquo;ailleurs, ils se font racketter par les \u00ab\u00a0casseurs\u00a0\u00bb de fins de manifs\u2026<br \/>N&rsquo;y aurait-il pas l\u00e0 une indication pr\u00e9cieuse ? N&rsquo;est-ce pas l\u00e0 la classe la plus lamin\u00e9e et menac\u00e9e par les restructurations \u00e9conomiques et culturelles des derni\u00e8res d\u00e9cennies ?<br \/>La loi Villepin s&rsquo;inscrivait para\u00eet-il dans un ensemble pr\u00f4nant \u00ab\u00a0l&rsquo;\u00e9galit\u00e9 des chances\u00a0\u00bb \u2014 la tarte \u00e0 la cr\u00e8me de tous ceux qui refusent de r\u00e9fl\u00e9chir s\u00e9rieusement. Elle pr\u00e9tendait s&rsquo;adresser prioritairement aux jeunes non dipl\u00f4m\u00e9s. Et ceux qui manifestent le plus s\u00e9rieusement, le plus studieusement, ce sont ceux qui ont d\u00e9j\u00e0, ou qui vont avoir des dipl\u00f4mes.<br \/>Il est vrai qu&rsquo;aujourd&rsquo;hui, apr\u00e8s deux d\u00e9cennies de p\u00e9dagogie active et de d\u00e9magogie effr\u00e9n\u00e9e, le dipl\u00f4me a souvent divorc\u00e9 de la comp\u00e9tence.<\/p>\n<p>\u00ab\u00a0Les h\u00e9ritiers\u00a0\u00bb, disait Bourdieu. Mais de quoi diable vont-ils h\u00e9riter, aujourd&rsquo;hui ? Ni du job de leurs parents, qui n&rsquo;est pas transmissible et qui souvent n&rsquo;existera plus dans quelques ann\u00e9es, ni de la culture \u00ab\u00a0bourgeoise\u00a0\u00bb que transmettait l&rsquo;Ecole \u2014 parce que par la gr\u00e2ce de p\u00e9dagogues peut-\u00eatre bien intentionn\u00e9s, ils n&rsquo;y ont plus acc\u00e8s.<br \/>De quoi se plaignent-ils ? Ils ont l&rsquo;intuition globale que l&rsquo;\u00e9ducation qu&rsquo;on leur a donn\u00e9e n&rsquo;est pas ad\u00e9quate aux d\u00e9fis pr\u00e9sents et \u00e0 venir. D&rsquo;o\u00f9, dans un premier temps&nbsp;\u2014 nous y sommes \u2014 un r\u00e9flexe en quelque sorte corporatiste. Il y a quelque chose de d\u00e9sesp\u00e9r\u00e9ment r\u00e9actionnaire dans l&rsquo;opposition au CPE (qui est, r\u00e9p\u00e9tons-le pour que les choses soient claires, une loi imb\u00e9cile). C&rsquo;est l&rsquo;expression du souhait compr\u00e9hensible et absurde d&rsquo;en rester ou d&rsquo;en revenir au statu quo ante. Un emploi \u00e0 vie, un bon job, un salaire d\u00e9cent. Des souhaits copr\u00e9hensibles. Encore faut-il se donner les moyens de les approcher.<br \/>Un sondage r\u00e9cent (la semaine derni\u00e8re) indiquait que plus de 70% des \u00ab\u00a0jeunes\u00a0\u00bb r\u00eavent d&rsquo;une sin\u00e9cure dans l&rsquo;administration, alors m\u00eame que l&rsquo;administration d\u00e9graisse, que le \u00ab\u00a0moins d&rsquo;Etat\u00a0\u00bb s&rsquo;impose partout, et que par ailleurs je ne suis pas bien s\u00fbr qu&rsquo;il existe, dans l&rsquo;administration ou ailleurs, de r\u00e9elles sin\u00e9cures. Souhait de stabilit\u00e9, d\u00e9sir de rep\u00e8res dans un monde assez peu rassurant.<br \/>La r\u00e9volution informatique commenc\u00e9e dans les ann\u00e9es 70 n&rsquo;en est qu&rsquo;\u00e0 sa phase initiale, et nous vivons sur un volcan, exactement comme dans la deuxi\u00e8me moiti\u00e9 du XIXe si\u00e8cle, les gens ont v\u00e9cu sur le volcan de la r\u00e9volution industrielle. La guerre de S\u00e9cession, en 1860, n&rsquo;exprimait-elle pas, au fond, le m\u00eame d\u00e9sarroi ? Un Sud profond, agricole, s&rsquo;insurgeait contre un Nord industreil \u2014 en vain ? Quelques centaines de milliers de morts pus tard, le Nord avait gagn\u00e9\u2026<br \/>Je n&rsquo;ai pas de sympathie particuli\u00e8re pour le patronat fran\u00e7ais, qui me para\u00eet avoir plusieurs trains de retard, en moyenne. Mais les belles \u00e2mes qui pr\u00e9tendent faire de l&rsquo;enseignement a minima, en \u00ab\u00a0respectant\u00a0\u00bb les convictions des \u00e9l\u00e8ves, en \u00e9vitant de mettre la barre trop haut, en \u00e9vitant tout traumatisme, en \u00e9t\u00e9tant au nom de l&rsquo;\u00e9galitarisme, en crachant sur \u00ab\u00a0l&rsquo;\u00e9litisme\u00a0\u00bb, devenu la b\u00eate \u00e0 abattre, devraient de temps en temps se soucier de la r\u00e9alit\u00e9 du march\u00e9.<br \/>Que dit ce march\u00e9 ? Qu&rsquo;il lui faut soit des ex\u00e9cutants (qu&rsquo;il va chercher dans les pays en voie de d\u00e9veloppement&nbsp;\u2014 on appelle cela d\u00e9localisations), soit des t\u00eates bien faites qui sachent s&rsquo;adapter aux d\u00e9fis \u00e0 venir, aux m\u00e9tiers \u00e0 venir, dont personne n&rsquo;a la moindre id\u00e9e. <br \/>Comment s&rsquo;adapter ? En ayant le pus grand nombre de cordes \u00e0 son arc. En sachant lire, en sachant \u00e9crire, \u2014 en sachant quoi lire. En ma\u00eetrisant non seulement des langues, mais des cultures \u00e9trang\u00e8res. <br \/>Une parenth\u00e8se \u00e0 ce sujet. qu&rsquo;est-ce que respecter la culture personnelle d&rsquo;un enfant ? C&rsquo;est lui montrer comment ce qui appartient au cercle familial peut devenir une arme suppl\u00e9mentaire. Les enfants issus de l&rsquo;immigration nord-africaine, souvent, parlent mal l&rsquo;arabe \u2014 ou, au mieux, un arabe dialectal. Pourquoi ne pas leur dire, plus souvent, qu&rsquo;ils peuvent en faire une arme&nbsp;\u2014 en passant par l&rsquo;arabe litt\u00e9raire qui sert effectivement de lingua franca sur les march\u00e9s ext\u00e9rieurs, et dont la ma\u00eetrise int\u00e9ressera telle ou telle entreprise travaillant dans l&rsquo;export ? Bien s\u00fbr, ce n&rsquo;est pas, au fond, \u00ab\u00a0leur\u00a0\u00bb culture : l&rsquo;arabe (ou l&rsquo;anglais, ou plut\u00f4t, \u00ab\u00a0les\u00a0\u00bb anglais, tant USA, Australie et Grande-bretagne sont aujourd&rsquo;hui s\u00e9par\u00e9es par une langue commune), c&rsquo;est aussi une culture mill\u00e9naire \u2014 combien la connaissent ?<\/p>\n<p>Retour au manifestations. Le CPE a v\u00e9cu. Que d\u00e9cider ? Une protection sociale renforc\u00e9e, ou un assouplissement g\u00e9n\u00e9ral (et pas limit\u00e9 absurdement aux moins de 26 ans, comme s&rsquo;ils constituaient une cat\u00e9gorie \u00e0 part) ? Le mod\u00e8le angais, le mod\u00e8le danois, sugg\u00e8rent les uns ou les autres. Sont-ils all\u00e9 voir comment cela fonctionne ? La flexibilit\u00e9 \u00e0 l&rsquo;anglaise, quel syndicat fran\u00e7ais la voterait ? <br \/>Nous voulons encore une fois le beurre et l&rsquo;argent du beurre. Il est plus que temps de r\u00e9unir tous les acteurs sociaux autour d&rsquo;une table, et de discuter s\u00e9rieusement des perspectives \u2014 de l&#8217;emploi et de la formation, y compris de la formation tout au long de la vie, parce qu&rsquo;il n&rsquo;est plus question de se reposer sur ses lauriers acad\u00e9miques ou sur son b\u00e2ton de mar\u00e9chal. Et de poser les bonnes questions : voulons-nous devenir le pays vers lequel nous nous orientons \u2014 un espace de loisir pour l&rsquo;Europe du Nord et l&rsquo;Extr\u00eame-Orient ? Ou pr\u00e9tendons-nous avoir encore des cartes \u00e0 jouer ?<br \/>L&rsquo;avenir, c&rsquo;est tout de suite.<\/p>\n<p>Une g\u00e9n\u00e9ration enti\u00e8re, depuis 1989, a \u00e9t\u00e9 \u00e0 demi-d\u00e9truite par des pratiques p\u00e9dagogiques et des formations mortif\u00e8res. Le vrai responsable du marasme actuel, c&rsquo;est moins Villepin, d\u00e9j\u00e0 destin\u00e9 aux poubelles de l&rsquo;Histoire, que ceux qui ont si patiemment r\u00e9form\u00e9 les programmes dans le sens du renoncement. C&rsquo;est moins la droite que la gauche.<br \/>D&rsquo;ailleurs, dans les rangs de la Gauche, ils ne sont pas rares, ceux qui pensent comme moi. Mais pour le moment, ils se taisent. Ils ont tort. Le premier qui sonnera la fin de la r\u00e9cr\u00e9, de droite ou de gauche, d\u00e9placera cinq millions de voix. Tiennent-ils vraiment \u00e0 ce que ce soient leurs adversaires qui en profitent ?<\/p>\n<p>JPB<\/p>\n","protected":false},"excerpt":{"rendered":"<p>Les manifestants d\u00e9filent contre le CPE \u2014 et ils ont bien raison: j&rsquo;ai rarement vu une loi aussi mal ficel\u00e9e. Et l&#8217;emballage fait le cadeau. Villepin, \u00e0 vouloir gagner dix jours en passant en force \u00e0 l&rsquo;Assembl\u00e9e, a perdu deux mois, sa cr\u00e9dibilit\u00e9, et peut-\u00eatre les chances de son parti aux prochaines \u00e9lections. Carton plein.Sur [&hellip;]<\/p>\n","protected":false},"author":6,"featured_media":0,"comment_status":"open","ping_status":"open","sticky":false,"template":"","format":"standard","meta":{"footnotes":""},"categories":[1],"tags":[],"class_list":{"0":"post-25","1":"post","2":"type-post","3":"status-publish","4":"format-standard","6":"category-non-classe"},"_links":{"self":[{"href":"https:\/\/blog.causeur.fr\/bonnetdane\/wp-json\/wp\/v2\/posts\/25","targetHints":{"allow":["GET"]}}],"collection":[{"href":"https:\/\/blog.causeur.fr\/bonnetdane\/wp-json\/wp\/v2\/posts"}],"about":[{"href":"https:\/\/blog.causeur.fr\/bonnetdane\/wp-json\/wp\/v2\/types\/post"}],"author":[{"embeddable":true,"href":"https:\/\/blog.causeur.fr\/bonnetdane\/wp-json\/wp\/v2\/users\/6"}],"replies":[{"embeddable":true,"href":"https:\/\/blog.causeur.fr\/bonnetdane\/wp-json\/wp\/v2\/comments?post=25"}],"version-history":[{"count":0,"href":"https:\/\/blog.causeur.fr\/bonnetdane\/wp-json\/wp\/v2\/posts\/25\/revisions"}],"wp:attachment":[{"href":"https:\/\/blog.causeur.fr\/bonnetdane\/wp-json\/wp\/v2\/media?parent=25"}],"wp:term":[{"taxonomy":"category","embeddable":true,"href":"https:\/\/blog.causeur.fr\/bonnetdane\/wp-json\/wp\/v2\/categories?post=25"},{"taxonomy":"post_tag","embeddable":true,"href":"https:\/\/blog.causeur.fr\/bonnetdane\/wp-json\/wp\/v2\/tags?post=25"}],"curies":[{"name":"wp","href":"https:\/\/api.w.org\/{rel}","templated":true}]}}