{"id":2516,"date":"2018-12-06T17:45:51","date_gmt":"2018-12-06T15:45:51","guid":{"rendered":"https:\/\/blog.causeur.fr\/bonnetdane\/?p=2516"},"modified":"2021-04-22T18:48:38","modified_gmt":"2021-04-22T16:48:38","slug":"il-serait-une-fois-la-revolution","status":"publish","type":"post","link":"https:\/\/blog.causeur.fr\/bonnetdane\/il-serait-une-fois-la-revolution-2516","title":{"rendered":"Il serait une fois la r\u00e9volution"},"content":{"rendered":"<p><a href=\"https:\/\/blog.causeur.fr\/bonnetdane\/il-serait-une-fois-la-revolution-002516.html\/il_etait_une_fois_la_revolution\" rel=\"attachment wp-att-2527\"><img loading=\"lazy\" decoding=\"async\" class=\"aligncenter size-full wp-image-2527\" src=\"https:\/\/blog.causeur.fr\/bonnetdane\/files\/2018\/12\/Il_etait_une_fois_la_revolution.jpg\" alt=\"Il_etait_une_fois_la_revolution\" width=\"2155\" height=\"2925\" srcset=\"https:\/\/blog.causeur.fr\/bonnetdane\/wp-content\/uploads\/sites\/25\/2018\/12\/Il_etait_une_fois_la_revolution.jpg 2155w, https:\/\/blog.causeur.fr\/bonnetdane\/wp-content\/uploads\/sites\/25\/2018\/12\/Il_etait_une_fois_la_revolution-221x300.jpg 221w, https:\/\/blog.causeur.fr\/bonnetdane\/wp-content\/uploads\/sites\/25\/2018\/12\/Il_etait_une_fois_la_revolution-768x1042.jpg 768w, https:\/\/blog.causeur.fr\/bonnetdane\/wp-content\/uploads\/sites\/25\/2018\/12\/Il_etait_une_fois_la_revolution-754x1024.jpg 754w\" sizes=\"auto, (max-width: 2155px) 100vw, 2155px\" \/><\/a><a href=\"https:\/\/www.youtube.com\/watch?v=H6CG9J7aifE&amp;app=desktop\">Le lion de la MGM finit de rugir.<\/a> Le sigle d\u2019United Artists passe et s\u2019\u00e9teint. Fondu au noir. Banc-titre, en lettres capitales, en blanc-au-noir :<\/p>\n<p style=\"text-align: center\">THE REVOLUTION<br \/>\nIS NOT A SOCIAL DINNER<br \/>\nA LITERARY EVENT,<br \/>\nA DRAWING OR AN EMBROIDERY .<br \/>\nIT CANNOT BE DONE WITH\u2026<br \/>\nELEGANCE AND COURTESY ;<br \/>\nTHE REVOLUTION IS AN ACT OF VIOLENCE\u2026<br \/>\nMao Tse-Tung<\/p>\n<p>Puis le jet de pisse le plus c\u00e9l\u00e8bre de l\u2019histoire du cin\u00e9ma, dru, moussu, imp\u00e9tueux, frappe une souche p\u00e9trifi\u00e9e o\u00f9 s\u2019agitent des fourmis, qui succombent l\u2019une apr\u00e8s l\u2019autre sous le flot de sodium \/ potassium \/ chlore \/ bicarbonates\u2026 Comme c\u2019est un p\u00e9on inculte et d\u00e9s\u0153uvr\u00e9 qui se soulage, peu de chances que cette urine-l\u00e0 contienne de<a href=\"https:\/\/fr.wikipedia.org\/wiki\/Acide_asparagusique\"> l\u2019acide asparagusique<\/a>.<br \/>\nSuivent 157 minutes de violence d\u00e9cha\u00een\u00e9e. Le Mexique des ann\u00e9es Villa \/ Zapata ne faisait pas dans la dentelle \u2014 ni les Allemands des fosses ard\u00e9atines, auquel il est fait allusion au passage : tout film ou roman historique raconte aussi l\u2019histoire des temps modernes. Fin de la famille de Juan Miranda, massacr\u00e9e. Fin du triolisme amoureux et libertaire de Sean Mallory, an\u00e9anti. Et fin de Mallory (\u00ab Sean-Sean-Sean \u00bb), renvoy\u00e9 dans les astres par son dernier litre de nitroglyc\u00e9rine. \u00c7a vaut le coup de la chaudi\u00e8re de locomotive de<em> la Condition humaine<\/em> : la r\u00e9volution mange ses enfants, comme le Saturne de Goya.<a href=\"https:\/\/blog.causeur.fr\/bonnetdane\/il-serait-une-fois-la-revolution-002516.html\/800px-francisco_de_goya_saturno_devorando_a_su_hijo_1819-1823\" rel=\"attachment wp-att-2528\"><img loading=\"lazy\" decoding=\"async\" class=\"aligncenter size-full wp-image-2528\" src=\"https:\/\/blog.causeur.fr\/bonnetdane\/files\/2018\/12\/800px-Francisco_de_Goya_Saturno_devorando_a_su_hijo_1819-1823.jpg\" alt=\"800px-Francisco_de_Goya,_Saturno_devorando_a_su_hijo_(1819-1823)\" width=\"800\" height=\"1430\" srcset=\"https:\/\/blog.causeur.fr\/bonnetdane\/wp-content\/uploads\/sites\/25\/2018\/12\/800px-Francisco_de_Goya_Saturno_devorando_a_su_hijo_1819-1823.jpg 800w, https:\/\/blog.causeur.fr\/bonnetdane\/wp-content\/uploads\/sites\/25\/2018\/12\/800px-Francisco_de_Goya_Saturno_devorando_a_su_hijo_1819-1823-168x300.jpg 168w, https:\/\/blog.causeur.fr\/bonnetdane\/wp-content\/uploads\/sites\/25\/2018\/12\/800px-Francisco_de_Goya_Saturno_devorando_a_su_hijo_1819-1823-768x1373.jpg 768w, https:\/\/blog.causeur.fr\/bonnetdane\/wp-content\/uploads\/sites\/25\/2018\/12\/800px-Francisco_de_Goya_Saturno_devorando_a_su_hijo_1819-1823-573x1024.jpg 573w\" sizes=\"auto, (max-width: 800px) 100vw, 800px\" \/><\/a><\/p>\n<p>Pourquoi parl\u00e9-je de ce qui fut le dernier western (et bien plus que cela) de Sergio Leone ? C\u2019est qu\u2019\u00e0 lire et \u00e0 \u00e9couter les commentaires sur les derniers \u00e9v\u00e9nements qui ont balafr\u00e9 Paris, Marseille, Toulouse et le Puy-en-Velais.<a href=\"https:\/\/blog.causeur.fr\/bonnetdane\/il-serait-une-fois-la-revolution-002516.html\/attachment\/16597559\" rel=\"attachment wp-att-2531\"><img loading=\"lazy\" decoding=\"async\" class=\"aligncenter size-full wp-image-2531\" src=\"https:\/\/blog.causeur.fr\/bonnetdane\/files\/2018\/12\/16597559.jpg\" alt=\"16597559\" width=\"1197\" height=\"450\" srcset=\"https:\/\/blog.causeur.fr\/bonnetdane\/wp-content\/uploads\/sites\/25\/2018\/12\/16597559.jpg 1197w, https:\/\/blog.causeur.fr\/bonnetdane\/wp-content\/uploads\/sites\/25\/2018\/12\/16597559-300x113.jpg 300w, https:\/\/blog.causeur.fr\/bonnetdane\/wp-content\/uploads\/sites\/25\/2018\/12\/16597559-768x289.jpg 768w, https:\/\/blog.causeur.fr\/bonnetdane\/wp-content\/uploads\/sites\/25\/2018\/12\/16597559-1024x385.jpg 1024w, https:\/\/blog.causeur.fr\/bonnetdane\/wp-content\/uploads\/sites\/25\/2018\/12\/16597559-500x188.jpg 500w\" sizes=\"auto, (max-width: 1197px) 100vw, 1197px\" \/><\/a> la Vierge noire ne s\u2019en est pas remise, ni Macron qui est pass\u00e9 voir les d\u00e9g\u00e2ts, <a href=\"https:\/\/www.francetvinfo.fr\/economie\/transports\/gilets-jaunes\/emmanuel-macron-en-deplacement-a-la-prefecture-de-haute-loire-incendiee-samedi-lors-de-la-mobilisation-des-gilets-jaunes_3084641.html\">et qui s\u2019est fait copieusement huer par la foule<\/a>.<br \/>\nCris d\u2019effroi dans la classe politico-journalistique : protester, certes, mais cette violence ! Ces d\u00e9bordements ! Christophe\u00a0Castaner n\u2019a pas \u00e9t\u00e9 le dernier \u00e0 fustiger des \u00e9v\u00e9nements que dans son inculture \u2014 <a href=\"http:\/\/www.lefigaro.fr\/vox\/societe\/2018\/11\/25\/31003-20181125ARTFIG00143-barbara-lefebvre-christophe-castaner-et-le-6-fevrier-1934-la-double-faute-du-ministre.php\">comme le lui a rappel\u00e9 Barbara Lefebvre<\/a> \u2014 il a un peu rapidement <a href=\"http:\/\/www.leparisien.fr\/politique\/violences-sur-les-champs-elysees-christophe-castaner-accuse-marine-le-pen-et-l-ultradroite-24-11-2018-7952235.php\">assimil\u00e9s au 6 f\u00e9vrier 1934<\/a>. L\u2019Histoire ne repasse pas les plats. La situation actuelle n\u2019est ni 34, ni 68. <a href=\"https:\/\/www.liberation.fr\/debats\/2018\/12\/06\/on-voudrait-une-colere-mais-polie-bien-elevee_1696462\">Dans <em>Lib\u00e9ration<\/em><\/a>, le philosophe Fr\u00e9d\u00e9ric Gros note avec une grande pertinence : \u00a0\u00bb\u00a0On ne cesse d\u2019entendre de la part des \u00abresponsables\u00bb politiques le m\u00eame discours : \u00abLa col\u00e8re est l\u00e9gitime, nous l\u2019entendons ; mais rien ne peut justifier la violence.\u00bb On voudrait une col\u00e8re, mais polie, bien \u00e9lev\u00e9e, qui remette une liste des dol\u00e9ances, en remerciant bien bas que le monde politique veuille bien prendre le temps de la consulter. On voudrait une col\u00e8re d\u00e9tach\u00e9e de son expression. Il faut admettre l\u2019existence d\u2019un certain registre de violences qui ne proc\u00e8de plus d\u2019un choix ni d\u2019un calcul, auquel il est impossible m\u00eame d\u2019appliquer le crit\u00e8re l\u00e9gitime vs. ill\u00e9gitime parce qu\u2019il est l\u2019expression pure d\u2019une exasp\u00e9ration. Cette r\u00e9volte-l\u00e0 est celle du \u00abtrop, c\u2019est trop\u00bb, du ras-le-bol. Tout gouvernement a la violence qu\u2019il m\u00e9rite.\u00a0\u00bb<\/p>\n<p>Eh oui : la r\u00e9volution (et encore, nous en sommes loin, pour le moment) n\u2019est pas un d\u00eener de gala. Mais j\u2019imagine assez bien Castaner ou BFM commenter la prise de la Bastille \u2014 \u00ab violences inacceptables, un monument historique ravag\u00e9 par une foule men\u00e9e par des extr\u00e9mistes, rassemblons-nous autour de notre roi \u00bb\u2026 Sans compter le gouverneur Launay mort sous les coups et dont la t\u00eate sanglante a \u00e9t\u00e9 promen\u00e9e dans Paris par des \u00e9meutiers incontr\u00f4lables \u2014 mais comme disait Rivarol, qui \u00e9tait pourtant monarchiste : \u00ab Il avait perdu la t\u00eate avant qu\u2019on la lui coup\u00e2t \u00bb.<\/p>\n<div id=\"ligne\"><\/div>\n<p>\u00c0 noter qu\u2019on promena aussi dans les rues ce jour-l\u00e0 la t\u00eate de Flesselles, maire de Paris. Hidalgo devrait se m\u00e9fier.<br \/>\nEt encore, c\u2019\u00e9taient les violons avant le bal. Bien des t\u00eates tomb\u00e8rent dans les ann\u00e9es qui suivirent. La r\u00e9volution est violente \u2014 mais les r\u00e9voltes aussi, et les simples \u00e9meutes ne restent pas en rade. Quand on inonde de m\u00e9pris ceux qui cherchent un travail ou bossent \u00e0 trente kilom\u00e8tres de chez eux, le gestes remplacent la parole confisqu\u00e9e. La carte de la pauvret\u00e9, en France, se superpose \u00e0 peu pr\u00e8s \u00e0 celle du diesel, et comme le montre tr\u00e8s bien <a href=\"https:\/\/pro.largus.fr\/actualites\/le-diesel-signe-exterieur-de-pauvrete-9487392.html\">l\u2019enqu\u00eate de <em>l\u2019Argus<\/em><\/a>, la part de m\u00e9nages imposables est inversement proportionnelle au taux de di\u00e9s\u00e9lisation du parc auto.<a href=\"https:\/\/blog.causeur.fr\/bonnetdane\/il-serait-une-fois-la-revolution-002516.html\/cartes\" rel=\"attachment wp-att-2529\"><img loading=\"lazy\" decoding=\"async\" class=\"aligncenter size-full wp-image-2529\" src=\"https:\/\/blog.causeur.fr\/bonnetdane\/files\/2018\/12\/cartes.png\" alt=\"cartes\" width=\"620\" height=\"295\" srcset=\"https:\/\/blog.causeur.fr\/bonnetdane\/wp-content\/uploads\/sites\/25\/2018\/12\/cartes.png 620w, https:\/\/blog.causeur.fr\/bonnetdane\/wp-content\/uploads\/sites\/25\/2018\/12\/cartes-300x143.png 300w, https:\/\/blog.causeur.fr\/bonnetdane\/wp-content\/uploads\/sites\/25\/2018\/12\/cartes-500x238.png 500w\" sizes=\"auto, (max-width: 620px) 100vw, 620px\" \/><\/a>Une statistique <a href=\"https:\/\/www.lemonde.fr\/societe\/article\/2018\/12\/05\/niveau-de-vie-les-10-graphiques-de-la-colere_5392911_3224.html\">que confirment celles publi\u00e9es par le <em>Monde<\/em><\/a>, montrant que le pouvoir d&rsquo;achat des \u00ab\u00a0pauvres\u00a0\u00bb n&rsquo;a pas augment\u00e9 depuis dix ans. Mais l\u2019essentiel n\u2019est-il pas que les bobos parisiens aient \u00e0 disposition des trottinettes \u00e9lectriques ?<br \/>\nJe sens qu\u2019on va les leur faire bouffer.<\/p>\n<p>Toute la classe politique est \u00e0 l\u2019avenant. La d\u00e9mesure, l\u2019\u1f55\u03b2\u03c1\u03b9\u03c2 comme disaient les Grecs, les a tous frapp\u00e9s. Ils ne se croient m\u00eame plus sortis de la cuisse de Jupiter : ils sont Jupiter. Et aveugl\u00e9s par les dieux, il est m\u00eame possible qu\u2019ils croient, sur leur olympe \u00e9lys\u00e9en de carton-p\u00e2te, les \u00e9normit\u00e9s que prof\u00e8re une certaine presse qui confond information et adulation.<a href=\"https:\/\/blog.causeur.fr\/bonnetdane\/la-republique-des-ego-002502.html\/emmanuel-macron-president-jupiterien-par-gael-tchakaloff\" rel=\"attachment wp-att-2513\"><br \/>\n<\/a><\/p>\n<p>C\u2019est quand m\u00eame curieux, cette gestion de crise.<br \/>\nJ\u2019expliquais hier \u00e0 mes \u00e9tudiants qu\u2019il en est des col\u00e8res populaires comme des sc\u00e8nes de m\u00e9nage. Que l\u2019un ou l\u2019autre ouvre les hostilit\u00e9s, une seule r\u00e9ponse possible : \u00ab Oui, mon ch\u00e9ri \/ Oui, ma ch\u00e9rie \u00bb. Et rien d\u2019autre. Le premier qui dit Oui a gagn\u00e9.\u00a0Ce n&rsquo;est pas une reddition, c&rsquo;est une preuve d&rsquo;intelligence.<\/p>\n<p>Mai 68, <a href=\"https:\/\/blogs.mediapart.fr\/patrice-louis\/blog\/220308\/22-mars-1968-l-enregistrement\">rappelez-vous<\/a>, est sorti d\u2019une revendication des \u00e9tudiants de la Cit\u00e9 U de Nanterre, d\u00e9sireux de faire des incursions dans le dortoir des filles. Interpell\u00e9 par un \u00e9tudiant roux, qui, lui reproche qu\u2019en 300 pages son <em>Livre blanc sur la jeunesse<\/em> ne dise pas un mot sur la sexualit\u00e9, Fran\u00e7ois Missoffe, ministre de la jeunesse et des Sports, r\u00e9plique intelligemment : \u00ab Avec la t\u00eate que vous avez, vous connaissez s\u00fbrement des probl\u00e8mes de cet ordre. Je ne saurais trop vous conseiller de plonger dans la piscine. \u00bb L&rsquo;\u00e9tudiant, un Franco-Allemand inscrit en sociologie, conclut : \u00ab Voil\u00e0 une r\u00e9ponse digne des Jeunesses hitl\u00e9riennes. \u00bb C\u2019\u00e9tait en janvier. Le 22 mars, le m\u00eame \u00e9tudiant (<a href=\"https:\/\/www.rtl.fr\/actu\/politique\/carburants-les-annonces-du-gouvernement-sont-justes-affirme-cohn-bendit-sur-rtl-7795577772\">qui aujourd\u2019hui soutient la taxe diesel de Macron<\/a>, avoir \u00e9t\u00e9 jeune n\u2019emp\u00eache nullement d\u2019\u00eatre un vieux con) une assembl\u00e9e g\u00e9n\u00e9rale \u00e0 Nanterre lance un mouvement qui aurait pu \u00eatre \u00e9touff\u00e9 dans l\u2019\u0153uf avec un Oui imm\u00e9diat \u2014 et qui obligea trois mois plus tard le gouvernement \u00e0 promulguer (personne ne les a sign\u00e9s, mais on les a appliqu\u00e9s) des Accords de Grenelle qui augmentaient le SMIG de 35%. Une revendication qui refait surface aujourd\u2019hui, tiens, tiens\u2026 Et non sans raison.<br \/>\nLa seule diff\u00e9rence, c\u2019est que le gouvernement Pompidou (\u00ab Pompidou, des sous ! \u00bb chantaient les manifestants, c\u2019\u00e9tait minimaliste mais significatif) avait encore le pouvoir de relancer l\u2019inflation et la machine \u00e0 billets pour permettre \u00e0 l&rsquo;\u00e9conomie de dig\u00e9rer la d\u00e9cision. Aujourd\u2019hui, nous avons les mains li\u00e9es par la d\u00e9cision de ce m\u00eame Pompidou de renoncer \u00e0 l\u2019ind\u00e9pendance mon\u00e9taire. N\u2019emp\u00eache\u2026 Combien de membres de la classe moyenne sont devenus propri\u00e9taires gr\u00e2ce \u00e0 ces deux \u00e9v\u00e9nements ? Demandez \u00e0 vos grands-parents.<br \/>\nMais de classe moyenne, dit Christophe Guilluy dans son dernier livre, il n\u2019y a plus gu\u00e8re d\u2019apparence. Les d\u00e9class\u00e9s sont dans la rue.<a href=\"https:\/\/blog.causeur.fr\/bonnetdane\/il-serait-une-fois-la-revolution-002516.html\/no-society\" rel=\"attachment wp-att-2530\"><img loading=\"lazy\" decoding=\"async\" class=\"aligncenter size-full wp-image-2530\" src=\"https:\/\/blog.causeur.fr\/bonnetdane\/files\/2018\/12\/No-society.jpg\" alt=\"No-society\" width=\"340\" height=\"340\" srcset=\"https:\/\/blog.causeur.fr\/bonnetdane\/wp-content\/uploads\/sites\/25\/2018\/12\/No-society.jpg 340w, https:\/\/blog.causeur.fr\/bonnetdane\/wp-content\/uploads\/sites\/25\/2018\/12\/No-society-150x150.jpg 150w, https:\/\/blog.causeur.fr\/bonnetdane\/wp-content\/uploads\/sites\/25\/2018\/12\/No-society-300x300.jpg 300w, https:\/\/blog.causeur.fr\/bonnetdane\/wp-content\/uploads\/sites\/25\/2018\/12\/No-society-32x32.jpg 32w, https:\/\/blog.causeur.fr\/bonnetdane\/wp-content\/uploads\/sites\/25\/2018\/12\/No-society-50x50.jpg 50w, https:\/\/blog.causeur.fr\/bonnetdane\/wp-content\/uploads\/sites\/25\/2018\/12\/No-society-64x64.jpg 64w, https:\/\/blog.causeur.fr\/bonnetdane\/wp-content\/uploads\/sites\/25\/2018\/12\/No-society-96x96.jpg 96w, https:\/\/blog.causeur.fr\/bonnetdane\/wp-content\/uploads\/sites\/25\/2018\/12\/No-society-128x128.jpg 128w\" sizes=\"auto, (max-width: 340px) 100vw, 340px\" \/><\/a><\/p>\n<p>Jusqu\u2019ici, c\u2019est une \u00e9meute \u00ab blanche \u00bb, si je puis ainsi m\u2019exprimer. Les banlieues ne sont descendues en ville, samedi dernier, que pour faire quelques emplettes. Si elles se mettent en t\u00eate de s\u2019approvisionner en gros\u2026<br \/>\nLa sc\u00e8ne de m\u00e9nage s\u2019est envenim\u00e9e. On ressort la machine \u00e0 claques. On s\u2019\u00e9parpille fa\u00e7on puzzle, comme disait Bernard Blier. Je souhaite juste qu\u2019il n\u2019y ait pas trop de d\u00e9g\u00e2ts, samedi, \u00e0 Paris et ailleurs. Mais je n\u2019y crois gu\u00e8re.<\/p>\n<p>Jean-Paul Brighelli<\/p>\n","protected":false},"excerpt":{"rendered":"<p>Le lion de la MGM finit de rugir. Le sigle d\u2019United Artists passe et s\u2019\u00e9teint. Fondu au noir. Banc-titre, en lettres capitales, en blanc-au-noir : THE REVOLUTION IS NOT A SOCIAL DINNER A LITERARY EVENT, A DRAWING OR AN EMBROIDERY . IT CANNOT BE DONE WITH\u2026 ELEGANCE AND COURTESY ; THE REVOLUTION IS AN ACT [&hellip;]<\/p>\n","protected":false},"author":6,"featured_media":0,"comment_status":"open","ping_status":"open","sticky":false,"template":"","format":"standard","meta":{"footnotes":""},"categories":[1],"tags":[307,1616,1615,1613,1614,174,1083,1612,21],"class_list":{"0":"post-2516","1":"post","2":"type-post","3":"status-publish","4":"format-standard","6":"category-non-classe","7":"tag-christophe-guilluy","8":"tag-classes-moyennes","9":"tag-diesel","10":"tag-il-etait-une-fois-la-revolution","11":"tag-largus","12":"tag-mai-68","13":"tag-pauvrete","14":"tag-setgio-leone","15":"tag-violence"},"_links":{"self":[{"href":"https:\/\/blog.causeur.fr\/bonnetdane\/wp-json\/wp\/v2\/posts\/2516","targetHints":{"allow":["GET"]}}],"collection":[{"href":"https:\/\/blog.causeur.fr\/bonnetdane\/wp-json\/wp\/v2\/posts"}],"about":[{"href":"https:\/\/blog.causeur.fr\/bonnetdane\/wp-json\/wp\/v2\/types\/post"}],"author":[{"embeddable":true,"href":"https:\/\/blog.causeur.fr\/bonnetdane\/wp-json\/wp\/v2\/users\/6"}],"replies":[{"embeddable":true,"href":"https:\/\/blog.causeur.fr\/bonnetdane\/wp-json\/wp\/v2\/comments?post=2516"}],"version-history":[{"count":0,"href":"https:\/\/blog.causeur.fr\/bonnetdane\/wp-json\/wp\/v2\/posts\/2516\/revisions"}],"wp:attachment":[{"href":"https:\/\/blog.causeur.fr\/bonnetdane\/wp-json\/wp\/v2\/media?parent=2516"}],"wp:term":[{"taxonomy":"category","embeddable":true,"href":"https:\/\/blog.causeur.fr\/bonnetdane\/wp-json\/wp\/v2\/categories?post=2516"},{"taxonomy":"post_tag","embeddable":true,"href":"https:\/\/blog.causeur.fr\/bonnetdane\/wp-json\/wp\/v2\/tags?post=2516"}],"curies":[{"name":"wp","href":"https:\/\/api.w.org\/{rel}","templated":true}]}}