{"id":2575,"date":"2019-01-12T13:24:37","date_gmt":"2019-01-12T11:24:37","guid":{"rendered":"https:\/\/blog.causeur.fr\/bonnetdane\/?p=2575"},"modified":"2021-04-22T18:48:38","modified_gmt":"2021-04-22T16:48:38","slug":"anacyclose","status":"publish","type":"post","link":"https:\/\/blog.causeur.fr\/bonnetdane\/anacyclose-2575","title":{"rendered":"Anacyclose"},"content":{"rendered":"<p><a href=\"https:\/\/blog.causeur.fr\/bonnetdane\/anacyclose-002575.html\/anacyclose_de_polybe2\" rel=\"attachment wp-att-2585\"><img loading=\"lazy\" decoding=\"async\" class=\"aligncenter size-full wp-image-2585\" src=\"https:\/\/blog.causeur.fr\/bonnetdane\/files\/2019\/01\/Anacyclose_de_Polybe2.png\" alt=\"Anacyclose_de_Polybe2\" width=\"514\" height=\"355\" srcset=\"https:\/\/blog.causeur.fr\/bonnetdane\/wp-content\/uploads\/sites\/25\/2019\/01\/Anacyclose_de_Polybe2.png 514w, https:\/\/blog.causeur.fr\/bonnetdane\/wp-content\/uploads\/sites\/25\/2019\/01\/Anacyclose_de_Polybe2-300x207.png 300w, https:\/\/blog.causeur.fr\/bonnetdane\/wp-content\/uploads\/sites\/25\/2019\/01\/Anacyclose_de_Polybe2-434x300.png 434w\" sizes=\"auto, (max-width: 514px) 100vw, 514px\" \/><\/a>Depuis deux ou trois ans, tout le monde parle d\u2019anacyclose \u2014 <a href=\"https:\/\/www.lepoint.fr\/editos-du-point\/sophie-coignard\/coignard-emmanuel-macron-contre-l-ochlocratie-02-01-2019-2282794_2134.php\">m\u00eame Macron<\/a>, du temps o\u00f9 il \u00e9tait ministre de l\u2019Economie du Pingouin. Cela ne m\u2019\u00e9tonne gu\u00e8re, de la part d\u2019un homme si cultiv\u00e9 qu\u2019<a href=\"https:\/\/www.lemonde.fr\/politique\/article\/2019\/01\/02\/sylvain-fort-conseiller-communication-de-macron-va-quitter-l-elysee_5404530_823448.html\">il a d\u00e9cid\u00e9 de se passer des services de Sylvain Fort<\/a>, qui lui \u00e9crivait ses discours les mieux organis\u00e9s.<br \/>\nMais l\u2019a-t-il d\u00e9cid\u00e9 ? Il y a de m\u00e9chantes langues qui pr\u00e9tendent qu\u2019il a tout fait pour dissuader son conseiller en communication, n\u00e8gre d\u2019excellence et responsable-presse de d\u00e9missionner.<\/p>\n<p>Qu\u2019est-ce que l\u2019anacyclose ? C\u2019est une th\u00e9orie grecque, fix\u00e9e dans le marbre par Polybe au IIe si\u00e8cle avant JC apr\u00e8s une premi\u00e8re formulation dans la <em>R\u00e9publique<\/em> platonicienne (Livre VIII), selon laquelle les Etats suivent immanquablement un cycle en six phases. La monarchie bascule dans la tyrannie, l\u2019aristocratie prend le pouvoir mais se d\u00e9grade en oligarchie, la d\u00e9mocratie r\u00e9tablit un semblant d\u2019\u00e9quilibre, mais se d\u00e9grade elle-m\u00eame en ochlocratie \u2014 le r\u00e8gne de la foule, des gilets jaunes et du r\u00e9f\u00e9rendum d\u2019initiative populaire, \u00e0 en croire les chroniqueurs proches du Palais, qu\u2019il s\u2019agisse de Sophie Coignard dans <em>le Point<\/em>\u00a0(voir ci-dessus) ou de <a href=\"http:\/\/www.lefigaro.fr\/vox\/politique\/2019\/01\/09\/31001-20190109ARTFIG00161-les-gilets-jaunes-l-ochlocratie-en-marche.php\">S\u00e9bastien Laye dans <em>le Figaro<\/em><\/a> \u2014, et il ne reste plus qu\u2019\u00e0 attendre l\u2019homme providentiel qui r\u00e9tablira la monarchie (ou, si l\u2019on pr\u00e9f\u00e8re, le Premier Empire ou la V\u00e8me R\u00e9publique).<\/p>\n<p>C\u2019est ce qui aurait fait dire \u00e0 Thucydide (ces Grecs sont partout, d\u00e8s qu\u2019il s\u2019agit de politique \u2014 apr\u00e8s tout, ce sont\u00a0eux qui ont invent\u00e9 le mot) que l\u2019Histoire est un perp\u00e9tuel recommencement.<br \/>\n(C\u2019est aussi ce qui a fait dire \u00e0 Hegel que les grands \u00e9v\u00e9nements se reproduisent deux fois \u2014 affirmation que Marx a modifi\u00e9, avec l\u2019humour qui \u00e9tait le sien, en pr\u00e9cisant que ce qui \u00e9tait trag\u00e9die la premi\u00e8re fois se r\u00e9p\u00e8te en farce \u2014 Napol\u00e9on III apr\u00e8s Bonaparte. Et quand on en est \u00e0 Napol\u00e9on IV, c&rsquo;est\u00a0quoi ? Apr\u00e8s la farce, la caricature ?).<br \/>\nEt c\u2019est ce qui a engendr\u00e9, avec de menues diff\u00e9rences, la th\u00e9orie des types de gouvernement chez Montesquieu, r\u00e9publique (susceptible de d\u00e9g\u00e9n\u00e9rer en aristocratie ou d\u00e9mocratie), monarchie ou despotisme. Fin du cours.<\/p>\n<p>Anacyclose, ochlocratie\u2026 C\u2019est fou, d\u00e8s que la situation \u00e9chappe aux sch\u00e9mas habituels, cette propension des \u00e9lites auto-proclam\u00e9es \u00e0 se r\u00e9fugier derri\u00e8re des fiches Wikipedia\u2026<\/p>\n<p>Toute la question est de savoir o\u00f9 nous en sommes. En fait, un peu partout \u00e0 la fois.<\/p>\n<p>La fonction pr\u00e9sidentielle, telle que l\u2019a voulue jadis De Gaulle, est une monarchie camoufl\u00e9e. Pas un hasard si le <em>Canard<\/em> intitulait ses prises de bec avec MonG\u00e9n\u00e9ral \u00ab la Cour \u00bb (puis \u00ab la R\u00e9gence \u00bb quand la main passa \u00e0 Pompidou). En m\u00eame temps, une Constitution qui permet, via l\u2019article 16, de basculer dans les pleins pouvoirs flirte dangereusement avec la tyrannie \u2014 c\u2019\u00e9tait, rappelez-vous, la th\u00e8se de Mitterrand dans<em> le Coup d\u2019Etat permanent<\/em>. Nous n\u2019en sommes pas l\u00e0, bien s\u00fbr. Il ne viendrait \u00e0 l\u2019id\u00e9e de personne d\u2019arr\u00eater quelques milliers de personnes pr\u00e9ventivement, en pr\u00e9tendant que le collyre est une arme par destination. La langue aussi, d\u2019ailleurs : je sugg\u00e8re qu\u2019on la coupe en public \u00e0 ceux qui gueulent trop fort : apr\u00e8s tout, une manifestation hostile est une atteinte au corps sacr\u00e9 du chef de l\u2019Etat \u2014 voir ce que Foucault a merveilleusement \u00e9crit sur le sujet dans <em>Surveiller et punir<\/em>.<br \/>\nAlors ? Aristocratie ? J\u2019ai d\u00e9j\u00e0 \u00e9voqu\u00e9 cette question, <a href=\"https:\/\/blog.causeur.fr\/bonnetdane\/trop-intelligents-trop-subtils-002563.html\">aussi bien du point de vue politique<\/a> que <a href=\"https:\/\/www.valeursactuelles.com\/lincorrect\/la-fabrique-des-elites-auto-proclamees-102333\">dans la perspective de la fabrication des \u00e9lites<\/a>. Quand les \u00e9lites pr\u00e9tendues sont repr\u00e9sent\u00e9es par Gilles Le Gendre, qui est trop subtil et trop intelligent, <a href=\"https:\/\/www.lci.fr\/social\/en-direct-gilets-jaunes-la-liberte-de-manifester-oui-mais-la-liberte-de-casser-non-lance-aurore-berge-2103673.html\">par Aurore Berg\u00e9, si mesur\u00e9e<\/a>, ou par Christophe Castaner, si \u00e9clair\u00e9 ; quand G\u00e9rald Darmanin explique doctement : \u00ab Par principe je suis toujours du c\u00f4t\u00e9 des policiers et des gendarmes. Si bavure, il faut des enqu\u00eates. Dans un \u00e9tat d\u00e9mocratique r\u00e9publicain, le monopole de la violence l\u00e9gitime, c\u2019est celle des policiers et des gendarmes \u00bb, sans comprendre que la violence du peuple n\u2019est jamais qu\u2019un pr\u00eat\u00e9 pour un rendu \u2014 eh bien, nous pouvons nous faire du souci.<br \/>\nNon, <em>aristocratie<\/em> est certainement un terme exag\u00e9r\u00e9. On comprend bien que le radical <em>aristo<\/em>&#8211; (les meilleurs) ne peut plus \u00eatre qu\u2019une antiphrase, et que nous sommes d\u00e9sormais dirig\u00e9s par une oligarchie qui serre les rangs d\u00e8s qu\u2019elle se sent menac\u00e9e dans ses privil\u00e8ges exorbitants. Que l\u2019on ait envie de renverser des gens qui sont les courroies de transmission des lobbies, \u00e0 Paris et encore davantage \u00e0 Bruxelles, est un r\u00e9flexe assez sain. Quitte \u00e0 les pourchasser dans leurs minist\u00e8res, ou \u00e0 murer leur porte d\u2019entr\u00e9e \u2014 un gag assez dr\u00f4le, quand on y pense : il n\u2019y a pas eu mort d\u2019homme, Patricia Gallerneau aurait pu se douter que des Vend\u00e9ens, qui ont une longue histoire de r\u00e9volte, sauraient trouver une solution spectaculaire, et les photos sont surprenantes.<a href=\"https:\/\/blog.causeur.fr\/bonnetdane\/anacyclose-002575.html\/capture-decran-2019-01-12-a-11-33-04\" rel=\"attachment wp-att-2586\"><img loading=\"lazy\" decoding=\"async\" class=\"aligncenter size-full wp-image-2586\" src=\"https:\/\/blog.causeur.fr\/bonnetdane\/files\/2019\/01\/Capture-d\u2019e\u0301cran-2019-01-12-a\u0300-11.33.04.png\" alt=\"Capture d\u2019e\u0301cran 2019-01-12 a\u0300 11.33.04\" width=\"502\" height=\"494\" srcset=\"https:\/\/blog.causeur.fr\/bonnetdane\/wp-content\/uploads\/sites\/25\/2019\/01\/Capture-d\u2019e\u0301cran-2019-01-12-a\u0300-11.33.04.png 502w, https:\/\/blog.causeur.fr\/bonnetdane\/wp-content\/uploads\/sites\/25\/2019\/01\/Capture-d\u2019e\u0301cran-2019-01-12-a\u0300-11.33.04-300x295.png 300w, https:\/\/blog.causeur.fr\/bonnetdane\/wp-content\/uploads\/sites\/25\/2019\/01\/Capture-d\u2019e\u0301cran-2019-01-12-a\u0300-11.33.04-305x300.png 305w, https:\/\/blog.causeur.fr\/bonnetdane\/wp-content\/uploads\/sites\/25\/2019\/01\/Capture-d\u2019e\u0301cran-2019-01-12-a\u0300-11.33.04-32x32.png 32w, https:\/\/blog.causeur.fr\/bonnetdane\/wp-content\/uploads\/sites\/25\/2019\/01\/Capture-d\u2019e\u0301cran-2019-01-12-a\u0300-11.33.04-50x50.png 50w, https:\/\/blog.causeur.fr\/bonnetdane\/wp-content\/uploads\/sites\/25\/2019\/01\/Capture-d\u2019e\u0301cran-2019-01-12-a\u0300-11.33.04-64x64.png 64w\" sizes=\"auto, (max-width: 502px) 100vw, 502px\" \/><\/a><\/p>\n<p>Alors ? Retour \u00e0 la case D\u00e9mocratie via un \u00ab grand d\u00e9bat \u00bb dont toutes les questions qui f\u00e2chent ont \u00e9t\u00e9 \u00e9vacu\u00e9es ? Le Pr\u00e9sident avait promis de faire le point sur l\u2019immigration \u2014 mais on lui a fait comprendre qu\u2019il \u00e9tait hors de question d\u2019interroger les gens sur ce sujet sensible \u2014 ni sur aucun sujet sensible. Rappelez-vous Beaumarchais : \u00ab Pourvu que je ne parle en mes \u00e9crits ni de l\u2019autorit\u00e9, ni du culte, ni de la politique, ni de la morale, ni des gens en place, ni des corps en cr\u00e9dit, ni de l\u2019Op\u00e9ra, ni des autres spectacles, ni de personne qui tienne \u00e0 quelque chose, je puis tout imprimer librement, sous l\u2019inspection de deux ou trois censeurs. \u00bb <a href=\"https:\/\/blog.causeur.fr\/bonnetdane\/les-mots-interdits-002535.html\">J\u2019ai d\u00e9j\u00e0 cit\u00e9 ce texte c\u00e9l\u00e8bre<\/a>. Nous vivons une \u00e9poque paradoxale o\u00f9 donner la parole signifie qu\u2019on l\u2019interdit <em>a priori<\/em>. C\u2019est la logique de Big Brother selon Orwell et de la <em>Lingua Tertii Imperii<\/em> de Klemperer, l\u2019inversion des valeurs et des significations : \u00ab L\u2019ignorance, c\u2019est la force, la libert\u00e9, c\u2019est l\u2019esclavage \u00bb.<br \/>\nReste la rue \u2014 c\u2019est-\u00e0-dire l\u2019ochlocratie qui r\u00e9pugne si fort \u00e0 tous les chroniqueurs, puisqu\u2019elle \u00e9gratigne ou renverse le pouvoir qu\u2019ils se sont arrog\u00e9 (rappelons que nombre de journalistes sont effectivement libres de tout dire, pourvu que cela ne g\u00eane ni les ambitions de leur patron, ni les int\u00e9r\u00eats des r\u00e9gies publicitaires qui les alimentent : c\u2019est la raison invoqu\u00e9e depuis toujours par le <em>Canard<\/em> pour ne pas diffuser de publicit\u00e9s). Reste la rue et ses d\u00e9bordements. Action \/ r\u00e9action. La violence institutionnelle revient en boomerang.<\/p>\n<div id=\"ligne\"><\/div>\n<p>Alors, \u00e0 quand le grand homme (de l\u2019un ou l\u2019autre sexe, je n\u2019ai rien contre le surgissement d\u2019une nouvelle Elisabeth I\u00e8re, d&rsquo;une Christine de Su\u00e8de ou d\u2019une Catherine II ressuscit\u00e9es) qui viendra \u00e9crire la Constitution d\u2019une VIe R\u00e9publique qui r\u00e9concilierait tout le monde pour un temps ? Nous avons rat\u00e9 Jean-Pierre Chev\u00e9nement il y a quinze ans. Vladimir Poutine et Xi Jinping sont pris l&rsquo;un et l&rsquo;autre par des pays qui se sont donn\u00e9 les moyens, et les hommes. Et le probl\u00e8me, c\u2019est que nous sommes si anesth\u00e9si\u00e9s par le d\u00e9fil\u00e9 de m\u00e9diocrit\u00e9s qui se sont succ\u00e9d\u00e9 depuis que nous ne reconna\u00eetrions plus un vrai leader, s\u2019il apparaissait.<\/p>\n<p>Allez, une petite citation de Dumas \u2014 pour se donner un peu d\u2019espoir :<\/p>\n<p><em>\u00ab \u2014 Ainsi donc, \u00e0 votre avis, reprit en ricanant l\u2019Espagnole qui se mordait les l\u00e8vres de col\u00e8re, cette \u00e9meute d\u2019hier, qui aujourd\u2019hui est d\u00e9j\u00e0 une r\u00e9volte, peut demain devenir une r\u00e9volution ?<\/em><br \/>\n<em> \u00ab \u2014 Oui, madame, dit gravement le coadjuteur.<\/em><br \/>\n<em> \u00ab \u2014 Mais, \u00e0 vous entendre, monsieur, les peuples auraient donc oubli\u00e9 tout frein ?<\/em><br \/>\n<em> \u00ab \u2014 L\u2019ann\u00e9e est mauvaise pour les rois, dit Gondy en secouant la t\u00eate ; regardez en Angleterre, madame.<\/em><br \/>\n<em> \u00ab \u2014 Oui, mais heureusement nous n\u2019avons point en France d\u2019Olivier Cromwell, r\u00e9pondit la reine.<\/em><br \/>\n<em> \u00ab \u2014 Qui sait ? dit Gondy, ces hommes-l\u00e0 sont pareils \u00e0 la foudre, on ne les conna\u00eet que lorsqu\u2019ils frappent. \u00bb<\/em><\/p>\n<p>C\u2019est dans <em>Vingt ans apr\u00e8s<\/em>, chapitre LI (1). Et \u00e0 la fin, Mazarin, qui avait plus d\u2019intelligence dans son petit doigt qu\u2019Edouard Philippe dans toute sa longue personne, a propos\u00e9 quelques arrangements qui lui ont permis d\u2019\u00e9teindre la Fronde \u2014 et, tant qu\u2019\u00e0 faire, de remporter la Guerre de Trente ans. Mais voil\u00e0, <a href=\"https:\/\/blog.causeur.fr\/bonnetdane\/mazarin-president-001624.html\">comme je l\u2019ai d\u00e9j\u00e0 d\u00e9plor\u00e9<\/a>, les hommes alors avaient une autre stature.<\/p>\n<p>Jean-Paul Brighelli<\/p>\n<p>(1)\u00a0Quand j&rsquo;en suis \u00e0 citer Dumas, c&rsquo;est que je commence \u00e0 d\u00e9sesp\u00e9rer \u2014 le cher Alexandre est mon dernier rempart.<\/p>\n<p>&nbsp;<\/p>\n","protected":false},"excerpt":{"rendered":"<p>Depuis deux ou trois ans, tout le monde parle d\u2019anacyclose \u2014 m\u00eame Macron, du temps o\u00f9 il \u00e9tait ministre de l\u2019Economie du Pingouin. Cela ne m\u2019\u00e9tonne gu\u00e8re, de la part d\u2019un homme si cultiv\u00e9 qu\u2019il a d\u00e9cid\u00e9 de se passer des services de Sylvain Fort, qui lui \u00e9crivait ses discours les mieux organis\u00e9s. Mais l\u2019a-t-il [&hellip;]<\/p>\n","protected":false},"author":6,"featured_media":0,"comment_status":"open","ping_status":"open","sticky":false,"template":"","format":"standard","meta":{"footnotes":""},"categories":[1],"tags":[1644,1642,1643,1629,1641,1639,854,1640],"class_list":{"0":"post-2575","1":"post","2":"type-post","3":"status-publish","4":"format-standard","6":"category-non-classe","7":"tag-anacyclose","8":"tag-aurore-berge","9":"tag-edouard-philippe","10":"tag-gilles-le-gendre","11":"tag-montesquieu","12":"tag-patricia-gallerneau","13":"tag-platon","14":"tag-polybe"},"_links":{"self":[{"href":"https:\/\/blog.causeur.fr\/bonnetdane\/wp-json\/wp\/v2\/posts\/2575","targetHints":{"allow":["GET"]}}],"collection":[{"href":"https:\/\/blog.causeur.fr\/bonnetdane\/wp-json\/wp\/v2\/posts"}],"about":[{"href":"https:\/\/blog.causeur.fr\/bonnetdane\/wp-json\/wp\/v2\/types\/post"}],"author":[{"embeddable":true,"href":"https:\/\/blog.causeur.fr\/bonnetdane\/wp-json\/wp\/v2\/users\/6"}],"replies":[{"embeddable":true,"href":"https:\/\/blog.causeur.fr\/bonnetdane\/wp-json\/wp\/v2\/comments?post=2575"}],"version-history":[{"count":0,"href":"https:\/\/blog.causeur.fr\/bonnetdane\/wp-json\/wp\/v2\/posts\/2575\/revisions"}],"wp:attachment":[{"href":"https:\/\/blog.causeur.fr\/bonnetdane\/wp-json\/wp\/v2\/media?parent=2575"}],"wp:term":[{"taxonomy":"category","embeddable":true,"href":"https:\/\/blog.causeur.fr\/bonnetdane\/wp-json\/wp\/v2\/categories?post=2575"},{"taxonomy":"post_tag","embeddable":true,"href":"https:\/\/blog.causeur.fr\/bonnetdane\/wp-json\/wp\/v2\/tags?post=2575"}],"curies":[{"name":"wp","href":"https:\/\/api.w.org\/{rel}","templated":true}]}}