{"id":2584,"date":"2019-01-19T09:28:31","date_gmt":"2019-01-19T07:28:31","guid":{"rendered":"https:\/\/blog.causeur.fr\/bonnetdane\/?p=2584"},"modified":"2021-04-22T18:48:38","modified_gmt":"2021-04-22T16:48:38","slug":"le-temps-des-heros-et-le-temps-des-zeros","status":"publish","type":"post","link":"https:\/\/blog.causeur.fr\/bonnetdane\/le-temps-des-heros-et-le-temps-des-zeros-2584","title":{"rendered":"Le temps des h\u00e9ros et le temps des z\u00e9ros"},"content":{"rendered":"<p><em><a href=\"https:\/\/blog.causeur.fr\/bonnetdane\/le-temps-des-heros-et-le-temps-des-zeros-002584.html\/attachment\/21486644\" rel=\"attachment wp-att-2590\"><img loading=\"lazy\" decoding=\"async\" class=\"aligncenter size-full wp-image-2590\" src=\"https:\/\/blog.causeur.fr\/bonnetdane\/files\/2019\/01\/21486644.jpg\" alt=\"21486644\" width=\"344\" height=\"344\" srcset=\"https:\/\/blog.causeur.fr\/bonnetdane\/wp-content\/uploads\/sites\/25\/2019\/01\/21486644.jpg 344w, https:\/\/blog.causeur.fr\/bonnetdane\/wp-content\/uploads\/sites\/25\/2019\/01\/21486644-150x150.jpg 150w, https:\/\/blog.causeur.fr\/bonnetdane\/wp-content\/uploads\/sites\/25\/2019\/01\/21486644-300x300.jpg 300w, https:\/\/blog.causeur.fr\/bonnetdane\/wp-content\/uploads\/sites\/25\/2019\/01\/21486644-32x32.jpg 32w, https:\/\/blog.causeur.fr\/bonnetdane\/wp-content\/uploads\/sites\/25\/2019\/01\/21486644-50x50.jpg 50w, https:\/\/blog.causeur.fr\/bonnetdane\/wp-content\/uploads\/sites\/25\/2019\/01\/21486644-64x64.jpg 64w, https:\/\/blog.causeur.fr\/bonnetdane\/wp-content\/uploads\/sites\/25\/2019\/01\/21486644-96x96.jpg 96w, https:\/\/blog.causeur.fr\/bonnetdane\/wp-content\/uploads\/sites\/25\/2019\/01\/21486644-128x128.jpg 128w\" sizes=\"auto, (max-width: 344px) 100vw, 344px\" \/><\/a>Confiteor<\/em>, compa\u00f1eros ! J\u2019avoue : lorsque <a href=\"https:\/\/blog.causeur.fr\/bonnetdane\/anacyclose-002575.html\">la semaine derni\u00e8re<\/a> je d\u00e9clarais attendre, au terme de la d\u00e9gradation de l\u2019anacyclose en ochlocratie, l\u2019arriv\u00e9e d\u2019un Messie politique, c\u2019\u00e9tait un retour (et non une retomb\u00e9e, quoi qu\u2019insinuent les mauvaises langues) en enfance. \u00c0 l\u2019\u00e9poque des g\u00e9ants.<\/p>\n<p>Mes parents avaient un \u00e9lectrophone, comme on disait alors, et peu de disques : je me suis donc repass\u00e9 en boucle ceux dont je disposais \u2014 Armstrong jouant Fats Waller, par exemple <a href=\"https:\/\/www.youtube.com\/watch?v=u0Kxho2fgF4&amp;list=PL8a8cutYP7fpBuHQvhBTeTELKLBkhuOe4&amp;index=6\"><em>All That Meat and No Potatoes<\/em><\/a>, cette d\u00e9ploration devant une poitrine plate sur une dame bien en chair, et <a href=\"https:\/\/www.youtube.com\/watch?v=l7G2e4A-eas\">l\u2019int\u00e9grale du <em>Cyrano de Bergerac<\/em> avec Daniel Sorano<\/a>. Les gosses d\u2019aujourd\u2019hui trouvent tout cela sur Internet, et bien d\u2019autres choses encore, si bien qu\u2019ils ne les \u00e9coutent m\u00eame pas.<\/p>\n<p>\u00c0 l\u2019acte IV de <em>Cyrano<\/em>, le Comte de Guiche, qui a une dent de sa chienne contre les Gascons, les s\u00e9lectionne pour une mission-suicide, comme on ne disait pas encore au XVIIe (ni au XIXe, d\u2019ailleurs). \u00ab Je sais que vous aimez vous battre un contre cent \/ Vous ne vous plaindrez pas de manquer de besogne\u2026 \u00bb<br \/>\n\u00c7a m\u2019avait frapp\u00e9. L\u2019enregistrement (qui depuis est sorti en vid\u00e9o) remonte \u00e0 1960. La m\u00eame ann\u00e9e que l\u2019<em>Alamo<\/em> de John Wayne.<a href=\"https:\/\/blog.causeur.fr\/bonnetdane\/le-temps-des-heros-et-le-temps-des-zeros-002584.html\/290px-the_alamo_1960_poster\" rel=\"attachment wp-att-2591\"><img loading=\"lazy\" decoding=\"async\" class=\"aligncenter size-full wp-image-2591\" src=\"https:\/\/blog.causeur.fr\/bonnetdane\/files\/2019\/01\/290px-The_Alamo_1960_poster.jpg\" alt=\"290px-The_Alamo_1960_poster\" width=\"290\" height=\"450\" srcset=\"https:\/\/blog.causeur.fr\/bonnetdane\/wp-content\/uploads\/sites\/25\/2019\/01\/290px-The_Alamo_1960_poster.jpg 290w, https:\/\/blog.causeur.fr\/bonnetdane\/wp-content\/uploads\/sites\/25\/2019\/01\/290px-The_Alamo_1960_poster-193x300.jpg 193w\" sizes=\"auto, (max-width: 290px) 100vw, 290px\" \/><\/a> J\u2019avais 7 ans \u2014 8\u00a0peut-\u00eatre quand j\u2019ai vu et entendu tout cela, en tenant compte des d\u00e9calages \u00eatre sortie et acquisition. \u00c7a m\u2019a frapp\u00e9 \u2014 cette fa\u00e7on de mourir dans des combats perdus d\u2019avance, parce que ce sont les seuls qui r\u00e9clament vraiment du panache \u2014 et non d\u2019abjectes man\u0153uvres de cabinet ou de chambre \u00e0 coucher.<br \/>\nMon p\u00e8re, qui venait de rentrer de deux ans bien inutilement pass\u00e9s \u00e0 courir apr\u00e8s les fellaghas, a d\u00fb me raconter la bataille des Thermopyles \u00e0 cette m\u00eame p\u00e9riode, m&#8217;emmener\u00a0au cin\u00e9ma voir le film de Rudolph Mat\u00e9<a href=\"https:\/\/blog.causeur.fr\/bonnetdane\/le-temps-des-heros-et-le-temps-des-zeros-002584.html\/517ltkwv4yl-_sy445_\" rel=\"attachment wp-att-2592\"><img loading=\"lazy\" decoding=\"async\" class=\"aligncenter size-full wp-image-2592\" src=\"https:\/\/blog.causeur.fr\/bonnetdane\/files\/2019\/01\/517lTkwV4YL._SY445_.jpg\" alt=\"517lTkwV4YL._SY445_\" width=\"318\" height=\"445\" srcset=\"https:\/\/blog.causeur.fr\/bonnetdane\/wp-content\/uploads\/sites\/25\/2019\/01\/517lTkwV4YL._SY445_.jpg 318w, https:\/\/blog.causeur.fr\/bonnetdane\/wp-content\/uploads\/sites\/25\/2019\/01\/517lTkwV4YL._SY445_-214x300.jpg 214w\" sizes=\"auto, (max-width: 318px) 100vw, 318px\" \/><\/a> et me faire d\u00e9couvrir <em>la Chanson de Roland<\/em> : une poign\u00e9e de preux contre 500 000 Sarrazins. Bien s\u00fbr, c\u2019est le sch\u00e9ma \u00e9pique par excellence. Roland meurt au combat, Davy Crockett meurt au combat, et Cyrano, de son propre aveu, aurait d\u00fb mourir au combat, au lieu de se prendre une b\u00fbche sur la t\u00eate. Et c\u2019est un sch\u00e9ma universel : les d\u00e9fenseurs d\u2019Alamo se prenaient pour des Spartiates, tout comme les 170 Anglais qui \u00e0 Rorke\u2019s Drift ont r\u00e9sist\u00e9 \u00e0 4000 Zoulous<a href=\"https:\/\/blog.causeur.fr\/bonnetdane\/le-temps-des-heros-et-le-temps-des-zeros-002584.html\/1280px-alphonse_de_neuville_-_the_defence_of_rorkes_drift_1879_-_google_art_project\" rel=\"attachment wp-att-2593\"><img loading=\"lazy\" decoding=\"async\" class=\"aligncenter size-full wp-image-2593\" src=\"https:\/\/blog.causeur.fr\/bonnetdane\/files\/2019\/01\/1280px-Alphonse_de_Neuville_-_The_defence_of_Rorkes_Drift_1879_-_Google_Art_Project.jpg\" alt=\"1280px-Alphonse_de_Neuville_-_The_defence_of_Rorke's_Drift_1879_-_Google_Art_Project\" width=\"1279\" height=\"759\" srcset=\"https:\/\/blog.causeur.fr\/bonnetdane\/wp-content\/uploads\/sites\/25\/2019\/01\/1280px-Alphonse_de_Neuville_-_The_defence_of_Rorkes_Drift_1879_-_Google_Art_Project.jpg 1279w, https:\/\/blog.causeur.fr\/bonnetdane\/wp-content\/uploads\/sites\/25\/2019\/01\/1280px-Alphonse_de_Neuville_-_The_defence_of_Rorkes_Drift_1879_-_Google_Art_Project-300x178.jpg 300w, https:\/\/blog.causeur.fr\/bonnetdane\/wp-content\/uploads\/sites\/25\/2019\/01\/1280px-Alphonse_de_Neuville_-_The_defence_of_Rorkes_Drift_1879_-_Google_Art_Project-768x456.jpg 768w, https:\/\/blog.causeur.fr\/bonnetdane\/wp-content\/uploads\/sites\/25\/2019\/01\/1280px-Alphonse_de_Neuville_-_The_defence_of_Rorkes_Drift_1879_-_Google_Art_Project-1024x608.jpg 1024w, https:\/\/blog.causeur.fr\/bonnetdane\/wp-content\/uploads\/sites\/25\/2019\/01\/1280px-Alphonse_de_Neuville_-_The_defence_of_Rorkes_Drift_1879_-_Google_Art_Project-500x297.jpg 500w\" sizes=\"auto, (max-width: 1279px) 100vw, 1279px\" \/><\/a>Et je crois bien avoir vu le remarquable film de Cy Enfield \u00e0 sa sortie, en 1964, avec Stanley Baker, rep\u00e9r\u00e9 trois ans auparavant dans <em>les Canons de Navarone<\/em> \u2014 une poign\u00e9e de saboteurs contre une arm\u00e9e d\u2019Allemands, vous connaissez la suite.<br \/>\nEt j\u2019ai retrouv\u00e9 Roland non plus \u00e0 Ronceveaux, mais chez Hugo, o\u00f9 dans <a href=\"https:\/\/fr.wikisource.org\/wiki\/La_L%C3%A9gende_des_si%C3%A8cles\/Le_Petit_Roi_de_Galice\">\u00ab le Petit roi de Galice \u00bb<\/a> il d\u00e9fait \u00e0 lui seul une arm\u00e9e de malandrins.<\/p>\n<p>Oui, Hugo, je sais, mais on m\u2019excusera, je n\u2019avais que huit ans. J\u2019en profite pour balayer de la main les rires compatissants de psys amateurs, le h\u00e9ros, son p\u00e8re revenu de batailles perdues comme un Crois\u00e9 vieilli sous le harnois\u2026<a href=\"https:\/\/blog.causeur.fr\/bonnetdane\/le-temps-des-heros-et-le-temps-des-zeros-002584.html\/heimkehrender_kreuz-3e083e2\" rel=\"attachment wp-att-2594\"><img loading=\"lazy\" decoding=\"async\" class=\"aligncenter size-full wp-image-2594\" src=\"https:\/\/blog.causeur.fr\/bonnetdane\/files\/2019\/01\/heimkehrender_kreuz-3e083e2.jpg\" alt=\"heimkehrender_kreuz-3e083e2\" width=\"500\" height=\"485\" srcset=\"https:\/\/blog.causeur.fr\/bonnetdane\/wp-content\/uploads\/sites\/25\/2019\/01\/heimkehrender_kreuz-3e083e2.jpg 500w, https:\/\/blog.causeur.fr\/bonnetdane\/wp-content\/uploads\/sites\/25\/2019\/01\/heimkehrender_kreuz-3e083e2-300x291.jpg 300w, https:\/\/blog.causeur.fr\/bonnetdane\/wp-content\/uploads\/sites\/25\/2019\/01\/heimkehrender_kreuz-3e083e2-309x300.jpg 309w, https:\/\/blog.causeur.fr\/bonnetdane\/wp-content\/uploads\/sites\/25\/2019\/01\/heimkehrender_kreuz-3e083e2-32x32.jpg 32w, https:\/\/blog.causeur.fr\/bonnetdane\/wp-content\/uploads\/sites\/25\/2019\/01\/heimkehrender_kreuz-3e083e2-50x50.jpg 50w\" sizes=\"auto, (max-width: 500px) 100vw, 500px\" \/><\/a> Et la compensation <em>via<\/em> les h\u00e9ros de papier et de toile\u2026 Bla-bla-bla\u2026 Quand je vois ce qu&rsquo;est devenu aujourd&rsquo;hui le g\u00e9ant qu&rsquo;il \u00e9tait, ma foi, je m&rsquo;excuse d&rsquo;avoir cherch\u00e9 \u00e0 le remplacer.<\/p>\n<p>Je crois bien que toute cette geste h\u00e9ro\u00efque m\u2019a fa\u00e7onn\u00e9. Rien d\u2019exceptionnel. Sartre \u2014 fort admir\u00e9 \u00e0 la maison, au point que l\u2019on m\u2019a donn\u00e9 son pr\u00e9nom \u2014 raconte dans <em>les Mots<\/em> que sa formation, au fond, c\u2019est Pardaillan, dont il a lu les aventures en temps r\u00e9el, puisque le futur philosophe et le grand ferrailleur sont n\u00e9s la m\u00eame ann\u00e9e (1905). Dans l\u2019engagement du futur Sartre, bien malin qui d\u00e9m\u00ealerait les influences respectives de Marx et de Michel Z\u00e9vaco.<\/p>\n<p>Et puis bien s\u00fbr <em>les Trois mousquetaires<\/em>. J\u2019ai lu le roman de Dumas en cette m\u00eame ann\u00e9e de mes huit ans. \u00c7a marque. \u00ab Se battre, c\u2019est-\u00e0-dire d\u00e9sob\u00e9ir \u00e0 la loi, c\u2019est-\u00e0-dire risquer sa t\u00eate, c\u2019est-\u00e0-dire se faire d\u2019un seul coup l\u2019ennemi d\u2019un ministre plus puissant que le roi lui-m\u00eame, voil\u00e0 ce qu\u2019entrevit le jeune homme, et, disons-le \u00e0 sa louange, il n\u2019h\u00e9sita point une seconde. \u00bb C\u2019est dans le chapitre V.<br \/>\nAjoutons, pour \u00eatre complet, que l\u2019on m\u2019avait tra\u00een\u00e9, \u00e0 6 ou 7 ans, au th\u00e9\u00e2tre du Pharo voir le Cid \u2014 avec G\u00e9rard Philipe. \u00ab Sais-tu bien qui je suis ? \u00bb \u00ab Oui, tout autre que moi \/ Au seul bruit de ton nom pourrait trembler d\u2019effroi\u2026 \u00bb J\u2019en ai gard\u00e9 le go\u00fbt des affrontements avec les grandes gueules, qu&rsquo;elles soient voyous marseillais <a href=\"https:\/\/www.youtube.com\/watch?v=o0kDtFG3NXo\">ou pr\u00eacheurs islamistes<\/a>. M\u00eame si je d\u00e9plore que l\u2019\u00e9poque n\u2019en soit plus aux grands coups d\u2019\u00e9p\u00e9e. Restent les coups de gueule \u2014 mais \u00e7a n\u2019a pas le m\u00eame go\u00fbt. Le Petit Poucet aujourd\u2019hui n\u2019a plus que des nains en face de lui. \u00ab N\u2019importe : je me bats, je me bats, je me bats\u2026 \u00bb<\/p>\n<p>Alors, quand un lecteur tout r\u00e9cemment m\u2019a demand\u00e9 si je n\u2019avais pas peur, de m\u2019attaquer ainsi aux grandes inutilit\u00e9s de la R\u00e9publique, qu\u2019on les nomme Macron, Le Gendre, Darmanin ou Castaner (ajoutons pour \u00eatre complet qu&rsquo;il y a autant de nains \u00e0 droite qu&rsquo;\u00e0 gauche \u2014 \u00ab\u00a0je vois des nains partout\u00a0\u00bb, comme disait l&rsquo;autre), insinuant (et il a raison) que c\u2019\u00e9taient des gens \u00e0 se venger par avance des insinuations d\u2019incomp\u00e9tence qui suintent parfois de mes propos\u2026<br \/>\nPetites gens, arriv\u00e9s \u00e0 une \u00e9poque qui ne se rend pas compte qu\u2019elle est \u00e9pique \u2014 parce que rien de plus \u00e9pique que la fin d\u2019une civilisation. Les Barbares cette fois ne guettent pas de l\u2019autre c\u00f4t\u00e9 du Danube : ils sont d\u00e9j\u00e0 l\u00e0, ils avancent en terrain conquis. Et plus loin, la Chine regarde l\u2019Europe s\u2019effondrer avec des yeux gourmands. Elle laissera l\u2019Afrique faire le travail, puis elle raflera la mise.<br \/>\nNotre seule option, c\u2019est de nous battre un contre cent, et m\u00eame contre cent mille. De mourir en beaut\u00e9 comme le petit Bara<a href=\"https:\/\/blog.causeur.fr\/bonnetdane\/le-temps-des-heros-et-le-temps-des-zeros-002584.html\/250px-mort_de_bara_-_jean-joseph_weerts\" rel=\"attachment wp-att-2595\"><img loading=\"lazy\" decoding=\"async\" class=\"aligncenter size-full wp-image-2595\" src=\"https:\/\/blog.causeur.fr\/bonnetdane\/files\/2019\/01\/250px-Mort_de_Bara_-_Jean-Joseph_Weerts.jpg\" alt=\"250px-Mort_de_Bara_-_Jean-Joseph_Weerts\" width=\"250\" height=\"353\" srcset=\"https:\/\/blog.causeur.fr\/bonnetdane\/wp-content\/uploads\/sites\/25\/2019\/01\/250px-Mort_de_Bara_-_Jean-Joseph_Weerts.jpg 250w, https:\/\/blog.causeur.fr\/bonnetdane\/wp-content\/uploads\/sites\/25\/2019\/01\/250px-Mort_de_Bara_-_Jean-Joseph_Weerts-212x300.jpg 212w\" sizes=\"auto, (max-width: 250px) 100vw, 250px\" \/><\/a> un mod\u00e8le r\u00e9publicain dont les instits ne parlent plus \u2014 une co\u00efncidence sans doute. Ou comme les quatre truands<a href=\"https:\/\/blog.causeur.fr\/bonnetdane\/le-temps-des-heros-et-le-temps-des-zeros-002584.html\/la-horde-sauvage\" rel=\"attachment wp-att-2596\"><img loading=\"lazy\" decoding=\"async\" class=\"aligncenter size-full wp-image-2596\" src=\"https:\/\/blog.causeur.fr\/bonnetdane\/files\/2019\/01\/la-horde-sauvage.jpg\" alt=\"la-horde-sauvage\" width=\"1140\" height=\"320\" srcset=\"https:\/\/blog.causeur.fr\/bonnetdane\/wp-content\/uploads\/sites\/25\/2019\/01\/la-horde-sauvage.jpg 1140w, https:\/\/blog.causeur.fr\/bonnetdane\/wp-content\/uploads\/sites\/25\/2019\/01\/la-horde-sauvage-300x84.jpg 300w, https:\/\/blog.causeur.fr\/bonnetdane\/wp-content\/uploads\/sites\/25\/2019\/01\/la-horde-sauvage-768x216.jpg 768w, https:\/\/blog.causeur.fr\/bonnetdane\/wp-content\/uploads\/sites\/25\/2019\/01\/la-horde-sauvage-1024x287.jpg 1024w, https:\/\/blog.causeur.fr\/bonnetdane\/wp-content\/uploads\/sites\/25\/2019\/01\/la-horde-sauvage-500x140.jpg 500w\" sizes=\"auto, (max-width: 1140px) 100vw, 1140px\" \/><\/a> \u00e0 la fin de <em>la Horde sauvage<\/em>. \u00ab Let\u2019s go \u00bb \u00ab Why not ? \u00bb Le western, le western vous dis-je ! Ce n&rsquo;est pas parce que nous manquons aujourd&rsquo;hui de g\u00e9ants qu&rsquo;il ne faut pas se battre un contre cent \u2014 quitte \u00e0 n&rsquo;exterminer que des cloportes.<\/p>\n<p>Jean-Paul Brighelli<\/p>\n","protected":false},"excerpt":{"rendered":"<p>Confiteor, compa\u00f1eros ! J\u2019avoue : lorsque la semaine derni\u00e8re je d\u00e9clarais attendre, au terme de la d\u00e9gradation de l\u2019anacyclose en ochlocratie, l\u2019arriv\u00e9e d\u2019un Messie politique, c\u2019\u00e9tait un retour (et non une retomb\u00e9e, quoi qu\u2019insinuent les mauvaises langues) en enfance. \u00c0 l\u2019\u00e9poque des g\u00e9ants. Mes parents avaient un \u00e9lectrophone, comme on disait alors, et peu de [&hellip;]<\/p>\n","protected":false},"author":6,"featured_media":0,"comment_status":"open","ping_status":"open","sticky":false,"template":"","format":"standard","meta":{"footnotes":""},"categories":[1],"tags":[1647,1648,1646,282,1645],"class_list":{"0":"post-2584","1":"post","2":"type-post","3":"status-publish","4":"format-standard","6":"category-non-classe","7":"tag-chanson-de-roland","8":"tag-cyrano-de-bergerac","9":"tag-horde-sauvage","10":"tag-hugo","11":"tag-nains-et-geants"},"_links":{"self":[{"href":"https:\/\/blog.causeur.fr\/bonnetdane\/wp-json\/wp\/v2\/posts\/2584","targetHints":{"allow":["GET"]}}],"collection":[{"href":"https:\/\/blog.causeur.fr\/bonnetdane\/wp-json\/wp\/v2\/posts"}],"about":[{"href":"https:\/\/blog.causeur.fr\/bonnetdane\/wp-json\/wp\/v2\/types\/post"}],"author":[{"embeddable":true,"href":"https:\/\/blog.causeur.fr\/bonnetdane\/wp-json\/wp\/v2\/users\/6"}],"replies":[{"embeddable":true,"href":"https:\/\/blog.causeur.fr\/bonnetdane\/wp-json\/wp\/v2\/comments?post=2584"}],"version-history":[{"count":0,"href":"https:\/\/blog.causeur.fr\/bonnetdane\/wp-json\/wp\/v2\/posts\/2584\/revisions"}],"wp:attachment":[{"href":"https:\/\/blog.causeur.fr\/bonnetdane\/wp-json\/wp\/v2\/media?parent=2584"}],"wp:term":[{"taxonomy":"category","embeddable":true,"href":"https:\/\/blog.causeur.fr\/bonnetdane\/wp-json\/wp\/v2\/categories?post=2584"},{"taxonomy":"post_tag","embeddable":true,"href":"https:\/\/blog.causeur.fr\/bonnetdane\/wp-json\/wp\/v2\/tags?post=2584"}],"curies":[{"name":"wp","href":"https:\/\/api.w.org\/{rel}","templated":true}]}}