{"id":2598,"date":"2019-01-28T21:17:01","date_gmt":"2019-01-28T19:17:01","guid":{"rendered":"https:\/\/blog.causeur.fr\/bonnetdane\/?p=2598"},"modified":"2021-04-22T18:48:38","modified_gmt":"2021-04-22T16:48:38","slug":"lhuma","status":"publish","type":"post","link":"https:\/\/blog.causeur.fr\/bonnetdane\/lhuma-2598","title":{"rendered":"l&rsquo;Huma"},"content":{"rendered":"<p><a href=\"https:\/\/blog.causeur.fr\/bonnetdane\/lhuma-002598.html\/huma-1\" rel=\"attachment wp-att-2605\"><img loading=\"lazy\" decoding=\"async\" class=\"aligncenter size-full wp-image-2605\" src=\"https:\/\/blog.causeur.fr\/bonnetdane\/files\/2019\/01\/huma-1.jpg\" alt=\"huma-1\" width=\"800\" height=\"450\" srcset=\"https:\/\/blog.causeur.fr\/bonnetdane\/wp-content\/uploads\/sites\/25\/2019\/01\/huma-1.jpg 800w, https:\/\/blog.causeur.fr\/bonnetdane\/wp-content\/uploads\/sites\/25\/2019\/01\/huma-1-300x169.jpg 300w, https:\/\/blog.causeur.fr\/bonnetdane\/wp-content\/uploads\/sites\/25\/2019\/01\/huma-1-768x432.jpg 768w, https:\/\/blog.causeur.fr\/bonnetdane\/wp-content\/uploads\/sites\/25\/2019\/01\/huma-1-500x281.jpg 500w\" sizes=\"auto, (max-width: 800px) 100vw, 800px\" \/><\/a><em>L\u2019Humanit\u00e9<\/em>, le journal fond\u00e9 en 1904 par Jaur\u00e8s, est en cessation de paiements. C\u2019est l\u2019hebdomadaire <em>Marianne<\/em> qui <a href=\"https:\/\/www.marianne.net\/medias\/info-marianne-l-humanite-en-cessation-de-paiement\">l\u2019a le premier annonc\u00e9<\/a> la semaine derni\u00e8re. Malgr\u00e9 des plans de redressement qui, ces derniers mois, ont tent\u00e9 de sauver le journal, malgr\u00e9 une politique drastique de resserrement des co\u00fbts, au d\u00e9triment parfois des reportages sur le terrain, malgr\u00e9 une rench\u00e9rissement du prix, le journal communiste suit la pente fatale de l\u2019ensemble de la presse-papier. Elle la suit m\u00eame tr\u00e8s vite. Ce journal qui tirait il y a quelques d\u00e9cennies \u00e0 350 000 exemplaires quotidiens, que les militants vendaient sur les march\u00e9s en engageant le dialogue avec les passants, atteint d\u00e9sormais difficilement les 30 000 exemplaires. En cause, bien s\u00fbr, la concurrence d\u2019Internet et des cha\u00eenes de d\u00e9sinformation en continu, mais aussi l\u2019\u00e9rosion du Parti Communiste \u2014 une fonte des effectifs et de la repr\u00e9sentativit\u00e9 dont Mitterrand, et non le capitalisme mondialis\u00e9, fut le principal artisan. D\u2019ailleurs, <em>la Marseillaise<\/em>, la petite s\u0153ur phoc\u00e9enne de <em>l\u2019Humanit\u00e9<\/em>, <a href=\"https:\/\/marsactu.fr\/bref\/marseillaise-a-nouveau-cessation-de-paiements\/\">a suivi (et m\u00eame pr\u00e9c\u00e9d\u00e9)<\/a> la chute de la maison-m\u00e8re.<\/p>\n<p>Natacha Polony, avec laquelle <em>l&rsquo;Huma<\/em> n&rsquo;a jamais \u00e9t\u00e9 tendre, mais qu&rsquo;elle a souvent cit\u00e9 quand elle op\u00e9rait les splendides revues de presse matinales dont nous avons tous la nostalgie, s&rsquo;est fendue d&rsquo;un tweet presque tendre pour soutenir le grand journal qui meurt \u2014 avec un argument aussi politique que possible, \u00e0 sa mani\u00e8re :<a href=\"https:\/\/blog.causeur.fr\/bonnetdane\/lhuma-002598.html\/humanite-polony-tweet\" rel=\"attachment wp-att-2606\"><img loading=\"lazy\" decoding=\"async\" class=\"aligncenter size-full wp-image-2606\" src=\"https:\/\/blog.causeur.fr\/bonnetdane\/files\/2019\/01\/Humanite-Polony-tweet.jpg\" alt=\"Humanite-Polony-tweet\" width=\"537\" height=\"241\" srcset=\"https:\/\/blog.causeur.fr\/bonnetdane\/wp-content\/uploads\/sites\/25\/2019\/01\/Humanite-Polony-tweet.jpg 537w, https:\/\/blog.causeur.fr\/bonnetdane\/wp-content\/uploads\/sites\/25\/2019\/01\/Humanite-Polony-tweet-300x135.jpg 300w, https:\/\/blog.causeur.fr\/bonnetdane\/wp-content\/uploads\/sites\/25\/2019\/01\/Humanite-Polony-tweet-500x224.jpg 500w\" sizes=\"auto, (max-width: 537px) 100vw, 537px\" \/><\/a><\/p>\n<p>Qu\u2019on m\u2019entende bien : je n\u2019ai jamais flirt\u00e9 avec le PC, mais il ne me viendrait pas \u00e0 l\u2019id\u00e9e, contrairement \u00e0 une certaine presse qui se d\u00e9chaine aujourd\u2019hui, de pr\u00e9tendre que <em>l\u2019Huma<\/em> paie ses ann\u00e9es staliniennes. Il faut vraiment avoir un sens de l\u2019Histoire tout \u00e0 fait d\u00e9glingu\u00e9 pour pr\u00e9tendre qu\u2019un Parti n\u2019\u00e9volue pas, et oublier que le Communisme a \u00e9t\u00e9 la foi de millions de gens en France \u2014 et qu\u2019ils ne se trompaient pas tous. Apr\u00e8s tout, il y en a aujourd\u2019hui qui pensent que l\u2019islam est l\u2019avenir de l\u2019homme (on est s\u00fbr en tout cas qu&rsquo;il ne sera jamais celui de la femme), ou que Macron sait parler au peuple. Que penserons-nous de tous ces convaincus dans cinq ou dix ans \u2014 ou dans quatre mois ?<br \/>\nEt moi qui ne suis pas communiste (il fut un temps o\u00f9 je les trouvais un peu trop \u00e0 droite), moi qu\u2019une cellule a refus\u00e9 r\u00e9cemment d\u2019entendre parler d\u2019\u00e9cole, sous pr\u00e9texte que je n\u2019avais pas appel\u00e9 \u00e0 voter pour le Damoiseau, <a href=\"https:\/\/www.liberation.fr\/planete\/2019\/01\/23\/en-italie-macron-rhabille-pour-l-hiver_1704956\">comme dit Matteo Salvini<\/a>, je suis fort triste de voir un journal dispara\u00eetre (et ce que je dis de <em>l\u2019Huma<\/em>, je le dirais aussi bien du <em>Figaro<\/em>, \u00e0 l\u2019autre bout de l\u2019\u00e9chiquier politique, si d&rsquo;aventure\u2026<\/p>\n<p>Pour tenter de comprendre comment un si grand journal est aujourd\u2019hui menac\u00e9 de finir dans les poubelles de l\u2019Histoire, j\u2019ai interrog\u00e9 un ami, Georges Benda, un vieux militant communiste aujourd\u2019hui install\u00e9 dans l\u2019H\u00e9rault. \u00c0 bient\u00f4t 79 ans, il est rest\u00e9 grand lecteur fid\u00e8le de <em>l\u2019Huma<\/em> \u2014 et lui qui a fr\u00e9quemment mis la main dans ses poches vides pour soutenir le journal de son parti, il\u00a0serait fort triste de ne plus le lire chaque jour. Aujourd\u2019hui retrait\u00e9, il a \u00e9t\u00e9 un vrai prolo, militant syndical, r\u00e9volutionnaire de chaque jour, qui garde chez lui quelques portraits enlumin\u00e9s des vieilles gloires du communisme, de L\u00e9nine \u00e0 Che Guevara. Un homme pour qui la faucille et le marteau, cela signifiait quelque chose \u2014 parce que s\u2019il a peu mani\u00e9 la faucille, il a beaucoup pratiqu\u00e9 le marteau.<\/p>\n<p>JPB. Depuis quand lis-tu <em>l\u2019Huma<\/em> ?<\/p>\n<p><em>GB. J\u2019ai d\u00fb l\u2019acheter pour la premi\u00e8re fois en 1965 \u2014 au moment des \u00e9lections pr\u00e9sidentielles. De Gaulle n\u2019\u00e9tait pas ma tasse de th\u00e9 \u2014 et encore moins Mitterrand. Le PC ne pr\u00e9sentait pas de candidat, mais aux L\u00e9gislatives de 1967, il a obtenu 73 si\u00e8ges\u2026 Oui, je sais, comparer avec aujourd\u2019hui fait mal au c\u0153ur.<\/em><\/p>\n<p>JPB. Et tu t\u2019es inscrit au PC \u00e0 la m\u00eame \u00e9poque ?<\/p>\n<p><em>GB. Pas tout \u00e0 fait. J\u2019ai rejoint le Parti en 1968. Le bouquin de S\u00e9guy, alors secr\u00e9taire g\u00e9n\u00e9ral de la CGT, sur le Mai de la CGT, serait \u00e0 relire, pour qui voudrait trier, dans l\u2019h\u00e9ritage de 68, ce qui \u00e9tait mouvement petit-bourgeois et insurrection r\u00e9elle de la classe ouvri\u00e8re. Apr\u00e8s tout, les accords de Grenelle, ce n\u2019est pas Cohn-Bendit qui les a d\u00e9croch\u00e9s ! Et cela signifi\u00e2t quelque chose, 30% d\u2019augmentation du SMIC ! Autre chose que les\u00a040 balles allou\u00e9es il y a un mois !<\/em><\/p>\n<div id=\"ligne\"><\/div>\n<p>JPB. Tu es abonn\u00e9 \u00e0 l\u2019Huma ?<\/p>\n<p><em>GB. Non : mon plaisir, c\u2019est d\u2019aller l\u2019acheter tous les matins au kiosque du village, et de montrer aux gens qu\u2019il y a encore des lecteurs de <\/em>l\u2019Huma<em> ! C\u2019est un geste militant d\u2019aller acheter <\/em>l\u2019Huma<em>. \u00c7a l\u2019est moins de le recevoir en catimini dans sa bo\u00eete !<\/em><\/p>\n<p>JPB. Tu as senti un changement dans la ligne \u00e9ditoriale du journal ?<\/p>\n<p><em>GB. Je vais te dire\u2026 Petit \u00e0 petit, ils ont de moins en moins parl\u00e9 de la classe ouvri\u00e8re\u2026 Comme s\u2019il n\u2019y en avait plus, ou presque plus. \u00c7a, c\u2019est ce que veut faire croire le patronat, la bourgeoisie, et tous ceux qui ont int\u00e9r\u00eat \u00e0 croire que le peuple a disparu \u2014 et \u00e7a leur fait tout dr\u00f4le, depuis deux mois, de le voir r\u00e9appara\u00eetre v\u00eatu de jaune !<\/em><br \/>\n<em> \u00ab Alors, <\/em>l\u2019Huma<em>\u2026 Les articles de fond sont peu \u00e0 peu devenus de plus en plus\u2026 intellectuels\u2026 Pas en prise avec le r\u00e9el, avec les souffrances des gens\u2026 Des articles qui sont de moins en moins \u00e0 ma port\u00e9e \u2014 je n\u2019ai pas envie, quand je lis un journal, d\u2019aller chercher les mots dans le dictionnaire\u2026<\/em><br \/>\n<em> \u00ab Comme si, \u00e0 force d\u2019habiter Paris, une ville qui n\u2019a plus d\u2019ouvriers, les journalistes de <\/em>l\u2019Huma<em> s\u2019\u00e9taient inconsciemment mis au diapason des bobos qui les entourent \u2014 et qui ne les lisent pas !<\/em><\/p>\n<p>JPB. On parle beaucoup de la concurrence d\u2019Internet\u2026<\/p>\n<p><em>GB. Moi, je n\u2019ai pas Internet\u2026 Mais j\u2019ai regard\u00e9 parfois le site de <\/em>l\u2019Huma<em> [<\/em><a href=\"https:\/\/www.humanite.fr\/appel-mobilisation-generale-pour-lhumanite-666959\">qui lance un appel d\u00e9sesp\u00e9r\u00e9 aux dons<\/a><em>]. On ne lit pas de la m\u00eame mani\u00e8re. Un article imprim\u00e9, on peut le reprendre, plus tard dans la journ\u00e9e, y r\u00e9fl\u00e9chir\u2026 Un article que tu parcours sur un \u00e9cran, tu le survoles, et puis tu vas butiner autre chose\u2026 C\u2019est du d\u00e9cervelage ! Ah, bien s\u00fbr, ici, ce sont surtout des vieux qui lisent les journaux \u2014 et <\/em>l\u2019Huma<em> est devenu, malgr\u00e9 lui, un journal de vioques. Faute de s\u2019adresser aux prolos qui se font exploiter au quotidien, il s\u2019adresse aux prolos retrait\u00e9s dans mon genre \u2014 alors forc\u00e9ment, les lecteurs peu \u00e0 peu disparaissent\u2026<\/em><\/p>\n<p>Et de rire\u2026<\/p>\n<p>Oui, c\u2019est toujours triste, un journal qui meurt. Et \u00e0 ceux de mes amis \u2014 ou moins amis \u2014 qui s\u2019\u00e9tonneraient que je d\u00e9plore la disparition d\u2019un canard qui a chant\u00e9 jadis la gloire de Staline, je dirai qu\u2019il faut sauver les derniers espaces de presse qui n\u2019appartiennent pas \u00e0 de grands financiers, qui, comme dirait Georges, n\u2019ont pas exactement les m\u00eames valeurs que les employ\u00e9s qu\u2019ils exploitent. La nouvelle de la disparition possible de <em>l\u2019Huma<\/em> est tomb\u00e9e au m\u00eame moment qu\u2019une autre : <a href=\"https:\/\/www.forbes.fr\/finance\/qui-sont-les-26-milliardaires-pesant-autant-que-38-milliards-de-personnes\/\">26 hommes tr\u00e8s fortun\u00e9s poss\u00e8dent autant que la moiti\u00e9 de l\u2019humanit\u00e9, soit 3,8 milliards de personnes<\/a>.<br \/>\nEt c\u2019\u00e9tait une belle id\u00e9e, de la part de Jaur\u00e8s, d\u2019appeler son journal \u00ab l\u2019Humanit\u00e9 \u00bb \u2014 parce qu\u2019il parlait au nom de tous les sans-voix, de tous les sans-dents, comme dirait Hollande, qui aujourd\u2019hui se font entendre aux carrefours, et qui demain, peut-\u00eatre\u2026<\/p>\n<p>Jean-Paul Brighelli<\/p>\n","protected":false},"excerpt":{"rendered":"<p>L\u2019Humanit\u00e9, le journal fond\u00e9 en 1904 par Jaur\u00e8s, est en cessation de paiements. C\u2019est l\u2019hebdomadaire Marianne qui l\u2019a le premier annonc\u00e9 la semaine derni\u00e8re. Malgr\u00e9 des plans de redressement qui, ces derniers mois, ont tent\u00e9 de sauver le journal, malgr\u00e9 une politique drastique de resserrement des co\u00fbts, au d\u00e9triment parfois des reportages sur le terrain, [&hellip;]<\/p>\n","protected":false},"author":6,"featured_media":0,"comment_status":"open","ping_status":"open","sticky":false,"template":"","format":"standard","meta":{"footnotes":""},"categories":[1],"tags":[1654,186],"class_list":{"0":"post-2598","1":"post","2":"type-post","3":"status-publish","4":"format-standard","6":"category-non-classe","7":"tag-lhumanite","8":"tag-natacha-polony"},"_links":{"self":[{"href":"https:\/\/blog.causeur.fr\/bonnetdane\/wp-json\/wp\/v2\/posts\/2598","targetHints":{"allow":["GET"]}}],"collection":[{"href":"https:\/\/blog.causeur.fr\/bonnetdane\/wp-json\/wp\/v2\/posts"}],"about":[{"href":"https:\/\/blog.causeur.fr\/bonnetdane\/wp-json\/wp\/v2\/types\/post"}],"author":[{"embeddable":true,"href":"https:\/\/blog.causeur.fr\/bonnetdane\/wp-json\/wp\/v2\/users\/6"}],"replies":[{"embeddable":true,"href":"https:\/\/blog.causeur.fr\/bonnetdane\/wp-json\/wp\/v2\/comments?post=2598"}],"version-history":[{"count":0,"href":"https:\/\/blog.causeur.fr\/bonnetdane\/wp-json\/wp\/v2\/posts\/2598\/revisions"}],"wp:attachment":[{"href":"https:\/\/blog.causeur.fr\/bonnetdane\/wp-json\/wp\/v2\/media?parent=2598"}],"wp:term":[{"taxonomy":"category","embeddable":true,"href":"https:\/\/blog.causeur.fr\/bonnetdane\/wp-json\/wp\/v2\/categories?post=2598"},{"taxonomy":"post_tag","embeddable":true,"href":"https:\/\/blog.causeur.fr\/bonnetdane\/wp-json\/wp\/v2\/tags?post=2598"}],"curies":[{"name":"wp","href":"https:\/\/api.w.org\/{rel}","templated":true}]}}