{"id":2666,"date":"2019-04-19T12:36:53","date_gmt":"2019-04-19T10:36:53","guid":{"rendered":"https:\/\/blog.causeur.fr\/bonnetdane\/?p=2666"},"modified":"2021-04-22T18:48:23","modified_gmt":"2021-04-22T16:48:23","slug":"notre-dame-et-la-valse-des-millions","status":"publish","type":"post","link":"https:\/\/blog.causeur.fr\/bonnetdane\/notre-dame-et-la-valse-des-millions-2666","title":{"rendered":"Notre-Dame et la valse des millions"},"content":{"rendered":"<p><a href=\"https:\/\/blog.causeur.fr\/bonnetdane\/notre-dame-et-la-valse-des-millions-002666\/661-magic-article-actu-499-37b-057ef1fe4a746a2c3ed3ae85b1-incendie-de-notre-dame-de-paris-la-cathedrale-n-etait-pas-assuree-49937b057ef1fe4a746a2c3ed3ae85b1\" rel=\"attachment wp-att-2669\"><img loading=\"lazy\" decoding=\"async\" class=\"aligncenter size-full wp-image-2669\" src=\"https:\/\/blog.causeur.fr\/bonnetdane\/files\/2019\/04\/661-magic-article-actu-499-37b-057ef1fe4a746a2c3ed3ae85b1-incendie-de-notre-dame-de-paris-la-cathedrale-n-etait-pas-assuree-49937b057ef1fe4a746a2c3ed3ae85b1.jpg\" alt=\"661-magic-article-actu-499-37b-057ef1fe4a746a2c3ed3ae85b1-incendie-de-notre-dame-de-paris-la-cathedrale-n-etait-pas-assuree-49937b057ef1fe4a746a2c3ed3ae85b1\" width=\"980\" height=\"450\" srcset=\"https:\/\/blog.causeur.fr\/bonnetdane\/wp-content\/uploads\/sites\/25\/2019\/04\/661-magic-article-actu-499-37b-057ef1fe4a746a2c3ed3ae85b1-incendie-de-notre-dame-de-paris-la-cathedrale-n-etait-pas-assuree-49937b057ef1fe4a746a2c3ed3ae85b1.jpg 980w, https:\/\/blog.causeur.fr\/bonnetdane\/wp-content\/uploads\/sites\/25\/2019\/04\/661-magic-article-actu-499-37b-057ef1fe4a746a2c3ed3ae85b1-incendie-de-notre-dame-de-paris-la-cathedrale-n-etait-pas-assuree-49937b057ef1fe4a746a2c3ed3ae85b1-300x138.jpg 300w, https:\/\/blog.causeur.fr\/bonnetdane\/wp-content\/uploads\/sites\/25\/2019\/04\/661-magic-article-actu-499-37b-057ef1fe4a746a2c3ed3ae85b1-incendie-de-notre-dame-de-paris-la-cathedrale-n-etait-pas-assuree-49937b057ef1fe4a746a2c3ed3ae85b1-768x353.jpg 768w, https:\/\/blog.causeur.fr\/bonnetdane\/wp-content\/uploads\/sites\/25\/2019\/04\/661-magic-article-actu-499-37b-057ef1fe4a746a2c3ed3ae85b1-incendie-de-notre-dame-de-paris-la-cathedrale-n-etait-pas-assuree-49937b057ef1fe4a746a2c3ed3ae85b1-500x230.jpg 500w\" sizes=\"auto, (max-width: 980px) 100vw, 980px\" \/><\/a>&#8211; Comme quoi, le fric, quand ils veulent, ils le trouvent ! s\u2019exclame le type assis \u00e0 ma droite devant son caf\u00e9 matinal, au bar de Cessenon (H\u00e9rault) o\u00f9 je me suis arr\u00eat\u00e9 prendre un petit noir\u2026<br \/>\nEt d\u2019ajouter, avec un accent du terroir inimitable :<br \/>\n&#8211; Pour les pauvres, les tr\u00e8s pauvres, et les retrait\u00e9s, pour les smicards \u00e0 la peine, les jeunes sans emploi ni formation, pour les profs sous-pay\u00e9s, pour les flics somm\u00e9s de faire des heures-sup qu\u2019on ne leur r\u00e9tribuera jamais, pour les internes des urgences pay\u00e9s une mis\u00e8re, pour les tribunaux surcharg\u00e9s, pour tous ceux qui se font passer devant, \u00e0 la S\u00e9cu, \u00e0 l\u2019Office de HLM ou \u00e0 P\u00f4le-Emploi, par des migrants d\u2019aujourd\u2019hui et d\u2019hier forc\u00e9ment prioritaires, pour les paysans qui se pendent, pour les provinciaux qui n\u2019existent plus sur la carte de France, pour tous ceux qui auraient bien aim\u00e9 avoir un jour \u00e0 payer l\u2019ISF, et pour tous ceux qui ont le pain quotidien r\u00e9guli\u00e8rement hebdomadaire (tiens, il a lu Pr\u00e9vert !), l\u00e0, ils n\u2019en trouvent pas !<\/p>\n<p>Ce \u00ab ils \u00bb n\u2019a pas besoin de glose : c\u2019est l\u2019ensemble des \u00eatres de pouvoir, ce pouvoir parisien qui vient de d\u00e9cider que Notre-Dame sera reconstruite en cinq ans (on ne leur apprend pas l\u2019architecture, \u00e0 l\u2019ENA, \u00e7a se voit), qui croit tromper son monde en d\u00e9cr\u00e9tant la fermeture de l\u2019ENA justement \u2014 comme \u00e7a, il y aura encore davantage d\u2019entre-soi dans le choix des \u00e9lites \u2014, qui d\u00e9cr\u00e8te un Grand D\u00e9bat o\u00f9 il n\u2019entend que ce qui l\u2019arrange, et qu\u2019il a d\u2019ailleurs pr\u00e9-\u00e9crit. C\u2019est Paris, qui avait d\u00e9j\u00e0 un complexe \u00ab capitale \u00bb, et qui n\u2019est plus qu\u2019une usine \u00e0 bobos, une \u00ab ville-monde \u00bb, comme disent les g\u00e9ographes, qui se fiche pas mal du reste de la France. C\u2019est cette classe journalistico-politique qui s\u2019invite et se fait des ronds-de-jambe et des sourires de babouins, comme disait Albert Cohen, et condescend parfois \u00e0 demander \u00e0 un Gilet Jaune s\u00e9lectionn\u00e9 pour son inaptitude \u00e0 s\u2019exprimer (pas mon interlocuteur loquace de Cessenon-sur-Orb !) ce qu\u2019il pense, l\u00e0, globalement, \u00e0 froid \u2014 et \u00e9touffe un sourire, ce qui est encore pire que de lui ricaner directement au visage. C\u2019est ce Camp du Bien qui fait la qu\u00eate aupr\u00e8s des puissants qui ont intronis\u00e9 le Pr\u00e9sident de la R\u00e9publique, <a href=\"http:\/\/branco.blog.lemonde.fr\/files\/2019\/01\/Macron-et-son-Crepuscule.pdf\">comme le raconte fort bien Juan Branco<\/a>, et qui aujourd\u2019hui remplissent la s\u00e9bile pour reconstruire Notre-Dame de Paris en deux temps trois mouvements de menton. C\u2019est ce m\u00eame camp du Bien qui s\u2019arroge le deuil national n\u00e9 de cette destruction d\u2019un monument merveilleusement \u00ab fran\u00e7ais \u00bb et ne s\u2019indigne ni des <a href=\"http:\/\/www.lefigaro.fr\/actualite-france\/notre-dame-delires-de-petits-blancs-l-unef-derape-20190417\">provocations de l\u2019UNEF qui s\u2019en \u00ab balek \u00bb<\/a>, ni des <a href=\"https:\/\/www.causeur.fr\/notre-dame-musulmans-republique-160778?utm_source=Envoi+Newsletter&amp;utm_campaign=18804bc360-Newsletter_4_fevrier_COPY_01&amp;utm_medium=email&amp;utm_term=0_6ea50029f3-18804bc360-57697085\">r\u00e9flexions gentiment haineuses<\/a> de bon nombre de musulmans, qui voient dans l\u2019incendie la main d\u2019Allah le mis\u00e9ricordieux\u2026<a href=\"https:\/\/blog.causeur.fr\/bonnetdane\/notre-dame-et-la-valse-des-millions-002666\/img_20190418_065933\" rel=\"attachment wp-att-2670\"><img loading=\"lazy\" decoding=\"async\" class=\"aligncenter size-large wp-image-2670\" src=\"https:\/\/blog.causeur.fr\/bonnetdane\/files\/2019\/04\/IMG_20190418_065933-1024x1024.jpg\" alt=\"IMG_20190418_065933\" width=\"584\" height=\"584\" srcset=\"https:\/\/blog.causeur.fr\/bonnetdane\/wp-content\/uploads\/sites\/25\/2019\/04\/IMG_20190418_065933-1024x1024.jpg 1024w, https:\/\/blog.causeur.fr\/bonnetdane\/wp-content\/uploads\/sites\/25\/2019\/04\/IMG_20190418_065933-150x150.jpg 150w, https:\/\/blog.causeur.fr\/bonnetdane\/wp-content\/uploads\/sites\/25\/2019\/04\/IMG_20190418_065933-300x300.jpg 300w, https:\/\/blog.causeur.fr\/bonnetdane\/wp-content\/uploads\/sites\/25\/2019\/04\/IMG_20190418_065933-768x768.jpg 768w, https:\/\/blog.causeur.fr\/bonnetdane\/wp-content\/uploads\/sites\/25\/2019\/04\/IMG_20190418_065933-32x32.jpg 32w, https:\/\/blog.causeur.fr\/bonnetdane\/wp-content\/uploads\/sites\/25\/2019\/04\/IMG_20190418_065933-50x50.jpg 50w, https:\/\/blog.causeur.fr\/bonnetdane\/wp-content\/uploads\/sites\/25\/2019\/04\/IMG_20190418_065933-64x64.jpg 64w, https:\/\/blog.causeur.fr\/bonnetdane\/wp-content\/uploads\/sites\/25\/2019\/04\/IMG_20190418_065933-96x96.jpg 96w, https:\/\/blog.causeur.fr\/bonnetdane\/wp-content\/uploads\/sites\/25\/2019\/04\/IMG_20190418_065933-128x128.jpg 128w\" sizes=\"auto, (max-width: 584px) 100vw, 584px\" \/><\/a><\/p>\n<p>La charit\u00e9 c\u2019est bien, surtout lorsque \u00e7a paie. Les duettistes Arnault \/ Pinault se contenteront-ils d\u2019un abattement \u00e0 66%, comme d\u2019habitude, ou profiteront-ils d\u2019un abattement \u00e0 90%, que sugg\u00e8re un ancien ministre de la Culture, opportun\u00e9ment embauch\u00e9 par Fran\u00e7ois Pinault pour g\u00e9rer sa collection personnelle\u2026 <a href=\"https:\/\/www.lemonde.fr\/economie\/article\/2019\/04\/16\/fiscalite-jean-jacques-aillagon-propose-de-faire-de-notre-dame-de-paris-un-tresor-national_5451025_3234.html\">Un fait qu\u2019oublie de signaler le <em>Monde<\/em>, au passage<\/a>. Niel \/ Arnault \/ Pinault, m\u00eame combat ! Voir le livre de Branco.<\/p>\n<p>Il y a en ce moment deux France. Une France majoritaire, largement majoritaire, une France du peuple qui n\u2019a que la rue pour s\u2019exprimer. Et une oligarchie qui a confisqu\u00e9 tous les m\u00e9dias, tous les \u00e9chelons du pouvoir, 500 personnes qui tirent les ficelles comme autrefois 200 familles et comme autrefois aussi une caste aristocratique, regroup\u00e9e autour de Marie-Antoinette, et qui l\u2019a suivie \u00e0 l\u2019\u00e9chafaud.<br \/>\nIl faut de grands \u00e9v\u00e9nements pour r\u00e9concilier, \u00e0 chaque fois, les \u00e9lites auto-proclam\u00e9es (et il n\u2019est pas inutile de rappeler qu\u2019une \u00e9lite auto-proclam\u00e9e n\u2019est en rien \u00e9litaire \u2014 mais \u00e9litiste, \u00e7a, oui !) et le peuple. Peut-\u00eatre cet incendie (involontaire, disent-ils \u2014 mais encore ?) permettra-t-il de faire comprendre aux foules que cet argent si facilement trouv\u00e9 par des gens qui ne sont plus assujettis, depuis deux ans, \u00e0 l\u2019ISF (<a href=\"http:\/\/www.lefigaro.fr\/impots\/apres-la-suppression-de-l-isf-les-dons-chutent-20190418\">et qui n\u2019en ont pas profit\u00e9 pour investir, ni dans la charit\u00e9, ni dans les entreprises, oh non !<\/a>), cet argent leur appartient.<br \/>\nIl leur appartient pour restaurer Notre-Dame sans la livrer aux app\u00e9tits des b\u00e9tonneurs ou des ferrailleurs, ni des capitaines d&rsquo;industrie soucieux d&rsquo;inscrire leur nom dans la pierre et dans l&rsquo;Histoire de France via une note au bas d&rsquo;un vitrail, ni des \u00ab artistes \u00bb auto-proclam\u00e9s (et un artiste auto-proclam\u00e9 \u2014 voir ci-dessus), mais aussi pour permettre de donner un peu de pain, un peu de confort, un peu de vie et de visibilit\u00e9 \u00e0 tous ceux qui n\u2019ont rien \u2014 et m\u00eame moins que rien. \u00c0 tous ceux qui sont, eux aussi, la France.<\/p>\n<p>Jean-Paul Brighelli<\/p>\n","protected":false},"excerpt":{"rendered":"<p>&#8211; Comme quoi, le fric, quand ils veulent, ils le trouvent ! s\u2019exclame le type assis \u00e0 ma droite devant son caf\u00e9 matinal, au bar de Cessenon (H\u00e9rault) o\u00f9 je me suis arr\u00eat\u00e9 prendre un petit noir\u2026 Et d\u2019ajouter, avec un accent du terroir inimitable : &#8211; Pour les pauvres, les tr\u00e8s pauvres, et les [&hellip;]<\/p>\n","protected":false},"author":6,"featured_media":0,"comment_status":"open","ping_status":"open","sticky":false,"template":"","format":"standard","meta":{"footnotes":""},"categories":[1],"tags":[1708,1709,1092,1710,1626,1083],"class_list":{"0":"post-2666","1":"post","2":"type-post","3":"status-publish","4":"format-standard","6":"category-non-classe","7":"tag-bernard-arnault","8":"tag-francois-pinault","9":"tag-macron","10":"tag-mecenat","11":"tag-notre-dame-de-paris","12":"tag-pauvrete"},"_links":{"self":[{"href":"https:\/\/blog.causeur.fr\/bonnetdane\/wp-json\/wp\/v2\/posts\/2666","targetHints":{"allow":["GET"]}}],"collection":[{"href":"https:\/\/blog.causeur.fr\/bonnetdane\/wp-json\/wp\/v2\/posts"}],"about":[{"href":"https:\/\/blog.causeur.fr\/bonnetdane\/wp-json\/wp\/v2\/types\/post"}],"author":[{"embeddable":true,"href":"https:\/\/blog.causeur.fr\/bonnetdane\/wp-json\/wp\/v2\/users\/6"}],"replies":[{"embeddable":true,"href":"https:\/\/blog.causeur.fr\/bonnetdane\/wp-json\/wp\/v2\/comments?post=2666"}],"version-history":[{"count":0,"href":"https:\/\/blog.causeur.fr\/bonnetdane\/wp-json\/wp\/v2\/posts\/2666\/revisions"}],"wp:attachment":[{"href":"https:\/\/blog.causeur.fr\/bonnetdane\/wp-json\/wp\/v2\/media?parent=2666"}],"wp:term":[{"taxonomy":"category","embeddable":true,"href":"https:\/\/blog.causeur.fr\/bonnetdane\/wp-json\/wp\/v2\/categories?post=2666"},{"taxonomy":"post_tag","embeddable":true,"href":"https:\/\/blog.causeur.fr\/bonnetdane\/wp-json\/wp\/v2\/tags?post=2666"}],"curies":[{"name":"wp","href":"https:\/\/api.w.org\/{rel}","templated":true}]}}