{"id":2696,"date":"2019-05-19T11:43:23","date_gmt":"2019-05-19T09:43:23","guid":{"rendered":"https:\/\/blog.causeur.fr\/bonnetdane\/?p=2696"},"modified":"2021-04-22T18:48:22","modified_gmt":"2021-04-22T16:48:22","slug":"europe-et-les-chiens","status":"publish","type":"post","link":"https:\/\/blog.causeur.fr\/bonnetdane\/europe-et-les-chiens-2696","title":{"rendered":"Europe et les chiens"},"content":{"rendered":"<p><a href=\"https:\/\/blog.causeur.fr\/bonnetdane\/europe-et-les-chiens-002696\/1439580-1\" rel=\"attachment wp-att-2703\"><img loading=\"lazy\" decoding=\"async\" class=\"aligncenter size-medium wp-image-2703\" src=\"https:\/\/blog.causeur.fr\/bonnetdane\/files\/2019\/05\/1439580-1-300x200.jpg\" alt=\"1439580-1\" width=\"300\" height=\"200\" srcset=\"https:\/\/blog.causeur.fr\/bonnetdane\/wp-content\/uploads\/sites\/25\/2019\/05\/1439580-1-300x200.jpg 300w, https:\/\/blog.causeur.fr\/bonnetdane\/wp-content\/uploads\/sites\/25\/2019\/05\/1439580-1-768x512.jpg 768w, https:\/\/blog.causeur.fr\/bonnetdane\/wp-content\/uploads\/sites\/25\/2019\/05\/1439580-1-1024x683.jpg 1024w, https:\/\/blog.causeur.fr\/bonnetdane\/wp-content\/uploads\/sites\/25\/2019\/05\/1439580-1-450x300.jpg 450w, https:\/\/blog.causeur.fr\/bonnetdane\/wp-content\/uploads\/sites\/25\/2019\/05\/1439580-1.jpg 1440w\" sizes=\"auto, (max-width: 300px) 100vw, 300px\" \/><\/a>Photo Nice-Matin. La calvitie du type large d\u2019\u00e9paules habill\u00e9 en rouge est la mienne.<\/p>\n<p>Il pleuvait hier samedi 18 mai sur la baie des Anges, on se serait cru sur une plage belge,<\/p>\n<p>Comme \u00e0 Ostende<br \/>\nEt comm&rsquo;partout<br \/>\nQuand sur la ville<br \/>\nTombe la pluie<br \/>\nEt qu&rsquo;on s&rsquo;demande<br \/>\nSi c&rsquo;est utile<br \/>\nEt puis surtout<br \/>\nSi \u00e7a vaut l&rsquo;coup<br \/>\nSi \u00e7a vaut l&rsquo;coup<br \/>\nD&rsquo;vivre sa vie !&#8230;<\/p>\n<p>Des Gilets Jaunes occupaient pacifiquement la Promenade des Anglais, ce qui a donn\u00e9 \u00e0 Christian Estrosi un bon pr\u00e9texte pour ne pas participer au d\u00e9bat sur l\u2019Europe mont\u00e9 sur le coup de 15h30 par <em>Marianne<\/em> et <em>Nice-Matin<\/em>. Tant mieux pour lui, il se serait fait alpaguer par une dame blonde venue tout expr\u00e8s pour l\u2019invectiver. C\u2019est son adjoint, qui le rempla\u00e7ait, qui a encaiss\u00e9 pour son patron. Avec sto\u00efcisme, je dois dire.<\/p>\n<p>J\u2019assistais donc hier samedi \u00e0 un\u00a0d\u00e9bat sur l\u2019Europe, au Centre Universitaire M\u00e9diterran\u00e9en, le CUM. \u00ab Campagne atone \u00bb, a dit Polony \u2014 v\u00eatue et accueillie en rock star, comme d\u2019habitude \u2014, qui pr\u00e9sidait aux \u00e9changes avec sa pertinence et sa patience ordinaires. Alain L\u00e9authier (\u00ab Qu\u2019est-ce qu\u2019il a grossi, L\u00e9o \u00bb, a soupir\u00e9 ma voisine qui le conna\u00eet de longue date \u2014\u00ab et, a-t-elle ajout\u00e9 en toute impartialit\u00e9, vous lui rendez des points en ce moment, mon cher \u00bb) jouait Monsieur Loyal entre les divers intervenants, puis face \u00e0 la salle, convi\u00e9e dans un second temps \u00e0 prendre la parole.<br \/>\nPeut-\u00eatre me suis-je demand\u00e9 ce que venait faire l\u00e0 Pierre Larrouturou, rescap\u00e9 du PS et n\u00b05 sur la liste emmen\u00e9e par Rapha\u00ebl Glucksmann, l\u2019homme qui invite Vallaud-Belkacem <a href=\"https:\/\/blog.causeur.fr\/bonnetdane\/faites-vous-mal-lisez-le-nouveau-magazine-litteraire-002124\">pour f\u00eater la r\u00e9surrection du <em>Magazine Litt\u00e9raire<\/em><\/a>, l\u2019homme qui a mis Claire Nouvian, <a href=\"https:\/\/blog.causeur.fr\/bonnetdane\/lhumanite-en-peril-claire-nouvian-et-caligula-002695\">la harpie qui veut la peau de Pascal Praud<\/a>, en deuxi\u00e8me position sur sa liste \u2014 et j\u2019esp\u00e8re bien qu\u2019ils n\u2019atteindront pas les 5% qui leur permettraient d\u2019avoir un \u00e9lu\u2026 Plus je vieillis et moins je me sens port\u00e9 vers le fair-play et l\u2019\u00e9ventail des opinions. Lorsque l\u2019on pense bien (et Polony pense bien), pourquoi s\u2019encombrer d\u2019une petite pointure qui pense courbe ?<\/p>\n<p>Spinoza dit quelque part que le concept de chien ne mord pas \u2014 mais le vrai chien, en revanche\u2026 Le concept d\u2019Europe, tel qu\u2019il a \u00e9t\u00e9 agit\u00e9 hier par certains comme une muleta devant le mufle de l\u2019\u00e9lecteur stup\u00e9fi\u00e9, ne signifie rien non plus \u2014 mais l\u2019Europe, la vraie, celle des trusts, des lobbies, et de cette Commission europ\u00e9enne qui prend des d\u00e9cisions par-dessus la t\u00eate des Etats, elle, elle existe. Et quoi que disent les uns et les autres, c\u2019est pour la p\u00e9renniser que nous sommes convi\u00e9s \u00e0 voter\u2026<br \/>\nParce que les uns et les autres peuvent protester, jurer leurs grands dieux qu\u2019ils veulent les \u00ab Etats-Unis d\u2019Europe \u00bb, selon la formule de Hugo (m\u00eame si les Etats-Unis, en 1848, ce n\u2019\u00e9tait pas grand-chose) puis par Mend\u00e8s France en 1930 (<em>La Banque internationale, contribution \u00e0 l&rsquo;\u00e9tude du probl\u00e8me des \u00c9tats-Unis d&rsquo;Europe<\/em>). L\u2019ann\u00e9e m\u00eame, comme l\u2019a rappel\u00e9 l\u2019un des intervenants, o\u00f9 paraissait <em>Malaise dans la civilisatio<\/em>n \u2014 qui est en fait <em>Malaise dans la culture<\/em>, Freud refusant d\u2019opposer les deux termes.<\/p>\n<p>Et c&rsquo;est bien dans la culture que\u00a0r\u00e9side le n\u0153ud du probl\u00e8me. Et personne ne s\u2019en est souci\u00e9, sauf Polony qui a \u00e9voqu\u00e9 \u2014 un peu vite \u2014 ce Protocole de Lisbonne qui en 1999-2000 a sonn\u00e9 le glas de l\u2019Ecole des Savoirs et a somm\u00e9 tous les syst\u00e8mes \u00e9ducatifs europ\u00e9ens de d\u00e9finir un \u00ab socle commun \u00bb (assez bas pour que tous s\u2019y hissent) et de s\u2019en remettre aux \u00ab comp\u00e9tences \u00bb. Par exemple ce \u00ab vivre ensemble \u00bb qui a permis depuis vingt ans la juxtaposition de communaut\u00e9s antagonistes, au lieu de favoriser leur insertion et leur assimilation dans une culture commune.<br \/>\nEt personnellement, je n\u2019ai aucune envie de \u00ab vivre avec \u00bb \u2014 avec un poignard suspendu au-dessus de ma t\u00eate, avec des burkas invit\u00e9es aux sorties scolaires, et avec des \u00e9lus qui proposent que l\u2019arabe devienne la seconde langue officielle du pays. Pas envie de vivre avec une langue et une culture \u00ab\u00a0europ\u00e9ennes\u00a0\u00bb aussi indiff\u00e9renci\u00e9es que ses billets de banque. Je veux Montaigne, et Racine, et Laclos, Flaubert ou Val\u00e9ry. Pas avec les \u0153uvres compl\u00e8tes de Jean Monnet, qui ha\u00efssait les nations autant qu&rsquo;il d\u00e9testait De Gaulle.<\/p>\n<div id=\"ligne\"><\/div>\n<p>L\u2019Europe, c\u2019est, depuis vingt ans, la descente aux Enfers d\u2019une \u00e9cole d\u00e9j\u00e0 gravement menac\u00e9e par les lubies p\u00e9dagogistes, auxquels Bruxelles a donn\u00e9 les pleins pouvoirs. Polony le sait bien \u2014 mais elle a horreur de se mettre en avant et de rappeler qu\u2019avec <em>Nos enfants g\u00e2ch\u00e9s<\/em>, elle avait en 2005 sonn\u00e9 l\u2019alarme. Il est l\u00e0, le d\u00e9bat, et nulle part ailleurs. Le reste \u2014 l\u2019\u00e9conomie \u2014 est au fond accessoire. Le vrai probl\u00e8me est politique : voulons-nous ou non nous faire dicter d\u00e9finitivement notre culture par les Hyperbor\u00e9ens, comme disait Renan, de Prusse et de Hollande \u2014 ceux m\u00eames qui au nom des droits inali\u00e9nables des barbares, ont fait de leur mieux pour an\u00e9antir la Gr\u00e8ce ?<br \/>\nParce qu\u2019en descendant de la gare vers le centre via l\u2019avenue Jean M\u00e9decin, je suis tomb\u00e9 en arr\u00eat devant une plaque rappelant ce qu\u2019a fait, \u00e0 Nice, la culture allemande :<a href=\"https:\/\/blog.causeur.fr\/bonnetdane\/europe-et-les-chiens-002696\/sl372259\" rel=\"attachment wp-att-2704\"><img loading=\"lazy\" decoding=\"async\" class=\"aligncenter size-medium wp-image-2704\" src=\"https:\/\/blog.causeur.fr\/bonnetdane\/files\/2019\/05\/SL372259-225x300.jpg\" alt=\"SL372259\" width=\"225\" height=\"300\" srcset=\"https:\/\/blog.causeur.fr\/bonnetdane\/wp-content\/uploads\/sites\/25\/2019\/05\/SL372259-225x300.jpg 225w, https:\/\/blog.causeur.fr\/bonnetdane\/wp-content\/uploads\/sites\/25\/2019\/05\/SL372259.jpg 450w\" sizes=\"auto, (max-width: 225px) 100vw, 225px\" \/><\/a><\/p>\n<p>Alors, la dette\u2026 On s\u2019en fiche : celle de la France, en 1789, \u00e9tait abyssale. Quatre ans plus tard, on n\u2019en parlait plus. Et le Congr\u00e8s de Vienne en 1815 l&rsquo;a d\u00e9finitivement effac\u00e9e, pour ne pas g\u00eaner les Bourbons provisoirement revenus sur le tr\u00f4ne.<br \/>\nJe ne suis pas bien s\u00fbr d\u2019aller voter la semaine prochaine \u2014 sinon dans le cadre mensonger d\u2019une \u00e9lection europ\u00e9enne devenue ici r\u00e9f\u00e9rendum national \u2014, parce que ce n\u2019est pas avec des bulletins et des urnes que l\u2019on prend la Bastille, ni que l&rsquo;on abreuve nos sillons.<br \/>\nEt Bruxelles est une Bastille \u00e0 d\u00e9manteler.<\/p>\n<p>On donna ensuite la parole au public.<em> In fine<\/em>, un Gilet jaune, visiblement tr\u00e8s peu au fait des jolis discours de l\u2019intelligentsia, qu&rsquo;il avait toutefois suivis avec patience, a lev\u00e9 poliment la main et pos\u00e9 la question qui tue, <a href=\"https:\/\/www.nicematin.com\/vie-locale\/europe-marianne-nice-matin-et-les-gilets-jaunes-font-vivre-le-debat-383348?t=MjRmNWY0NjU0ODFhMmZlYjE3MDNjMGIyYTc5YmMzM2FfMTU1ODI0NjEwODc4MV8zODMzNDg%3D&amp;tp=viewpay\">comme le rappelle <em>Nice-Matin<\/em> aujourd\u2019hui<\/a> : \u00ab Sommes-nous vraiment en d\u00e9mocratie ? r\u00e9pondez-moi par oui ou non ! Parce que je crois, moi, que nous sommes en oligarchie\u2026 \u00bb<br \/>\nLes manifestations qui durent ont ceci de bon qu\u2019elles font progresser tr\u00e8s vite la conscience politique\u2026<\/p>\n<p>\u00ab La D\u00e9mocratie \u00bb est au programme (officiel) des classes pr\u00e9pas scientifiques l\u2019ann\u00e9e prochaine. Si jamais Polony me lit, et qu\u2019elle passe \u00e0 Marseille entre septembre et juin, je serais enchant\u00e9 de la recevoir deux heures pour qu\u2019elle explique \u00e0 mes \u00e9l\u00e8ves en quoi le \u00ab concept \u00bb, comme aurait dit Spinoza, est probl\u00e9matique, d\u00e8s lors qu\u2019on le confronte aux faits. La d\u00e9mocratie ne mord pas, sur le papier \u2014 mais l\u2019oligarchie, oui. Et l\u2019Europe aussi.<\/p>\n<p>Jean-Paul Brighelli<\/p>\n","protected":false},"excerpt":{"rendered":"<p>Photo Nice-Matin. La calvitie du type large d\u2019\u00e9paules habill\u00e9 en rouge est la mienne. Il pleuvait hier samedi 18 mai sur la baie des Anges, on se serait cru sur une plage belge, Comme \u00e0 Ostende Et comm&rsquo;partout Quand sur la ville Tombe la pluie Et qu&rsquo;on s&rsquo;demande Si c&rsquo;est utile Et puis surtout Si [&hellip;]<\/p>\n","protected":false},"author":6,"featured_media":0,"comment_status":"open","ping_status":"open","sticky":false,"template":"","format":"standard","meta":{"footnotes":""},"categories":[1],"tags":[121,239,212,1605,1729,207,1728,1727,1730],"class_list":{"0":"post-2696","1":"post","2":"type-post","3":"status-publish","4":"format-standard","6":"category-non-classe","7":"tag-democratie","8":"tag-elections-europeennes","9":"tag-europe","10":"tag-gilets-jaunes","11":"tag-leauthier","12":"tag-marianne","13":"tag-nice","14":"tag-nice-matin","15":"tag-pierre-larrouturou"},"_links":{"self":[{"href":"https:\/\/blog.causeur.fr\/bonnetdane\/wp-json\/wp\/v2\/posts\/2696","targetHints":{"allow":["GET"]}}],"collection":[{"href":"https:\/\/blog.causeur.fr\/bonnetdane\/wp-json\/wp\/v2\/posts"}],"about":[{"href":"https:\/\/blog.causeur.fr\/bonnetdane\/wp-json\/wp\/v2\/types\/post"}],"author":[{"embeddable":true,"href":"https:\/\/blog.causeur.fr\/bonnetdane\/wp-json\/wp\/v2\/users\/6"}],"replies":[{"embeddable":true,"href":"https:\/\/blog.causeur.fr\/bonnetdane\/wp-json\/wp\/v2\/comments?post=2696"}],"version-history":[{"count":0,"href":"https:\/\/blog.causeur.fr\/bonnetdane\/wp-json\/wp\/v2\/posts\/2696\/revisions"}],"wp:attachment":[{"href":"https:\/\/blog.causeur.fr\/bonnetdane\/wp-json\/wp\/v2\/media?parent=2696"}],"wp:term":[{"taxonomy":"category","embeddable":true,"href":"https:\/\/blog.causeur.fr\/bonnetdane\/wp-json\/wp\/v2\/categories?post=2696"},{"taxonomy":"post_tag","embeddable":true,"href":"https:\/\/blog.causeur.fr\/bonnetdane\/wp-json\/wp\/v2\/tags?post=2696"}],"curies":[{"name":"wp","href":"https:\/\/api.w.org\/{rel}","templated":true}]}}