{"id":2735,"date":"2019-06-27T17:10:36","date_gmt":"2019-06-27T15:10:36","guid":{"rendered":"https:\/\/blog.causeur.fr\/bonnetdane\/?p=2735"},"modified":"2021-04-22T18:48:22","modified_gmt":"2021-04-22T16:48:22","slug":"islamophobe-moi","status":"publish","type":"post","link":"https:\/\/blog.causeur.fr\/bonnetdane\/islamophobe-moi-2735","title":{"rendered":"Islamophobe, moi ?"},"content":{"rendered":"<p><a href=\"https:\/\/blog.causeur.fr\/bonnetdane\/islamophobe-moi-002735\/laetitia-avia-menacee-et-victime-de-racisme-la-reponse-de-la-deputee-en-marche\" rel=\"attachment wp-att-2738\"><img loading=\"lazy\" decoding=\"async\" class=\"aligncenter size-medium wp-image-2738\" src=\"https:\/\/blog.causeur.fr\/bonnetdane\/files\/2019\/06\/Laetitia-Avia-menacee-et-victime-de-racisme-la-reponse-de-la-deputee-En-marche-300x150.jpg\" alt=\"Laetitia-Avia-menacee-et-victime-de-racisme-la-reponse-de-la-deputee-En-marche\" width=\"300\" height=\"150\" srcset=\"https:\/\/blog.causeur.fr\/bonnetdane\/wp-content\/uploads\/sites\/25\/2019\/06\/Laetitia-Avia-menacee-et-victime-de-racisme-la-reponse-de-la-deputee-En-marche-300x150.jpg 300w, https:\/\/blog.causeur.fr\/bonnetdane\/wp-content\/uploads\/sites\/25\/2019\/06\/Laetitia-Avia-menacee-et-victime-de-racisme-la-reponse-de-la-deputee-En-marche-500x250.jpg 500w, https:\/\/blog.causeur.fr\/bonnetdane\/wp-content\/uploads\/sites\/25\/2019\/06\/Laetitia-Avia-menacee-et-victime-de-racisme-la-reponse-de-la-deputee-En-marche.jpg 620w\" sizes=\"auto, (max-width: 300px) 100vw, 300px\" \/><\/a>Laetitia Avia, d\u00e9put\u00e9e LREM de la 8\u00e8me circonscription de Paris (vous savez, Paris, cet ensemble urbain, au c\u0153ur de l\u2019\u00cele-de-France, qui offre la caract\u00e9ristique d&rsquo;\u00eatre\u00a0totalement hors sol) a donc d\u00e9pos\u00e9 une proposition de loi visant \u00e0 responsabiliser les serveurs internet qui laisseraient passer un quelconque propos injurieux, haineux, raciste, antis\u00e9mite et islamophobe \u2014 sous peine d\u2019une amende pouvant monter jusqu\u2019\u00e0 37,5 millions d\u2019euros. Une paille !<br \/>\nPuis elle s\u2019est ravis\u00e9e : \u00ab islamophobe \u00bb paraissant trop conforme aux th\u00e8ses si mod\u00e9r\u00e9es \u00ab du CCIF et des Fr\u00e8res musulmans r\u00e9unis \u00bb, <a href=\"http:\/\/www.lefigaro.fr\/vox\/politique\/loi-avia-contre-la-haine-sur-le-net-un-remede-liberticide-pire-que-le-mal-20190624\">comme dit tr\u00e8s bien Goldnadel<\/a>, elle a pr\u00e9f\u00e9r\u00e9 \u00ab anti-musulman \u00bb.<br \/>\nEt si vous pensez qu\u2019il s\u2019agit d\u2019une initiative isol\u00e9e d\u2019une dame d\u00e9sireuse de faire parler d\u2019elle, d\u00e9trompez-vous : sept ministres ont co-sign\u00e9 <a href=\"https:\/\/www.lemonde.fr\/idees\/article\/2019\/06\/18\/mettre-fin-a-l-impunite-sur-le-web-des-ministres-soutiennent-la-proposition-de-loi-avia_5478019_3232.html\">une tribune dans <em>le Monde<\/em><\/a> pour soutenir sa proposition de chasse \u00e0 la haine et aux \u00ab infox \u00bb.<br \/>\nAu passage, Facebook, Twitter et les autres \u00e9tant de fait des organismes de presse, puisqu\u2019ils vivent des publicit\u00e9s engendr\u00e9es par les contenus qu\u2019ils diffusent, <a href=\"https:\/\/polony.tv\/focus\/en-marche-s-attaque-a-la-haine-sur-internet?autoplay=true&amp;utm_content=image_3&amp;utm_source=NewsletterPolony&amp;utm_medium=email&amp;utm_campaign=nl230899&amp;user_id=59160dcb3e3ca16c57460768\">comme l&rsquo;a finement remarqu\u00e9 Polony<\/a>, pourquoi une nouvelle loi, alors qu\u2019il suffit d\u2019appliquer celles sur la presse ? Un journal, un hebdo n\u2019ont pas le droit de faire l\u2019apologie du racisme sous toutes ses formes. Ils paieraient, et lourdement, s\u2019ils s\u2019y risquaient. Pourquoi par Zuckerberg ? Qui croit encore \u00e0 la fiction de la neutralit\u00e9 du \u00ab tube \u00bb ?<\/p>\n<p>Madame Avia propose donc d\u2019inciter les plates-formes \u00e0 faire la police pour emp\u00eacher \u00e0 la source toute publication contraire \u00e0 la nouvelle loi \u2014 si elle est finalement adopt\u00e9e. Facebook fait le m\u00e9nage depuis si longtemps, en interdisant <em>l\u2019Origine du monde<\/em> selon Courbet ou les nichons de la <em>Libert\u00e9<\/em> selon Delacroix (non pas \u00ab en soi \u00bb, mais parce que cela pourrait choquer tel ou tel segment de ses adeptes), que censurer les d\u00e9clarations des uns ou des autres ne devrait pas l\u2019handicaper durablement.<\/p>\n<p>Reste \u00e0 savoir ce que l\u2019on pourchasse.<\/p>\n<p>Le racisme consiste \u00e0 essentialiser l\u2019Autre. \u00c0 lui pr\u00eater toutes les diff\u00e9rences les plus ha\u00efssables (car la haine a pour caract\u00e9ristique de d\u00e9signer l\u2019Autre en le rendant ha\u00efssable). Le Corse est vindicatif, le Noir paresseux, la femme hyst\u00e9rique, l\u2019homosexuel contagieux et le Juif fait main basse sur les Prix Nobel \u2014 tous des voleurs\u2026<br \/>\nL\u2019objet de cette haine ne peut donc, par d\u00e9finition, \u00eatre majoritaire : il est partout, si je puis dire, mais de fa\u00e7on insidieuse. Il s\u2019ensuit qu\u2019il n\u2019y a pas de racisme anti-Blancs \u2014 pas en Occident en tout cas. Un Noir ou un Arabe n\u2019est pas raciste. Houria Bouteldja n\u2019est pas raciste. Sud-Education qui interdit ses s\u00e9minaires aux \u00ab\u00a0non-racis\u00e9s\u00a0\u00bb n&rsquo;est pas raciste. Pas m\u00eame de fa\u00e7on crois\u00e9e, puisque des minorit\u00e9s ne peuvent math\u00e9matiquement se ha\u00efr. Il est ainsi bien connu que les Arabes aiment les Africains, et ne d\u00e9testent pas les Juifs\u2026 La sympathie du mufti de J\u00e9rusalem pour Hitler est un mensonge des historiens colonialistes\u2026<\/p>\n<div id=\"ligne\"><\/div>\n<p>Mais je ne suis pas bien s\u00fbr que l\u2019islamophobie, qui suspecte la religion de 1,8 milliard d\u2019hommes (soit en gros le quart de la population mondiale), vise une minorit\u00e9.<br \/>\nQuitte \u00e0 interroger le mot, il ne s\u2019agit pas de haine, mais de <em>peur<\/em> \u2014 ce qui est tout autre chose. On peut se penser courageux, et avoir une certaine appr\u00e9hension pour une religion dont l\u2019objectif est de transformer le <em>Dar al Harb<\/em> (le territoire de la guerre \u2014 tout ce qui n\u2019est pas encore musulman) en <em>Dar al Islam<\/em>, le territoire de la vraie foi. Le \u00ab vivre ensemble \u00bb commence par le glaive \u2014 ou la kalachnikov. Chaque m\u00e8tre carr\u00e9 conquis est conquis pour la Cause. Voir l\u2019humanit\u00e9 avec laquelle Daesh a trait\u00e9 les minorit\u00e9s chr\u00e9tiennes az\u00e9ris.<\/p>\n<p>Ou prenez une piscine pleine de <em>kafirs<\/em>, \u00e0 Grenoble ou ailleurs (et le seul fait qu\u2019un tel mot existe donne une id\u00e9e du degr\u00e9 de tol\u00e9rance de cette religion de paix et d\u2019amour). Investissez le bassin avec une vingtaine de burkinis, vous islamisez l\u2019eau chlor\u00e9e. Magnifique victoire. 400m2 offerts au Proph\u00e8te. Un beau succ\u00e8s (1). Ou tenez, imaginez une sortie scolaire en grande tenue islamiste : deux belph\u00e9gors accompagnaient une classe du Primaire au Frioul il y a deux jours. J\u2019ai interpel\u00e9 l\u2019une des instits, qui m\u2019a fait comprendre que c\u2019\u00e9tait dans l\u2019int\u00e9r\u00eat des enfants. Oui, des petites filles surtout.<\/p>\n<p>L\u2019islam est le prototype de la mondialisation. C\u2019est une religion visant explicitement le pros\u00e9lytisme, une religion par essence d\u00e9territorialis\u00e9e, qui avance partout \u00e0 la fois sous le drapeau d\u2019une pens\u00e9e et non d\u2019un pays.<a href=\"https:\/\/blog.causeur.fr\/bonnetdane\/islamophobe-moi-002735\/langfr-1280px-flag_of_the_islamic_state_of_iraq_and_the_levant2-svg\" rel=\"attachment wp-att-2739\"><img loading=\"lazy\" decoding=\"async\" class=\"aligncenter size-medium wp-image-2739\" src=\"https:\/\/blog.causeur.fr\/bonnetdane\/files\/2019\/06\/langfr-1280px-Flag_of_the_Islamic_State_of_Iraq_and_the_Levant2.svg_-300x225.png\" alt=\"langfr-1280px-Flag_of_the_Islamic_State_of_Iraq_and_the_Levant2.svg\" width=\"300\" height=\"225\" srcset=\"https:\/\/blog.causeur.fr\/bonnetdane\/wp-content\/uploads\/sites\/25\/2019\/06\/langfr-1280px-Flag_of_the_Islamic_State_of_Iraq_and_the_Levant2.svg_-300x225.png 300w, https:\/\/blog.causeur.fr\/bonnetdane\/wp-content\/uploads\/sites\/25\/2019\/06\/langfr-1280px-Flag_of_the_Islamic_State_of_Iraq_and_the_Levant2.svg_-768x576.png 768w, https:\/\/blog.causeur.fr\/bonnetdane\/wp-content\/uploads\/sites\/25\/2019\/06\/langfr-1280px-Flag_of_the_Islamic_State_of_Iraq_and_the_Levant2.svg_-1024x768.png 1024w, https:\/\/blog.causeur.fr\/bonnetdane\/wp-content\/uploads\/sites\/25\/2019\/06\/langfr-1280px-Flag_of_the_Islamic_State_of_Iraq_and_the_Levant2.svg_-400x300.png 400w, https:\/\/blog.causeur.fr\/bonnetdane\/wp-content\/uploads\/sites\/25\/2019\/06\/langfr-1280px-Flag_of_the_Islamic_State_of_Iraq_and_the_Levant2.svg_.png 1280w\" sizes=\"auto, (max-width: 300px) 100vw, 300px\" \/><\/a> Voyez son drapeau : sur fond noir, deux inscriptions : \u00ab Il n\u2019y a de dieu qu\u2019Allah \u00bb \u2014 puis le sceau de Mahomet. Le tout en \u00e9criture koufique, la plus ancienne, bien loin des vermicelles sophistiqu\u00e9s de l\u2019\u00e9criture thuluth qui ornent le drapeau de l\u2019Arabie saoudite. Parce que depuis 622, rien n\u2019a chang\u00e9 \u2014 et d\u2019ailleurs, tout \u00e9tait le m\u00eame avant m\u00eame l\u2019h\u00e9gire.<\/p>\n<p>C\u2019est tr\u00e8s pratique d\u2019avoir un dieu incr\u00e9\u00e9 \u2014 alors que les dieux grecs, par exemple, ont une g\u00e9n\u00e9alogie. Allah est d\u2019ici et d\u2019autrefois, d\u2019ailleurs et de toujours. Cela donne \u00e0 ses sectateurs le sentiment d\u2019\u00eatre \u00e9ternels. Le moindre minus doit se sentir surhomme\u00a0avec une divinit\u00e9 pareille. Surtout les minus, quand on y pense. Prenez plusieurs minus, vous avez les fr\u00e8res Kouachi et leurs semblables. Mettez plein de minus ensemble, vous avez l\u2019arm\u00e9e de Daesh. Prenez un octog\u00e9naire, conservateur du site de Palmyre \u2014 au hasard \u2014, coupez-lui la t\u00eate, hissez-le au sommet d\u2019une colonne, vous vous sentirez beaucoup mieux, apr\u00e8s. Moins minus.<\/p>\n<p>Alors, ce que je viens d\u2019\u00e9crire tomberait-il sous le glaive de la prochaine loi qui fait fr\u00e9tiller d\u2019aise LREM et tous ceux qui votent pour eux ? Zineb El Rhazoui, qui a surv\u00e9cu \u00e0 <em>Charlie<\/em>, sera-t-elle accus\u00e9e d&rsquo;avoir \u00e9crit sur le \u00ab\u00a0fascisme islamique\u00a0\u00bb ? On ne l&rsquo;a pas tu\u00e9e, on pourrait tenter de la faire taire.<a href=\"https:\/\/blog.causeur.fr\/bonnetdane\/islamophobe-moi-002735\/maxresdefault-4\" rel=\"attachment wp-att-2741\"><img loading=\"lazy\" decoding=\"async\" class=\"aligncenter size-medium wp-image-2741\" src=\"https:\/\/blog.causeur.fr\/bonnetdane\/files\/2019\/06\/maxresdefault-300x169.jpg\" alt=\"maxresdefault\" width=\"300\" height=\"169\" srcset=\"https:\/\/blog.causeur.fr\/bonnetdane\/wp-content\/uploads\/sites\/25\/2019\/06\/maxresdefault-300x169.jpg 300w, https:\/\/blog.causeur.fr\/bonnetdane\/wp-content\/uploads\/sites\/25\/2019\/06\/maxresdefault-768x432.jpg 768w, https:\/\/blog.causeur.fr\/bonnetdane\/wp-content\/uploads\/sites\/25\/2019\/06\/maxresdefault-1024x576.jpg 1024w, https:\/\/blog.causeur.fr\/bonnetdane\/wp-content\/uploads\/sites\/25\/2019\/06\/maxresdefault-500x281.jpg 500w, https:\/\/blog.causeur.fr\/bonnetdane\/wp-content\/uploads\/sites\/25\/2019\/06\/maxresdefault.jpg 1280w\" sizes=\"auto, (max-width: 300px) 100vw, 300px\" \/><\/a> Pourtant, je n\u2019invente rien \u2014 mais un \u00ab tube \u00bb Internet n\u2019y verra-t-il pas une intention sarcastique ? Et du sarcasme \u00e0 l\u2019agression, il n\u2019y a qu\u2019un pas, diront ces institutionnels priv\u00e9s soudain charg\u00e9s de la police de la pens\u00e9e\u2026<br \/>\nOrwell n\u2019y avait pas pens\u00e9 : ce n\u2019est plus l\u2019Etat, \u00e0 ce stade du lib\u00e9ralisme, qui a le pouvoir de censure. Il l\u2019a d\u00e9l\u00e9gu\u00e9 \u00e0 des industriels. Pas m\u00eame vendu, comme un vulgaire a\u00e9roport : juste donn\u00e9. <a href=\"https:\/\/www.marianne.net\/debattons\/editos\/un-pouvoir-qui-privatise-meme-la-censure\">Privatis\u00e9, comme dit <em>Marianne<\/em><\/a>. Apr\u00e8s tout, qui se soucie de la libert\u00e9 de pens\u00e9e ?<\/p>\n<p>Jean-Paul Brighelli<\/p>\n<p>(1) D\u2019aucuns, \u00e0 Grenoble, appellent \u00e0 riposter en investissant la piscine sans maillot. Ce serait dr\u00f4le, mais il suffirait d\u2019appliquer le r\u00e8glement de la piscine, qui interdit l\u2019usage de toute tenue de bain non conforme \u2014 \u00e0 commencer par les cale\u00e7ons de bain chez les hommes. Oui, mais voil\u00e0 : il faudrait que le maire ne soit pas un \u00e9colo tout mou \u2014 pl\u00e9onasme.<\/p>\n","protected":false},"excerpt":{"rendered":"<p>Laetitia Avia, d\u00e9put\u00e9e LREM de la 8\u00e8me circonscription de Paris (vous savez, Paris, cet ensemble urbain, au c\u0153ur de l\u2019\u00cele-de-France, qui offre la caract\u00e9ristique d&rsquo;\u00eatre\u00a0totalement hors sol) a donc d\u00e9pos\u00e9 une proposition de loi visant \u00e0 responsabiliser les serveurs internet qui laisseraient passer un quelconque propos injurieux, haineux, raciste, antis\u00e9mite et islamophobe \u2014 sous peine [&hellip;]<\/p>\n","protected":false},"author":6,"featured_media":0,"comment_status":"open","ping_status":"open","sticky":false,"template":"","format":"standard","meta":{"footnotes":""},"categories":[1],"tags":[333,1762],"class_list":{"0":"post-2735","1":"post","2":"type-post","3":"status-publish","4":"format-standard","6":"category-non-classe","7":"tag-islamophobie","8":"tag-laetitia-avia"},"_links":{"self":[{"href":"https:\/\/blog.causeur.fr\/bonnetdane\/wp-json\/wp\/v2\/posts\/2735","targetHints":{"allow":["GET"]}}],"collection":[{"href":"https:\/\/blog.causeur.fr\/bonnetdane\/wp-json\/wp\/v2\/posts"}],"about":[{"href":"https:\/\/blog.causeur.fr\/bonnetdane\/wp-json\/wp\/v2\/types\/post"}],"author":[{"embeddable":true,"href":"https:\/\/blog.causeur.fr\/bonnetdane\/wp-json\/wp\/v2\/users\/6"}],"replies":[{"embeddable":true,"href":"https:\/\/blog.causeur.fr\/bonnetdane\/wp-json\/wp\/v2\/comments?post=2735"}],"version-history":[{"count":0,"href":"https:\/\/blog.causeur.fr\/bonnetdane\/wp-json\/wp\/v2\/posts\/2735\/revisions"}],"wp:attachment":[{"href":"https:\/\/blog.causeur.fr\/bonnetdane\/wp-json\/wp\/v2\/media?parent=2735"}],"wp:term":[{"taxonomy":"category","embeddable":true,"href":"https:\/\/blog.causeur.fr\/bonnetdane\/wp-json\/wp\/v2\/categories?post=2735"},{"taxonomy":"post_tag","embeddable":true,"href":"https:\/\/blog.causeur.fr\/bonnetdane\/wp-json\/wp\/v2\/tags?post=2735"}],"curies":[{"name":"wp","href":"https:\/\/api.w.org\/{rel}","templated":true}]}}