{"id":2737,"date":"2019-07-03T05:48:11","date_gmt":"2019-07-03T03:48:11","guid":{"rendered":"https:\/\/blog.causeur.fr\/bonnetdane\/?p=2737"},"modified":"2021-04-22T18:48:22","modified_gmt":"2021-04-22T16:48:22","slug":"tous-a-sommaroy","status":"publish","type":"post","link":"https:\/\/blog.causeur.fr\/bonnetdane\/tous-a-sommaroy-2737","title":{"rendered":"Tous \u00e0 Sommaroy !"},"content":{"rendered":"<p><a href=\"https:\/\/blog.causeur.fr\/bonnetdane\/tous-a-sommaroy-002737\/69nord-sommaroy-outdoor-center-author-gilles-djadel-p1060324-copie-800x451\" rel=\"attachment wp-att-2745\"><img loading=\"lazy\" decoding=\"async\" class=\"aligncenter size-full wp-image-2745\" src=\"https:\/\/blog.causeur.fr\/bonnetdane\/files\/2019\/07\/69Nord-Sommaroy-Outdoor-Center-Author-Gilles-Djadel-P1060324-copie-800x451.jpg\" alt=\"69Nord-Sommaroy-Outdoor-Center-Author-Gilles-Djadel-P1060324-copie-800x451\" width=\"800\" height=\"451\" srcset=\"https:\/\/blog.causeur.fr\/bonnetdane\/wp-content\/uploads\/sites\/25\/2019\/07\/69Nord-Sommaroy-Outdoor-Center-Author-Gilles-Djadel-P1060324-copie-800x451.jpg 800w, https:\/\/blog.causeur.fr\/bonnetdane\/wp-content\/uploads\/sites\/25\/2019\/07\/69Nord-Sommaroy-Outdoor-Center-Author-Gilles-Djadel-P1060324-copie-800x451-300x169.jpg 300w, https:\/\/blog.causeur.fr\/bonnetdane\/wp-content\/uploads\/sites\/25\/2019\/07\/69Nord-Sommaroy-Outdoor-Center-Author-Gilles-Djadel-P1060324-copie-800x451-768x433.jpg 768w, https:\/\/blog.causeur.fr\/bonnetdane\/wp-content\/uploads\/sites\/25\/2019\/07\/69Nord-Sommaroy-Outdoor-Center-Author-Gilles-Djadel-P1060324-copie-800x451-500x282.jpg 500w\" sizes=\"auto, (max-width: 800px) 100vw, 800px\" \/><\/a>Connaissez-vous l\u2019\u00eele de Sommaroy ? C \u2018est en Norv\u00e8ge, au-del\u00e0 du cercle polaire. Ses plages, ses aurores bor\u00e9ales, et ses rennes qui broutent nonchalamment sur les gr\u00e8ves\u2026<br \/>\nEt du 18 mai au 26 juillet, le soleil ne se couche pas sur Sommaroy. Avec l\u2019habitude, les insulaires savent distinguer la couleur du soleil \u00ab couchant \u00bb et celle du soleil \u00ab levant \u00bb, l\u2019un succ\u00e9dant \u00e0 l\u2019autre. \u00c0 la rigueur, ils se rep\u00e8rent sur les cycles des mar\u00e9es. Dans une \u00eele de quelques centaines d\u2019hectares, dont on fait le tour \u00e0 pied en deux heures, la mer n\u2019est jamais loin.<br \/>\nDepuis toujours, ils se sont adapt\u00e9s : ils dorment quand ils veulent, travaillent quand ils le sentent, mangent quand ils ont faim. Pas d\u2019heures de repas pr\u00e9-d\u00e9termin\u00e9es, pas d\u2019heure de pause pr\u00e9-\u00e9\u00e9tablie. \u00ab Les jours sont si \u00e9tir\u00e9s que peu d\u2019habitants font attention \u00e0 l\u2019heure qu\u2019il est, si bien que nombre de gens vont jouer au foot, randonner, faire du kayak ou tondre la pelouse dans ce que le reste du monde appellerait \u00ab le milieu de la nuit \u00bb \u00bb, <a href=\"http:\/\/iht.newspaperdirect.com\/epaper\/iphone\/homepage.aspx#_article768948e1-ee95-48ff-9902-eb7eeaeb00c1\">comme le raconte l\u2019\u00e9dition internationale du <em>New York Times<\/em><\/a>. On ne se donne pas rendez-vous \u00e0 une heure fixe, mais \u00ab plus tard \u00bb.<br \/>\nOn sait que chaque pays a sa fa\u00e7on de g\u00e9rer l\u2019heure des rendez-vous. En Allemagne ou aux Etats-Unis on vous conc\u00e8de (difficilement) 5mn de marge. En France, on vous passe le quart d\u2019heure. Au Mexique, on est \u00e0 deux heures pr\u00e8s \u2014 \u00ab vers 10 heures \u00bb, c\u2019est aussi bien midi. Mais \u00e0 Sommaroy, c\u2019est juste \u00ab plus tard \u00bb. Une vague conscience du Temps surnage, mais la vieille mal\u00e9diction du cadran solaire ou de la tablette connect\u00e9e est ici abolie.<\/p>\n<p>Pas de nuit en \u00e9t\u00e9, pas de jour en hiver. L\u2019antique fatalit\u00e9 circulaire du cadran de montre est enfin renvers\u00e9e. Et les objets \u00ab modernes \u00bb \u2014 t\u00e9l\u00e9phones portables, minuteries de cuisine et autres objets qui s\u2019acharnent \u00e0 indiquer l\u2019heure d\u2019Oslo \u2014 sont en butte perp\u00e9tuelle au t\u00e9moignage des sens. D\u00e9j\u00e0 que sous nos latitudes il n\u2019est pas toujours simple, l\u2019\u00e9t\u00e9, d\u2019expliquer \u00e0 un enfant qu\u2019il doit aller se coucher alors qu\u2019il fait encore jour. Imaginez le dialogue parental dans une \u00eele o\u00f9 il n\u2019y a pas de nuit.<\/p>\n<p>Alors le conseil municipal a pris une d\u00e9cision unique : il a d\u00e9cid\u00e9 d\u2019abolir officiellement le temps. Pour ceux, au moins, qui pourront s\u2019en offrir le luxe (parce que ce d\u00e9cret peine \u00e0 abolir les distinctions sociales ou les obligations scolaires). Ainsi, au <em>Sommaroy Artic<\/em>, le seul h\u00f4tel de l\u2019\u00eele, on s\u2019appr\u00eate \u00e0 se montrer flexible sur les heures de repas ou d\u2019ap\u00e9ro.<br \/>\n\u00ab Stop all the clocks \u00bb, disait le malheureux Auden\u2026 Ici, c\u2019est pour la meilleure des causes. La d\u00e9cision du maire ne change rien aux pratiques tr\u00e8s souples des habitants, mais c\u2019est un merveilleux produit d\u2019appel dans une \u00eele qui vit essentiellement du tourisme. \u00ab Bien des visiteurs de l\u2019\u00eele ont un probl\u00e8me d\u2019adaptation, et des troubles du sommeil, quand il fait jour 24 heures par jour. Ce serait fantastique pour eux, r\u00eave tout haut le directeur de l\u2019h\u00f4tel, Goran Mikkelsen, d\u2019aller se coucher quand \u00e7a leur chante sans se soucier des horloges et sans angoisse de rater le breakfast. \u00bb<\/p>\n<p><a href=\"https:\/\/www.lepoint.fr\/societe\/la-finlande-est-le-pays-le-plus-heureux-selon-l-onu-la-france-est-24e-20-03-2019-2302759_23.php\">Selon le World Happiness Record<\/a>, la Norv\u00e8ge est d\u00e9j\u00e0, apr\u00e8s la Finlande et le Danemark, le troisi\u00e8me pays du bonheur (la France est 24\u00e8me, \u00e0 la hauteur de ses performances scolaires). En abolissant le Temps, les autorit\u00e9s de Sommaroy placent la barre d\u00e9cid\u00e9ment tr\u00e8s haut. Nous, nous en sommes \u00e0 m\u00e9goter une heure de plus ou de moins selon les saisons. Petits joueurs !<\/p>\n<p>\u00ab Le Temps n\u2019existe que parce qu\u2019il tend \u00e0 n\u2019\u00eatre plus \u00bb, disait saint Augustin. Parce que pour l\u2019\u00e9v\u00eaque kabyle du Ve si\u00e8cle le Temps humain s\u2019efface \u00e0 terme devant l\u2019atemporalit\u00e9 d\u2019une divinit\u00e9 incr\u00e9\u00e9e. Mais si c\u2019est <em>hic et nunc<\/em> que le temps s\u2019efface, alors le paradis terrestre est renouvel\u00e9 : je me repr\u00e9sente assez bien l\u2019Eden initial comme le pays du soleil permanent, alors que la Chute a pr\u00e9cipit\u00e9 Adam et Eve dans les t\u00e9n\u00e8bres du temps compt\u00e9. Comme sur le tableau de Thomas Cole (1801-1848), <em>l\u2019Expulsion du Jardin d\u2019Eden<\/em> (1828 \u2014 un chef d\u2019\u0153uvre !).<a href=\"https:\/\/blog.causeur.fr\/bonnetdane\/tous-a-sommaroy-002737\/cole_thomas_expulsion_from_the_garden_of_eden_1828\" rel=\"attachment wp-att-2746\"><img loading=\"lazy\" decoding=\"async\" class=\"aligncenter size-large wp-image-2746\" src=\"https:\/\/blog.causeur.fr\/bonnetdane\/files\/2019\/07\/Cole_Thomas_Expulsion_from_the_Garden_of_Eden_1828-1024x742.jpg\" alt=\"Cole_Thomas_Expulsion_from_the_Garden_of_Eden_1828\" width=\"584\" height=\"423\" srcset=\"https:\/\/blog.causeur.fr\/bonnetdane\/wp-content\/uploads\/sites\/25\/2019\/07\/Cole_Thomas_Expulsion_from_the_Garden_of_Eden_1828-1024x742.jpg 1024w, https:\/\/blog.causeur.fr\/bonnetdane\/wp-content\/uploads\/sites\/25\/2019\/07\/Cole_Thomas_Expulsion_from_the_Garden_of_Eden_1828-300x217.jpg 300w, https:\/\/blog.causeur.fr\/bonnetdane\/wp-content\/uploads\/sites\/25\/2019\/07\/Cole_Thomas_Expulsion_from_the_Garden_of_Eden_1828-768x556.jpg 768w, https:\/\/blog.causeur.fr\/bonnetdane\/wp-content\/uploads\/sites\/25\/2019\/07\/Cole_Thomas_Expulsion_from_the_Garden_of_Eden_1828-414x300.jpg 414w, https:\/\/blog.causeur.fr\/bonnetdane\/wp-content\/uploads\/sites\/25\/2019\/07\/Cole_Thomas_Expulsion_from_the_Garden_of_Eden_1828.jpg 1570w\" sizes=\"auto, (max-width: 584px) 100vw, 584px\" \/><\/a>Dans les figurations traditionnelles de l\u2019Eden, il fait toujours beau, et il est toujours \u2014 mais au fait, quelle heure est-il, Madame Persil ?<\/p>\n<p>Dans les exp\u00e9riences de Michel Siffre, dans le noir total du gouffre de Scarasson ou de la grotte de la Clamouse o\u00f9 il s\u00e9journa \u00e0 diverses dates, l\u2019horloge biologique le menait chaque fois en bateau : au bout de trois mois, il s\u2019\u00e9tait d\u00e9cal\u00e9 de plus de trois semaines. Sa \u00ab journ\u00e9e \u00bb, hors sensation, durait une trentaine d\u2019heures. Le temps n\u2019est qu\u2019une convention. Rappelons qu\u2019il n\u2019existe rien dans la nature qui soit \u00ab le temps \u00bb \u2014 sinon par m\u00e9taphore : les saisons, l\u2019alternance de jour et de nuit, le paiement des tiers provisionnels, les cheveux qui blanchissent sur les tempes de l\u2019Autre.<\/p>\n<p>Je suis s\u00fbr qu\u2019\u00e0 Th\u00e9l\u00e8me, l\u2019abbaye r\u00eav\u00e9e de Rabelais, il n\u2019y avait ni jour, ni nuit. L\u2019utopie est un espace o\u00f9 il fait en m\u00eame temps toujours jour et toujours nuit \u2014 de fa\u00e7on \u00e0 donner \u00e0 choisir, sans cesse, entre l\u2019heure des croissants et celle du r\u00eave.<br \/>\n\u00ab Ne grignotez pas entre les repas \u00bb, vous ordonne votre nutritionniste. L\u00e0 aussi, fin de l\u2019obligation mondaine, qui vous fait regarder votre montre avec angoisse en vous disant qu\u2019il est trop t\u00f4t pour commencer \u00e0 boire, ou trop tard pour aller faire une incursion dans le frigo. \u00ab J\u2019ai faim et il n\u2019est que onze heures \u00bb, dites-vous en tentant de raisonner votre crampe d\u2019estomac. H\u00e9 ! Mange donc ton steak de renne, imb\u00e9cile !<\/p>\n<p>Pensez enfin \u00e0 l\u2019amour. Pensez que tant de gens ne le font qu\u2019\u00e0 heures fixes \u2014 de 5 \u00e0 7 \u00e0 l\u2019h\u00f4tel du Pou nerveux, ou apr\u00e8s les \u00e9missions (jamais mot ne fut plus appropri\u00e9) du soir, \u00e0 la rigueur dans les br\u00e8ves d\u00e9lices d\u2019une sieste crapuleuse. Mais \u00e0 Sommaroy, c\u2019est toujours l\u2019heure de l\u2019amour \u2014 \u00e9tant entendu que pour s\u2019aimer, justement, il n\u2019y a pas d\u2019heure. Sinon, c\u2019est de la basse copulation. \u00ab\u00a0Jours devenus moments, moments fil\u00e9s de soie\u00a0\u00bb, dit tr\u00e8s bien La Fontaine \u00e0 propos des amours d&rsquo;Adonis et d&rsquo;Aphrodite. Pr\u00e8s d&rsquo;elle l&rsquo;instant ne dure pas, et pourtant la dur\u00e9e\u00a0s&rsquo;installe. \u00ab L\u2019amour, c\u2019est l\u2019\u00e9ternit\u00e9 \u00e0 la port\u00e9e des caniches \u00bb, disait C\u00e9line un jour o\u00f9 il \u00e9tait particuli\u00e8rement grincheux. Gardons la premi\u00e8re partie de la phrase. Chantons l\u2019amour de Sommaroy !<a href=\"https:\/\/blog.causeur.fr\/bonnetdane\/tous-a-sommaroy-002737\/attachment\/624\" rel=\"attachment wp-att-2748\"><img loading=\"lazy\" decoding=\"async\" class=\"aligncenter size-full wp-image-2748\" src=\"https:\/\/blog.causeur.fr\/bonnetdane\/files\/2019\/07\/624.jpg\" alt=\"624\" width=\"624\" height=\"351\" srcset=\"https:\/\/blog.causeur.fr\/bonnetdane\/wp-content\/uploads\/sites\/25\/2019\/07\/624.jpg 624w, https:\/\/blog.causeur.fr\/bonnetdane\/wp-content\/uploads\/sites\/25\/2019\/07\/624-300x169.jpg 300w, https:\/\/blog.causeur.fr\/bonnetdane\/wp-content\/uploads\/sites\/25\/2019\/07\/624-500x281.jpg 500w\" sizes=\"auto, (max-width: 624px) 100vw, 624px\" \/><\/a>En ces temps de vacances qui commencent, faites v\u00f4tre la loi de Sommaroy. Remplacez le vieux dicton insupportable, \u00ab Il y a un temps pour tout \u00bb, par la voix m\u00eame du d\u00e9sir \u2014 et un d\u00e9sir qui se limite n\u2019est pas un d\u00e9sir. D\u00e9sormais vous aurez tout le temps, puisque le temps se sera enfui \u2014 par d\u00e9cision du conseil municipal de cette petite \u00eele qui gagne \u00e0 \u00eatre connue, et c\u00e9l\u00e9br\u00e9e.<\/p>\n<p>Jean-Paul Brighelli<\/p>\n","protected":false},"excerpt":{"rendered":"<p>Connaissez-vous l\u2019\u00eele de Sommaroy ? C \u2018est en Norv\u00e8ge, au-del\u00e0 du cercle polaire. Ses plages, ses aurores bor\u00e9ales, et ses rennes qui broutent nonchalamment sur les gr\u00e8ves\u2026 Et du 18 mai au 26 juillet, le soleil ne se couche pas sur Sommaroy. Avec l\u2019habitude, les insulaires savent distinguer la couleur du soleil \u00ab couchant \u00bb [&hellip;]<\/p>\n","protected":false},"author":6,"featured_media":0,"comment_status":"open","ping_status":"open","sticky":false,"template":"","format":"standard","meta":{"footnotes":""},"categories":[1],"tags":[615,1763,598],"class_list":{"0":"post-2737","1":"post","2":"type-post","3":"status-publish","4":"format-standard","6":"category-non-classe","7":"tag-bonheur","8":"tag-sommaroy","9":"tag-temps"},"_links":{"self":[{"href":"https:\/\/blog.causeur.fr\/bonnetdane\/wp-json\/wp\/v2\/posts\/2737","targetHints":{"allow":["GET"]}}],"collection":[{"href":"https:\/\/blog.causeur.fr\/bonnetdane\/wp-json\/wp\/v2\/posts"}],"about":[{"href":"https:\/\/blog.causeur.fr\/bonnetdane\/wp-json\/wp\/v2\/types\/post"}],"author":[{"embeddable":true,"href":"https:\/\/blog.causeur.fr\/bonnetdane\/wp-json\/wp\/v2\/users\/6"}],"replies":[{"embeddable":true,"href":"https:\/\/blog.causeur.fr\/bonnetdane\/wp-json\/wp\/v2\/comments?post=2737"}],"version-history":[{"count":0,"href":"https:\/\/blog.causeur.fr\/bonnetdane\/wp-json\/wp\/v2\/posts\/2737\/revisions"}],"wp:attachment":[{"href":"https:\/\/blog.causeur.fr\/bonnetdane\/wp-json\/wp\/v2\/media?parent=2737"}],"wp:term":[{"taxonomy":"category","embeddable":true,"href":"https:\/\/blog.causeur.fr\/bonnetdane\/wp-json\/wp\/v2\/categories?post=2737"},{"taxonomy":"post_tag","embeddable":true,"href":"https:\/\/blog.causeur.fr\/bonnetdane\/wp-json\/wp\/v2\/tags?post=2737"}],"curies":[{"name":"wp","href":"https:\/\/api.w.org\/{rel}","templated":true}]}}