{"id":2796,"date":"2019-08-13T18:57:42","date_gmt":"2019-08-13T16:57:42","guid":{"rendered":"https:\/\/blog.causeur.fr\/bonnetdane\/?p=2796"},"modified":"2021-04-22T18:48:22","modified_gmt":"2021-04-22T16:48:22","slug":"legalisons","status":"publish","type":"post","link":"https:\/\/blog.causeur.fr\/bonnetdane\/legalisons-2796","title":{"rendered":"L\u00e9galisons !"},"content":{"rendered":"<p><a href=\"https:\/\/blog.causeur.fr\/bonnetdane\/legalisons-002796\/rtr3b7m9\" rel=\"attachment wp-att-2805\"><img loading=\"lazy\" decoding=\"async\" class=\"aligncenter size-full wp-image-2805\" src=\"https:\/\/blog.causeur.fr\/bonnetdane\/files\/2019\/08\/rtr3b7m9.jpg\" alt=\"rtr3b7m9\" width=\"960\" height=\"533\" srcset=\"https:\/\/blog.causeur.fr\/bonnetdane\/wp-content\/uploads\/sites\/25\/2019\/08\/rtr3b7m9.jpg 960w, https:\/\/blog.causeur.fr\/bonnetdane\/wp-content\/uploads\/sites\/25\/2019\/08\/rtr3b7m9-300x167.jpg 300w, https:\/\/blog.causeur.fr\/bonnetdane\/wp-content\/uploads\/sites\/25\/2019\/08\/rtr3b7m9-768x426.jpg 768w, https:\/\/blog.causeur.fr\/bonnetdane\/wp-content\/uploads\/sites\/25\/2019\/08\/rtr3b7m9-500x278.jpg 500w\" sizes=\"auto, (max-width: 960px) 100vw, 960px\" \/><\/a>Il n\u2019y a plus gu\u00e8re de semaine o\u00f9 la gendarmerie, cette aust\u00e8re protectrice des bonnes m\u0153urs fran\u00e7aises, ne d\u00e9couvre une plantation de cannabis autochtone. Il y a quelques jours, <a href=\"https:\/\/www.midilibre.fr\/2019\/08\/11\/herault-des-pieds-de-cannabis-mesurant-jusqua-180-m-sans-un-serre,8356744.php\">c\u2019\u00e9tait \u00e0 Campagne, dans l\u2019H\u00e9rault<\/a>, \u00e0 deux pas de Sommi\u00e8res, pour ceux qui connaissent. Un hardi horticulteur y faisait gentiment pousser dans une serre de jardin, pour sa consommation personnelle, des plants hauts d\u20191,80 m. Imm\u00e9diatement saisis par les hardis pandores\u2026<br \/>\nLa r\u00e9gion, aussi aride que le Rif, surtout depuis que le r\u00e9chauffement climatique y dessine le mod\u00e8le de nos regs futurs, mais suffisamment pourvue de cours d\u2019eau, se pr\u00eate merveilleusement \u00e0 ces exp\u00e9riences agricoles. En 2013, c\u2019\u00e9taient 1800 plants de chanvre indien qui \u00e9taient d\u00e9couverts dans le Gard. David Weinberger, sociologue rattach\u00e9 \u00e0 l\u2019Institut des hautes \u00e9tudes de la s\u00e9curit\u00e9 et de la Justice, tout en rappelant que seuls 5 \u00e0 10% des cannabiculteurs sont des \u00ab commerciaux \u00bb rattach\u00e9s au grand banditisme (mais ils produisent 40% de la marchandise), <a href=\"https:\/\/www.atlantico.fr\/decryptage\/839947\/cannabis--un-made-in-france-en-plein-boom-david-weinberger\">en profitait alors pour signaler, sur <em>Atlantico<\/em><\/a>, qu\u2019\u00ab un plan de cannabis achet\u00e9 entre 50 centimes et 1 euro peut produire entre 100 et 400 grammes tous les 4 mois, donc un plant peut facilement rapporter entre 3000 et 10000 euros par an. La quantit\u00e9 de cannabis produite et consomm\u00e9e en France repr\u00e9sente 12% de la consommation globale fran\u00e7aise. Ce march\u00e9 global est estim\u00e9 \u00e0 835 millions d\u2019euros. \u00bb<br \/>\nY pas de p\u2019tit profit.<br \/>\nEn ces temps de serrage de la ceinture des autres et de restrictions tous azimuts, je me permets de signaler humblement au gouvernement qu\u2019il y a l\u00e0 une source \u00e9vidente de revenus que par ent\u00eatement id\u00e9ologique il laisse \u00e9chapper. Les 1800 plants d\u00e9truits ce jour-l\u00e0 rapportaient pr\u00e8s de 5 millions d\u2019euros par an, pour une mise de fonds d\u00e9risoire.<\/p>\n<p>J\u2019ai interrog\u00e9 Alfred P***, aujourd\u2019hui retrait\u00e9 de la police qu\u2019il a servie pendant 35 ans, \u00e0 Paris puis \u00e0 Marseille. Les descentes \u00e0 Bassens, La Castellane, aux Lauriers ou \u00e0 Campagne-L\u00e9v\u00eaque, il conna\u00eet. Il est r\u00e9solument pour une l\u00e9galisation du shit.<\/p>\n<p>\u00ab D\u2019abord, raisonne-t-il en homme averti, cela permettrait de d\u00e9placer sur d\u2019autres types d\u2019affaires une bonne part des brigades affect\u00e9es \u00e0 la lutte contre les stup\u00e9fiants. \u00c0 l\u2019heure o\u00f9 la criminalit\u00e9 (et je ne parle pas des homicides, sur lesquels on a braqu\u00e9 les projos, histoire de faire oublier le reste) est en hausse nette, particuli\u00e8rement les braquages \u00e0 domicile et les vols \u00e0 la fausse qualit\u00e9 (une fois par heure, toute l\u2019ann\u00e9e, de faux agents EDF, voire des flics-bidon, se pr\u00e9sentent chez des personnes \u00e2g\u00e9es pour leur soutirer leurs \u00e9conomies), ce serait un red\u00e9ploiement bien n\u00e9cessaire. Et populaire, \u00e0 l\u2019heure o\u00f9 les forces de l\u2019ordre, utilis\u00e9es en d\u00e9pit du bon sens pour la s\u00e9curit\u00e9 du r\u00e9gime, concentrent les critiques. Quel r\u00e9pit pour Castaner !<\/p>\n<div id=\"ligne\"><\/div>\n<p>\u00ab Ensuite, ce serait une soupape heureuse pour les buralistes, durement concurrenc\u00e9s dans la vente des cigarettes par tous les revendeurs \u00e0 la sauvette. On ach\u00e8terait ses joints par paquets de cinq, avec la garantie de s\u2019offrir de l\u2019herbe de bonne qualit\u00e9, exempte des additifs que les \u00ab charbonniers \u00bb y ajoutent pour renforcer les effets d\u2019un produit coup\u00e9 avec du cirage\u2026<\/p>\n<p>JPB. Oui, j\u2019avais jadis <a href=\"https:\/\/www.lepoint.fr\/invites-du-point\/jean-paul-brighelli\/brighelli-marseille-ou-la-fabrique-du-monstre-21-02-2016-2020028_1886.php\">chroniqu\u00e9 sur le <em>Point.fr<\/em> <\/a>\u2014 quand ce n\u2019\u00e9tait pas encore un m\u00e9dia compl\u00e8tement vendu au pr\u00e9sent gouvernement \u2014 le livre de Philippe Pujol, qui m\u2019avait par ailleurs accord\u00e9 une<a href=\"https:\/\/blog.causeur.fr\/bonnetdane\/a-propos-de-la-fabrique-du-monstre-001073\"> interview sur <em>Bonnet d\u2019\u00e2ne<\/em><\/a>. Il racontait comment la r\u00e9sine marocaine \u00e9tait coup\u00e9e avec toutes sortes de produits exotiques, et l\u2019effet renforc\u00e9 avec des produits v\u00e9t\u00e9rinaires.<\/p>\n<p>AP. Je ne vous le fais pas dire. La l\u00e9galisation permettrait d\u2019offrir un produit contr\u00f4l\u00e9, alors que celui aujourd\u2019hui vendu explose la t\u00eate des dealers \u2014 d\u00e9truits au point de fumer leur propre merde \u2014 et de leurs clients. Il faudrait bien s\u00fbr le vendre plus bas que les prix actuels du march\u00e9, de fa\u00e7on \u00e0 ce qu\u2019il ne soit plus lucratif d\u2019importer la marchandise. Mais pas trop bas quand m\u00eame : brad\u00e9, le shit cesserait d\u2019\u00eatre un produit festif. Trop haut, il engendrerait une offre parall\u00e8le, comme aujourd\u2019hui pour les cigarettes.<\/p>\n<p>JPB. Mais ne craignez-vous pas que les d\u00e9linquants qui aujourd\u2019hui vivent de leur trafic, et en font vivre leurs familles et Marseille tout enti\u00e8re, ne se recyclent vers\u00a0des formes de criminalit\u00e9 plus spectaculaires ?<\/p>\n<p>AP. Quelle m\u00e9m\u00e9 marseillaise sort encore de chez elle avec sa jonquaille au cou ? Quel touriste porte encore sur lui du liquide, et s\u2019aventure dans des zones mal contr\u00f4l\u00e9es ? Et puis, tous ces jeunes entreprenants se reconvertiraient en jeunes entrepreneurs ! Pensez ! Extinction d\u2019un gros probl\u00e8me de sant\u00e9 publique, et accession \u00e0 l\u2019emploi de milliers de gosses\u00a0aujourd\u2019hui d\u00e9s\u0153uvr\u00e9s, \u00e0 guetter dans les halls de leurs immeubles pourris !<br \/>\n\u00ab Sans compter que le shit, gr\u00e2ce \u00e0 la mont\u00e9e des temp\u00e9ratures, peut aujourd\u2019hui pousser n\u2019importe o\u00f9 ! \u00bb<\/p>\n<p>JPB. Certes ! Pujol me faisait remarquer que le shit fran\u00e7ais de haute qualit\u00e9 pousse dans la r\u00e9gion de M\u00e2con \u2014 au milieu des champs de ma\u00efs. Avons-nous besoin de tant de ma\u00efs \u2014 une plante gourmande en eau ? Un joli champ de chanvre agit\u00e9 par la brise, cela r\u00e9jouirait le c\u0153ur.<\/p>\n<p>AP. Vous \u00eates un po\u00e8te ! Un esth\u00e8te ! Moi, je vois le profit pour la soci\u00e9t\u00e9. Pour la France, cher ami ! Les Espagnols, qui sont avec les Anglais et nous dans le top 3 des plus gros consommateurs d\u2019herbe, utilisent d\u00e9j\u00e0, en douce, les grandes solitudes de la Manche, de l\u2019Andalousie ou de l\u2019Estr\u00e9madure (cette r\u00e9gion \u00ab dure \u00e0 l\u2019extr\u00eame \u00bb !) pour offrir des revenus substantiels et parall\u00e8les \u00e0 des bourgades perdues au milieu de nulle part. Autant cr\u00e9er, rapidement, des industries nationales, avant que les multi-nationales viennent nous couper l\u2019herbe sous le pied \u2014 <a href=\"https:\/\/fortune.com\/2019\/07\/19\/europe-cannabis-canada\/\">comme les Canadiens sont d\u00e9j\u00e0 en train de l\u2019envisager<\/a>.<br \/>\n\u00ab On pourrait ainsi renverser un trafic europ\u00e9en, qui aujourd\u2019hui est centralis\u00e9 aux Pays-Bas, en faveur de la France ! Et revitaliser le Sud, de Toulouse \u00e0 Nice ! Marseille, centre national du shit ! Pensez aux jolis noms de marque qui \u00e9mergeraient ! \u00ab Le soleil du midi \u00bb ! \u00ab L\u2019herbe des C\u00e9vennes \u00bb ! \u00ab La fine fleur du Causse \u00bb !<br \/>\n\u00ab Enfin, l\u2019herbe ainsi l\u00e9galis\u00e9e serait accessible sans limite aux canc\u00e9reux, aux sid\u00e9ens, \u00e0 tous ceux que leurs traitements condamnent aux naus\u00e9es ! Enfin ! Depuis 2012, et apr\u00e8s le Colorado, des dizaines d\u2019Etats am\u00e9ricains ont l\u00e9galis\u00e9 l\u2019usage r\u00e9cr\u00e9atif du cannabis \u2014 jusqu\u2019\u00e0 28 grammes par personne ! De quoi se construire le joint de tous les joints !<br \/>\n\u00ab Si le gouvernement h\u00e9site \u00e0 prendre sur lui une d\u00e9cision qui ferait grincher les grincheux, pourquoi ne pas la soumettre \u00e0 r\u00e9f\u00e9rendum ? Ce serait une utile diversion aux probl\u00e8mes que rencontre Castaner, <a href=\"https:\/\/www.marianne.net\/politique\/christophe-castaner-incompetent-mais-protege\">comme l\u2019a racont\u00e9 r\u00e9cemment <em>Marianne<\/em><\/a>\u2026 Pendant des mois on ne parlerait que de \u00e7a ! On convoquerait dans les m\u00e9dias tous les sp\u00e9cialistes auto-proclam\u00e9s de la fumette ! On demanderait aux personnalit\u00e9s les plus diverses si elles ont essay\u00e9 : \u00ab Marion Mar\u00e9chal, avez-vous d\u00e9j\u00e0 fum\u00e9 ? \u00bb \u00ab M&rsquo;sieur Bellamy, votre premier joint, c\u2019\u00e9tait quand ? \u00bb Croyez-moi : avec le shit, on peut faire un tabac ! \u00bb<\/p>\n<p>Jean-Paul Brighelli<\/p>\n","protected":false},"excerpt":{"rendered":"<p>Il n\u2019y a plus gu\u00e8re de semaine o\u00f9 la gendarmerie, cette aust\u00e8re protectrice des bonnes m\u0153urs fran\u00e7aises, ne d\u00e9couvre une plantation de cannabis autochtone. Il y a quelques jours, c\u2019\u00e9tait \u00e0 Campagne, dans l\u2019H\u00e9rault, \u00e0 deux pas de Sommi\u00e8res, pour ceux qui connaissent. Un hardi horticulteur y faisait gentiment pousser dans une serre de jardin, [&hellip;]<\/p>\n","protected":false},"author":6,"featured_media":0,"comment_status":"open","ping_status":"open","sticky":false,"template":"","format":"standard","meta":{"footnotes":""},"categories":[1],"tags":[1802,61,1803],"class_list":{"0":"post-2796","1":"post","2":"type-post","3":"status-publish","4":"format-standard","6":"category-non-classe","7":"tag-legalisation-du-cannabis","8":"tag-marseille","9":"tag-shit"},"_links":{"self":[{"href":"https:\/\/blog.causeur.fr\/bonnetdane\/wp-json\/wp\/v2\/posts\/2796","targetHints":{"allow":["GET"]}}],"collection":[{"href":"https:\/\/blog.causeur.fr\/bonnetdane\/wp-json\/wp\/v2\/posts"}],"about":[{"href":"https:\/\/blog.causeur.fr\/bonnetdane\/wp-json\/wp\/v2\/types\/post"}],"author":[{"embeddable":true,"href":"https:\/\/blog.causeur.fr\/bonnetdane\/wp-json\/wp\/v2\/users\/6"}],"replies":[{"embeddable":true,"href":"https:\/\/blog.causeur.fr\/bonnetdane\/wp-json\/wp\/v2\/comments?post=2796"}],"version-history":[{"count":0,"href":"https:\/\/blog.causeur.fr\/bonnetdane\/wp-json\/wp\/v2\/posts\/2796\/revisions"}],"wp:attachment":[{"href":"https:\/\/blog.causeur.fr\/bonnetdane\/wp-json\/wp\/v2\/media?parent=2796"}],"wp:term":[{"taxonomy":"category","embeddable":true,"href":"https:\/\/blog.causeur.fr\/bonnetdane\/wp-json\/wp\/v2\/categories?post=2796"},{"taxonomy":"post_tag","embeddable":true,"href":"https:\/\/blog.causeur.fr\/bonnetdane\/wp-json\/wp\/v2\/tags?post=2796"}],"curies":[{"name":"wp","href":"https:\/\/api.w.org\/{rel}","templated":true}]}}