{"id":28,"date":"2006-04-28T17:15:16","date_gmt":"2006-04-28T17:15:16","guid":{"rendered":"http:\/\/blog.causeur.fr\/bonnetdane\/?p=28"},"modified":"2021-04-22T18:54:13","modified_gmt":"2021-04-22T16:54:13","slug":"le-dit-du-tailleur-de-pierres","status":"publish","type":"post","link":"https:\/\/blog.causeur.fr\/bonnetdane\/le-dit-du-tailleur-de-pierres-28","title":{"rendered":"le Dit du tailleur de pierres\u2026"},"content":{"rendered":"<p>Patrick M*** est tailleur de pierres \u00e0 Clermont l&rsquo;H\u00e9rault \u2014 pr\u00e8s de chez moi. Superbe artisan \u2014 encore qu&rsquo;il travaille \u00e0 son rythme\u2026 D&rsquo;autant qu&rsquo;il est surcharg\u00e9 de travail \u2014 comme tous les artisans capables de la r\u00e9gion, et de France.<\/p>\n<p>Il a depuis peu un apprenti : Bac L, Licence de Philo \u2014 finalement candidat \u00e0 un CAP de tailleur de pierres. Exceptionnel ? Pas vraiment. Le Monde de l&rsquo;Education d&rsquo;avril 2006 nous emm\u00e8ne \u00e0 l&rsquo;\u00e9cole Gr\u00e9goire-Ferrandi, \u2014 une \u00e9cole professionnelle pr\u00e9parant \u00e0 divers CAP, dont les m\u00e9tiers du cuir et la restauration. Et l&rsquo;honorable journal qui est le relais habituel de la pens\u00e9e p\u00e9dagogiste (mais qui \u00e9volue, doucement, parce qu&rsquo;il a senti que le vent tournait) nous apprend que cette \u00e9cole financ\u00e9e par la Chambre des m\u00e9tiers de Paris re\u00e7oit de plus en plus de bacheliers, certains avec un Bac S ou ES en poche, qui, tout bien pens\u00e9, se lance dans l&rsquo;acquisition d&rsquo;un CAP\u2026 <br \/>Rien que cela devrait faire r\u00e9fl\u00e9chir les imb\u00e9ciles qui proclament qu&rsquo;il faut 100% de r\u00e9ussite au Bac\u2026 On forme des kyrielles de jeunes dipl\u00f4m\u00e9s sans esp\u00e9rance professionnelle, et qui, lorsqu&rsquo;ils ont enfin le loisir de r\u00e9fl\u00e9chir, r\u00e9alisent que leur vocation ne passait pas par des \u00e9tudes longues, mais par un apprentissage rigoureux\u2026 <br \/>Et le Monde de raconter l&rsquo;histoire de Maguelone, bacheli\u00e8re, en CAP des m\u00e9tiers du cuir, en stage chez Herm\u00e8s, en passe d&rsquo;\u00eatre embauch\u00e9e sur un CDI\u2026 Tout ce que l&rsquo;on peut en dire, c&rsquo;est que sa formation g\u00e9n\u00e9raliste lui aura donn\u00e9 une culture n\u00e9cessaire\u2026 Mais pour quoi ne pas donner cette formation aux apprentis directement ?<\/p>\n<p>D&rsquo;ailleurs, Patrick M*** a mis du temps \u00e0 trouver un apprenti. Pensez ! Un travail en plein air ! De la poussi\u00e8re sous les ongles ! Parfois, un tour de reins\u2026<\/p>\n<p>Dans mon minuscule village, un autre artisan (ferronnier d&rsquo;art, celui-l\u00e0) ne parvient pas \u00e0 trouver un stagiaire. Pourtant, il est tout pr\u00eat \u00e0 lui apprendre le m\u00e9tier \u2014 un bon m\u00e9tier, apparemment : il a un carnet de commandes plein sur deux ans, et gagne superbement sa vie. Avec \u00e7a, coquet, tir\u00e9 \u00e0 quatre \u00e9pingles, les ongles faits, une \u00e9pouse \u00e9l\u00e9gante \u2014 seules les mains, puissantes, trahissent l&rsquo;homme de fer.<br \/>Huit kilom\u00e8tres plus loin, un ami sellier, qui s&rsquo;est form\u00e9 \u00e0 ses frais aupr\u00e8s d&rsquo;un ma\u00eetre aux USA, dans la plus pure tradition du compagnonnage, ne parvient pas \u00e0 trouver un apprenti. Cela sent bien bon, le cuir, pourtant\u2026 Et des selles de cheval, tout le monde en demande, apparemment, ces temps-ci\u2026<br \/>Mais 75% des \u00e9tudiants r\u00eavent d&rsquo;entrer dans la fonction publique\u2026 <br \/>Par quelle perversion ?<\/p>\n<p>Donc, Patrick M*** se plaint. Non que le jeune philosophe ne travaille pas bien \u2014 il fait de son mieux, et m\u00eame si Patrick trouve, comme moi, que c&rsquo;est toujours un peu insuffisant que de faire de son mieux, il le complimente\u2026 \u00ab\u00a0Mais, me dit-il, il a un vocabulaire et une culture d&rsquo;une insigne pauvret\u00e9. En dehors des mots de la philosophie, il ne conna\u00eet rien \u2014 comme si ses ann\u00e9es d&rsquo;\u00e9cole ne lui avaient rien appris. Et en histoire\u00a0\u00bb \u2014 particuli\u00e8rement en histoire de l&rsquo;art, un domaine quelque peu utile \u00e0 un gar\u00e7on qui fait autant de restauration que de cr\u00e9ation \u2014, \u00ab\u00a0c&rsquo;est encore plus dramatique\u00a0\u00bb.<br \/>Qu&rsquo;est-ce qui a foir\u00e9 ? \u00c0 quel moment ce jeune homme n&rsquo;a-t-il pas re\u00e7u l&rsquo;enseignement et les savoirs auxquels il avait droit ? Il en avait les moyens, son cursus le prouve \u2014 je ne suis pas de ceux qui disent qu&rsquo;une Licence de philo ne prouve rien\u2026 Mais il confond roman et gothique, ignore des notions \u00e9l\u00e9mentaires de g\u00e9om\u00e9trie (c&rsquo;est un peu important, figurez-vous, lorsqu&rsquo;on taille des pierres selon des angles pr\u00e9cis), et para\u00eet incapable de communiquer avec une client\u00e8le tr\u00e8s particuli\u00e8re, faite de ch\u00e2telains et de grands patrons, ou les simples amis du patron \u2014 intellectuels et artistes.<br \/>Pour savoir ce que l&rsquo;on doit apprendre aux enfants, il faut regarder le bout de la route \u2014 tout au bout : qu&rsquo;attend-on d&rsquo;un individu \u00e0 vingt ou vingt-cinq ans ? Veut-on vraiment en faire un inadapt\u00e9 social ? Un buveur de bi\u00e8re(s) t\u00e9l\u00e9phage sur canap\u00e9 ? De la chair \u00e0 canon et \u00e0 TF 1 ?<br \/>La nouvelle p\u00e9dagogie, celle que r\u00e9cite un B\u00e9gaudeau par exemple, est au service de Bouyghes TV.<br \/>Ces p\u00e9dagogues qui se r\u00e9citent Rousseau et ne l&rsquo;ont jamais bien lu devraient savoir que la premi\u00e8re chose que Jean-Jacques apprend \u00e0 Emile, c&rsquo;est un m\u00e9tier manuel. Le c\u00f4t\u00e9 syst\u00e9matique est sans doute exag\u00e9r\u00e9. Mais pourquoi en est-on arriv\u00e9 \u00e0 m\u00e9priser des professions respectables, tr\u00e8s demand\u00e9es, et tr\u00e8s r\u00e9mun\u00e9ratrices ? par quelle aberration ?<\/p>\n<p>J&rsquo;aimerais que les critiques qui s&rsquo;expriment ici et ailleurs r\u00e9pondent \u00e0 ces questions simples. Parce que derri\u00e8re, il y a une question bien moins \u00e9vidente, qui est celle du bonheur. Le bonheur ne consiste pas \u00e0 faire ce que l&rsquo;on veut \u00e0 l&rsquo;\u00e2ge tendre, mais \u00e0 parvenir \u00e0 ses r\u00eaves \u00e0 l&rsquo;\u00e2ge adulte. Le bonheur est moins dans le loisir que dans le travail. Et \u00e0 ceux qui me disent que l&rsquo;on peut travailler dans le joie, je r\u00e9pondrai que c&rsquo;\u00e9tait la devise d&rsquo;Auschwitz.<\/p>\n<p>JP Brighelli<\/p>\n","protected":false},"excerpt":{"rendered":"<p>Patrick M*** est tailleur de pierres \u00e0 Clermont l&rsquo;H\u00e9rault \u2014 pr\u00e8s de chez moi. Superbe artisan \u2014 encore qu&rsquo;il travaille \u00e0 son rythme\u2026 D&rsquo;autant qu&rsquo;il est surcharg\u00e9 de travail \u2014 comme tous les artisans capables de la r\u00e9gion, et de France. Il a depuis peu un apprenti : Bac L, Licence de Philo \u2014 finalement [&hellip;]<\/p>\n","protected":false},"author":6,"featured_media":0,"comment_status":"open","ping_status":"open","sticky":false,"template":"","format":"standard","meta":{"footnotes":""},"categories":[1],"tags":[],"class_list":{"0":"post-28","1":"post","2":"type-post","3":"status-publish","4":"format-standard","6":"category-non-classe"},"_links":{"self":[{"href":"https:\/\/blog.causeur.fr\/bonnetdane\/wp-json\/wp\/v2\/posts\/28","targetHints":{"allow":["GET"]}}],"collection":[{"href":"https:\/\/blog.causeur.fr\/bonnetdane\/wp-json\/wp\/v2\/posts"}],"about":[{"href":"https:\/\/blog.causeur.fr\/bonnetdane\/wp-json\/wp\/v2\/types\/post"}],"author":[{"embeddable":true,"href":"https:\/\/blog.causeur.fr\/bonnetdane\/wp-json\/wp\/v2\/users\/6"}],"replies":[{"embeddable":true,"href":"https:\/\/blog.causeur.fr\/bonnetdane\/wp-json\/wp\/v2\/comments?post=28"}],"version-history":[{"count":0,"href":"https:\/\/blog.causeur.fr\/bonnetdane\/wp-json\/wp\/v2\/posts\/28\/revisions"}],"wp:attachment":[{"href":"https:\/\/blog.causeur.fr\/bonnetdane\/wp-json\/wp\/v2\/media?parent=28"}],"wp:term":[{"taxonomy":"category","embeddable":true,"href":"https:\/\/blog.causeur.fr\/bonnetdane\/wp-json\/wp\/v2\/categories?post=28"},{"taxonomy":"post_tag","embeddable":true,"href":"https:\/\/blog.causeur.fr\/bonnetdane\/wp-json\/wp\/v2\/tags?post=28"}],"curies":[{"name":"wp","href":"https:\/\/api.w.org\/{rel}","templated":true}]}}