{"id":2820,"date":"2019-09-08T15:36:00","date_gmt":"2019-09-08T13:36:00","guid":{"rendered":"https:\/\/blog.causeur.fr\/bonnetdane\/?p=2820"},"modified":"2021-04-22T18:48:21","modified_gmt":"2021-04-22T16:48:21","slug":"les-lunettes","status":"publish","type":"post","link":"https:\/\/blog.causeur.fr\/bonnetdane\/les-lunettes-2820","title":{"rendered":"Les lunettes"},"content":{"rendered":"<p><a href=\"https:\/\/blog.causeur.fr\/bonnetdane\/les-lunettes-002820\/lilian_thuram-racisme-sport-football-footballeur-interview-raciste-declarations-equipe-communique-licra-antiracisme-antiraciste\" rel=\"attachment wp-att-2822\"><img loading=\"lazy\" decoding=\"async\" class=\"aligncenter size-large wp-image-2822\" src=\"https:\/\/blog.causeur.fr\/bonnetdane\/files\/2019\/09\/Lilian_Thuram-racisme-sport-football-footballeur-interview-raciste-declarations-equipe-communique-licra-antiracisme-antiraciste--1024x576.jpg\" alt=\"Lilian_Thuram-racisme-sport-football-footballeur-interview-raciste-declarations-equipe-communique-licra-antiracisme-antiraciste-\" width=\"584\" height=\"329\" srcset=\"https:\/\/blog.causeur.fr\/bonnetdane\/wp-content\/uploads\/sites\/25\/2019\/09\/Lilian_Thuram-racisme-sport-football-footballeur-interview-raciste-declarations-equipe-communique-licra-antiracisme-antiraciste--1024x576.jpg 1024w, https:\/\/blog.causeur.fr\/bonnetdane\/wp-content\/uploads\/sites\/25\/2019\/09\/Lilian_Thuram-racisme-sport-football-footballeur-interview-raciste-declarations-equipe-communique-licra-antiracisme-antiraciste--300x169.jpg 300w, https:\/\/blog.causeur.fr\/bonnetdane\/wp-content\/uploads\/sites\/25\/2019\/09\/Lilian_Thuram-racisme-sport-football-footballeur-interview-raciste-declarations-equipe-communique-licra-antiracisme-antiraciste--768x432.jpg 768w, https:\/\/blog.causeur.fr\/bonnetdane\/wp-content\/uploads\/sites\/25\/2019\/09\/Lilian_Thuram-racisme-sport-football-footballeur-interview-raciste-declarations-equipe-communique-licra-antiracisme-antiraciste--500x281.jpg 500w, https:\/\/blog.causeur.fr\/bonnetdane\/wp-content\/uploads\/sites\/25\/2019\/09\/Lilian_Thuram-racisme-sport-football-footballeur-interview-raciste-declarations-equipe-communique-licra-antiracisme-antiraciste-.jpg 1920w\" sizes=\"auto, (max-width: 584px) 100vw, 584px\" \/><\/a>Etre myope est un terrible privil\u00e8ge. Il vous permet de ne rien voir lorsque vous ne portez pas vos lunettes, et de pr\u00e9tendre tout discerner, lorsque vous les avez \u2014 aussi aveugle ou tar\u00e9 que vous soyez.<br \/>\nLes lunettes vous conf\u00e8rent, dans la psych\u00e9 collective, un air \u00ab intellectuel \u00bb. Bien s\u00fbr, c\u2019est parfois m\u00e9rit\u00e9 \u2014 que serait Sartre sans ses lunettes ? Un petit gar\u00e7on apeur\u00e9 qui croyait voir des homards ramper derri\u00e8re lui ? Et Adso, sans les verres de presbyte que lui a donn\u00e9s son ma\u00eetre Guillaume de Baskerville avant de le quitter, aurait-il pu \u00e9crire les sublimes derniers mots du <em>Nom de la rose<\/em> \u2014 \u00ab Stat rosa pristina nomine, nomina nuda tenemus \u00bb ?<br \/>\nEt vous vous rappelez sans doute Laurent Fignon, trop t\u00f4t\u00a0disparu\u2026 \u00ab L\u2019intellectuel du peloton \u00bb, clamaient les journalistes, jamais en retard d\u2019un poncif. Parce qu\u2019il portait des lunettes \u2014 et parce qu\u2019il avait son Bac, un Bac D auquel l\u2019avait pr\u00e9par\u00e9, entre autres, Ir\u00e8ne Frain. Une exception parmi les cyclistes professionnels de l\u2019\u00e9poque. Il \u00e9tait assez intelligent pour s\u2019amuser lui-m\u00eame de cette appellation\u2026<br \/>\nNe pas en conclure pourtant que tout sportif portant b\u00e9sicles est une lumi\u00e8re.<\/p>\n<p>Prenez Lilian Thuram, par exemple. L\u2019ancien d\u00e9fenseur guadeloup\u00e9en de l\u2019\u00e9quipe de France championne du monde a le bonheur de porter des lunettes, ce qui comme on sait conf\u00e8re\u00a0le don d\u2019omniscience, l\u2019am\u00e8ne r\u00e9guli\u00e8rement \u00e0 \u00eatre interrog\u00e9 sur les sujets les plus divers, et \u00e0 \u00eatre grassement r\u00e9mun\u00e9r\u00e9 pour ses conf\u00e9rences sur des questions extra-sportives. Comme en t\u00e9moigne un vieil article des <em>Derni\u00e8res Nouvelles d\u2019Alsace<\/em> (4 mai 2009).<a href=\"https:\/\/blog.causeur.fr\/bonnetdane\/les-lunettes-002820\/lilian_thuram_m\" rel=\"attachment wp-att-2823\"><img loading=\"lazy\" decoding=\"async\" class=\"aligncenter size-full wp-image-2823\" src=\"https:\/\/blog.causeur.fr\/bonnetdane\/files\/2019\/09\/Lilian_Thuram_m.jpg\" alt=\"Lilian_Thuram_m\" width=\"275\" height=\"448\" srcset=\"https:\/\/blog.causeur.fr\/bonnetdane\/wp-content\/uploads\/sites\/25\/2019\/09\/Lilian_Thuram_m.jpg 275w, https:\/\/blog.causeur.fr\/bonnetdane\/wp-content\/uploads\/sites\/25\/2019\/09\/Lilian_Thuram_m-184x300.jpg 184w\" sizes=\"auto, (max-width: 275px) 100vw, 275px\" \/><\/a><\/p>\n<p>L&rsquo;occasion pour lui, l&rsquo;ann\u00e9e derni\u00e8re, de <a href=\"https:\/\/www.causeur.fr\/lilian-thuram-musee-delacroix-orientalisme-150270\">stigmatiser Delacroix<\/a> \u00e0 l&rsquo;occasion d&rsquo;une exposition pleine de bonnes intentions, \u00ab\u00a0l&rsquo;Invention du Sauvage\u00a0\u00bb (au mus\u00e9e du Quai Branly). Et aujourd&rsquo;hui, chance insigne, la croisade (mince, je vais passer pour un descendant de Godefroy de Bouillon !) que les instances du foot europ\u00e9en ont lanc\u00e9e\u00a0contre les exc\u00e8s des supporters de foot lui donne de nouvelles occasions de s\u2019exprimer \u2014 et la parole d\u2019un binoclard p\u00e8se de tout son poids. Interrog\u00e9 il y a quelques jours <a href=\"https:\/\/www.corrieredellosport.it\/news\/calcio\/2019\/09\/04-60734756\/caso_lukaku_thuram_fermatevi_o_siete_conniventi\/\">par le <em>Corriere dello Sport<\/em> <\/a>sur les cris de singe lanc\u00e9s par les supporters (multi-r\u00e9cidivistes) de Cagliari, notre intellectuel a naturellement condamn\u00e9 une manifestation malheureusement tr\u00e8s fr\u00e9quente dans tous les stades (j\u2019ai souvenir des bananes que des ultras du PSG, la cr\u00e8me de la cr\u00e8me, lan\u00e7aient jadis au gardien de leur \u00e9quipe, le Guyanais Bernard Lama), puis a profit\u00e9 de ses lunettes et de son don de double-vue pour balancer, apr\u00e8s un d\u00e9tour par les slogans homophobes (ou pr\u00e9tendus tels, <a href=\"https:\/\/www.causeur.fr\/encule-insulte-homophobie-football-marlene-schiappa-jean-francois-derec-164935\">comme l&rsquo;a soulign\u00e9 Jean-Fran\u00e7ois Derec dans <em>Causeur<\/em><\/a>) r\u00e9prim\u00e9s dans les stades fran\u00e7ais :<br \/>\n\u00ab Quando si parla del razzismo bisogna avere la consapevolezza che non \u00e8 razzista il mondo del calcio, ma che c\u2019\u00e8 razzismo nella cultura italiana, francese, europea e pi\u00f9 in generale nella cultura bianca. I bianchi hanno deciso che sono superiori ai neri e che con loro possono fare di tutto. E\u2019 una cosa che va avanti da secoli purtroppo. E cambiare una cultura non \u00e8 facile. \u00bb<br \/>\nLe lecteur de Bonnet d\u2019\u00c2ne aura traduit, mais on ne sait jamais, certains n\u2019ont peut-\u00eatre pas les fameuses lunettes qui rendent polygotte. Donc, <a href=\"http:\/\/www.maxifoot.fr\/football\/article-41240.htm\">version fran\u00e7aise synth\u00e9tis\u00e9e\u00a0par Gilles Campos dans\u00a0<em>Maxifoot<\/em><\/a> :<br \/>\n\u00ab Il faut prendre conscience que le monde du foot n&rsquo;est pas raciste mais qu&rsquo;il y a du racisme dans la culture italienne, fran\u00e7aise, europ\u00e9enne et plus g\u00e9n\u00e9ralement dans la culture blanche. Il est n\u00e9cessaire d&rsquo;avoir le courage de dire que les blancs pensent \u00eatre sup\u00e9rieurs et qu&rsquo;ils croient l&rsquo;\u00eatre. De toutes les mani\u00e8res, ce sont eux qui doivent trouver une solution \u00e0 leur probl\u00e8me. Les noirs ne traiteront jamais les blancs de cette fa\u00e7on. L&rsquo;histoire le dit. \u00bb<\/p>\n<p><a href=\"http:\/\/www.licra.org\/reaction-de-la-licra-a-linterview-de-lilian-thuram\">Le sang de la LICRA n\u2019a fait qu\u2019un tour<\/a>, et l\u2019organisation anti-raciste s\u2019est fendue d\u2019un communiqu\u00e9 non \u00e9quivoque :<br \/>\n\u00ab Ces propos t\u00e9moignent des risques d\u2019une d\u00e9rive du combat antiraciste dans lequel Lilian Thuram s\u2019est toujours investi.\u00a0L\u2019universalisme r\u00e9publicain, c\u2019est-\u00e0-dire cette id\u00e9e selon laquelle la R\u00e9publique est indivisible, demande un travail constant et exigeant : il n\u2019est pas possible d\u2019essentialiser un groupe \u2013 en l\u2019occurrence \u00ab les Blancs \u00bb en le d\u00e9finissant globalement par des caract\u00e9ristiques uniques qui vaudraient pour l\u2019ensemble de ses membres. Surtout, ce serait un poison que de vouloir en permanence d\u00e9finir des individus en fonction de la couleur de leur peau car c\u2019est pr\u00e9cis\u00e9ment le pi\u00e8ge tendu par les racistes.\u00a0Cette assignation, qui cr\u00e9e un monde avec les \u00ab Blancs \u00bb d\u2019un c\u00f4t\u00e9 et les \u00ab Noirs \u00bb de l\u2019autre, n\u2019est pas acceptable si on pr\u00e9tend, comme souhaite le faire Lilian Thuram, combattre le racisme. La division de la soci\u00e9t\u00e9 en groupes de couleur est une lourde erreur qui produira l\u2019effet inverse au but recherch\u00e9 : celui d\u2019une soci\u00e9t\u00e9 fragment\u00e9e l\u00e0 o\u00f9 il y a urgence \u00e0 r\u00e9unir, \u00e0 rassembler, \u00e0 faire rena\u00eetre un id\u00e9al commun. \u00bb<\/p>\n<div id=\"ligne\"><\/div>\n<p>Ben oui. Dire \u00ab les Blancs \u00bb ou \u00ab les Noirs \u00bb, c\u2019est essentialiser un groupe qui n\u2019est jamais qu\u2019une addition d\u2019individus aux comportements h\u00e9t\u00e9rog\u00e8nes, ramen\u00e9s \u00e0 une identification unique. C&rsquo;est, <a href=\"https:\/\/www.youtube.com\/watch?v=u9edlSlFp_w\">comme dit ma camarade Barbara Lefebvre, du <em>racialisme<\/em><\/a>.<br \/>\nComme si l\u2019on affirmait : \u00ab les Blancs sont tous descendants de colonialistes et d\u2019esclavagistes \u00bb \u2014 en oubliant par exemple que la traite africaine, due aux Noirs et aux Arabes, fut en nombre bien plus importante que la traite atlantique ; que les Barbaresques qui occupaient l\u2019Afrique du Nord firent, pendant le seul XVIIIe si\u00e8cle, plus d\u2019un million d\u2019esclaves europ\u00e9ens sur els c\u00f4tes d\u2019Espagne, de France et d\u2019Italie ; que de surcro\u00eet les Maures privaient leurs esclaves m\u00e2les des attributs qui leur auraient peut-\u00eatre permis de loucher vers le harem \u2014 quitte \u00e0 en faire mourir la plupart ; et que la conqu\u00eate musulmane, aux VIIe et VIIIe si\u00e8cle \u2014 sans parler des exactions turques durant le mill\u00e9naire suivant \u2014 furent des actes de colonisation forc\u00e9e accompagn\u00e9s de massacres, mutilations, conversions forc\u00e9es, et j\u2019en passe.<br \/>\nBien que Blanc, <a href=\"https:\/\/www.valeursactuelles.com\/clubvaleurs\/societe\/qui-sont-vraiment-les-colonisateurs-109936\">j\u2019en ai m\u00eame fait r\u00e9cemment un article<\/a>\u2026<\/p>\n<p>Tout le monde mesure l\u2019absurdit\u00e9 d\u2019un propos qui reprocherait aux petits Beurs fran\u00e7ais d\u2019\u00eatre les descendants d\u2019esclavagistes, colonisateurs, barbares et criminels. Nous ne portons pas le poids des comportements de nos anc\u00eatres, si tant est qu\u2019ils aient eu un comportement r\u00e9pr\u00e9hensible, ce qui n\u2019est pas le cas de tous les Maures ni de tous les Europ\u00e9ens. Et tant qu\u2019\u00e0 parler de racisme, on pourrait parler des meurtres racistes qui ont aujourd\u2019hui lieu dans l\u2019ancienne patrie de Nelson Mandela, entre ethnies qui se ha\u00efssent, au grand dam des voisins de l\u2019Afrique du Sud <a href=\"https:\/\/www.courrierinternational.com\/revue-de-presse\/violences-dans-plusieurs-pays-dafrique-des-represailles-contre-la-xenophobie-en\">qui se lancent dans un cycle de repr\u00e9sailles<\/a>. Les uns et les autres, tous Africains, n\u2019ont pas besoin de Blancs pour se ha\u00efr copieusement.<\/p>\n<p>Quant \u00e0 la fa\u00e7on dont les Noirs de Mugabe ont trait\u00e9 les Blancs au Zimbabwe, elle a donn\u00e9 l\u2019occasion en 2001 au journaliste Simon Heffer d\u2019\u00e9crire dans <em>The Telegraph<\/em> un article cinglant intitul\u00e9 sobrement <a href=\"https:\/\/www.telegraph.co.uk\/comment\/4264747\/We-will-not-tolerate-racism-except-in-Zimbabwe.html\">\u00ab We will not tolerate racism, except in Zimbabwe \u00bb<\/a>.<br \/>\nTr\u00e8s exag\u00e9r\u00e9, certainement. Tout le monde sait qu\u2019un Noir ne peut pas \u00eatre raciste\u2026 Tout comme une Franco-alg\u00e9rienne comme Houria Bouteldja ne peut \u00eatre raciste, m\u00eame quand elle intitule l\u2019un de ses livres <em>les Blancs, les Juifs et nous<\/em>. Une R\u00e9publique normale l\u2019aurait fait interdire, et aurait inculp\u00e9 son auteur. Sans doute ne sommes-nous pas une r\u00e9publique ordinaire.<\/p>\n<p>Qui en voudrait \u00e0 Lilian Thuram, qui fut un excellent d\u00e9fenseur central \u2014 et qui aurait d\u00fb s\u2019en tenir l\u00e0 ? Mais de toute l\u2019\u00e9quipe \u00ab Black-Blanc-Beur \u00bb de 1998 (une remarquable escroquerie que cette appellation, quand on y pense), il \u00e9tait le seul \u00e0 porter des lunettes. Un avantage d\u00e9cisif, qui lui donne le droit d\u2019articuler des v\u00e9rit\u00e9s premi\u00e8res \u2014 et malheureusement pas derni\u00e8res.<\/p>\n<p>Jean-Paul Brighelli<\/p>\n","protected":false},"excerpt":{"rendered":"<p>Etre myope est un terrible privil\u00e8ge. Il vous permet de ne rien voir lorsque vous ne portez pas vos lunettes, et de pr\u00e9tendre tout discerner, lorsque vous les avez \u2014 aussi aveugle ou tar\u00e9 que vous soyez. Les lunettes vous conf\u00e8rent, dans la psych\u00e9 collective, un air \u00ab intellectuel \u00bb. Bien s\u00fbr, c\u2019est parfois m\u00e9rit\u00e9 [&hellip;]<\/p>\n","protected":false},"author":6,"featured_media":0,"comment_status":"open","ping_status":"open","sticky":false,"template":"","format":"standard","meta":{"footnotes":""},"categories":[1],"tags":[1816,1817,1815,1814,228,266,1819,1813,113,1818],"class_list":{"0":"post-2820","1":"post","2":"type-post","3":"status-publish","4":"format-standard","6":"category-non-classe","7":"tag-afrique","8":"tag-afrique-du-sud","9":"tag-arabes","10":"tag-colonisation","11":"tag-esclavage","12":"tag-foot","13":"tag-houria-bouteldja","14":"tag-lilian-thuram","15":"tag-racisme","16":"tag-zinbabwe"},"_links":{"self":[{"href":"https:\/\/blog.causeur.fr\/bonnetdane\/wp-json\/wp\/v2\/posts\/2820","targetHints":{"allow":["GET"]}}],"collection":[{"href":"https:\/\/blog.causeur.fr\/bonnetdane\/wp-json\/wp\/v2\/posts"}],"about":[{"href":"https:\/\/blog.causeur.fr\/bonnetdane\/wp-json\/wp\/v2\/types\/post"}],"author":[{"embeddable":true,"href":"https:\/\/blog.causeur.fr\/bonnetdane\/wp-json\/wp\/v2\/users\/6"}],"replies":[{"embeddable":true,"href":"https:\/\/blog.causeur.fr\/bonnetdane\/wp-json\/wp\/v2\/comments?post=2820"}],"version-history":[{"count":0,"href":"https:\/\/blog.causeur.fr\/bonnetdane\/wp-json\/wp\/v2\/posts\/2820\/revisions"}],"wp:attachment":[{"href":"https:\/\/blog.causeur.fr\/bonnetdane\/wp-json\/wp\/v2\/media?parent=2820"}],"wp:term":[{"taxonomy":"category","embeddable":true,"href":"https:\/\/blog.causeur.fr\/bonnetdane\/wp-json\/wp\/v2\/categories?post=2820"},{"taxonomy":"post_tag","embeddable":true,"href":"https:\/\/blog.causeur.fr\/bonnetdane\/wp-json\/wp\/v2\/tags?post=2820"}],"curies":[{"name":"wp","href":"https:\/\/api.w.org\/{rel}","templated":true}]}}