{"id":2832,"date":"2019-09-25T19:00:05","date_gmt":"2019-09-25T17:00:05","guid":{"rendered":"https:\/\/blog.causeur.fr\/bonnetdane\/?p=2832"},"modified":"2021-04-22T18:48:21","modified_gmt":"2021-04-22T16:48:21","slug":"fcpe-mon-amour","status":"publish","type":"post","link":"https:\/\/blog.causeur.fr\/bonnetdane\/fcpe-mon-amour-2832","title":{"rendered":"FCPE mon amour"},"content":{"rendered":"<p><a href=\"https:\/\/blog.causeur.fr\/bonnetdane\/fcpe-mon-amour-002832\/fcpe0\" rel=\"attachment wp-att-2835\"><img loading=\"lazy\" decoding=\"async\" class=\"aligncenter size-full wp-image-2835\" src=\"https:\/\/blog.causeur.fr\/bonnetdane\/files\/2019\/09\/FCPE0.jpg\" alt=\"FCPE0\" width=\"737\" height=\"960\" srcset=\"https:\/\/blog.causeur.fr\/bonnetdane\/wp-content\/uploads\/sites\/25\/2019\/09\/FCPE0.jpg 737w, https:\/\/blog.causeur.fr\/bonnetdane\/wp-content\/uploads\/sites\/25\/2019\/09\/FCPE0-230x300.jpg 230w\" sizes=\"auto, (max-width: 737px) 100vw, 737px\" \/><\/a>La FCPE aurait-elle d\u00e9cid\u00e9 de tester nos limites ? C\u2019est une strat\u00e9gie d\u2019id\u00e9ologues : on pousse un pion, puis un autre, on regarde si \u00e7a r\u00e9agit, et on s\u2019avance plus loin.<br \/>\nIl y a deux scandales dans cette affiche qui fait jaser depuis trois jours : d\u2019un c\u00f4t\u00e9 un m\u00e9pris de la loi de 2004, qui interdit tout signe religieux ostentatoire dans l\u2019enceinte scolaire \u2014 et une classe qui sort hors les murs de l\u2019\u00e9cole transporte ces murs avec elle, m\u00eame Chatel, qui n\u2019\u00e9tait pas un grand sp\u00e9cialiste en mati\u00e8re \u00e9ducative, ne s\u2019y \u00e9tait pas tromp\u00e9. Blanquer non plus, d\u2019ailleurs, <a href=\"https:\/\/www.bfmtv.com\/mediaplayer\/video\/je-pense-que-c-est-une-erreur-jean-michel-blanquer-considere-que-l-affiche-de-la-fcpe-avec-une-mere-voilee-est-regrettable-1189047.html\">qui a qualifi\u00e9 cette campagne d\u2019\u00ab erreur \u00bb<\/a>, et qui devrait r\u00e9agir en coupant les subventions (pr\u00e8s de 500 000 \u20ac) \u00e0 cette association qui ne repr\u00e9sente personne (280 000 adh\u00e9rents, par rapport \u00e0 12 millions d\u2019\u00e9l\u00e8ves, c\u2019est d\u00e9risoire). D\u00e9j\u00e0 en 2015-2016 la FCPE <a href=\"https:\/\/www.valeursactuelles.com\/politique\/gouvernement-ach%C3%A8te-paix-sociale-coups-d%E2%80%99enveloppes\">avait \u00e9t\u00e9 suspect\u00e9e<\/a> de \u00ab\u00a0rembourser\u00a0\u00bb\u00a0l\u2019augmentation de sa subvention en soutenant le r\u00e9forme du coll\u00e8ge, alors qu\u2019elle \u00e9tait conspu\u00e9e par 80% des enseignants : bonne id\u00e9e de dresser les parents contre les profs !<\/p>\n<p>Mais ce qui me r\u00e9vulse davantage, c\u2019est le texte : \u00ab La la\u00efcit\u00e9, c\u2019est accueillir \u00e0 l\u2019\u00e9cole tous les parents sans exception \u00bb.<\/p>\n<div id=\"ligne\"><\/div>\n<p>Depuis quand l\u2019\u00e9cole a-t-elle vocation \u00e0 \u00ab accueillir les parents \u00bb ? L\u2019\u00e9cole accueille les \u00e9l\u00e8ves (pas les \u00ab enfants \u00bb \u2014 et ce n\u2019est pas une distinction pour rire). Comme disent les p\u00e9dagos dans leur jargon, un parent est un \u00ab g\u00e9niteur d\u2019apprenant \u00bb. L\u2019enfant n\u2019existe pas, \u00e0 l\u2019\u00e9cole ? L\u2019enfant, connais pas ! Nous avons des \u00e9l\u00e8ves \u2014 et hors les murs, ces \u00e9l\u00e8ves redevenus enfants ou adolescents ont des parents. Mais ce n\u2019est pas notre affaire.<br \/>\nDepuis trente ou quarante ans, les parents ont lentement grignot\u00e9 les murs de l\u2019\u00e9cole. Ils attendaient dehors, ils sont d\u00e9sormais dedans. Ils accompagnent les sorties scolaires, organisent les go\u00fbters, les anniversaires \u2014 et ils manifestent lorsque la cantine est insuffisamment halal \u00e0 leur go\u00fbt.<\/p>\n<p>Essayons d\u2019\u00eatre clair : un \u00ab enfant \u00bb, chez lui, fait ce que ses parents lui disent de faire \u2014 fort bien, c\u2019est leur probl\u00e8me. Mais l\u2019institution scolaire repose sur l\u2019id\u00e9e qu\u2019ils nous transmettent leurs pouvoirs quelques heures par jour. La blouse que nous mettions (et l\u2019uniforme port\u00e9 dans certaines \u00e9coles ou certaines r\u00e9gions \u2014 aux Antilles par exemple \u2014 en t\u00e9moigne) nous instituait \u00ab \u00e9l\u00e8ves \u00bb \u2014 et nous l\u2019abandonnions d\u00e8s que nous \u00e9tions sortis, pour marquer le fait que nous changions d\u2019espace et de statut. Un enfant, chez lui, mange ce que ses parents lui donnent \u2014 mais \u00e0 l\u2019\u00e9cole, un \u00e9l\u00e8ve mange ce que la cantine lui sert. C\u2019est si difficile \u00e0 comprendre ?<\/p>\n<p>La FCPE crie depuis quelques jours en protestant : ses intentions sont pures, et ceux qui la critiquent n\u2019ont en t\u00eate qu\u2019un agenda \u00e9lectoral. Pas elle, bien s\u00fbr ! Fanatiques de tout poil, votez pour moi ! Tel est le sens du message \u2014 et la \u00ab m\u00e8re \u00bb voil\u00e9e de l\u2019affiche racole de futurs \u00e9lecteurs pour la centrale. Son sourire est \u00e9lectoral jusqu\u2019au bout des canines.<br \/>\nQuant au regard admiratif que la petite fille porte, en contre-plong\u00e9e, sur sa suppos\u00e9e g\u00e9nitrice, on se demande s\u2019il s\u2019adresse \u00e0 cette jeune femme souriante ou au chiffon qu\u2019elle porte sur la t\u00eate. Ce ne sont donc plus les escarpins de leur m\u00e8re qu\u2019essaient les gamines, c\u2019est leur burka ?<\/p>\n<p>Autre point litigieux : c\u2019est faire de la sortie scolaire, comme je l\u2019\u00e9crivais jadis dans <em>la Fabrique du cr\u00e9tin<\/em>, \u00ab le must, le s\u00e9same, le nec plus ultra, le schibboleth de l\u2019\u00e9ducation : centrale nucl\u00e9aire, savonnerie, forum des m\u00e9tiers, mus\u00e9e, chocolaterie, plage mazout\u00e9e, salon de l\u2019\u00e9tudiant, parc naturel r\u00e9gional, Com\u00e9die-Fran\u00e7aise, marais salants, Futuroscope, raffinerie de p\u00e9trole, cin\u00e9-club, Schtroumpfland, \u00e9levage de ratons-laveurs \u2014 tout est bon, m\u00eame et surtout n\u2019importe quoi\u2026 \u00bb<br \/>\n(C\u2019est triste de se relire et de constater que malgr\u00e9 tous mes efforts et ceux de bien des R\u00e9publicains, le syst\u00e8me se d\u00e9lite de plus en plus vite \u2014 et que mon livre n\u2019a pas pris une ride)\u2026<\/p>\n<p>Je ne savais pas encore, \u00e0 l\u2019\u00e9poque \u2014 on venait de voter la loi de 2004, et on la respectait globalement \u2014 que ces jolies excursions qui \u00e9vitent de s\u2019ennuyer en classe se feraient accompagn\u00e9es de m\u00e8res voil\u00e9es. ET \u00e0 la piscine, elles viennent en burkini accompagner les bambins ?<\/p>\n<p>Enfin, invoquer la la\u00efcit\u00e9 pour laisser venir \u00e0 soi les petits musulmans est une honte absolue. La la\u00efcit\u00e9 (la vraie, hein, pas la la\u00efcit\u00e9 \u00e0 g\u00e9om\u00e9trie variable de Jean-Louis Bianco) est comme la R\u00e9publique : elle ne reconna\u00eet et ne subventionne aucun culte. Afficher une femme voil\u00e9e (eh non, un voile ce n\u2019est pas comme une mini-jupe, ce n\u2019est pas \u00ab mon choix \u00bb \u2014 c\u2019est le signe d\u2019un asservissement), c\u2019est instiller dans les cr\u00e2nes fragiles l\u2019id\u00e9e que la France peut tr\u00e8s bien se fragmenter en communaut\u00e9s \u2014 et par voie de cons\u00e9quences en communaut\u00e9s antagonistes. C\u2019est une affiche de guerre civile, sous pr\u00e9texte d\u2019\u00eatre une affiche de r\u00e9conciliation.<\/p>\n<p>Les parodies ont imm\u00e9diatement fleuri, certaines fort dr\u00f4les,<a href=\"https:\/\/blog.causeur.fr\/bonnetdane\/fcpe-mon-amour-002832\/eflnienxkaewzuu\" rel=\"attachment wp-att-2836\"><img loading=\"lazy\" decoding=\"async\" class=\"aligncenter size-full wp-image-2836\" src=\"https:\/\/blog.causeur.fr\/bonnetdane\/files\/2019\/09\/EFLNiEnXkAEWZUu.jpg\" alt=\"EFLNiEnXkAEWZUu\" width=\"416\" height=\"900\" srcset=\"https:\/\/blog.causeur.fr\/bonnetdane\/wp-content\/uploads\/sites\/25\/2019\/09\/EFLNiEnXkAEWZUu.jpg 416w, https:\/\/blog.causeur.fr\/bonnetdane\/wp-content\/uploads\/sites\/25\/2019\/09\/EFLNiEnXkAEWZUu-139x300.jpg 139w\" sizes=\"auto, (max-width: 416px) 100vw, 416px\" \/><\/a> d\u2019autres d\u2019un go\u00fbt plus douteux, <a href=\"http:\/\/www.leparisien.fr\/societe\/affiche-sur-les-meres-voilees-en-sortie-scolaire-parodiee-la-fcpe-porte-plainte-24-09-2019-8158866.php\">ce qui a amen\u00e9 imm\u00e9diatement la FCPE \u00e0 porter plainte<\/a>. C\u2019est typique : on produit une affiche qui est une agression \u00e0 la fois contre le bon sens et contre la loi et on se pose en victime.<br \/>\nMais on sait depuis lurette que tous ces gens qui crient \u00e0 la brimade d\u00e8s qu\u2019on leur r\u00e9plique sont en fait les fossoyeurs de la R\u00e9publique.<\/p>\n<p>Jean-Paul Brighelli<\/p>\n","protected":false},"excerpt":{"rendered":"<p>La FCPE aurait-elle d\u00e9cid\u00e9 de tester nos limites ? C\u2019est une strat\u00e9gie d\u2019id\u00e9ologues : on pousse un pion, puis un autre, on regarde si \u00e7a r\u00e9agit, et on s\u2019avance plus loin. Il y a deux scandales dans cette affiche qui fait jaser depuis trois jours : d\u2019un c\u00f4t\u00e9 un m\u00e9pris de la loi de 2004, [&hellip;]<\/p>\n","protected":false},"author":6,"featured_media":0,"comment_status":"open","ping_status":"open","sticky":false,"template":"","format":"standard","meta":{"footnotes":""},"categories":[1],"tags":[1827,1829,585,82,1828,79],"class_list":{"0":"post-2832","1":"post","2":"type-post","3":"status-publish","4":"format-standard","6":"category-non-classe","7":"tag-blanquer","8":"tag-fabrique-du-cretin","9":"tag-fcpe","10":"tag-laicite","11":"tag-sortie-scolaire","12":"tag-voile-islamique"},"_links":{"self":[{"href":"https:\/\/blog.causeur.fr\/bonnetdane\/wp-json\/wp\/v2\/posts\/2832","targetHints":{"allow":["GET"]}}],"collection":[{"href":"https:\/\/blog.causeur.fr\/bonnetdane\/wp-json\/wp\/v2\/posts"}],"about":[{"href":"https:\/\/blog.causeur.fr\/bonnetdane\/wp-json\/wp\/v2\/types\/post"}],"author":[{"embeddable":true,"href":"https:\/\/blog.causeur.fr\/bonnetdane\/wp-json\/wp\/v2\/users\/6"}],"replies":[{"embeddable":true,"href":"https:\/\/blog.causeur.fr\/bonnetdane\/wp-json\/wp\/v2\/comments?post=2832"}],"version-history":[{"count":0,"href":"https:\/\/blog.causeur.fr\/bonnetdane\/wp-json\/wp\/v2\/posts\/2832\/revisions"}],"wp:attachment":[{"href":"https:\/\/blog.causeur.fr\/bonnetdane\/wp-json\/wp\/v2\/media?parent=2832"}],"wp:term":[{"taxonomy":"category","embeddable":true,"href":"https:\/\/blog.causeur.fr\/bonnetdane\/wp-json\/wp\/v2\/categories?post=2832"},{"taxonomy":"post_tag","embeddable":true,"href":"https:\/\/blog.causeur.fr\/bonnetdane\/wp-json\/wp\/v2\/tags?post=2832"}],"curies":[{"name":"wp","href":"https:\/\/api.w.org\/{rel}","templated":true}]}}