{"id":2847,"date":"2019-10-09T05:32:33","date_gmt":"2019-10-09T03:32:33","guid":{"rendered":"https:\/\/blog.causeur.fr\/bonnetdane\/?p=2847"},"modified":"2021-04-22T18:48:21","modified_gmt":"2021-04-22T16:48:21","slug":"tu-vas-voir-ce-que-dira-ton-pere-quand-il-rentrera","status":"publish","type":"post","link":"https:\/\/blog.causeur.fr\/bonnetdane\/tu-vas-voir-ce-que-dira-ton-pere-quand-il-rentrera-2847","title":{"rendered":"\u00ab Tu vas voir ce que dira ton p\u00e8re quand il rentrera ! \u00bb"},"content":{"rendered":"<p><a href=\"https:\/\/blog.causeur.fr\/bonnetdane\/tu-vas-voir-ce-que-dira-ton-pere-quand-il-rentrera-002847\/1280px-cour_des_comptes_paris_plafond_du_2e_etage_de_lescalier_dhonneur_allegorie_de_la_justice_henri_gervex_1910_2\" rel=\"attachment wp-att-2851\"><img loading=\"lazy\" decoding=\"async\" class=\"aligncenter size-large wp-image-2851\" src=\"https:\/\/blog.causeur.fr\/bonnetdane\/files\/2019\/10\/1280px-Cour_des_comptes_Paris_plafond_du_2e_e\u0301tage_de_lescalier_dhonneur_Alle\u0301gorie_de_la_Justice_Henri_Gervex_1910_2-1024x575.jpg\" alt=\"1280px-Cour_des_comptes,_Paris,_plafond_du_2e_e\u0301tage_de_l'escalier_d'honneur,_Alle\u0301gorie_de_la_Justice,_Henri_Gervex,_1910_(2)\" width=\"584\" height=\"328\" srcset=\"https:\/\/blog.causeur.fr\/bonnetdane\/wp-content\/uploads\/sites\/25\/2019\/10\/1280px-Cour_des_comptes_Paris_plafond_du_2e_e\u0301tage_de_lescalier_dhonneur_Alle\u0301gorie_de_la_Justice_Henri_Gervex_1910_2-1024x575.jpg 1024w, https:\/\/blog.causeur.fr\/bonnetdane\/wp-content\/uploads\/sites\/25\/2019\/10\/1280px-Cour_des_comptes_Paris_plafond_du_2e_e\u0301tage_de_lescalier_dhonneur_Alle\u0301gorie_de_la_Justice_Henri_Gervex_1910_2-300x169.jpg 300w, https:\/\/blog.causeur.fr\/bonnetdane\/wp-content\/uploads\/sites\/25\/2019\/10\/1280px-Cour_des_comptes_Paris_plafond_du_2e_e\u0301tage_de_lescalier_dhonneur_Alle\u0301gorie_de_la_Justice_Henri_Gervex_1910_2-768x431.jpg 768w, https:\/\/blog.causeur.fr\/bonnetdane\/wp-content\/uploads\/sites\/25\/2019\/10\/1280px-Cour_des_comptes_Paris_plafond_du_2e_e\u0301tage_de_lescalier_dhonneur_Alle\u0301gorie_de_la_Justice_Henri_Gervex_1910_2-500x281.jpg 500w, https:\/\/blog.causeur.fr\/bonnetdane\/wp-content\/uploads\/sites\/25\/2019\/10\/1280px-Cour_des_comptes_Paris_plafond_du_2e_e\u0301tage_de_lescalier_dhonneur_Alle\u0301gorie_de_la_Justice_Henri_Gervex_1910_2.jpg 1280w\" sizes=\"auto, (max-width: 584px) 100vw, 584px\" \/><\/a>La Justice a toujours \u00e9t\u00e9 repr\u00e9sent\u00e9e, dans ses all\u00e9gories, par une d\u00e9esse. Elle a \u00e9t\u00e9, en Gr\u00e8ce et \u00e0 Rome, Th\u00e9mis, Eunomie, Dic\u00e9, Tych\u00e9, N\u00e9m\u00e9sis, Fortuna\u2026 Toutes des femmes. Chacune de ses incarnations mythologiques lui a l\u00e9gu\u00e9 tel ou tel de ses attributs \u2014 la Balance, le Glaive, ou\u00a0le Bandeau. Elle est en tout cas essentielle aux \u00e9tats d\u00e9mocratiques. Voir Pascal sur le sujet : \u00ab La justice sans la force est impuissante. La force sans la justice est tyrannique \u00bb. On n\u2019a jamais mieux d\u00e9fini le n\u00e9cessaire \u00e9quilibre des pouvoirs \u2014 m\u00eame si le philosophe note assez vite que \u00ab ne pouvant faire que ce qui est juste f\u00fbt fort, on a fait que ce qui est fort f\u00fbt juste \u00bb. Eh oui, la force prime le droit.<br \/>\nC\u2019est l\u00e0 sans doute qu\u2019elle acquiert un c\u00f4t\u00e9 masculin\u2026 Apr\u00e8s tout, on a rarement vu de femmes bourreaux. La M\u00e8re \u00e9tait donc la Loi au quotidien (\u00ab va te laver les mains ! \u00bb), et le P\u00e8re \u00e9tait le dernier recours, la Voix qui descendait des cimes, <a href=\"https:\/\/www.youtube.com\/watch?v=JZ0K31WpdII\">comme dans Bambi<\/a> ou le Roi Lion. Deux instances valent mieux qu\u2019une.<br \/>\nMais \u00e7a, c\u2019\u00e9tait avant.<\/p>\n<p>Dans la grande fr\u00e9n\u00e9sie f\u00e9ministe, ces dames, sentant qu\u2019elles ont d\u00e9sormais la force, et qu\u2019elles ont donc tous les droits, se m\u00ealent d\u00e9sormais de critiquer les d\u00e9cisions de justice. Hier, c\u2019\u00e9tait l\u2019affaire sauvage, qui alimenta si bien leurs diatribes que Fran\u00e7ois Hollande se d\u00e9p\u00eacha de gracier une meurtri\u00e8re \u2014 que la Justice, dans un premier temps, refusa de lib\u00e9rer. Acharnement de m\u00e2les, probablement. TF1, qui fait en quelque sorte la loi dans ce pays, se d\u00e9p\u00eacha de mettre en chantier un t\u00e9l\u00e9film o\u00f9 l\u2019in\u00e9puisable Muriel Robin incarna ce d\u00e9ni de justice \u2014 <a href=\"https:\/\/www.vududroit.com\/2018\/09\/telefilm-sauvage-tf1-autopsie-dune-imposture\/\">n\u2019en d\u00e9plaise \u00e0 mon ami R\u00e9gis de Castelnau<\/a>, un m\u00e2le blanc h\u00e9t\u00e9ro, donc r\u00e9cus\u00e9 a priori. Aujourd\u2019hui, c\u2019est la condamnation de Sandra Muller (celle qui a initi\u00e9 le mouvement #Balancetonporc), condamn\u00e9e pour diffamation envers le type qu\u2019elle a publiquement tra\u00een\u00e9 dans la boue, qui suscite les passions outrag\u00e9es. Quelques centaines de citoyennes indign\u00e9es<a href=\"https:\/\/blogs.mediapart.fr\/les-invites-de-mediapart\/blog\/081019\/condamnation-de-sandra-muller-nous-ne-nous-tairons-plus\"> ont sign\u00e9 une p\u00e9tition<\/a> affirmant qu\u2019elles ne respecteraient pas cette loi sc\u00e9l\u00e9rate.<\/p>\n<p>Je me fiche de savoir, s\u00e9rieusement, si Mike Brant, lorsqu\u2019il hurlait \u00ab Laisse-moi t\u2019aimer \/ Toute une nuit\u2026 \u00bb se rendait ou non coupable de harc\u00e8lement : pas \u00e0 l\u2019\u00e9poque en tout cas. Et qu\u2019Eric Brion ait ou non dit \u00e0 Sandra Muller : \u00ab Je vais te faire jouir toute la nuit \u00bb rel\u00e8ve, \u00e0 la rigueur, du mauvais go\u00fbt ou d\u2019une grande pr\u00e9tention \u2014 pas de la loi de Lynch.<br \/>\nPourtant, nous y sommes. En novembre dernier, Georges Tron, l\u2019obs\u00e9d\u00e9 du pied, est acquitt\u00e9 ; aussit\u00f4t Juliette M\u00e9adel, ex-secr\u00e9taire d\u2019Etat charg\u00e9e de l\u2019aide aux victimes, affirme que ce verdict est \u00ab d\u00e9sesp\u00e9rant pour les doits des victimes \u00bb et que \u00ab le doute ne doit pas b\u00e9n\u00e9ficier aux accus\u00e9s \u00bb.<br \/>\nM\u00eame <em>l\u2019Obs<\/em>, rarement en retard au niveau soci\u00e9tal, <a href=\"https:\/\/www.nouvelobs.com\/justice\/20181116.OBS5521\/le-doute-ne-doit-pas-beneficier-aux-accuses-quand-une-ex-ministre-oublie-ses-cours-de-droit.html\">a trouv\u00e9 qu\u2019elle envoyait le bouchon f\u00e9ministe un peu loin<\/a>.<br \/>\nMais le mouvement \u00e9tait lanc\u00e9. D\u00e9sormais, tout le monde s\u2019invente un Droit \u00e0 sa mesure.<\/p>\n<p>C\u2019est le dernier \u00e9tat de l\u2019\u00e9parpillement fa\u00e7on puzzle de la conscience collective, diffract\u00e9e en une infinit\u00e9 de consciences individuelles. La d\u00e9mocratie se dissout tr\u00e8s bien dans le narcissisme.<br \/>\nLa r\u00e8gle \u00e9tait simple : quelles que fussent les d\u00e9cisions de justice, nous \u00e9tions cens\u00e9s les accepter. Faire appel, \u00e9ventuellement, se pourvoir en Cassation, pourquoi pas, mais in fine, accepter la Loi.<br \/>\nCe n\u2019est plus le cas. Chacune (et chacun, car ce mouvement de dynamitage de la loi commune n\u2019a rien de strictement f\u00e9minin, au fond) s\u2019invente d\u00e9sormais son petit droit priv\u00e9. Et, conform\u00e9ment \u00e0 la doctrine pascalienne, cherche la force qui lui permettrait de l\u2019imposer. Et \u00e9ventuellement, comme l\u2019avait pr\u00e9vu l\u2019auteur des <em>Pens\u00e9es<\/em>, substitue la force \u00e0 la justice. C\u2019est le grand retour au Far West.<\/p>\n<p>Faut-il que notre d\u00e9mocratie soit \u00e0 l\u2019agonie pour que de telles affirmations d\u00e9passent les comptoirs de bistros o\u00f9 elles se cantonnaient jusque-l\u00e0 ! Les f\u00e9ministes enrag\u00e9es veulent leur loi : les arguments surr\u00e9alistes sur le \u00ab f\u00e9minicide \u00bb (nous vivons des temps accultur\u00e9s o\u00f9 plus personne ne sait ce que signifie le pr\u00e9fixe \u00ab homo \u00bb d\u2019\u00ab homicide \u00bb, et o\u00f9 une foule de gens croient qu\u2019il s\u2019agit de l\u2019homme par opposition \u00e0 la femme) donnent une id\u00e9e des lois sur mesure que ces dames, soudain sp\u00e9cialistes \u00ab naturelles \u00bb du Droit, pr\u00e9tendent tailler \u2014 alors qu&rsquo;il est \u00e9vident que toute loi sp\u00e9cifique affaiblit, \u00e0 chaque fois, le Droit g\u00e9n\u00e9ral. Les LGBT voudront la leur, alors que la Loi pr\u00e9voit d\u00e9j\u00e0 la r\u00e9pression de toute discrimination bas\u00e9e sur le sexe ou la sexualit\u00e9 : ce qui a amen\u00e9 la police, comme chacun sait, \u00e0 mettre \u00e0 l\u2019\u00e9cart ceux de ses membres qui depuis des mois ou des ann\u00e9es refusaient de serrer le main des femmes \u2014 mais cela est une autre histoire. Au nom de l\u2019intersectionnalit\u00e9 des luttes, ces dames n\u2019attaquent pas syst\u00e9matiquement, comme elles devraient le faire, les islamistes convaincus que les femmes sont r\u00e9guli\u00e8rement impures, ce qui est pourtant un d\u00e9lit au regard des lois r\u00e9publicaines \u2014 sans parler des pratiquants de l\u2019excision ou de la polygamie.<br \/>\nMais voil\u00e0 : la R\u00e9publique a laiss\u00e9 flotter les rubans de sa propre loi, en refusant de l\u2019exercer \u00e0 fond. Etonnez-vous que d\u2019aucuns se substituent \u00e0 elle\u2026<\/p>\n<p>Au nom du droit d\u00e9sormais inali\u00e9nable \u00e0 se faire justice soi-m\u00eame, pourquoi les femmes auxquelles ces illumin\u00e9s ne veulent pas serrer la main (ou passer derri\u00e8re elle dans un bus de la RATP ou de la RTM, ou utiliser un clavier qu\u2019elles ont touch\u00e9) ne giflent-elles pas ces \u00e9nergum\u00e8nes ? Pourquoi ne poursuivent-elles pas de leur vindicte les fanatiques qui obligent leurs \u00e9pouses \u00e0 marcher un m\u00e8tre derri\u00e8re eux, empaquet\u00e9es comme de sacs-poubelles ?<\/p>\n<p>Nous vivons des temps compliqu\u00e9s. Si l\u2019on commence \u00e0 accepter les d\u00e9rives autoritaires de tel ou tel groupe, qui garantira demain que tel ou tel autre groupe n\u2019aura pas le droit d\u2019exercer sa justice au nom de ses principes ? Les Anglais tol\u00e8rent d\u00e9j\u00e0 des tribunaux islamiques pour r\u00e9gler les affaires courantes de certains quartiers. Mais demain, tel disciple illumin\u00e9 de Zemmour ou de Savonarole fera \u00e0 son tour r\u00e9gner un ordre nouveau, et les b\u00fbchers refleuriront. Est-ce bien ce que souhaitent nos p\u00e9troleuses ?<\/p>\n<p>Jean-Paul Brighelli<\/p>\n","protected":false},"excerpt":{"rendered":"<p>La Justice a toujours \u00e9t\u00e9 repr\u00e9sent\u00e9e, dans ses all\u00e9gories, par une d\u00e9esse. Elle a \u00e9t\u00e9, en Gr\u00e8ce et \u00e0 Rome, Th\u00e9mis, Eunomie, Dic\u00e9, Tych\u00e9, N\u00e9m\u00e9sis, Fortuna\u2026 Toutes des femmes. Chacune de ses incarnations mythologiques lui a l\u00e9gu\u00e9 tel ou tel de ses attributs \u2014 la Balance, le Glaive, ou\u00a0le Bandeau. Elle est en tout cas [&hellip;]<\/p>\n","protected":false},"author":6,"featured_media":0,"comment_status":"open","ping_status":"open","sticky":false,"template":"","format":"standard","meta":{"footnotes":""},"categories":[1],"tags":[1845,1844,331,1843],"class_list":{"0":"post-2847","1":"post","2":"type-post","3":"status-publish","4":"format-standard","6":"category-non-classe","7":"tag-droit","8":"tag-eric-brion","9":"tag-feminisme","10":"tag-sandra-muller"},"_links":{"self":[{"href":"https:\/\/blog.causeur.fr\/bonnetdane\/wp-json\/wp\/v2\/posts\/2847","targetHints":{"allow":["GET"]}}],"collection":[{"href":"https:\/\/blog.causeur.fr\/bonnetdane\/wp-json\/wp\/v2\/posts"}],"about":[{"href":"https:\/\/blog.causeur.fr\/bonnetdane\/wp-json\/wp\/v2\/types\/post"}],"author":[{"embeddable":true,"href":"https:\/\/blog.causeur.fr\/bonnetdane\/wp-json\/wp\/v2\/users\/6"}],"replies":[{"embeddable":true,"href":"https:\/\/blog.causeur.fr\/bonnetdane\/wp-json\/wp\/v2\/comments?post=2847"}],"version-history":[{"count":0,"href":"https:\/\/blog.causeur.fr\/bonnetdane\/wp-json\/wp\/v2\/posts\/2847\/revisions"}],"wp:attachment":[{"href":"https:\/\/blog.causeur.fr\/bonnetdane\/wp-json\/wp\/v2\/media?parent=2847"}],"wp:term":[{"taxonomy":"category","embeddable":true,"href":"https:\/\/blog.causeur.fr\/bonnetdane\/wp-json\/wp\/v2\/categories?post=2847"},{"taxonomy":"post_tag","embeddable":true,"href":"https:\/\/blog.causeur.fr\/bonnetdane\/wp-json\/wp\/v2\/tags?post=2847"}],"curies":[{"name":"wp","href":"https:\/\/api.w.org\/{rel}","templated":true}]}}