{"id":2854,"date":"2019-10-19T18:04:47","date_gmt":"2019-10-19T16:04:47","guid":{"rendered":"https:\/\/blog.causeur.fr\/bonnetdane\/?p=2854"},"modified":"2021-04-22T18:48:21","modified_gmt":"2021-04-22T16:48:21","slug":"ca-ne-sest-pas-bien-termine-pour-la-marmotte","status":"publish","type":"post","link":"https:\/\/blog.causeur.fr\/bonnetdane\/ca-ne-sest-pas-bien-termine-pour-la-marmotte-2854","title":{"rendered":"\u00ab \u00c7a ne s\u2019est pas bien termin\u00e9 pour la marmotte \u00bb"},"content":{"rendered":"<p><a href=\"https:\/\/blog.causeur.fr\/bonnetdane\/ca-ne-sest-pas-bien-termine-pour-la-marmotte-002854\/youngqing-bao-a-rec%cc%a7u-le-prix-du-wildlife-photographer-of-the-year-2019\" rel=\"attachment wp-att-2859\"><img loading=\"lazy\" decoding=\"async\" class=\"aligncenter size-full wp-image-2859\" src=\"https:\/\/blog.causeur.fr\/bonnetdane\/files\/2019\/10\/Youngqing-Bao-a-rec\u0327u-le-prix-du-Wildlife-photographer-of-the-year-2019.jpg\" alt=\"Youngqing Bao a rec\u0327u le prix du Wildlife photographer of the year 2019\" width=\"932\" height=\"582\" srcset=\"https:\/\/blog.causeur.fr\/bonnetdane\/wp-content\/uploads\/sites\/25\/2019\/10\/Youngqing-Bao-a-rec\u0327u-le-prix-du-Wildlife-photographer-of-the-year-2019.jpg 932w, https:\/\/blog.causeur.fr\/bonnetdane\/wp-content\/uploads\/sites\/25\/2019\/10\/Youngqing-Bao-a-rec\u0327u-le-prix-du-Wildlife-photographer-of-the-year-2019-300x187.jpg 300w, https:\/\/blog.causeur.fr\/bonnetdane\/wp-content\/uploads\/sites\/25\/2019\/10\/Youngqing-Bao-a-rec\u0327u-le-prix-du-Wildlife-photographer-of-the-year-2019-768x480.jpg 768w, https:\/\/blog.causeur.fr\/bonnetdane\/wp-content\/uploads\/sites\/25\/2019\/10\/Youngqing-Bao-a-rec\u0327u-le-prix-du-Wildlife-photographer-of-the-year-2019-480x300.jpg 480w\" sizes=\"auto, (max-width: 932px) 100vw, 932px\" \/><\/a><\/p>\n<p>Youngqing Bao, photographe chinois, a rec\u0327u gr\u00e2ce \u00e0 cette photo le prix du\u00a0<em>Wildlife photographer of the year<\/em>\u00a02019 pour son travail sur une colonie de marmottes de l\u2019Himalaya. \u00ab \u00c7a ne s\u2019est pas bien termin\u00e9 pour la marmotte \u00bb, a-t-il pr\u00e9cis\u00e9.<br \/>\nCe qui dans cette image\u00a0a fascin\u00e9 le (pi\u00e8tre) photographe amateur que je suis, c\u2019est la possibilit\u00e9 de\u00a0<em>voir<\/em>\u00a0litt\u00e9ralement l\u2019instant \u2014 l\u2019instant d\u2019avant le moment o\u00f9 le renard a mang\u00e9 la marmotte. L\u2019instant d\u2019avant la fin \u2014 comme chaque instant. L&rsquo;instant fatal entre l&rsquo;instant d&rsquo;avant et l&rsquo;instant d&rsquo;apr\u00e8s \u2014 \u00ab\u00a0miam\u00a0\u00bb a dit le renard.<br \/>\nEt c\u2019est tout ce qui fait le prix de quelque photographie que ce soit. Imaginez Faust \u2014 soumis, quoi qu\u2019il dise, \u00e0 la tentation de dire \u00e0 l\u2019instant : \u00ab Arr\u00eate-toi, tu es si beau ! \u00bb \u2014 disposant d\u2019un appareil-photo, pour fixer les jolis traits de Marguerite \u2014 ou la beaut\u00e9 du diable\u2026<br \/>\nOui \u2014 mais arr\u00eate-t-on le diable ? Arr\u00eate-t-on le temps ?<\/p>\n<p>Toute photo de f\u00eate est une photo du convive des derni\u00e8res f\u00eates,\u00a0<a href=\"https:\/\/fr.wikisource.org\/wiki\/Le_Convive_des_derni%C3%A8res_f%C3%AAtes\">comme disait Villiers de l\u2019Isle-Adam<\/a>. Le visage des b\u00e9b\u00e9s roses d&rsquo;Anne Geddes en instance de vieillissement, celui des amours adolescentes \u00e0 deux secondes\u00a0des amours mortes, les mariages immortalis\u00e9s sur le bord du divorce, les succ\u00e8s \u00e9ph\u00e9m\u00e8res et les beuveries aux lendemains naus\u00e9eux, tout est image de l\u2019instant saisi sur le vif \u2014 juste avant que le mort ne saisisse le vif.<br \/>\nJ\u2019ai fait pour mes \u00e9l\u00e8ves un PowerPoint r\u00e9sumant l\u2019histoire de la photographie, en insistant sur ce point : que s\u2019est-il pass\u00e9 l\u2019instant d\u2019apr\u00e8s ? Par exemple la c\u00e9l\u00e9brissime photo du Che par Ren\u00e9 Burri (\u00ab Cette photo est connue gr\u00e2ce au type avec le cigare, pas gr\u00e2ce \u00e0 moi \u00bb, a dit l\u2019artiste non sans raison) \u2014 et j&rsquo;ai une belle collection de fum\u00e9es de cigarettes ou de cigares, qui agr\u00e9mentent les images d&rsquo;un parfum de temps qui passe et ne reviendra pas, jusqu&rsquo;\u00e0 ce que le m\u00eame Che soit photographi\u00e9, perc\u00e9 de balles\u2026<\/p>\n<p><a href=\"https:\/\/blog.causeur.fr\/bonnetdane\/ca-ne-sest-pas-bien-termine-pour-la-marmotte-002854\/rene-burri-cette-photo-est-connue-gra%cc%82ce-au-type-avec-le-cigare-pas-gra%cc%82ce-a-moi\" rel=\"attachment wp-att-2860\"><img loading=\"lazy\" decoding=\"async\" class=\"aligncenter size-medium wp-image-2860\" src=\"https:\/\/blog.causeur.fr\/bonnetdane\/files\/2019\/10\/Rene\u0301-Burri-\u00ab-Cette-photo-est-connue-gra\u0302ce-au-type-avec-le-cigare-pas-gra\u0302ce-a\u0300-moi-\u00bb-300x202.jpg\" alt=\"Rene\u0301 Burri \u00ab\u00a0Cette photo est connue gra\u0302ce au type avec le cigare, pas gra\u0302ce a\u0300 moi\u00a0\u00bb\" width=\"300\" height=\"202\" srcset=\"https:\/\/blog.causeur.fr\/bonnetdane\/wp-content\/uploads\/sites\/25\/2019\/10\/Rene\u0301-Burri-\u00ab-Cette-photo-est-connue-gra\u0302ce-au-type-avec-le-cigare-pas-gra\u0302ce-a\u0300-moi-\u00bb-300x202.jpg 300w, https:\/\/blog.causeur.fr\/bonnetdane\/wp-content\/uploads\/sites\/25\/2019\/10\/Rene\u0301-Burri-\u00ab-Cette-photo-est-connue-gra\u0302ce-au-type-avec-le-cigare-pas-gra\u0302ce-a\u0300-moi-\u00bb-446x300.jpg 446w, https:\/\/blog.causeur.fr\/bonnetdane\/wp-content\/uploads\/sites\/25\/2019\/10\/Rene\u0301-Burri-\u00ab-Cette-photo-est-connue-gra\u0302ce-au-type-avec-le-cigare-pas-gra\u0302ce-a\u0300-moi-\u00bb.jpg 700w\" sizes=\"auto, (max-width: 300px) 100vw, 300px\" \/><\/a> Ou celle, \u00e0 quelques millim\u00e8tres de la derni\u00e8re balle, d\u2019un certain Nguyen Van Lem, soldat viet-cong, par le chef de la police sud-vietnamienne Nguyen Ngoc Loan :<a href=\"https:\/\/blog.causeur.fr\/bonnetdane\/ca-ne-sest-pas-bien-termine-pour-la-marmotte-002854\/eddie-adams\" rel=\"attachment wp-att-2861\"><img loading=\"lazy\" decoding=\"async\" class=\"aligncenter size-medium wp-image-2861\" src=\"https:\/\/blog.causeur.fr\/bonnetdane\/files\/2019\/10\/Eddie-Adams-300x197.jpg\" alt=\"Eddie Adams\" width=\"300\" height=\"197\" srcset=\"https:\/\/blog.causeur.fr\/bonnetdane\/wp-content\/uploads\/sites\/25\/2019\/10\/Eddie-Adams-300x197.jpg 300w, https:\/\/blog.causeur.fr\/bonnetdane\/wp-content\/uploads\/sites\/25\/2019\/10\/Eddie-Adams-768x505.jpg 768w, https:\/\/blog.causeur.fr\/bonnetdane\/wp-content\/uploads\/sites\/25\/2019\/10\/Eddie-Adams-1024x673.jpg 1024w, https:\/\/blog.causeur.fr\/bonnetdane\/wp-content\/uploads\/sites\/25\/2019\/10\/Eddie-Adams-457x300.jpg 457w, https:\/\/blog.causeur.fr\/bonnetdane\/wp-content\/uploads\/sites\/25\/2019\/10\/Eddie-Adams.jpg 1300w\" sizes=\"auto, (max-width: 300px) 100vw, 300px\" \/><\/a> Eddie Adams, auteur du clich\u00e9, d\u00e9clara \u00e0 la mort de Ngoc Loan en 1998 : \u00ab Ce type \u00e9tait un h\u00e9ros. L&rsquo;Am\u00e9rique devrait le pleurer \u00bb \u2014 et pourtant, la photo circule depuis 50 ans comme la preuve des exactions des alli\u00e9s de l\u2019Am\u00e9rique\u2026<br \/>\nOu encore, les fabuleux clich\u00e9s de Marilyn\u00a0par Bert Stern, en 1962, quelques jours avant la mort de l\u2019actrice. Savoir que 72 heures plus tard, on la retrouverait inanim\u00e9e \u00e0 jamais dans sa chambre donne \u00e0 la photo un arri\u00e8re-plan particulier, comme si la m\u00e9taphysique prenait le pas sur le physique\u2026<a href=\"https:\/\/blog.causeur.fr\/bonnetdane\/ca-ne-sest-pas-bien-termine-pour-la-marmotte-002854\/bert-stern\" rel=\"attachment wp-att-2862\"><img loading=\"lazy\" decoding=\"async\" class=\"aligncenter size-medium wp-image-2862\" src=\"https:\/\/blog.causeur.fr\/bonnetdane\/files\/2019\/10\/Bert-Stern--257x300.jpg\" alt=\"Bert Stern\" width=\"257\" height=\"300\" srcset=\"https:\/\/blog.causeur.fr\/bonnetdane\/wp-content\/uploads\/sites\/25\/2019\/10\/Bert-Stern--257x300.jpg 257w, https:\/\/blog.causeur.fr\/bonnetdane\/wp-content\/uploads\/sites\/25\/2019\/10\/Bert-Stern-.jpg 514w\" sizes=\"auto, (max-width: 257px) 100vw, 257px\" \/><\/a><\/p>\n<p>Et c\u2019est bien ce qui se passe dans toute photographie. Quand Nadar, en 1859, photographie Delacroix,<a href=\"https:\/\/blog.causeur.fr\/bonnetdane\/ca-ne-sest-pas-bien-termine-pour-la-marmotte-002854\/435px-felix_nadar_1820-1910_portraits_eugene_delacroix_restored\" rel=\"attachment wp-att-2863\"><img loading=\"lazy\" decoding=\"async\" class=\"aligncenter size-medium wp-image-2863\" src=\"https:\/\/blog.causeur.fr\/bonnetdane\/files\/2019\/10\/435px-Fe\u0301lix_Nadar_1820-1910_portraits_Euge\u0300ne_Delacroix_restored-218x300.jpg\" alt=\"435px-Fe\u0301lix_Nadar_1820-1910_portraits_Euge\u0300ne_Delacroix_restored\" width=\"218\" height=\"300\" srcset=\"https:\/\/blog.causeur.fr\/bonnetdane\/wp-content\/uploads\/sites\/25\/2019\/10\/435px-Fe\u0301lix_Nadar_1820-1910_portraits_Euge\u0300ne_Delacroix_restored-218x300.jpg 218w, https:\/\/blog.causeur.fr\/bonnetdane\/wp-content\/uploads\/sites\/25\/2019\/10\/435px-Fe\u0301lix_Nadar_1820-1910_portraits_Euge\u0300ne_Delacroix_restored.jpg 435w\" sizes=\"auto, (max-width: 218px) 100vw, 218px\" \/><\/a> le peintre, qui avait l\u2019\u0153il du ma\u00eetre pour voir l\u2019au-del\u00e0 de la repr\u00e9sentation, \u00e9crit au photographe : \u00ab Monsieur, je suis si effray\u00e9 du r\u00e9sultat que nous avons obtenu, que je viens vous prier dans les termes les plus insistants et comme un service que je sollicite d\u2019an\u00e9antir les \u00e9preuves que vous pouvez avoir ainsi que le clich\u00e9. \u00bb Et deux ans plus tard, le cancer qui le rongeait d\u00e9j\u00e0 <em>et que l&rsquo;on voit<\/em> sur l&rsquo;image quand on la scrute l&#8217;emportait.<\/p>\n<p>La photographie pr\u00e9tend abolir le temps \u2014 pour un instant. Quand en 1992 les photographes de <em>Playboy<\/em> flashaient Stephanie Adams,<a href=\"https:\/\/blog.causeur.fr\/bonnetdane\/ca-ne-sest-pas-bien-termine-pour-la-marmotte-002854\/20060314b_stephanie_adams\" rel=\"attachment wp-att-2864\"><img loading=\"lazy\" decoding=\"async\" class=\"aligncenter size-medium wp-image-2864\" src=\"https:\/\/blog.causeur.fr\/bonnetdane\/files\/2019\/10\/20060314b_Stephanie_Adams-199x300.jpg\" alt=\"20060314b_Stephanie_Adams\" width=\"199\" height=\"300\" srcset=\"https:\/\/blog.causeur.fr\/bonnetdane\/wp-content\/uploads\/sites\/25\/2019\/10\/20060314b_Stephanie_Adams-199x300.jpg 199w, https:\/\/blog.causeur.fr\/bonnetdane\/wp-content\/uploads\/sites\/25\/2019\/10\/20060314b_Stephanie_Adams.jpg 680w\" sizes=\"auto, (max-width: 199px) 100vw, 199px\" \/><\/a>ils ne savaient pas que 25 ans plus tard, elle pousserait\u00a0son fils, \u00e2g\u00e9 de sept ans, par la fen\u00eatre de son 25\u00e8me \u00e9tage, avant de s\u2019y pr\u00e9cipiter elle-m\u00eame\u2026 Une solution adopt\u00e9e aussi par Ruslana Korshunova, <em>top model<\/em> dont on ne sait trop si elle s\u2019est jet\u00e9e ou a \u00e9t\u00e9 pouss\u00e9e :<a href=\"https:\/\/blog.causeur.fr\/bonnetdane\/ca-ne-sest-pas-bien-termine-pour-la-marmotte-002854\/ruslana_korshunova\" rel=\"attachment wp-att-2865\"><img loading=\"lazy\" decoding=\"async\" class=\"aligncenter size-medium wp-image-2865\" src=\"https:\/\/blog.causeur.fr\/bonnetdane\/files\/2019\/10\/Ruslana_Korshunova-200x300.jpg\" alt=\"Ruslana_Korshunova\" width=\"200\" height=\"300\" srcset=\"https:\/\/blog.causeur.fr\/bonnetdane\/wp-content\/uploads\/sites\/25\/2019\/10\/Ruslana_Korshunova-200x300.jpg 200w, https:\/\/blog.causeur.fr\/bonnetdane\/wp-content\/uploads\/sites\/25\/2019\/10\/Ruslana_Korshunova.jpg 333w\" sizes=\"auto, (max-width: 200px) 100vw, 200px\" \/><\/a><\/p>\n<p>Un nombre sid\u00e9rant de mannequins de l&rsquo;un et l&rsquo;autre sexe (mais plus de <a href=\"https:\/\/en.wikipedia.org\/wiki\/Category:Female_models_who_committed_suicide\">femmes<\/a> que d&rsquo;<a href=\"https:\/\/en.wikipedia.org\/wiki\/Category:Male_models_who_committed_suicide\">hommes<\/a>) se sont suicid\u00e9s quand ils ont r\u00e9alis\u00e9 que les belles images sur papier glac\u00e9 \u00e9taient des tentatives d\u00e9risoires pour immobiliser le temps qui, dans leur miroir, s&rsquo;obstinait \u00e0 les d\u00e9faire, \u00e0 les d\u00e9coudre, \u00e0 les d\u00e9sassembler. L\u2019album de photos est aussi thanatophore que les monuments d\u2019un cimeti\u00e8re. J\u2019ai tr\u00e8s peu de photos de moi, mais quand je les compulse, \u00ab je hume ici ma future fum\u00e9e \u00bb, comme dit le po\u00e8te. En fait d\u2019abolition du temps, chaque clich\u00e9, surtout les plus heureux, fonctionne comme une Vanit\u00e9, un <em>memento mori<\/em> qui m\u2019engage \u00e0 cueillir l\u2019instant \u2014 parce qu\u2019il ne s\u2019arr\u00eate pas, tout beau qu\u2019il soit.<\/p>\n<p>Jean-Paul Brighelli<\/p>\n<p>Pardon pour cette m\u00e9ditation douce-am\u00e8re ; En fait, je voulais faire une recension d\u2019un roman tout r\u00e9cemment paru, <em>M\u00e9canique de la chute<\/em>, de Seth Greenland (chez Liana Levi), dont une interview enthousiaste <a href=\"https:\/\/www.lefigaro.fr\/vox\/monde\/seth-greenland-aux-etats-unis-les-ecrivains-et-artistes-s-autocensurent-par-peur-du-lynchage-20191017\">r\u00e9alis\u00e9e il y a trois jours dans <em>le Figaro<\/em><\/a> par Eug\u00e9nie Basti\u00e9 m\u2019avait laiss\u00e9 esp\u00e9rer que\u2026 Mettez-vous \u00e0 ma place : l\u2019auteur y est compar\u00e9 \u00e0 Tom Wolfe, puis carr\u00e9ment \u00e0 Philip Roth. L\u2019histoire \u2014 un milliardaire blanc et juif tue accidentellement un Noir, et, r\u00e9seaux sociaux et rivalit\u00e9s raciales aidant, est pr\u00e9cipit\u00e9 dans l\u2019ab\u00eeme \u2014 \u00e9tait tentante. Mais cette \u00e9criture au pr\u00e9sent de narration, visant \u00e0 persuader un r\u00e9alisateur futur qu\u2019en deux jours, on vous transformera cette histoire en sc\u00e9nario, le style \u00ab pas un d\u00e9tail ne m\u2019\u00e9chappe \u00bb, ni la marque des voitures ni celle des v\u00eatements, dont Bret Easton Ellis a concoct\u00e9 le mod\u00e8le ind\u00e9passable avec <em>American Psycho<\/em>, m\u2019ont d\u00e9courag\u00e9. C\u2019est un livre de plage \u2014 sauf que ce n\u2019est plus la saison de la plage. C\u2019est l\u2019automne \u2014 <em>the fall<\/em>,<a href=\"https:\/\/grammarist.com\/usage\/autumn-fall\/\"> disent tr\u00e8s bien les anglophones<\/a>. Le temps de penser \u00e0 la chute prochaine\u00a0des feuilles :<\/p>\n<p>\u00ab\u00a0Comme elles tombent bien !<\/p>\n<p>Dans ce trajet si court de la branche \u00e0 la terre,<\/p>\n<p>Comme elles savent mettre une beaut\u00e9\u00a0derni\u00e8re,<\/p>\n<p>Et malgr\u00e9 leur terreur de pourrir sur le sol,<\/p>\n<p>Veulent que cette chute ait la gr\u00e2ce d&rsquo;un vol !\u00a0\u00bb<\/p>\n<p>C&rsquo;est dans <em>Cyrano<\/em>, bien s\u00fbr \u2014 \u00e0 la fin.<\/p>\n<p>&nbsp;<\/p>\n<p>&nbsp;<\/p>\n","protected":false},"excerpt":{"rendered":"<p>Youngqing Bao, photographe chinois, a rec\u0327u gr\u00e2ce \u00e0 cette photo le prix du\u00a0Wildlife photographer of the year\u00a02019 pour son travail sur une colonie de marmottes de l\u2019Himalaya. \u00ab \u00c7a ne s\u2019est pas bien termin\u00e9 pour la marmotte \u00bb, a-t-il pr\u00e9cis\u00e9. Ce qui dans cette image\u00a0a fascin\u00e9 le (pi\u00e8tre) photographe amateur que je suis, c\u2019est la [&hellip;]<\/p>\n","protected":false},"author":6,"featured_media":0,"comment_status":"open","ping_status":"open","sticky":false,"template":"","format":"standard","meta":{"footnotes":""},"categories":[1],"tags":[1860,1861,1865,1859,1858,1857,1863,1868,1870,1864,1697,1535,1866,1869,1867,1871,1862],"class_list":{"0":"post-2854","1":"post","2":"type-post","3":"status-publish","4":"format-standard","6":"category-non-classe","7":"tag-bert-stern","8":"tag-che-guevara","9":"tag-delacroix","10":"tag-eddie-adams","11":"tag-faust","12":"tag-goethe","13":"tag-marilyn-monroe","14":"tag-mecanique-de-la-chute","15":"tag-mort","16":"tag-nadar","17":"tag-photographie","18":"tag-rene-burri","19":"tag-ruslana-korshunova","20":"tag-seth-greenland","21":"tag-stephanie-adams","22":"tag-vanite","23":"tag-youngqing-bao"},"_links":{"self":[{"href":"https:\/\/blog.causeur.fr\/bonnetdane\/wp-json\/wp\/v2\/posts\/2854","targetHints":{"allow":["GET"]}}],"collection":[{"href":"https:\/\/blog.causeur.fr\/bonnetdane\/wp-json\/wp\/v2\/posts"}],"about":[{"href":"https:\/\/blog.causeur.fr\/bonnetdane\/wp-json\/wp\/v2\/types\/post"}],"author":[{"embeddable":true,"href":"https:\/\/blog.causeur.fr\/bonnetdane\/wp-json\/wp\/v2\/users\/6"}],"replies":[{"embeddable":true,"href":"https:\/\/blog.causeur.fr\/bonnetdane\/wp-json\/wp\/v2\/comments?post=2854"}],"version-history":[{"count":0,"href":"https:\/\/blog.causeur.fr\/bonnetdane\/wp-json\/wp\/v2\/posts\/2854\/revisions"}],"wp:attachment":[{"href":"https:\/\/blog.causeur.fr\/bonnetdane\/wp-json\/wp\/v2\/media?parent=2854"}],"wp:term":[{"taxonomy":"category","embeddable":true,"href":"https:\/\/blog.causeur.fr\/bonnetdane\/wp-json\/wp\/v2\/categories?post=2854"},{"taxonomy":"post_tag","embeddable":true,"href":"https:\/\/blog.causeur.fr\/bonnetdane\/wp-json\/wp\/v2\/tags?post=2854"}],"curies":[{"name":"wp","href":"https:\/\/api.w.org\/{rel}","templated":true}]}}