{"id":29,"date":"2006-04-28T17:46:35","date_gmt":"2006-04-28T17:46:35","guid":{"rendered":"http:\/\/blog.causeur.fr\/bonnetdane\/?p=29"},"modified":"2021-04-22T18:54:13","modified_gmt":"2021-04-22T16:54:13","slug":"finlande","status":"publish","type":"post","link":"https:\/\/blog.causeur.fr\/bonnetdane\/finlande-29","title":{"rendered":"Finlande\u2026"},"content":{"rendered":"<p>Je re\u00e7ois une note d&rsquo;une amie sur le syst\u00e8me scolaire finlandais \u2014 le meilleur, dns le classement PISA, celui dont on nous rebat le soreilles. <br \/>En substance :<\/p>\n<p>Les jeunes Finlandais passent le bac \u00e0 19 ans, la fin du coll\u00e8ge co\u00efncidant avec la fin de l&rsquo;enseignement obligatoire \u2014 16 ans. Ils restent dans le syst\u00e8me primaire jusqu&rsquo;\u00e0 l&rsquo;\u00e2ge de 13 ans, \u2014 un peu comme si nous avions un cours sup\u00e9rieur chez nous. <br \/>Je parle d&rsquo;ailleurs dans \u00c0 bonne \u00e9cole de ces coll\u00e8ges qui ont cr\u00e9\u00e9 des classes-passerelles entre le CM2 et la Sixi\u00e8me, pour amortir le choc\u2026<br \/>La scolarit\u00e9 obligatoire d\u00e9bute \u00e0 7 ans.<br \/>(De m\u00eame, dans le m\u00eame ouvrage, je m&rsquo;interroge sur la pertinance d&rsquo;une \u00e9cole maternelle qui commence \u00e0 deux ans\u2026)<\/p>\n<p>La m\u00e9thode de lecture utilis\u00e9e est alphab\u00e9tique et l&rsquo;association belge, dont j&rsquo;ai lu le rapport et qui a visit\u00e9 des classes primaires, a pu constater que les \u00e9l\u00e8ves \u00e9taient toujours face au tableau dans les classes visit\u00e9es. Apprendre \u00e0 lire le finlandais semble assez simple. D&rsquo;apr\u00e8s ce que j&rsquo;ai lu, c&rsquo;est leur grammaire qui est difficile avec, entre autres, cinq infinitifs.<\/p>\n<p>L&rsquo;originalit\u00e9 du syst\u00e8me finlandais, par rapport au syst\u00e8me fran\u00e7ais porte sur les points suivants :<br \/>&#8211; la scolarit\u00e9 est d\u00e9cal\u00e9e d&rsquo;un an.<br \/>&#8211; il existe donc une sorte de CM3 (\u00ab\u00a0cours sup\u00e9rieur\u00a0\u00bb), l&rsquo;entr\u00e9e au coll\u00e8ge n&rsquo;ayant lieu qu&rsquo;\u00e0 13 ans.<br \/>&#8211; l&rsquo;\u00e9cole maternelle n&rsquo;existe pas, seule une ann\u00e9e pr\u00e9-scolaire est propos\u00e9e, \u00e0 6 ans (700 h de cours annuels).<br \/>&#8211; l&rsquo;ann\u00e9e scolaire est plus longue qu&rsquo;en France, 180 jours (38 semaines).<br \/>&#8211; la journ\u00e9e d&rsquo;\u00e9cole est moins longue, les le\u00e7ons durent 45 minutes et sont suivies d&rsquo;une r\u00e9cr\u00e9ation de 15 minutes. A partir du coll\u00e8ge, les cours durent 1h30.<br \/>&#8211; au \u00ab\u00a0cours \u00e9l\u00e9mentaire\u00a0\u00bb, les \u00e9l\u00e8ves ont 19h de cours par semaine.<br \/>&#8211; au \u00ab\u00a0cours moyen\u00a0\u00bb, 23h.<br \/>&#8211; au \u00ab\u00a0cours sup\u00e9rieur\u00a0\u00bb, 24h.<br \/>&#8211; \u00e0 partir du coll\u00e8ge, les \u00e9l\u00e8ves ont 30h de cours par semaine<br \/>&#8211; les \u00e9l\u00e8ves ont des cours de travaux manuels (couture et menuiserie) et des cours d&rsquo;\u00e9conomie domestique (cours qui ont \u00e9t\u00e9 totalement supprim\u00e9s des programmes fran\u00e7ais, mais qui existaien encore \u00e0 l&rsquo;aube des ann\u00e9es Mitterrand : mais nous sommes plus malins, nous faisons de l&rsquo;informatique, nous. En attendant, Nokia est une entreprise finlandaise\u2026)<br \/>&#8211; l&rsquo;apr\u00e8s-midi, les enseignants (qui ont moins d&rsquo;heures hebdomadaires devant leur classe qu&rsquo;en France) donnent des cours particuliers \u00e0 leurs \u00e9l\u00e8ves en difficult\u00e9, cela fait partie de leurs obligations de service. Au cours de leur scolarit\u00e9, c&rsquo;est un petit Finlandais sur 6 qui b\u00e9n\u00e9ficie, \u00e0 un moment ou \u00e0 un autre de cette aide sp\u00e9cifique.<\/p>\n<p>\u00c0 bon entendeur\u2026<\/p>\n","protected":false},"excerpt":{"rendered":"<p>Je re\u00e7ois une note d&rsquo;une amie sur le syst\u00e8me scolaire finlandais \u2014 le meilleur, dns le classement PISA, celui dont on nous rebat le soreilles. En substance : Les jeunes Finlandais passent le bac \u00e0 19 ans, la fin du coll\u00e8ge co\u00efncidant avec la fin de l&rsquo;enseignement obligatoire \u2014 16 ans. Ils restent dans le [&hellip;]<\/p>\n","protected":false},"author":6,"featured_media":0,"comment_status":"open","ping_status":"open","sticky":false,"template":"","format":"standard","meta":{"footnotes":""},"categories":[1],"tags":[],"class_list":{"0":"post-29","1":"post","2":"type-post","3":"status-publish","4":"format-standard","6":"category-non-classe"},"_links":{"self":[{"href":"https:\/\/blog.causeur.fr\/bonnetdane\/wp-json\/wp\/v2\/posts\/29","targetHints":{"allow":["GET"]}}],"collection":[{"href":"https:\/\/blog.causeur.fr\/bonnetdane\/wp-json\/wp\/v2\/posts"}],"about":[{"href":"https:\/\/blog.causeur.fr\/bonnetdane\/wp-json\/wp\/v2\/types\/post"}],"author":[{"embeddable":true,"href":"https:\/\/blog.causeur.fr\/bonnetdane\/wp-json\/wp\/v2\/users\/6"}],"replies":[{"embeddable":true,"href":"https:\/\/blog.causeur.fr\/bonnetdane\/wp-json\/wp\/v2\/comments?post=29"}],"version-history":[{"count":0,"href":"https:\/\/blog.causeur.fr\/bonnetdane\/wp-json\/wp\/v2\/posts\/29\/revisions"}],"wp:attachment":[{"href":"https:\/\/blog.causeur.fr\/bonnetdane\/wp-json\/wp\/v2\/media?parent=29"}],"wp:term":[{"taxonomy":"category","embeddable":true,"href":"https:\/\/blog.causeur.fr\/bonnetdane\/wp-json\/wp\/v2\/categories?post=29"},{"taxonomy":"post_tag","embeddable":true,"href":"https:\/\/blog.causeur.fr\/bonnetdane\/wp-json\/wp\/v2\/tags?post=29"}],"curies":[{"name":"wp","href":"https:\/\/api.w.org\/{rel}","templated":true}]}}