{"id":304,"date":"2009-11-02T09:13:14","date_gmt":"2009-11-02T09:13:14","guid":{"rendered":"http:\/\/blog.causeur.fr\/bonnetdane\/?p=304"},"modified":"2021-04-22T18:53:23","modified_gmt":"2021-04-22T16:53:23","slug":"programme-commun-2","status":"publish","type":"post","link":"https:\/\/blog.causeur.fr\/bonnetdane\/programme-commun-2-304","title":{"rendered":"Programme commun 2"},"content":{"rendered":"<p><strong>Le 14 novembre se tient \u00e0 Dijon, toute la journ\u00e9e, un d\u00e9bat entre Verts, PS tendance Peillon et MoDem un grand d\u00e9bat sur l\u2019Education (1).<\/strong><\/p>\n<p class=\"MsoNormal\"><strong>Chacun, bien entendu, y viendra avec ses id\u00e9es. Peillon a tir\u00e9 le premier &#8211; j&rsquo;ai dit ce que j&rsquo;en pensais, en l&rsquo;\u00e9tat. Les Verts se taisent, mais il est probable que leur d\u00e9l\u00e9gu\u00e9 g\u00e9n\u00e9ral sera Philippe Meirieu. Si ! Inutile d\u2019en fr\u00e9mir&nbsp;: apr\u00e8s tout, Arafat et Rabin ont bien sign\u00e9 une paix des braves \u2014 qui a fait long feu, certes\u2026<\/strong><\/p>\n<p class=\"MsoNormal\"><strong>Un certain nombre d\u2019ateliers devraient s\u2019y ouvrir, sur le m\u00e9tier d\u2019enseignant, sur les buts et les moyens de l\u2019Ecole, sur les programmes, etc.<br \/> Sur tout.<\/strong><\/p>\n<p class=\"MsoNormal\"><strong>J\u2019y serai. Avec mes id\u00e9es, mais, si possible, avec les v\u00f4tres.<\/strong><\/p>\n<p class=\"MsoNormal\"><strong>C\u2019est l\u2019occasion ou jamais de faire de la d\u00e9mocratie directe.<\/strong><\/p>\n<p>&nbsp;<\/p>\n<p class=\"MsoNormal\">Alors, nous y voici.<\/p>\n<p class=\"MsoNormal\">Qu\u2019est-ce qui vous semble important&nbsp;? primordial&nbsp;? n\u00e9cessaire&nbsp;?<\/p>\n<p class=\"MsoNormal\">Des moyens&nbsp;?<\/p>\n<p class=\"MsoNormal\">Un changement d\u2019optique \u2014 mais lequel&nbsp;?<\/p>\n<p class=\"MsoNormal\">Un recentrage des programmes&nbsp;?<br \/> Des horaires modifi\u00e9s \u2014 pour les profs ou pour les \u00e9l\u00e8ves ?<\/p>\n<p class=\"MsoNormal\">Des vacances plus courtes&nbsp;?<\/p>\n<p class=\"MsoNormal\">Des traitements augment\u00e9s \u2014 pour tous, ou seulement pour les d\u00e9butants&nbsp;?<\/p>\n<p class=\"MsoNormal\">Bref, comment rendre attractifs de nouveaux concours \u2014 qui, d\u2019ailleurs, mesureront quelles comp\u00e9tences, quels savoirs&nbsp;?<br \/> Et faut-il persister \u00e0 cumuler connaissances et comp\u00e9tences \u2014 ou \u00ab&nbsp;connaissances&nbsp;\u00bb seul suffit-il&nbsp;?<\/p>\n<p class=\"MsoNormal\"> Faut-il proposer l\u2019abolition du coll\u00e8ge unique&nbsp;?<br \/> Une revalorisation de la voie technologique \/ professionnelle&nbsp;? Et comment&nbsp;?<br \/> Une modification en profondeur de la fili\u00e8re L \u2014 c\u2019est le dernier hobby du pr\u00e9sident de la R\u00e9publique, et les r\u00e9ponses qu\u2019on lui a souffl\u00e9es sont presque toutes mauvaises&nbsp;?<\/p>\n<p class=\"MsoNormal\">Une d\u00e9centralisation accrue&nbsp;? Plus de pouvoir aux \u00e9tablissements \/ aux r\u00e9gions \/ aux communes&nbsp;? Ou, au contraire, plus de centralisation \u2014 mais laquelle&nbsp;?<\/p>\n<p class=\"MsoNormal\">Les derniers programmes du Primaire sont-ils suffisants&nbsp;? insuffisants&nbsp;? trop ambitieux&nbsp;? Faut-il en revenir \u00e0 la semaine de cinq jours&nbsp;? G\u00e9n\u00e9raliser celle de quatre jours&nbsp;?<\/p>\n<p class=\"MsoNormal\"> Quelle place pour les parents d\u2019\u00e9l\u00e8ves&nbsp;?<\/p>\n<p class=\"MsoNormal\">L\u2019Instruction civique a-t-elle toute sa place \u00e0 l\u2019\u00e9cole&nbsp;? Y a-t-il des mati\u00e8res dont l\u2019apprentissage est trop pr\u00e9coce \u2014 voire inutile&nbsp;?<\/p>\n<p class=\"MsoNormal\">Doit-on enseigner et chanter la Marseillaise&nbsp;?\u2026<\/p>\n<p class=\"MsoNormal\">Plus s\u00e9rieusement encore&nbsp;: discrimination positive ou non&nbsp;? Ou sous quelle forme&nbsp;? Doit-on syst\u00e9matiquement d\u00e9cider d\u2019un quota d\u2019\u00e9l\u00e8ves boursiers&nbsp;?<\/p>\n<p class=\"MsoNormal\">Faut-il poser le constat de faillite des ZEP&nbsp;? Ou les r\u00e9activer \u2014 et sous quelle forme&nbsp;?<br \/> Ou les reconstruire \u00e0 la campagne, comme l\u2019aurait sugg\u00e9r\u00e9 Alphonse Allais&nbsp;?<\/p>\n<p class=\"MsoNormal\">Ou encore, en vrac&nbsp;:<\/p>\n<p class=\"MsoNormal\">L\u2019Ecole doit-elle se plier \u00e0 toutes les id\u00e9es \u00e0 la mode (devoir de m\u00e9moire, d\u00e9veloppement-du-rable, etc\u2026) ou doit-elle rester un sanctuaire des seuls \u00ab&nbsp;fondamentaux&nbsp;\u00bb&nbsp;? Peut-elle s\u2019extraire de toute instrumentalisation&nbsp;?<\/p>\n<p class=\"MsoNormal\">Et j\u2019en oublie certainement\u2026<\/p>\n<p class=\"MsoNormal\">Mais ce ne sera pas votre cas \u2014 \u00e0 vous tous. Palliez donc mes insuffisances, ou mon manque d\u2019imagination.<\/p>\n<p class=\"MsoNormal\">Jean-Paul Brighelli<\/p>\n<p class=\"MsoNormal\">(1) http:\/\/www.lepost.fr\/article\/2009\/10\/02\/1723361_rassemblement-pour-l-ecole-a-dijon-le-14-novembre.html<\/p>\n<p class=\"MsoNormal\">&nbsp;<\/p>\n<p><!--EndFragment--><\/p>\n","protected":false},"excerpt":{"rendered":"<p>Le 14 novembre se tient \u00e0 Dijon, toute la journ\u00e9e, un d\u00e9bat entre Verts, PS tendance Peillon et MoDem un grand d\u00e9bat sur l\u2019Education (1). Chacun, bien entendu, y viendra avec ses id\u00e9es. Peillon a tir\u00e9 le premier &#8211; j&rsquo;ai dit ce que j&rsquo;en pensais, en l&rsquo;\u00e9tat. Les Verts se taisent, mais il est probable [&hellip;]<\/p>\n","protected":false},"author":6,"featured_media":0,"comment_status":"open","ping_status":"open","sticky":false,"template":"","format":"standard","meta":{"footnotes":""},"categories":[1],"tags":[],"class_list":{"0":"post-304","1":"post","2":"type-post","3":"status-publish","4":"format-standard","6":"category-non-classe"},"_links":{"self":[{"href":"https:\/\/blog.causeur.fr\/bonnetdane\/wp-json\/wp\/v2\/posts\/304","targetHints":{"allow":["GET"]}}],"collection":[{"href":"https:\/\/blog.causeur.fr\/bonnetdane\/wp-json\/wp\/v2\/posts"}],"about":[{"href":"https:\/\/blog.causeur.fr\/bonnetdane\/wp-json\/wp\/v2\/types\/post"}],"author":[{"embeddable":true,"href":"https:\/\/blog.causeur.fr\/bonnetdane\/wp-json\/wp\/v2\/users\/6"}],"replies":[{"embeddable":true,"href":"https:\/\/blog.causeur.fr\/bonnetdane\/wp-json\/wp\/v2\/comments?post=304"}],"version-history":[{"count":0,"href":"https:\/\/blog.causeur.fr\/bonnetdane\/wp-json\/wp\/v2\/posts\/304\/revisions"}],"wp:attachment":[{"href":"https:\/\/blog.causeur.fr\/bonnetdane\/wp-json\/wp\/v2\/media?parent=304"}],"wp:term":[{"taxonomy":"category","embeddable":true,"href":"https:\/\/blog.causeur.fr\/bonnetdane\/wp-json\/wp\/v2\/categories?post=304"},{"taxonomy":"post_tag","embeddable":true,"href":"https:\/\/blog.causeur.fr\/bonnetdane\/wp-json\/wp\/v2\/tags?post=304"}],"curies":[{"name":"wp","href":"https:\/\/api.w.org\/{rel}","templated":true}]}}