{"id":3065,"date":"2020-03-16T07:21:45","date_gmt":"2020-03-16T05:21:45","guid":{"rendered":"https:\/\/blog.causeur.fr\/bonnetdane\/?p=3065"},"modified":"2021-04-22T18:48:20","modified_gmt":"2021-04-22T16:48:20","slug":"victimes-collaterales","status":"publish","type":"post","link":"https:\/\/blog.causeur.fr\/bonnetdane\/victimes-collaterales-3065","title":{"rendered":"Victimes collat\u00e9rales"},"content":{"rendered":"<p>Le coronavirus a fait au moins deux victimes que l\u2019on n\u2019attendait pas \u2014 m\u00eame si leur \u00e9tat de sant\u00e9 inqui\u00e9tait les gens conscients depuis lurette : l\u2019Europe et la mondialisation.<\/p>\n<p>C\u00f4t\u00e9 Europe, la r\u00e9ponse \u00e0 la pand\u00e9mie a \u00e9t\u00e9 nulle, <a href=\"https:\/\/www.lefigaro.fr\/vox\/monde\/coronavirus-francais-ouvrez-les-yeux-sur-le-drame-que-vit-l-italie-livree-a-elle-meme-20200315\">comme le soulignait Gianluca Di Feo<\/a>, r\u00e9dac-chef adjoint de <em>la Reppublica<\/em> : \u00ab Des masques, des gants en caoutchouc, des lunettes en plastique, voil\u00e0 les premi\u00e8res choses que l\u2019Italie a r\u00e9clam\u00e9es \u00e0 l\u2019Europe : le pays a demand\u00e9 de l\u2019aide pour construire la barri\u00e8re la plus simple qui soit contre le coronavirus. Mais son appel est rest\u00e9 sans r\u00e9ponse. La France et l\u2019Allemagne ont ferm\u00e9 leur fronti\u00e8re \u00e0 ces produits, en interdisant ainsi l\u2019exportation, et nous ont envoy\u00e9 un signal inqui\u00e9tant : aucun soutien concret, m\u00eame pas minime, ne serait arriv\u00e9 de Bruxelles. \u00bb<br \/>\nL\u2019Europe, c\u2019est le machin qui ronronne tant que tout va bien, et que les affaires sont les affaires, comme disait Mirbeau. Mais d\u00e8s que des probl\u00e8mes surgissent, curieusement, les \u00e9go\u00efsmes nationaux se remettent en place. \u00c7a alors ! L\u2019id\u00e9e de nation serait donc fonctionnelle quand \u00e7a va mal, et d\u00e9bilitante que tout va bien ?<br \/>\nQui ne voit que seules les nations peuvent endiguer les crises ? Que seules les nations, dans leur diversit\u00e9 \u2014 et les Italiens, que tant d\u2019imb\u00e9ciles croient volages et indisciplin\u00e9s, le sont bien moins que les Fran\u00e7ais \u2014 s\u2019inventent des r\u00e9ponses ad\u00e9quates ? Que les dangereuses illusions entretenues par des politiques qui regardent la ligne bleue des Vosges ont facilit\u00e9 la propagation d\u2019un virus que l\u2019on aurait pu contenir, si tant de cr\u00e9tins ambitieux n\u2019avaient hurl\u00e9 (\u00e0 la mort, c\u2019est le cas de le dire) que les \u00e9lections municipales devaient suivre leur cours, ou que la crise migratoire n\u2019en \u00e9tait pas une\u2026<\/p>\n<div id=\"ligne\"><\/div>\n<p>Il faut balayer tous ces gens-l\u00e0 d\u00e8s que la situation sanitaire permettra de descendre \u00e0 nouveau dans la rue. Balayer les europ\u00e9anistes b\u00e9ats qui ne voient pas plus loin que le bout de leurs sin\u00e9cures bruxelloises. Balayer tous ceux qui confondent d\u00e9mocratie et rentes de situation.<\/p>\n<p>Quant \u00e0 la mondialisation\u2026 Pas un hasard si la r\u00e9gion italienne o\u00f9 s\u2019est implant\u00e9 le coronavirus est le Nord industriel, l\u00e0 o\u00f9 les \u00e9changes internationaux sont les plus intenses. Pas le Mezzogiorno. Il n\u2019y a pas de contacts fr\u00e9quents entre Wuhan et Reggio-de-Calabre\u2026<\/p>\n<p>\u00c0 noter que les religions ont leur part de responsabilit\u00e9. En Cor\u00e9e du Sud comme en Alsace, ce sont des sectes protestantes qui ont le plus puissamment contribu\u00e9 \u00e0 diffuser le virus. Et en Iran, le troisi\u00e8me pays le plus touch\u00e9 au monde, les fid\u00e8les, hier encore, se pressaient d&#8217;embrasser le tombeau sacr\u00e9 de Masoumeh, \u00e0 Qom. Le virus aurait-il mis leur dieu dans sa poche ?<\/p>\n<p>Les Fran\u00e7ais s\u2019aper\u00e7oivent, sid\u00e9r\u00e9s, que l\u2019arr\u00eat des usines chinoises implique l\u2019arr\u00eat des fournitures m\u00e9dicales \u2014 entre autres \u2014, tant nos industriels, pour gagner encore un peu plus de fric, ont renonc\u00e9, depuis longtemps, \u00e0 produire sur le sol fran\u00e7ais. Les inqui\u00e9tudes boursi\u00e8res de quelques traders soudain inquiets de leur r\u00e9approvisionnement en coke importent peu, dans ce contexte \u2014 et pourtant, nous n\u2019avons cess\u00e9 d\u2019agir dans leur strict int\u00e9r\u00eat, comme si les revenus financiers \u00e9taient plus vitaux que la s\u00e9curit\u00e9 des citoyens.<br \/>\nLes banques, para\u00eet-il, restent ouvertes\u2026 Mais combien de temps avant que l\u2019argent ne se tarisse dans les distributeurs, et que ces op\u00e9rateurs pleins de morgue ne saisissent le fric l\u00e0 o\u00f9 il est \u2014 sur vos comptes courants ? \u00c0 la hart ! se seraient exclam\u00e9s nos anc\u00eatres, qui savaient, quand il le fallait, pendre les intendants du roi. Il y a des cordes qui se perdent, ces temps-ci.<\/p>\n<p>Dans sa derni\u00e8re allocution, jeudi dernier, Macron s\u2019est drap\u00e9 dans une dignit\u00e9 nationale qui visiblement le serrait un peu sous les bras. Soudain l\u2019id\u00e9e de nation renaissait \u2014 le temps d\u2019une crise, le temps que les financiers trouvent des parades\u2026 Du moins ceux qui ne sont pas en train de se gaver dans ce march\u00e9 baissier. Puis retour au business as usual \u2014 imp\u00f4ts nouveaux en sus ?<\/p>\n<p>L\u2019Europe et la mondialisation ont mis les peuples sous l\u2019\u00e9teignoir. Mais les peuples sont plus robustes, et ils ont une plus longue m\u00e9moire, que ce que nos politiques de carton-p\u00e2te ont pu croire.<br \/>\nLes peuples, pour le moment, font le plein de spaghettis \u2014 fort bien. Quand le crise sera pass\u00e9e, quand le peuple aura surv\u00e9cu \u2014 et il survivra fatalement en tant que peuple, m\u00eame avec 300 000 morts \u2014, il faudra demander des comptes, et pendre les Saint-Jean-Bouche-d\u2019or qui se sont gav\u00e9s et comptent bien se gaver encore, avec de jolis mots du genre \u00ab redressement \u00bb, \u00ab effort \u00bb, \u00ab sacrifice \u00bb.<\/p>\n<p>Sacrifice ? Les peuples, un peu partout, sont en train de se demander \u00ab \u00e0 qui la faute \u00bb. Ce n\u2019est pas une Europe r\u00e9g\u00e9n\u00e9r\u00e9e qui devrait sortir de cette \u00e9preuve, mais une Europe d\u00e9mantel\u00e9e, et peut-\u00eatre plus fraternelle, dans ses diff\u00e9rences enfin assum\u00e9es. Ce n\u2019est pas une mondialisation \u00e0 nouveau heureuse qui se substituera \u00e0 l\u2019\u00e9conomie de crise, mais une renaissance de nos int\u00e9r\u00eats nationaux bien compris. Du moins, je l\u2019esp\u00e8re \u2014 parce que l\u2019\u00e9norme machine m\u00e9diatique fera de son mieux pour nous faire oublier les errements des financiers avides, puisqu\u2019aussi bien ce sont eux qui tiennent la presse.<br \/>\nQuant aux partis \u00ab populistes \u00bb\u2026 Qui ne voit, qui ne sent que la r\u00e9ponse ad\u00e9quate n\u2019est plus dans l\u2019adh\u00e9sion \u00e0 telle ou telle figure mollement ambitieuse, mais dans la recomposition d\u2019une R\u00e9publique nouvelle ? N\u2019y manque qu\u2019une figure charismatique, pour l\u2019instant absente du jeu politique. Mais j\u2019ai dans l\u2019id\u00e9e que la crise s\u2019aggravant, elle surgira d\u2019elle-m\u00eame, comme De Gaulle a surgi de la d\u00e9faite, comme Napol\u00e9on a surgi de la R\u00e9volution. Et que les peuples l\u2019entendront.<\/p>\n<p>Jean-Paul Brighelli<\/p>\n","protected":false},"excerpt":{"rendered":"<p>Le coronavirus a fait au moins deux victimes que l\u2019on n\u2019attendait pas \u2014 m\u00eame si leur \u00e9tat de sant\u00e9 inqui\u00e9tait les gens conscients depuis lurette : l\u2019Europe et la mondialisation. C\u00f4t\u00e9 Europe, la r\u00e9ponse \u00e0 la pand\u00e9mie a \u00e9t\u00e9 nulle, comme le soulignait Gianluca Di Feo, r\u00e9dac-chef adjoint de la Reppublica : \u00ab Des masques, [&hellip;]<\/p>\n","protected":false},"author":6,"featured_media":0,"comment_status":"open","ping_status":"open","sticky":false,"template":"","format":"standard","meta":{"footnotes":""},"categories":[1],"tags":[1940,212,314,996],"class_list":{"0":"post-3065","1":"post","2":"type-post","3":"status-publish","4":"format-standard","6":"category-non-classe","7":"tag-coronavirus","8":"tag-europe","9":"tag-mondialisation","10":"tag-nation"},"_links":{"self":[{"href":"https:\/\/blog.causeur.fr\/bonnetdane\/wp-json\/wp\/v2\/posts\/3065","targetHints":{"allow":["GET"]}}],"collection":[{"href":"https:\/\/blog.causeur.fr\/bonnetdane\/wp-json\/wp\/v2\/posts"}],"about":[{"href":"https:\/\/blog.causeur.fr\/bonnetdane\/wp-json\/wp\/v2\/types\/post"}],"author":[{"embeddable":true,"href":"https:\/\/blog.causeur.fr\/bonnetdane\/wp-json\/wp\/v2\/users\/6"}],"replies":[{"embeddable":true,"href":"https:\/\/blog.causeur.fr\/bonnetdane\/wp-json\/wp\/v2\/comments?post=3065"}],"version-history":[{"count":0,"href":"https:\/\/blog.causeur.fr\/bonnetdane\/wp-json\/wp\/v2\/posts\/3065\/revisions"}],"wp:attachment":[{"href":"https:\/\/blog.causeur.fr\/bonnetdane\/wp-json\/wp\/v2\/media?parent=3065"}],"wp:term":[{"taxonomy":"category","embeddable":true,"href":"https:\/\/blog.causeur.fr\/bonnetdane\/wp-json\/wp\/v2\/categories?post=3065"},{"taxonomy":"post_tag","embeddable":true,"href":"https:\/\/blog.causeur.fr\/bonnetdane\/wp-json\/wp\/v2\/tags?post=3065"}],"curies":[{"name":"wp","href":"https:\/\/api.w.org\/{rel}","templated":true}]}}