{"id":3106,"date":"2020-04-14T08:00:55","date_gmt":"2020-04-14T06:00:55","guid":{"rendered":"https:\/\/blog.causeur.fr\/bonnetdane\/?p=3106"},"modified":"2021-04-22T18:48:19","modified_gmt":"2021-04-22T16:48:19","slug":"faire-cours-quand-meme","status":"publish","type":"post","link":"https:\/\/blog.causeur.fr\/bonnetdane\/faire-cours-quand-meme-3106","title":{"rendered":"Faire cours quand m\u00eame"},"content":{"rendered":"<p>Reprendrai-je les cours le 11 mai ? Oui, sans doute, si mon lyc\u00e9e est rouvert (mais <a href=\"https:\/\/www.marianne.net\/debattons\/billets\/coronavirus-si-le-pays-se-remet-en-ordre-de-marche-c-est-par-l-ecole-qu-il-faut\">j\u2019ai expliqu\u00e9 par ailleurs<\/a>, il y a d\u00e9j\u00e0 une petite quinzaine, que \u00e7a ne se fera certainement pas de fa\u00e7on massive, imm\u00e9diate et simultan\u00e9e, et qu\u2019il vaudrait mieux tester avant \u00e9l\u00e8ves et enseignants, pour savoir qui est susceptible de contaminer ou non ses interlocuteurs. Mais je le ferai. M\u00eame si j\u2019ignore \u00e0 ce stade si les classes de CPGE font ou non partie de cet \u00ab enseignement sup\u00e9rieur \u00bb qui, curieusement, est dispens\u00e9 de se r\u00e9activer avant septembre : sans doute des \u00e9tudiants sont-ils susceptibles de se g\u00e9rer seuls, alors que des petits, qui depuis un mois encombrent leurs familles (et bien s\u00fbr que c\u2019est ainsi que c\u2019est v\u00e9cu dans nombre de foyers \u2014 de foyers d\u2019incendies, souvent) doivent \u00eatre pris en charge par des adultes, aujourd\u2019hui leurs parents, qui d\u00e9j\u00e0 n\u2019en peuvent plus, demain par leurs enseignants.<br \/>\nJ\u2019entends avec une certaine stup\u00e9faction, je dois le dire, le ch\u0153ur des profs s\u2019\u00e9lever contre la mesure propos\u00e9e hier par Macron, et dont la d\u00e9clinaison sera pr\u00e9cis\u00e9e ce soir par Blanquer. \u00ab Droit de retrait \u00bb, \u00ab je ne reprendrai pas tant que tout le monde n&rsquo;aura pas \u00e9t\u00e9 vaccin\u00e9 \u00bb (soit d\u2019ici un an ou deux, au mieux \u2014 et encore, plus de 35% des Fran\u00e7ais ren\u00e2clent \u00e0 l\u2019id\u00e9e d\u2019\u00eatre soumis \u00e0 un vaccin dont souvent ils rejettent le principe m\u00eame), \u00ab c\u2019est moi qui prends le plus de risques face \u00e0 ces porteurs de germes que sont les enfants \u00bb, et j\u2019en passe. Un grand courage physique et moral. Un sens aigu de la mission.<\/p>\n<p>Nous prenons des risques toute notre carri\u00e8re. Une classe est une serre chaude pour germes et virus de toutes factures. Il faut \u00eatre s\u00e9rieusement hypocondriaque pour refuser de faire cours alors que, de l\u2019avis du ministre, nous avons d\u00e9j\u00e0 perdu \u00ab 5 \u00e0 8% \u00bb des \u00e9l\u00e8ves \u2014 en fait, bien davantage, particuli\u00e8rement dans les classes (sociales) les plus d\u00e9savantag\u00e9es, qui n\u2019ont gu\u00e8re les moyens intellectuels de suppl\u00e9er les enseignants, et ne disposent pas des moyens techniques pour se brancher sur Pronote ou m\u00eame recevoir des mails. Les \u00e9l\u00e8ves de CP qui, \u00e0 la mi-mars, h\u00e9sitaient encore en d\u00e9chiffrant un texte court ont compl\u00e8tement oubli\u00e9. Si nous ne reprenons pas, ils en sauront encore moins en septembre \u2014 lorsqu\u2019on les aura propuls\u00e9s en CE1. Oui \u2014 mais on adaptera les cours\u2026 Belle occasion de descendre encore le niveau. Meirieu l\u2019aurait invent\u00e9 qu\u2019il n\u2019aurait pas fait mieux.<br \/>\nBelle occasion en fait de constituer des classes de niveau \u2014 oui, mais l\u2019\u00e9cole doit \u00eatre \u00e9galitaire, disent les syndicats. Plus bas, toujours plus bas ! Coupons les t\u00eates qui d\u00e9passent ! Coronavirus ou non, \u00ab \u00e9litisme \u00bb est rest\u00e9 un tr\u00e8s vilain mot. Quelques mois de Covid-19, et une g\u00e9n\u00e9ration enti\u00e8re est perdue pour les \u00e9tudes \u2014 sauf justement ceux qui ont eu \u00e0 la maison les moyens de surmonter l\u2019\u00e9preuve. L&rsquo;\u00e9galitarisme engendre toujours le favoritisme qu&rsquo;il pr\u00e9tend combattre.<\/p>\n<p>Non que j\u2019ai une envie folle de retrouver mes \u00e9l\u00e8ves. Depuis un mois je leur envoie des cours \u2014 sans aucun retour. J\u2019ignore m\u00eame s\u2019ils lisent ce que je leur exp\u00e9die : la derni\u00e8re initiative qu\u2019ils ont eue, juste avant le confinement, ce fut d\u2019\u00e9crire sur les murs du lyc\u00e9e \u00ab Polanski violeur, Brighelli complice \u00bb (j\u2019en ai gard\u00e9 la photo, je la regarde de temps en temps pour me tenir chaud), parce que je leur avais expliqu\u00e9 le Droit, dont ils ignorent tout. Et, un peu plus tard, de passer sur Bonnet d\u2019\u00e2ne pour me signaler que \u00ab cette p\u00e9riode de coronavirus a le m\u00e9rite de vous emp\u00eacher de faire cours ce qui vous emp\u00eache de d\u00e9biter vos inepties sexistes \u00bb, ou, mieux encore, \u00ab la seule bonne nouvelle dans tout \u00e7a, c\u2019est que \u00e7a a l\u2019air de tuer majoritairement des hommes \u00bb. Comme l\u2019adresse IP des auteurs (eh non, \u00e7a ne se met pas au f\u00e9minin, pas en fran\u00e7ais !) appara\u00eet \u00e0 chaque livraison, ce sera certainement agr\u00e9able de savoir lesquelles de ces\u00a0jeunes imb\u00e9ciles qui se croient intelligentes \u2014 caract\u00e9ristique commune \u00e0 tous les cr\u00e9tins \u2014 sont responsables de ces douceurs exquises.<br \/>\nAlors, pourquoi m\u2019ab\u00eemer la sant\u00e9 \u00e0 aller parler de Michel Leiris et des subtilit\u00e9s de <em>l\u2019\u00c2ge d\u2019homme<\/em> \u00e0 des \u00e9l\u00e8ves qui m\u2019aiment autant ?<\/p>\n<p>Parce que c\u2019est mon job, et que c\u2019est le job qui m\u2019a fait tenir, depuis 45 ans, <a href=\"https:\/\/www.youtube.com\/watch?v=cBHvRuBtJqI\">comme dit le sergent Riggs<\/a>, dans les moments de d\u00e9couragement, de d\u00e9prime, ou de tentations noires. Dans un coll\u00e8ge campagnard avec 2h1\/2 de trajet journalier (et autant au retour, cinq ans durant) comme dans des lyc\u00e9es de ZEP de la r\u00e9gion parisienne \u2014 vingt ans durant : aucun h\u00e9ro\u00efsme particulier, c\u2019\u00e9tait le job pour lequel j\u2019avais sign\u00e9.<br \/>\nParce que mon job est de r\u00e9pandre, partout et toujours, les Lumi\u00e8res \u2014 m\u00eame si des inconscientes croient\u00a0que leur parole vaut la mienne sous pr\u00e9texte qu\u2019elles ont un vagin et que c\u2019est avec lui qu\u2019elles pensent, faute d&rsquo;avoir un cerveau. Mon job, c\u2019est de faire cours face \u00e0 face. D&rsquo;essuyer la suie de b\u00eatise et d\u2019ignorance qui obscurcit ces cervelles adolescentes. Et de transmettre le peu que je sais de la litt\u00e9rature \u2014 mais j\u2019en sais tout de m\u00eame un peu plus qu\u2019eux.<br \/>\nLe reste\u2026<\/p>\n<p>Alors ceux de mes coll\u00e8gues qui font passer leur petite sant\u00e9 avant les imp\u00e9ratifs du m\u00e9tier me font penser \u00e0 des soldats qui refuseraient de marcher \u00e0 l\u2019ennemi parce qu\u2019ils risquent de se casser un ongle dans l\u2019entreprise. Tout fait mal, chers coll\u00e8gues. Tout est risque \u2014 et vous en prenez bien davantage, statistiquement parlant, en entrant sous la douche ou en traversant la rue. On n\u2019arrive pas \u00e0 mon \u00e2ge sans avoir eu quelquefois la tentation d\u2019en finir. J\u2019ai parfois l\u2019impression que ce que je vis, c\u2019est du rab.<br \/>\nAlors le corona ou autre chose\u2026<\/p>\n<p>Ce qui m\u2019emb\u00eate davantage, c\u2019est que dans sa grande sagesse Emmanuel Macron a parl\u00e9 de rouvrir les \u00e9coles, mais pas les bars. O\u00f9 diable vais-je pouvoir prendre le caf\u00e9 matinal et lire <em>la Provence<\/em> avant d\u2019aller en cours ? Dans une salle des profs (je n\u2019ai jamais consenti \u00e0 utiliser la machine \u00e0 caf\u00e9 de l\u2019\u00e9tablissement, j\u2019ai horreur de ce qui en sort) peupl\u00e9e de fant\u00f4mes au visage barr\u00e9 de b\u00e2illons ? Oh comme \u00e7a va \u00eatre dr\u00f4le, de faire cours \u00e0 travers un chiffon ! Je devrais m&rsquo;en trouver un \u00e9l\u00e9gant, histoire d&rsquo;\u00eatre appel\u00e9 \u00ab\u00a0bel maschio\u00a0\u00bb \u2014 un jeu de mots dont Roger Vailland a tir\u00e9 tout le jus, en 1954.<br \/>\nEvidemment avec 45 \u00e9l\u00e8ves par classe serr\u00e9s comme des sardines, la \u00ab distanciation sociale \u00bb (Brecht aurait ador\u00e9 l\u2019id\u00e9e, probablement, il en aurait fait une pi\u00e8ce) sera dure \u00e0 respecter. Tant pis. Apr\u00e8s tout, les bouillons de culture, cela fait 45 ans que je vis avec.<br \/>\nEt puis, dans \u00ab bouillon de culture \u00bb, il y a quand m\u00eame \u00ab culture \u00bb. Et \u00e7a, c\u2019est le job.<\/p>\n<p>Jean-Paul Brighelli<\/p>\n","protected":false},"excerpt":{"rendered":"<p>Reprendrai-je les cours le 11 mai ? Oui, sans doute, si mon lyc\u00e9e est rouvert (mais j\u2019ai expliqu\u00e9 par ailleurs, il y a d\u00e9j\u00e0 une petite quinzaine, que \u00e7a ne se fera certainement pas de fa\u00e7on massive, imm\u00e9diate et simultan\u00e9e, et qu\u2019il vaudrait mieux tester avant \u00e9l\u00e8ves et enseignants, pour savoir qui est susceptible de [&hellip;]<\/p>\n","protected":false},"author":6,"featured_media":0,"comment_status":"open","ping_status":"open","sticky":false,"template":"","format":"standard","meta":{"footnotes":""},"categories":[1],"tags":[2007,1988,2006,2005],"class_list":{"0":"post-3106","1":"post","2":"type-post","3":"status-publish","4":"format-standard","6":"category-non-classe","7":"tag-11-mai","8":"tag-confinement","9":"tag-etre-enseignant","10":"tag-reprise-des-cours"},"_links":{"self":[{"href":"https:\/\/blog.causeur.fr\/bonnetdane\/wp-json\/wp\/v2\/posts\/3106","targetHints":{"allow":["GET"]}}],"collection":[{"href":"https:\/\/blog.causeur.fr\/bonnetdane\/wp-json\/wp\/v2\/posts"}],"about":[{"href":"https:\/\/blog.causeur.fr\/bonnetdane\/wp-json\/wp\/v2\/types\/post"}],"author":[{"embeddable":true,"href":"https:\/\/blog.causeur.fr\/bonnetdane\/wp-json\/wp\/v2\/users\/6"}],"replies":[{"embeddable":true,"href":"https:\/\/blog.causeur.fr\/bonnetdane\/wp-json\/wp\/v2\/comments?post=3106"}],"version-history":[{"count":0,"href":"https:\/\/blog.causeur.fr\/bonnetdane\/wp-json\/wp\/v2\/posts\/3106\/revisions"}],"wp:attachment":[{"href":"https:\/\/blog.causeur.fr\/bonnetdane\/wp-json\/wp\/v2\/media?parent=3106"}],"wp:term":[{"taxonomy":"category","embeddable":true,"href":"https:\/\/blog.causeur.fr\/bonnetdane\/wp-json\/wp\/v2\/categories?post=3106"},{"taxonomy":"post_tag","embeddable":true,"href":"https:\/\/blog.causeur.fr\/bonnetdane\/wp-json\/wp\/v2\/tags?post=3106"}],"curies":[{"name":"wp","href":"https:\/\/api.w.org\/{rel}","templated":true}]}}