{"id":3110,"date":"2020-04-18T10:24:16","date_gmt":"2020-04-18T08:24:16","guid":{"rendered":"https:\/\/blog.causeur.fr\/bonnetdane\/?p=3110"},"modified":"2021-04-22T18:48:19","modified_gmt":"2021-04-22T16:48:19","slug":"le-livre-objet-de-premiere-necessite","status":"publish","type":"post","link":"https:\/\/blog.causeur.fr\/bonnetdane\/le-livre-objet-de-premiere-necessite-3110","title":{"rendered":"Le livre, objet de premi\u00e8re n\u00e9cessit\u00e9"},"content":{"rendered":"<p><a href=\"https:\/\/blog.causeur.fr\/bonnetdane\/le-livre-objet-de-premiere-necessite-003110\/81pzosiwmvl-_sy679_\" rel=\"attachment wp-att-3112\"><img loading=\"lazy\" decoding=\"async\" class=\"aligncenter size-full wp-image-3112\" src=\"https:\/\/blog.causeur.fr\/bonnetdane\/files\/2020\/04\/81pZOSIWmVL._SY679_.jpg\" alt=\"81pZOSIWmVL._SY679_\" width=\"408\" height=\"679\" srcset=\"https:\/\/blog.causeur.fr\/bonnetdane\/wp-content\/uploads\/sites\/25\/2020\/04\/81pZOSIWmVL._SY679_.jpg 408w, https:\/\/blog.causeur.fr\/bonnetdane\/wp-content\/uploads\/sites\/25\/2020\/04\/81pZOSIWmVL._SY679_-180x300.jpg 180w\" sizes=\"auto, (max-width: 408px) 100vw, 408px\" \/><\/a>Je n\u2019ai pas d\u2019actions chez Amazon, et je n\u2019ai aucune sympathie pour ce g\u00e9ant de la distribution responsable de la disparition de tant de libraires. J\u2019ai lu en son temps le livre-t\u00e9moignage de Jean-Baptiste Malet, <em>En Amazonie<\/em> (2013\u2014 gla\u00e7ant et significatif) racontant le syst\u00e8me d\u2019exploitation et de flicage mis en place par la multinationale de Jeff Bezos : le livre est vendu en ligne par l\u2019entreprise m\u00eame qu\u2019il d\u00e9nonce et qui se fiche pas mal de ce que l\u2019on pense d\u2019elle, tant que les b\u00e9n\u00e9fices sont au rendez-vous.<\/p>\n<p>Mais le jugement tout r\u00e9cemment rendu par le tribunal de Nanterre, qui sous pr\u00e9texte de normes sanitaires, oblige la compagnie, sous astreinte d\u2019une amende d\u20191 million d\u2019euros par infraction constat\u00e9e, \u00e0 ne plus vendre que des biens \u00ab de premi\u00e8re n\u00e9cessit\u00e9 \u00bb, est consternant. <a href=\"https:\/\/www.humanite.fr\/amazon-lavocate-judith-krivine-raconte-comment-le-geant-du-e-commerce-ete-condamne-limiter-son\">Une grande victoire pour le syndicat SUD<\/a>, qui lutte de toutes ses forces contre toutes les formes d\u2019oppression \u2014 y compris ethniques : SUD est ce syndicat pas du tout raciste ni antis\u00e9mite qui organisait l\u2019ann\u00e9e derni\u00e8re un stage interdit \u00e0 toutes les personnes non \u00ab racis\u00e9es \u00bb. Et qui vient donc, en ces temps de confinement et de <em>reductio ad nihilum<\/em> de la vie intellectuelle, d\u2019interdire tout approvisionnement en livres, DVD et autres produits de divertissement. Sans doute ignorent-ils, \u00e0 SUD, que le divertissement est essentiel \u00e0 l\u2019homme, qui ne peut demeurer en repos entre les quatre murs de sa prison ou de sa chambre, comme l\u2019a soulign\u00e9 Pascal.<br \/>\nOu peut-\u00eatre ne savent-ils pas lire, comme l\u2019\u00e9meutier analphab\u00e8te qui, dans un c\u00e9l\u00e8bre po\u00e8me de Hugo (\u00ab \u00c0 qui la faute ? \u00bb, in<em> l\u2019Ann\u00e9e terrible<\/em>), avait mis le feu \u00e0 la biblioth\u00e8que des Tuileries \u2014 80 000 ouvrages, quand m\u00eame\u2026 Le coronavirus non seulement fait des morts, mais il an\u00e9antit les biblioth\u00e8ques et les librairies, puisqu\u2019on interdit leur fr\u00e9quentation. Double peine.<\/p>\n<p>Le jugement a apparemment combl\u00e9 aussi la CGT, dont les adh\u00e9rents amazoniens <a href=\"https:\/\/www.francebleu.fr\/infos\/economie-social\/coronavirus-amazon-limite-a-livrer-les-produits-essentiels-1586926580\">ren\u00e2claient \u00e0 empaqueter des sextoys<\/a>, qui ne leur paraissaient pas correspondre \u00e0 la d\u00e9finition des fournitures essentielles en cas de confinement (ils ne doivent pas savoir que Sade, \u00e0 la Bastille, s\u2019en fabriquaient d\u2019\u00e9normes, en cire, pour se titiller la prostate). Ils ont toujours \u00e9t\u00e9 puritains, \u00e0 gauche \u2014 d\u00e9j\u00e0 en son temps <em>l\u2019Humanit\u00e9<\/em> avait violemment condamn\u00e9 <em>Histoire d\u2019O<\/em>, accus\u00e9 de propager des perversions bourgeoises. Un prolo, \u00e7a pratique la b\u00eate \u00e0 deux dos et rien d\u2019autre, madame. Ou remettez-vous en au r\u00e9gime bananes\u2026<\/p>\n<div id=\"ligne\"><\/div>\n<p>Le probl\u00e8me d\u00e9passe d\u2019ailleurs largement Amazon. Bruno Le Maire s\u2019est d\u00e9clar\u00e9 personnellement favorable \u00e0 une r\u00e9ouverture des librairies, parce que cet ancien Normalien, section Lettres, de la rue d\u2019Ulm sait \u2014 je m\u2019\u00e9tais amus\u00e9 \u00e0 r\u00e9citer avec lui \u00e0 deux voix,<a href=\"https:\/\/www.lepoint.fr\/invites-du-point\/jean-paul-brighelli\/bruno-le-maire-bien-gere-l-ennui-est-formateur-01-09-2015-1960819_1886.php\"> lors d\u2019une interview<\/a>, \u00ab le Loup et le Chien \u00bb, l\u2019une des plus belles fables de La Fontaine \u2014 que le livre est une nourriture essentielle. En tout temps mais particuli\u00e8rement dans le moment pr\u00e9sent, o\u00f9 nous n\u2019avons pas grand-chose d\u2019autre pour nous \u00e9vader. Mais il r\u00e9fl\u00e9chit \u00e0 cette r\u00e9ouverture depuis le 19 mars \u2014 en fait de Fables, c\u2019est \u00ab le Li\u00e8vre et la Tortue \u00bb.<br \/>\nNe pas ouvrir les librairies, c\u2019est en outre nous livrer tout crus au rayon \u00ab livres \u00bb des grandes surfaces. Qui sait si les consommateurs ne finiront pas par croire, faute de points de comparaison, que les pets imprim\u00e9s de Virginie Despentes ou Christine Angot, entre les rayons \u00ab salades \u00bb et \u00ab papier-toilette \u00bb, sont des litt\u00e9ratures de premier plan ?<\/p>\n<p>Il est temps que les librairies rouvrent, afin de permettre un choix qui aille un peu au-del\u00e0 des best-sellers promus par des marchands de papier qui se croient \u00e9diteurs. De surcro\u00eet, les moyennes surfaces \u2014 pour ne pas parler des sup\u00e9rettes o\u00f9 les trois-quarts de la France font leurs courses aujourd\u2019hui \u2014 ne sont pas r\u00e9approvisionn\u00e9es en livres, et il n\u2019y reste que les fonds de tiroir.<\/p>\n<p>Dans ce contexte, et en attendant que ce gouvernement prenne enfin des d\u00e9cisions intelligentes (mais peut-\u00eatre pr\u00e9f\u00e8re-t-il que les gens restent scotch\u00e9s \u00e0 leurs cha\u00eenes d\u2019informations catastrophistes en continu au lieu de lire Proust ou Echenoz), il \u00e9tait pr\u00e9cieux de pouvoir commander en ligne autre chose que les livres de l\u2019actualit\u00e9 imm\u00e9diate. Mon usage d\u2019Amazon est pour l\u2019essentiel la recherche, chez des vendeurs associ\u00e9s \u00e0 la firme am\u00e9ricaine, de livres \u00e9puis\u00e9s, difficiles \u00e0 trouver, parfois en langues \u00e9trang\u00e8res, et de films incontournables soigneusement non r\u00e9\u00e9dit\u00e9s.<br \/>\nOu de livres utiles pour pr\u00e9parer les cours que je r\u00e9dige avant de les envoyer en ligne. On a beau avoir une puissante biblioth\u00e8que, il manque toujours un ouvrage indispensable qui n\u2019est pas disponible en ligne et que l\u2019on compulserait avec int\u00e9r\u00eat.<br \/>\nJ\u2019entends bien que certains libraires se sont regroup\u00e9s pour envoyer des livres \u2014 en facturant cet envoi \u00e0 des prix qui gr\u00e8vent s\u00e9rieusement l\u2019acc\u00e8s \u00e0 la lecture : pratiquement, un Poche augmente de 50% \u2014 et tant pis pour le prix plafonn\u00e9 du livre. D\u2019ailleurs, le choix va rarement jusqu\u2019aux ouvrages parus il y a plus de deux ans.<br \/>\nQuant \u00e0 ceux qui n\u2019ont pas d\u2019acc\u00e8s \u00e0 l\u2019informatique\u2026<\/p>\n<p>Quel inconv\u00e9nient y a-t-il \u00e0 ouvrir des librairies en leur demandant d\u2019appliquer peu ou prou les m\u00eames r\u00e8gles que les magasins d\u2019alimentation, en fonction de leur surface ? Cela \u00e9viterait d\u2019accuser les fournisseurs en ligne de concurrence d\u00e9loyale, ou de n\u00e9gliger la s\u00e9curit\u00e9 de leurs employ\u00e9s, et permettrait \u00e0 tout le monde d\u2019acc\u00e9der aux plus belles productions de l\u2019esprit humain, et \u00e0 mieux supporter l\u2019incarc\u00e9ration forc\u00e9e \u00e0 laquelle nous sommes astreints. Apr\u00e8s tout, en taule, les condamn\u00e9s ont acc\u00e8s \u00e0 la biblioth\u00e8que \u2014 et nous, non.<\/p>\n<p>Jean-Paul Brighelli<\/p>\n","protected":false},"excerpt":{"rendered":"<p>Je n\u2019ai pas d\u2019actions chez Amazon, et je n\u2019ai aucune sympathie pour ce g\u00e9ant de la distribution responsable de la disparition de tant de libraires. J\u2019ai lu en son temps le livre-t\u00e9moignage de Jean-Baptiste Malet, En Amazonie (2013\u2014 gla\u00e7ant et significatif) racontant le syst\u00e8me d\u2019exploitation et de flicage mis en place par la multinationale de [&hellip;]<\/p>\n","protected":false},"author":6,"featured_media":0,"comment_status":"open","ping_status":"open","sticky":false,"template":"","format":"standard","meta":{"footnotes":""},"categories":[1],"tags":[436,2008,612,1567,434,431,1792],"class_list":{"0":"post-3110","1":"post","2":"type-post","3":"status-publish","4":"format-standard","6":"category-non-classe","7":"tag-amazon","8":"tag-bruno-le-maire","9":"tag-cgt","10":"tag-jean-baptiste-malet","11":"tag-lecture","12":"tag-livres","13":"tag-sud"},"_links":{"self":[{"href":"https:\/\/blog.causeur.fr\/bonnetdane\/wp-json\/wp\/v2\/posts\/3110","targetHints":{"allow":["GET"]}}],"collection":[{"href":"https:\/\/blog.causeur.fr\/bonnetdane\/wp-json\/wp\/v2\/posts"}],"about":[{"href":"https:\/\/blog.causeur.fr\/bonnetdane\/wp-json\/wp\/v2\/types\/post"}],"author":[{"embeddable":true,"href":"https:\/\/blog.causeur.fr\/bonnetdane\/wp-json\/wp\/v2\/users\/6"}],"replies":[{"embeddable":true,"href":"https:\/\/blog.causeur.fr\/bonnetdane\/wp-json\/wp\/v2\/comments?post=3110"}],"version-history":[{"count":0,"href":"https:\/\/blog.causeur.fr\/bonnetdane\/wp-json\/wp\/v2\/posts\/3110\/revisions"}],"wp:attachment":[{"href":"https:\/\/blog.causeur.fr\/bonnetdane\/wp-json\/wp\/v2\/media?parent=3110"}],"wp:term":[{"taxonomy":"category","embeddable":true,"href":"https:\/\/blog.causeur.fr\/bonnetdane\/wp-json\/wp\/v2\/categories?post=3110"},{"taxonomy":"post_tag","embeddable":true,"href":"https:\/\/blog.causeur.fr\/bonnetdane\/wp-json\/wp\/v2\/tags?post=3110"}],"curies":[{"name":"wp","href":"https:\/\/api.w.org\/{rel}","templated":true}]}}