{"id":314,"date":"2009-12-21T08:13:24","date_gmt":"2009-12-21T08:13:24","guid":{"rendered":"http:\/\/blog.causeur.fr\/bonnetdane\/?p=314"},"modified":"2021-04-22T18:53:23","modified_gmt":"2021-04-22T16:53:23","slug":"identification","status":"publish","type":"post","link":"https:\/\/blog.causeur.fr\/bonnetdane\/identification-314","title":{"rendered":"Identification"},"content":{"rendered":"<p>Marie-George Buffet vient de demander que l\u2019on arr\u00eate le d\u00e9bat sur l\u2019identit\u00e9 nationale (1).<\/p>\n<p class=\"MsoNormal\" style=\"text-align: justify;\">D\u00e9j\u00e0 cela para\u00eet un peu fort aux d\u00e9mocrates professionnels. Comment&nbsp;! Le gouvernement lib\u00e8re la parole, et voici qu\u2019on pr\u00e9tend la geler&nbsp;!<\/p>\n<p class=\"MsoNormal\" style=\"text-align: justify;\">Une communiste aussi&nbsp;! Qui s\u2019en \u00e9tonnera&nbsp;?<\/p>\n<p class=\"MsoNormal\" style=\"text-align: justify;\">Mais c\u2019est qu\u2019elle a peut-\u00eatre raison, cette bonne dame. Quarante ans apr\u00e8s une r\u00e9volte qui chantait \u00ab&nbsp;libert\u00e9 d\u2019expression&nbsp;\u00bb sur l\u2019air des lampions, o\u00f9 en sommes-nous&nbsp;?<\/p>\n<p class=\"MsoNormal\">(1) D\u00e9j\u00e0 dans une lettre adress\u00e9e au pr\u00e9fet de Seine-Saint-Denis, d\u00e9but d\u00e9cembre (<a href=\"http:\/\/domik.20minutes-blogs.fr\/archive\/2009\/12\/12\/identite-nationale-declaration-de-marie-george-buffet.html\">http:\/\/domik.20minutes-blogs.fr\/archive\/2009\/12\/12\/identite-nationale-declaration-de-marie-george-buffet.html<\/a>)<\/p>\n<p><!--EndFragment--><br \/>\nJe ne censure rien sur ce blog, sauf attaques personnelles \u2014 contre d\u2019autres que moi. Un espace r\u00e9serv\u00e9 \u00e0 l\u2019Ecole et \u00e0 l\u2019Education, pensais-je, devrait g\u00e9n\u00e9rer un certain respect\u2026 \u00c0 commencer par celui de l\u2019orthographe\u2026<\/p>\n<p class=\"MsoNormal\" style=\"text-align: justify;\">C\u2019est \u00e0 peu pr\u00e8s le seul point acquis. Pour le reste\u2026<\/p>\n<p class=\"MsoNormal\" style=\"text-align: justify;\">R\u00e9guli\u00e8rement, des gens qui pensent brun passent ici d\u00e9verser leur fiel et leurs convictions naus\u00e9abondes. Ils s\u2019attirent les foudres d\u2019autres intervenants, qui finissent par me reprocher la libert\u00e9 que je tente encore de d\u00e9fendre. Et les pol\u00e9miques enflent.<br \/> Le fait que nous parlions g\u00e9n\u00e9ralement d\u2019Ecole n\u2019emp\u00eache rien&nbsp;: des consid\u00e9rations sur l\u2019apprentissage de l\u2019Histoire, par exemple, g\u00e9n\u00e8rent des affrontements sur l\u2019\u00e9valuation de la guerre d\u2019Alg\u00e9rie, qui d\u00e9g\u00e9n\u00e8rent en arguties sur le p\u00e9ril islamiste, qui engendrent des abominations sur le Juif apatride (forc\u00e9ment, devrais-je dire\u2026), qui provoquent\u2026<\/p>\n<p class=\"MsoNormal\" style=\"text-align: justify;\">Le plus sid\u00e9rant, c\u2019est que la libert\u00e9, ces derniers temps, sert de pr\u00e9texte au retour du refoul\u00e9 \u2014 qui, comme son nom l\u2019indique, avait tendance \u00e0 rester refoul\u00e9, depuis que les Russes avaient lib\u00e9r\u00e9 Auschwitz. La crise aidant (et il en fut de m\u00eame dans l\u2019Allemagne de Weimar&nbsp;: une haute civilisation r\u00e9siste mal quand elle a faim, et ventre affam\u00e9 n\u2019a ni oreilles, ni neurones), les id\u00e9es de l\u2019extr\u00eame-droite se banalisent.<br \/> Et d\u2019autant mieux qu\u2019elles ont \u00e9t\u00e9 r\u00e9cup\u00e9r\u00e9es, et avec une r\u00e9elle efficacit\u00e9, par la Droite \u2014 le populisme n\u2019est pas l\u2019apanage du Front national. Nicolas Sarkozy a lamin\u00e9 le FN aux derni\u00e8res pr\u00e9sidentielles \u2014 on a pu s\u2019en r\u00e9jouir, mais force est de constater que la cons\u00e9quence la plus directe du discours s\u00e9curitaire, ce fut un glissement de l\u2019aiguille encore plus \u00e0 droite. LE FN \u00e0 15%, c\u2019\u00e9tait hier \u2014 et c\u2019est demain.<\/p>\n<p class=\"MsoNormal\" style=\"text-align: justify;\">Sur ce, arrivent les R\u00e9gionales et, en perspective, les Pr\u00e9sidentielles, \u00e0 nouveau. Le tra\u00eetre d\u2019op\u00e9rette \u2014 Eric Besson \u2014 propose, pour embarrasser la Gauche et s\u00e9duire \u00e0 nouveau un \u00e9lectorat dont il sent bien qu\u2019il \u00e9chappe derechef \u00e0 la Droite \u00ab&nbsp;traditionnelle&nbsp;\u00bb, un d\u00e9bat sur l\u2019identit\u00e9 nationale. Et voici que ce qui s\u2019exprime, dans les pr\u00e9fectures, \u00e0 l\u2019occasion de ce d\u00e9bat \/ llage, ce sont les opinions les plus racistes et les plus outranci\u00e8res \u2014parfaitement d\u00e9complex\u00e9es.<\/p>\n<p class=\"MsoNormal\" style=\"text-align: justify;\">Je vais risquer une hypoth\u00e8se. Bonnetdane est l\u2019un des tr\u00e8s rares blogs non censur\u00e9s du Net. Mais si les autres forums en usaient de m\u00eame, je parie que ce qui s\u2019y exprimerait, sous le couvert commode de l\u2019anonymat Internet, serait du m\u00eame tonneau, ou pire peut-\u00eatre (l\u2019obligation orthographique d\u00e9courage ici assez vite les trolls provocateurs). Le Net, parce qu\u2019il met les intervenants \u00e0 couvert, devient une conversation de bistro ininterrompue \u2014 un bistro par temps de cuite. Non pas un espace de libert\u00e9, mais une aire \u00e0 d\u00e9gueulis.<\/p>\n<p class=\"MsoNormal\" style=\"text-align: justify;\">Et l\u2019extr\u00eame-droite, qui semblait renvoy\u00e9e dans les catacombes, en profite pour redresser la t\u00eate \u2014 mais plus \u00e0 droite encore. Des opinions qui, il y a cinq ans, ne se seraient exprim\u00e9es qu\u2019avec l\u2019excuse de l\u2019alcool ou de la b\u00eatise, courent en toute libert\u00e9 sur la Toile \u2014 et dans la rue. Pire&nbsp;: des gens dont je ne remets pas en cause l\u2019engagement \u00e0 gauche tiennent des propos qui, sous couvert d\u2019anti-islamisme, frisent constamment la x\u00e9nophobie. Et quand je dis \u00ab&nbsp;frisent&nbsp;\u00bb\u2026<\/p>\n<p class=\"MsoNormal\" style=\"text-align: justify;\">Du coup, les islamistes, pensant qu\u2019ils profiteront de la chienlit qui lentement et s\u00fbrement s\u2019installe, en font des tonnes, revendiquent des droits constamment nouveaux, grignotent l\u2019espace public, prient dans les rues, imposent de la viande hallal dans les cantines, des horaires sp\u00e9ciaux dans les piscines, et voilent les petites filles. Ce qui ne manque pas de g\u00e9n\u00e9rer en retour\u2026<\/p>\n<p class=\"MsoNormal\" style=\"text-align: justify;\">Bien s\u00fbr, on pouvait s&rsquo;y attendre. \u00c0 force de tenir des discours ang\u00e9listes, de penser que la religion n&rsquo;appartient qu&rsquo;\u00e0 l&rsquo;espace priv\u00e9 et n&rsquo;a pas d&rsquo;ambition h\u00e9g\u00e9monique, que si la burqa c&rsquo;est trop, le voile, lui, est supportable\u2026 \u00c0 force d&rsquo;inventer des \u00ab\u00a0machins\u00a0\u00bb comme la Halde qui bondissent sur n&rsquo;importe quel pr\u00e9texte pour crier \u00e0 la discrimination\u2026 \u00c0 force de tol\u00e9rer, ou d&rsquo;entretenir, dans les banlieues et ailleurs, un climat d&rsquo;ins\u00e9curit\u00e9 qui ne peut qu&rsquo;attiser les r\u00e9actions violentes\u2026 On pouvait s&rsquo;attendre \u00e0 ce que le sur-moi de la civilisation suinte, puis saute. Les religions monoth\u00e9istes sont h\u00e9g\u00e9moniques \u2014 et, \u00e0 ce titre, politiques. Mais ce sont des id\u00e9es qu&rsquo;il faut combattre. \u00c0 la rigueur, des leaders d&rsquo;opinion. Pas des hommes, indiff\u00e9remment. Je suis un peu effar\u00e9 du grand retour du pluriel dans les discours \u2014 les Noirs, les Arabes, les\u2026Eh bien, je m&rsquo;y mets aussi. Les n\u00e9o-fascistes. Les n\u00e9o-nazis. Les petits cons.<\/p>\n<p class=\"MsoNormal\" style=\"text-align: justify;\">Les R\u00e9gionales vont voir un <em>revival<\/em> du Front, c\u2019est \u00e9vident. Et ce qui se profile derri\u00e8re, ce sont des Pr\u00e9sidentielles muscl\u00e9es \u2014 parce que Nicolas Sarkozy, ou qui que ce soit qui sera sur ses positions (je ne sais pas pourquoi, mais je ne suis pas si s\u00fbr que cela qu\u2019il se lance dans une nouvelle campagne) sera bien oblig\u00e9 d\u2019osciller encore plus \u00e0 droite, pour r\u00e9cup\u00e9rer un \u00e9lectorat volatil. Ce qui am\u00e8nera les extr\u00eames \u00e0 d\u00e9fouler encore davantage une parole l\u00e9tale\u2026 Le tout dans un contexte d\u2019aggravation de la crise \u2014 qui peut croire que les choses ne vont pas empirer, sur le front \u00e9conomique, sur le march\u00e9 du travail&nbsp;? Allemagne ann\u00e9es 20&nbsp;: tout nouveau ch\u00f4meur \u00e9tait en puissance un nazi qui s\u2019ignorait \u2014 mais qui ne s\u2019ignorait pas longtemps.<\/p>\n<p class=\"MsoNormal\" style=\"text-align: justify;\">Dois-je censurer les d\u00e9foulements de b\u00eatise qui d\u00e9ferlent parfois ici&nbsp;? Ce n\u2019est pas en cassant le thermom\u00e8tre que nous modifierons la situation. C\u2019est en combattant, pied \u00e0 pied, en expliquant sans tr\u00eave, en \u00e9valuant exactement l\u2019\u00e9tat des forces \u2013 et je le trouve diablement inqui\u00e9tant, l\u2019\u00e9tat des forces. Quand je pense que la plupart des gens qui postent ici sont des enseignants, il y a de quoi \u00eatre sid\u00e9r\u00e9 \u2014 et inquiet. Ce n\u2019est pas une raison pour les censurer, parce qu\u2019une parole coup\u00e9e ici se paiera diablement plus cher dans quatre mois, ou dans deux ans. Vous avez aim\u00e9 2002&nbsp;? Vous adorerez 2012.<\/p>\n<p class=\"MsoNormal\" style=\"text-align: justify;\">&nbsp;<\/p>\n<p class=\"MsoNormal\" style=\"text-align: justify;\">Jean-Paul Brighelli<\/p>\n<p class=\"MsoNormal\" style=\"text-align: justify;\">&nbsp;<\/p>\n<p><!--EndFragment--><\/p>\n","protected":false},"excerpt":{"rendered":"<p>Marie-George Buffet vient de demander que l\u2019on arr\u00eate le d\u00e9bat sur l\u2019identit\u00e9 nationale (1). D\u00e9j\u00e0 cela para\u00eet un peu fort aux d\u00e9mocrates professionnels. Comment&nbsp;! Le gouvernement lib\u00e8re la parole, et voici qu\u2019on pr\u00e9tend la geler&nbsp;! Une communiste aussi&nbsp;! Qui s\u2019en \u00e9tonnera&nbsp;? Mais c\u2019est qu\u2019elle a peut-\u00eatre raison, cette bonne dame. Quarante ans apr\u00e8s une r\u00e9volte [&hellip;]<\/p>\n","protected":false},"author":6,"featured_media":0,"comment_status":"open","ping_status":"open","sticky":false,"template":"","format":"standard","meta":{"footnotes":""},"categories":[1],"tags":[],"class_list":{"0":"post-314","1":"post","2":"type-post","3":"status-publish","4":"format-standard","6":"category-non-classe"},"_links":{"self":[{"href":"https:\/\/blog.causeur.fr\/bonnetdane\/wp-json\/wp\/v2\/posts\/314","targetHints":{"allow":["GET"]}}],"collection":[{"href":"https:\/\/blog.causeur.fr\/bonnetdane\/wp-json\/wp\/v2\/posts"}],"about":[{"href":"https:\/\/blog.causeur.fr\/bonnetdane\/wp-json\/wp\/v2\/types\/post"}],"author":[{"embeddable":true,"href":"https:\/\/blog.causeur.fr\/bonnetdane\/wp-json\/wp\/v2\/users\/6"}],"replies":[{"embeddable":true,"href":"https:\/\/blog.causeur.fr\/bonnetdane\/wp-json\/wp\/v2\/comments?post=314"}],"version-history":[{"count":0,"href":"https:\/\/blog.causeur.fr\/bonnetdane\/wp-json\/wp\/v2\/posts\/314\/revisions"}],"wp:attachment":[{"href":"https:\/\/blog.causeur.fr\/bonnetdane\/wp-json\/wp\/v2\/media?parent=314"}],"wp:term":[{"taxonomy":"category","embeddable":true,"href":"https:\/\/blog.causeur.fr\/bonnetdane\/wp-json\/wp\/v2\/categories?post=314"},{"taxonomy":"post_tag","embeddable":true,"href":"https:\/\/blog.causeur.fr\/bonnetdane\/wp-json\/wp\/v2\/tags?post=314"}],"curies":[{"name":"wp","href":"https:\/\/api.w.org\/{rel}","templated":true}]}}