{"id":3141,"date":"2020-05-13T15:21:20","date_gmt":"2020-05-13T13:21:20","guid":{"rendered":"https:\/\/blog.causeur.fr\/bonnetdane\/?p=3141"},"modified":"2021-04-22T18:48:04","modified_gmt":"2021-04-22T16:48:04","slug":"enfants-en-quarantaine","status":"publish","type":"post","link":"https:\/\/blog.causeur.fr\/bonnetdane\/enfants-en-quarantaine-3141","title":{"rendered":"Enfants en quarantaine"},"content":{"rendered":"<p>Au d\u00e9but des ann\u00e9es SIDA, on avait invent\u00e9, aux Etats-Unis, des bulles en plexiglas dans lesquelles on installait, dans les salles de classe, les \u00e9l\u00e8ves s\u00e9ropositifs \u2014 de peur que leurs postillons contaminassent leurs camarades et, plus grave, l\u2019enseignant\u2026<br \/>\nLa s\u00e9gr\u00e9gation est de retour : choisissant d\u2019outrepasser les consignes minist\u00e9rielles, des inspecteurs, des chefs d\u2019\u00e9tablissements et des enseignants ont imagin\u00e9, \u00e0 Toulouse, \u00e0 Nice ou \u00e0 Paris, <a href=\"https:\/\/www.lefigaro.fr\/actualite-france\/deconfinement-des-enfants-de-soignants-mis-a-l-ecart-20200512\">de ne pas m\u00e9langer avec leurs camarades les enfants de personnels soignants<\/a> \u2014 qui pourraient bien transmettre le satan\u00e9 virus\u2026<br \/>\nLe Syndicat des infirmiers-anesth\u00e9sistes, ou celui des jeunes m\u00e9decins, s\u2019en sont \u00e9mus. Ainsi, Lamia Kerdjana, pr\u00e9sidente de cette derni\u00e8re association et elle-m\u00eame anesth\u00e9siste, <a href=\"https:\/\/www.jeunesmedecins.fr\/actualites\/enfants-de-soignants-la-double-peine\">proteste et \u00e9crit<\/a> : \u00ab Les enfants de soignants ont aussi pay\u00e9 leur tribut. Accueillis dans des \u00e9coles-garderie pendant toute la dur\u00e9e du confinement, sans enseignement sur ce temps d\u2019\u00e9cole, devant rattraper avec leurs parents souvent \u00e9puis\u00e9s le programme que les autres \u00e9l\u00e8ves faisaient au fil de l\u2019eau ; enfants inquiets pour la sant\u00e9 de leurs parents qui ont \u00e9t\u00e9 en premi\u00e8re ligne, inquiets \u00e0 propos des r\u00e9percussion de ce \u00ab coco le virus \u00bb qui est partout et qui oblige leurs parents \u00e0 s\u2019\u00e9loigner d\u2019eux pour prendre soin des autres. Comment leur expliquer qu\u2019ils ne peuvent pas revoir leur ma\u00eetresse et leurs camarades parce que papa et maman travaillent au service des autres ? \u00bb<\/p>\n<p>Apparemment, \u00e7a n\u2019a pas choqu\u00e9 les syndicats enseignants, rest\u00e9s muets sur le sujet. Non seulement les soignants se sont \u00e9puis\u00e9s \u00e0 s\u2019occuper des urgences Covid depuis deux mois, et ne recevront qu&rsquo;une\u00a0prime de mis\u00e8re (combien l&rsquo;heure sup ?) pour ce d\u00e9vouement continu, mais, double peine, ils voient leurs enfants stigmatis\u00e9s par une administration localement craintive et des enseignants qui le sont tout autant.<\/p>\n<p>Car ces derniers ne protestent pas davantage en voyant la cour de r\u00e9cr\u00e9ation envahie de barri\u00e8res \u2014 comme dans un coll\u00e8ge de Tours proche des Halles \u2014 de fa\u00e7on \u00e0 ce que les r\u00e9cr\u00e9s se passent derri\u00e8re des grilles. Des gosses ou des animaux mis en cage ? Et encore, nous ne traitons pas ainsi les poules d\u2019\u00e9levages intensifs. Les zones dessin\u00e9es au sol cr\u00e9ent de gigantesques marelles dont les carr\u00e9s sont dissoci\u00e9s.<a href=\"https:\/\/blog.causeur.fr\/bonnetdane\/enfants-en-quarantaine-003141\/capture-decran-2020-05-13-a-21-57-58\" rel=\"attachment wp-att-3146\"><img loading=\"lazy\" decoding=\"async\" class=\"aligncenter size-medium wp-image-3146\" src=\"https:\/\/blog.causeur.fr\/bonnetdane\/files\/2020\/05\/Capture-d\u2019e\u0301cran-2020-05-13-a\u0300-21.57.58-300x168.png\" alt=\"Capture d\u2019e\u0301cran 2020-05-13 a\u0300 21.57.58\" width=\"300\" height=\"168\" srcset=\"https:\/\/blog.causeur.fr\/bonnetdane\/wp-content\/uploads\/sites\/25\/2020\/05\/Capture-d\u2019e\u0301cran-2020-05-13-a\u0300-21.57.58-300x168.png 300w, https:\/\/blog.causeur.fr\/bonnetdane\/wp-content\/uploads\/sites\/25\/2020\/05\/Capture-d\u2019e\u0301cran-2020-05-13-a\u0300-21.57.58-768x431.png 768w, https:\/\/blog.causeur.fr\/bonnetdane\/wp-content\/uploads\/sites\/25\/2020\/05\/Capture-d\u2019e\u0301cran-2020-05-13-a\u0300-21.57.58-500x281.png 500w, https:\/\/blog.causeur.fr\/bonnetdane\/wp-content\/uploads\/sites\/25\/2020\/05\/Capture-d\u2019e\u0301cran-2020-05-13-a\u0300-21.57.58.png 796w\" sizes=\"auto, (max-width: 300px) 100vw, 300px\" \/><\/a> Pas de \u00ab paradis \u00bb dans ces jeux-l\u00e0 \u2014 de toute fa\u00e7on, tout ballon est interdit, tout accessoire est interdit, se toucher est interdit, s\u2019approcher est interdit, emprunter la r\u00e8gle du voisin est interdit. Fais pas ci, fais pas \u00e7a\u2026<\/p>\n<p>C\u2019est le dernier \u00e9pisode de l\u2019hyst\u00e9rie qui, gr\u00e2ce aux m\u00e9dias, a saisi la France enti\u00e8re. Victoire par KO des hypocondriaques et des hyst\u00e9riques, enfin confort\u00e9s dans leurs d\u00e9lires. Il faut que ce soit PROPRE !<br \/>\nD\u2019ailleurs, les cours n\u2019ont repris en coll\u00e8ge qu\u2019\u00e0 condition de d\u00e9sinfecter toutes les deux heures la classe enti\u00e8re \u2014 murs compris : les gosses passent leur temps \u00e0 les l\u00e9cher, c\u2019est bien connu. Les dessins dans lesquels les m\u00f4mes avaient mis tout leur c\u0153ur parfois sont pass\u00e9s \u00e0 la trappe \u2014 pour rassurer des enseignants qui se d\u00e9couvrent les uns apr\u00e8s les autres des probl\u00e8mes cardiaques 24 heures avant la reprise.<\/p>\n<p>Je ne sais pas tout sur les dessins d\u2019enfants \u2014 je ne suis pas Fran\u00e7oise Dolto. Mais il se trouve que j\u2019ai travaill\u00e9 il y a quelques ann\u00e9es avec un \u00e9minent canc\u00e9rologue, Thierry Philip, canc\u00e9rologue lyonnais sp\u00e9cialis\u00e9 dans les cancers des enfants.<br \/>\nTravaillant avec lui \u00e0 un livre (<em>Vaincre son cancer<\/em>, Milan, 2000), j\u2019ai eu en main les dessins r\u00e9alis\u00e9s par ses petits patients, qui ornaient son bureau et les murs du Centre L\u00e9on B\u00e9rard, et nous les avons ins\u00e9r\u00e9s dans le livre.<br \/>\nNous ne les avons pas d\u00e9sinfect\u00e9s avant\u2026<a href=\"https:\/\/blog.causeur.fr\/bonnetdane\/enfants-en-quarantaine-003141\/capture-decran-2020-05-13-a-15-18-13\" rel=\"attachment wp-att-3144\"><img loading=\"lazy\" decoding=\"async\" class=\"aligncenter size-full wp-image-3144\" src=\"https:\/\/blog.causeur.fr\/bonnetdane\/files\/2020\/05\/Capture-d\u2019e\u0301cran-2020-05-13-a\u0300-15.18.13.png\" alt=\"Capture d\u2019e\u0301cran 2020-05-13 a\u0300 15.18.13\" width=\"263\" height=\"378\" srcset=\"https:\/\/blog.causeur.fr\/bonnetdane\/wp-content\/uploads\/sites\/25\/2020\/05\/Capture-d\u2019e\u0301cran-2020-05-13-a\u0300-15.18.13.png 263w, https:\/\/blog.causeur.fr\/bonnetdane\/wp-content\/uploads\/sites\/25\/2020\/05\/Capture-d\u2019e\u0301cran-2020-05-13-a\u0300-15.18.13-209x300.png 209w\" sizes=\"auto, (max-width: 263px) 100vw, 263px\" \/><\/a><\/p>\n<p>C\u2019est important, pour un enfant, de s\u2019exprimer par le dessin \u2014 d\u2019autant plus important qu\u2019il n\u2019a pas exactement les mots, et que si on ne les reprend pas en classe, ils les auront de moins en moins. C\u2019est important pour lui d\u2019exprimer, en un geste global, ce qu\u2019il a envie de dire sans avoir les mots pour le dire. C\u2019est pour lui une fiert\u00e9 particuli\u00e8re que son dessin soit affich\u00e9 sur les murs de la classe, admir\u00e9 de ses condisciples et de ses enseignants. Eventuellement interpr\u00e9t\u00e9 \u2014 chacun sait ce que signifie un joli soleil dans un coin du dessin \u2014 encore qu&rsquo;il arrive qu&rsquo;il y ait des crabes sur la plage des vacances\u2026<a href=\"https:\/\/blog.causeur.fr\/bonnetdane\/enfants-en-quarantaine-003141\/capture-decran-2020-05-11-a-19-20-19\" rel=\"attachment wp-att-3145\"><img loading=\"lazy\" decoding=\"async\" class=\"aligncenter size-medium wp-image-3145\" src=\"https:\/\/blog.causeur.fr\/bonnetdane\/files\/2020\/05\/Capture-d\u2019e\u0301cran-2020-05-11-a\u0300-19.20.19-300x259.png\" alt=\"Capture d\u2019e\u0301cran 2020-05-11 a\u0300 19.20.19\" width=\"300\" height=\"259\" srcset=\"https:\/\/blog.causeur.fr\/bonnetdane\/wp-content\/uploads\/sites\/25\/2020\/05\/Capture-d\u2019e\u0301cran-2020-05-11-a\u0300-19.20.19-300x259.png 300w, https:\/\/blog.causeur.fr\/bonnetdane\/wp-content\/uploads\/sites\/25\/2020\/05\/Capture-d\u2019e\u0301cran-2020-05-11-a\u0300-19.20.19-347x300.png 347w, https:\/\/blog.causeur.fr\/bonnetdane\/wp-content\/uploads\/sites\/25\/2020\/05\/Capture-d\u2019e\u0301cran-2020-05-11-a\u0300-19.20.19.png 584w\" sizes=\"auto, (max-width: 300px) 100vw, 300px\" \/><\/a><\/p>\n<p>Ce sont les gosses qui ont fait les frais du confinement \u2014 on se tait prudemment sur le nombre exact de ceux qui ont d\u00e9croch\u00e9 compl\u00e8tement depuis deux mois. Et ils vont faire les frais du d\u00e9confinement. Si par hasard deux mois d\u2019interdiction de se promener, de jouer, de voir leurs amis, d\u2019aller au parc ou au bois (ou \u00e0 la plage, c\u2019est super dangereux, une plage d\u00e9serte des Landes ou du Languedoc) ne le sont pas traumatis\u00e9s, la rentr\u00e9e fa\u00e7on abattoirs se chargera de le faire.<\/p>\n<p>Jean-Paul Brighelli<\/p>\n","protected":false},"excerpt":{"rendered":"<p>Au d\u00e9but des ann\u00e9es SIDA, on avait invent\u00e9, aux Etats-Unis, des bulles en plexiglas dans lesquelles on installait, dans les salles de classe, les \u00e9l\u00e8ves s\u00e9ropositifs \u2014 de peur que leurs postillons contaminassent leurs camarades et, plus grave, l\u2019enseignant\u2026 La s\u00e9gr\u00e9gation est de retour : choisissant d\u2019outrepasser les consignes minist\u00e9rielles, des inspecteurs, des chefs d\u2019\u00e9tablissements [&hellip;]<\/p>\n","protected":false},"author":6,"featured_media":0,"comment_status":"open","ping_status":"open","sticky":false,"template":"","format":"standard","meta":{"footnotes":""},"categories":[1],"tags":[2030,2019,2031,2032],"class_list":{"0":"post-3141","1":"post","2":"type-post","3":"status-publish","4":"format-standard","6":"category-non-classe","7":"tag-cours-de-recre","8":"tag-deconfinement","9":"tag-dessins-denfant","10":"tag-enfants-de-soignants"},"_links":{"self":[{"href":"https:\/\/blog.causeur.fr\/bonnetdane\/wp-json\/wp\/v2\/posts\/3141","targetHints":{"allow":["GET"]}}],"collection":[{"href":"https:\/\/blog.causeur.fr\/bonnetdane\/wp-json\/wp\/v2\/posts"}],"about":[{"href":"https:\/\/blog.causeur.fr\/bonnetdane\/wp-json\/wp\/v2\/types\/post"}],"author":[{"embeddable":true,"href":"https:\/\/blog.causeur.fr\/bonnetdane\/wp-json\/wp\/v2\/users\/6"}],"replies":[{"embeddable":true,"href":"https:\/\/blog.causeur.fr\/bonnetdane\/wp-json\/wp\/v2\/comments?post=3141"}],"version-history":[{"count":0,"href":"https:\/\/blog.causeur.fr\/bonnetdane\/wp-json\/wp\/v2\/posts\/3141\/revisions"}],"wp:attachment":[{"href":"https:\/\/blog.causeur.fr\/bonnetdane\/wp-json\/wp\/v2\/media?parent=3141"}],"wp:term":[{"taxonomy":"category","embeddable":true,"href":"https:\/\/blog.causeur.fr\/bonnetdane\/wp-json\/wp\/v2\/categories?post=3141"},{"taxonomy":"post_tag","embeddable":true,"href":"https:\/\/blog.causeur.fr\/bonnetdane\/wp-json\/wp\/v2\/tags?post=3141"}],"curies":[{"name":"wp","href":"https:\/\/api.w.org\/{rel}","templated":true}]}}