{"id":3159,"date":"2020-06-12T09:37:40","date_gmt":"2020-06-12T07:37:40","guid":{"rendered":"https:\/\/blog.causeur.fr\/bonnetdane\/?p=3159"},"modified":"2021-04-22T18:48:04","modified_gmt":"2021-04-22T16:48:04","slug":"iconoclasme","status":"publish","type":"post","link":"https:\/\/blog.causeur.fr\/bonnetdane\/iconoclasme-3159","title":{"rendered":"Iconoclasme"},"content":{"rendered":"<p>Chacun (sauf le CRAN, le PIR, tous ceux qui les soutiennent et mettent un genou \u00e0 terre pour s\u2019excuser des crimes suppos\u00e9s de leurs anc\u00eatres, et Virginie Despentes, qui est\u00a0\u00e0 la Culture ce qu\u2019un poisson est \u00e0 une bicyclette) \u2014 chacun donc sait que le fondement de l\u2019iconoclasme, que ce soit au VIIIe si\u00e8cle, quand les chr\u00e9tiens de L\u00e9on III tent\u00e8rent de se faire aussi b\u00eates que les Arabes qui leur \u00e9taient frontaliers, au IXe quand les sujets de L\u00e9on V r\u00e9cidiv\u00e8rent, ou au XVIe, quand les Protestants, non contents d\u2019adh\u00e9rer \u00e0 une religion qui interdisait pratiquement le plaisir, d\u00e9truisirent les \u00e9glises et les cath\u00e9drales partout o\u00f9 ils pass\u00e8rent, est essentiellement religieux. Persuad\u00e9s de pr\u00eacher la vraie foi, les barbares se d\u00e9chain\u00e8rent contre tout ce qui leur \u00e9tait hostile \u2014 l\u2019Art et la Culture au premier chef.<br \/>\nLe mouvement de destruction des statues, amorc\u00e9 d\u00e9j\u00e0 depuis quelques ann\u00e9es au nom de la lutte contre le colonialisme (il faudra m\u2019expliquer en quoi massacrer Cecil Rhodes en effigie <a href=\"https:\/\/blog.causeur.fr\/bonnetdane\/iconoclasme-003159\/retrait-de-la-statue-de-cecil-rhodes-avril-2015\" rel=\"attachment wp-att-3162\"><img loading=\"lazy\" decoding=\"async\" class=\"aligncenter size-full wp-image-3162\" src=\"https:\/\/blog.causeur.fr\/bonnetdane\/files\/2020\/06\/Retrait-de-la-statue-de-Cecil-Rhodes-avril-2015.jpg\" alt=\"Retrait de la statue de Cecil Rhodes avril 2015\" width=\"949\" height=\"671\" srcset=\"https:\/\/blog.causeur.fr\/bonnetdane\/wp-content\/uploads\/sites\/25\/2020\/06\/Retrait-de-la-statue-de-Cecil-Rhodes-avril-2015.jpg 949w, https:\/\/blog.causeur.fr\/bonnetdane\/wp-content\/uploads\/sites\/25\/2020\/06\/Retrait-de-la-statue-de-Cecil-Rhodes-avril-2015-300x212.jpg 300w, https:\/\/blog.causeur.fr\/bonnetdane\/wp-content\/uploads\/sites\/25\/2020\/06\/Retrait-de-la-statue-de-Cecil-Rhodes-avril-2015-768x543.jpg 768w, https:\/\/blog.causeur.fr\/bonnetdane\/wp-content\/uploads\/sites\/25\/2020\/06\/Retrait-de-la-statue-de-Cecil-Rhodes-avril-2015-424x300.jpg 424w\" sizes=\"auto, (max-width: 949px) 100vw, 949px\" \/><\/a>l\u00e9gitime les massacreurs noirs qui ont pris le pouvoir au Zimbabwe depuis qu\u2019il ne s\u2019appelle plus Rhod\u00e9sie) ou le racisme \u2014 et la destruction des statues de Schoelcher \u00e0 la Martinique<a href=\"https:\/\/blog.causeur.fr\/bonnetdane\/iconoclasme-003159\/schoelcher-383x231\" rel=\"attachment wp-att-3163\"><img loading=\"lazy\" decoding=\"async\" class=\"aligncenter size-full wp-image-3163\" src=\"https:\/\/blog.causeur.fr\/bonnetdane\/files\/2020\/06\/schoelcher-383x231.jpg\" alt=\"schoelcher-383x231\" width=\"383\" height=\"231\" srcset=\"https:\/\/blog.causeur.fr\/bonnetdane\/wp-content\/uploads\/sites\/25\/2020\/06\/schoelcher-383x231.jpg 383w, https:\/\/blog.causeur.fr\/bonnetdane\/wp-content\/uploads\/sites\/25\/2020\/06\/schoelcher-383x231-300x181.jpg 300w\" sizes=\"auto, (max-width: 383px) 100vw, 383px\" \/><\/a> est un sommet d\u2019inculture et de m\u00e9connaissance historique : \u00e7a me rappelle ces Vi\u00eat-Congs qui coupaient le bras de leurs concitoyens vietnamiens sous pr\u00e9texte que des m\u00e9decins am\u00e9ricains les avaient vaccin\u00e9s.<br \/>\nLa nouvelle religion de ces nouveaux barbares s\u2019appelle l\u2019antiracisme \u2014 ou, si vous pr\u00e9f\u00e9rez appeler les choses par leur nom, le racisme anti-Blancs, avec un codicille sp\u00e9cial antis\u00e9mitisme. Ce qui explique que le souvenir de la traite soit \u00e0 sens unique \u2014 l\u2019Atlantique \u2014 et ne tienne pas compte du nombre bien plus \u00e9lev\u00e9 de Noirs vendus \u00e0 d\u2019autres Noirs \u2014 ou aux marchands d\u2019esclaves arabes. Intersectionnalit\u00e9 des luttes oblige.<br \/>\nNancy Pelosi, qui dirige la minorit\u00e9 d\u00e9mocrate au S\u00e9nat, a ainsi fait acte de contrition en public.<a href=\"https:\/\/blog.causeur.fr\/bonnetdane\/iconoclasme-003159\/1136_000_1t33px\" rel=\"attachment wp-att-3164\"><img loading=\"lazy\" decoding=\"async\" class=\"aligncenter size-large wp-image-3164\" src=\"https:\/\/blog.causeur.fr\/bonnetdane\/files\/2020\/06\/1136_000_1t33px-1024x682.jpg\" alt=\"1136_000_1t33px\" width=\"584\" height=\"389\" srcset=\"https:\/\/blog.causeur.fr\/bonnetdane\/wp-content\/uploads\/sites\/25\/2020\/06\/1136_000_1t33px-1024x682.jpg 1024w, https:\/\/blog.causeur.fr\/bonnetdane\/wp-content\/uploads\/sites\/25\/2020\/06\/1136_000_1t33px-300x200.jpg 300w, https:\/\/blog.causeur.fr\/bonnetdane\/wp-content\/uploads\/sites\/25\/2020\/06\/1136_000_1t33px-768x512.jpg 768w, https:\/\/blog.causeur.fr\/bonnetdane\/wp-content\/uploads\/sites\/25\/2020\/06\/1136_000_1t33px-450x300.jpg 450w, https:\/\/blog.causeur.fr\/bonnetdane\/wp-content\/uploads\/sites\/25\/2020\/06\/1136_000_1t33px.jpg 1136w\" sizes=\"auto, (max-width: 584px) 100vw, 584px\" \/><\/a> Une pure descendante d\u2019\u00e9migr\u00e9s italiens venus s\u2019installer aux Etats-Unis au d\u00e9but du XXe si\u00e8cle doit forc\u00e9ment se faire pardonner la traite n\u00e9gri\u00e8re et le massacre des Indiens, auxquels ni elle ni ses anc\u00eatres n\u2019ont pris aucune part. Romain Gary racontait d\u00e9j\u00e0 dans <em>Chien blanc<\/em> le sentiment de culpabilit\u00e9, vis-\u00e0-vis des \u00ab Native Americans \u00bb, d\u00e9velopp\u00e9 \u00e0 Hollywood par des acteurs d\u2019origine juive est-europ\u00e9enne\u2026 \u00c0 l\u2019\u00e9poque, il en riait. Aujourd\u2019hui, nous sommes somm\u00e9s de nous flageller publiquement en gardant notre s\u00e9rieux.<br \/>\nIl y a quelques ann\u00e9es, un \u00e9l\u00e8ve noir m\u2019a lanc\u00e9 : \u00ab Ouais, vous me mettez de mauvaises notes parce que je suis black \u00bb \u2014 \u00e0 quoi je r\u00e9pondis que je le sanctionnais parce qu\u2019il \u00e9tait nul \u2014 et de surcro\u00eet, ajoutai-je, b\u00eate \u00e0 bouffer du foin. J\u2019ai dans l\u2019id\u00e9e que par les temps qui courent, Castaner me r\u00e9voquerait directement.<br \/>\nHeureusement que je ne d\u00e9pends pas du \u00ab premier flic de France \u00bb, l\u2019homme qui a tent\u00e9 de faire croire que tous les policiers \u00e9taient des racistes imp\u00e9nitents. C\u2019est peut-\u00eatre lui qu\u2019il faudrait r\u00e9voquer ?<br \/>\nLui et pas mal d\u2019autres. Entre ceux qui s\u2019excusent de ne pas \u00eatre des femmes, afin de mieux se sentir viol\u00e9s \u00e0 chaque pas, les transgenres qui accusent J.K. Rowlings d\u2019\u00eatre transphobique, les voyous qui ont d\u00e9couvert que hurler au racisme leur assure l\u2019impunit\u00e9 aupr\u00e8s des lecteurs de <em>Lib\u00e9<\/em>, et tous les communautaristes qui prennent en marche le train de la b\u00eatise universelle, cela finit par faire du monde. Mais nous le savions : quand il s&rsquo;agit des connards, leur nom est l\u00e9gion.<\/p>\n<p>Entendons-nous : des racistes, il y en a \u2014 et les plus \u00e0 craindre ne sont pas les supporters fran\u00e7ais du Ku-Klux-Klan, qui se comptent sur les doigts d\u2019une main. L\u2019essentiel des actes racistes, rapport\u00e9s \u00e0 ce que repr\u00e9sentent en prportion\u00a0les diverses composantes du tissu fran\u00e7ais, ce sont les Juifs, comme d\u2019habitude, qui les encaissent. Ils ont le d\u00e9savantage d\u2019\u00eatre Blancs, une bonne excuse chez certains (il faut entendre les discours de Louis Farrakhan et de sa <em>Nation of Islam<\/em> aux Etats-Unis, ou\u00a0de ses \u00e9pigones europ\u00e9ens) pour les accuser de tous les crimes.<br \/>\nNous n\u2019avons pas \u00e0 nous excuser d\u2019\u00eatre ce que nous sommes, Blancs, Noirs, Jaunes ou M\u00e9tis, hommes ou femmes, homos ou h\u00e9t\u00e9ros \u2014 j\u2019en oublie s\u00fbrement, l\u2019une des beaut\u00e9s du communautarisme contemporain est de fragmenter en sous-groupes, puis encore en sectes ou en bandes. Ni de ce qu\u2019ont fait nos anc\u00eatres \u2014 je ne suis pas de ceux qui croient que les fautes des p\u00e8res doivent retomber sur la t\u00eate des fils. Nous ne sommes comptables ni des exactions ni des souffrances de nos a\u00efeux\u00a0: ni les unes ni les autres ne nous octroient un quelconque droit ou devoir.<br \/>\nParce que nous sommes ce que nous faisons, nous sommes la somme de nos actes, et des gens qui renversent des statues ou d\u00e9capitent Jos\u00e9phine de Beauharnais<a href=\"https:\/\/blog.causeur.fr\/bonnetdane\/iconoclasme-003159\/800px-statue_de_limperatrice_josephine_en_1998\" rel=\"attachment wp-att-3165\"><img loading=\"lazy\" decoding=\"async\" class=\"aligncenter size-large wp-image-3165\" src=\"https:\/\/blog.causeur.fr\/bonnetdane\/files\/2020\/06\/800px-Statue_de_limpe\u0301ratrice_Jose\u0301phine_en_1998-768x1024.jpg\" alt=\"800px-Statue_de_l'impe\u0301ratrice_Jose\u0301phine_en_1998\" width=\"584\" height=\"779\" srcset=\"https:\/\/blog.causeur.fr\/bonnetdane\/wp-content\/uploads\/sites\/25\/2020\/06\/800px-Statue_de_limpe\u0301ratrice_Jose\u0301phine_en_1998-768x1024.jpg 768w, https:\/\/blog.causeur.fr\/bonnetdane\/wp-content\/uploads\/sites\/25\/2020\/06\/800px-Statue_de_limpe\u0301ratrice_Jose\u0301phine_en_1998-225x300.jpg 225w, https:\/\/blog.causeur.fr\/bonnetdane\/wp-content\/uploads\/sites\/25\/2020\/06\/800px-Statue_de_limpe\u0301ratrice_Jose\u0301phine_en_1998.jpg 800w\" sizes=\"auto, (max-width: 584px) 100vw, 584px\" \/><\/a> parce qu\u2019on leur a fait croire des sornettes sont juste des cr\u00e9tins patent\u00e9s. Je me fiche pas mal que mon interlocuteur soit Noir, juif, ou pastafarien. La seule question int\u00e9ressante est : \u00ab Que fait-il ? \u00bb \u00ab Que vaut-il \u00bb \u2014 \u00e9tant entendu que la valeur humaine en soi est une affirmation\u00a0th\u00e9orique, en d\u00e9mocratie, mais que la vraie <em>qualit\u00e9<\/em>\u00a0se d\u00e9duit de ce que l\u2019on r\u00e9alise. En soi, mon fr\u00e8re, tu ne vaux pas plus que la somme de tes actes \u2014 et c\u2019est sur cette base que je te jugerai, pas sur la couleur de ta peau, ta pratique religieuse ou le fait que tu sois l\u2019heureux b\u00e9n\u00e9ficiaire d\u2019un vagin ou d\u2019un phallus.<\/p>\n<p>Jean-Paul Brighelli<\/p>\n","protected":false},"excerpt":{"rendered":"<p>Chacun (sauf le CRAN, le PIR, tous ceux qui les soutiennent et mettent un genou \u00e0 terre pour s\u2019excuser des crimes suppos\u00e9s de leurs anc\u00eatres, et Virginie Despentes, qui est\u00a0\u00e0 la Culture ce qu\u2019un poisson est \u00e0 une bicyclette) \u2014 chacun donc sait que le fondement de l\u2019iconoclasme, que ce soit au VIIIe si\u00e8cle, quand [&hellip;]<\/p>\n","protected":false},"author":6,"featured_media":0,"comment_status":"open","ping_status":"open","sticky":false,"template":"","format":"standard","meta":{"footnotes":""},"categories":[1],"tags":[325,2049,428,2051,113,2050],"class_list":{"0":"post-3159","1":"post","2":"type-post","3":"status-publish","4":"format-standard","6":"category-non-classe","7":"tag-antiracisme","8":"tag-iconoclasme","9":"tag-juifs","10":"tag-noirs","11":"tag-racisme","12":"tag-statues"},"_links":{"self":[{"href":"https:\/\/blog.causeur.fr\/bonnetdane\/wp-json\/wp\/v2\/posts\/3159","targetHints":{"allow":["GET"]}}],"collection":[{"href":"https:\/\/blog.causeur.fr\/bonnetdane\/wp-json\/wp\/v2\/posts"}],"about":[{"href":"https:\/\/blog.causeur.fr\/bonnetdane\/wp-json\/wp\/v2\/types\/post"}],"author":[{"embeddable":true,"href":"https:\/\/blog.causeur.fr\/bonnetdane\/wp-json\/wp\/v2\/users\/6"}],"replies":[{"embeddable":true,"href":"https:\/\/blog.causeur.fr\/bonnetdane\/wp-json\/wp\/v2\/comments?post=3159"}],"version-history":[{"count":0,"href":"https:\/\/blog.causeur.fr\/bonnetdane\/wp-json\/wp\/v2\/posts\/3159\/revisions"}],"wp:attachment":[{"href":"https:\/\/blog.causeur.fr\/bonnetdane\/wp-json\/wp\/v2\/media?parent=3159"}],"wp:term":[{"taxonomy":"category","embeddable":true,"href":"https:\/\/blog.causeur.fr\/bonnetdane\/wp-json\/wp\/v2\/categories?post=3159"},{"taxonomy":"post_tag","embeddable":true,"href":"https:\/\/blog.causeur.fr\/bonnetdane\/wp-json\/wp\/v2\/tags?post=3159"}],"curies":[{"name":"wp","href":"https:\/\/api.w.org\/{rel}","templated":true}]}}