{"id":3172,"date":"2020-06-30T12:01:12","date_gmt":"2020-06-30T10:01:12","guid":{"rendered":"https:\/\/blog.causeur.fr\/bonnetdane\/?p=3172"},"modified":"2021-04-22T18:48:03","modified_gmt":"2021-04-22T16:48:03","slug":"o-vous-freres-humains-dune-autre-couleur-que-la-mienne","status":"publish","type":"post","link":"https:\/\/blog.causeur.fr\/bonnetdane\/o-vous-freres-humains-dune-autre-couleur-que-la-mienne-3172","title":{"rendered":"\u00d4 vous fr\u00e8res humains d\u2019une autre couleur que la mienne\u2026"},"content":{"rendered":"<p>(Non, je ne dis pas \u00ab racis\u00e9s \u00bb. \u00ab Racis\u00e9 \u00bb est un mot de bobo raciste.)<\/p>\n<p>Donc, \u00f4 vous fr\u00e8res humains, de quelque couleur que vous soyez, excusez-moi de vous infliger un petit cours de culture g\u00e9n\u00e9rale.<\/p>\n<p>Vous vous distinguez en ce moment en vous en prenant \u00e0 des statues \u2014 que cela laisse de marbre. C\u2019est que vous ignorez l\u2019Histoire, et que vous croyez na\u00efvement qu\u2019en d\u00e9truisant le totem, vous d\u00e9truisez la civilisation qui les a \u00e9rig\u00e9s. Cela fait les affaires de ceux qui, justement, font des affaires, sur votre dos et sur le mien. Vous n\u2019\u00eates pas noirs avant toute chose : vous \u00eates, nous sommes exploit\u00e9s. La r\u00e9alit\u00e9, c\u2019est la lutte des classes \u2014 pas la rivalit\u00e9 des peaux.<\/p>\n<p>Dans votre inculture, vous vous en prenez m\u00eame aux statues des Blancs qui vous ont lib\u00e9r\u00e9s \u2014 Schoelcher par exemple. Parce qu\u2019il ne fallait pas compter sur les Noirs pour faire cesser l\u2019esclavage : c\u2019est dans les pays africains, arabes et indiens que l\u2019esclavage, le vrai, avec cha\u00eenes et fouet, existe encore. C\u2019est d\u2019ailleurs en Afrique que la traite s\u2019est d\u00e9velopp\u00e9e \u2014 du fait des Noirs d\u2019abord, entre eux, puis gr\u00e2ce aux n\u00e9gociants arabes, trop content d\u2019avoir des odalisques et des eunuques pour leurs harems. \u00c0 c\u00f4t\u00e9 des horreurs de la traite transsaharienne, la traite atlantique fait p\u00e2le figure. D\u2019ailleurs, combien de Noirs am\u00e9ricains retournent vivre en Afrique \u2014 au Lib\u00e9ria ou ailleurs ?<\/p>\n<p>Tant qu\u2019\u00e0 d\u00e9truire des statues, afin de porter le cr\u00e9tinisme \u00e0 incandescence, je vous conseille aussi de vous en prendre, si vous les trouvez, \u00e0 celle d\u2019Alexandre Laveran, qui a compris le m\u00e9canisme du paludisme en Alg\u00e9rie ; \u00e0 celles d\u2019Albert Schweitzer, qui a combattu la l\u00e8pre au Gabon ; \u00e0 celle d\u2019Alexander Fleming, qui a d\u00e9couvert la p\u00e9nicilline \u2014 et \u00e0 quelques autres Prix Nobel, tous d\u2019extraction europ\u00e9enne.<br \/>\nAucune relation de cause \u00e0 effet : c\u2019est juste que la civilisation europ\u00e9enne n\u2019a rien de fataliste ; pour elle une maladie est un d\u00e9fi ; et les principes chr\u00e9tiens de l\u2019Europe ont \u00e9paul\u00e9 ces recherches. Pas l\u2019Islam, je suis confus de l\u2019avouer.<br \/>\nIl est d\u2019ailleurs un peu paradoxal, \u00f4 mon fr\u00e8re h\u00e9b\u00e9t\u00e9, d\u2019avoir adopt\u00e9 la religion de gens qui vous ont d\u00e9port\u00e9s tant et plus. Et ch\u00e2tr\u00e9s, au passage.<\/p>\n<p>On sent bien que vous vous en prendriez plus volontiers \u00e0 des \u00eatres de chair et de sang, comme Jean-Jacques Dessalines l\u2019a fait \u00e0 Ha\u00efti en 1804, en massacrant tous les Blancs, enfants compris \u2014 m\u00eame que c\u2019est pour \u00e7a que l\u2019hymne ha\u00eftien s\u2019appelle la Dessalinienne\u2026<a href=\"https:\/\/blog.causeur.fr\/bonnetdane\/o-vous-freres-humains-dune-autre-couleur-que-la-mienne-003172\/capture-decran-2020-06-30-a-10-08-35\" rel=\"attachment wp-att-3176\"><img loading=\"lazy\" decoding=\"async\" class=\"aligncenter size-medium wp-image-3176\" src=\"https:\/\/blog.causeur.fr\/bonnetdane\/files\/2020\/06\/Capture-d\u2019e\u0301cran-2020-06-30-a\u0300-10.08.35-300x212.png\" alt=\"Capture d\u2019e\u0301cran 2020-06-30 a\u0300 10.08.35\" width=\"300\" height=\"212\" srcset=\"https:\/\/blog.causeur.fr\/bonnetdane\/wp-content\/uploads\/sites\/25\/2020\/06\/Capture-d\u2019e\u0301cran-2020-06-30-a\u0300-10.08.35-300x212.png 300w, https:\/\/blog.causeur.fr\/bonnetdane\/wp-content\/uploads\/sites\/25\/2020\/06\/Capture-d\u2019e\u0301cran-2020-06-30-a\u0300-10.08.35-424x300.png 424w, https:\/\/blog.causeur.fr\/bonnetdane\/wp-content\/uploads\/sites\/25\/2020\/06\/Capture-d\u2019e\u0301cran-2020-06-30-a\u0300-10.08.35.png 507w\" sizes=\"auto, (max-width: 300px) 100vw, 300px\" \/><\/a>Il \u00e9tait temps que la civilisation et le progr\u00e8s descendent sur cette \u00eele, n\u2019est-ce pas\u2026 Il n\u2019y a qu\u2019\u00e0 voir comme elle a prosp\u00e9r\u00e9 depuis.<\/p>\n<p>Vous pouvez cracher sur la police, qui fait des efforts m\u00e9ritoires pour ne pas riposter, et qui en a toujours fait. Si vous ne r\u00e9alisez pas que les flics sont bien sympas avec vous, quoi que disent des starlettes en manque de notori\u00e9t\u00e9 et des passionaria en qu\u00eate de subsides (il ne suffit pas de se coiffer comme Angela Davis pour rendre un combat l\u00e9gitime), c\u2019est que vous ne savez pas ce qu\u2019est une police de tol\u00e9rance z\u00e9ro. Allez donc voir aux Etats-Unis \u2014 ou en Arabie Saoudite, ou en Turquie. L\u00e0, vous verrez ce que sont vraiment des policiers sans concession.<br \/>\nVous ignorez l\u2019Histoire, \u00f4 mes fr\u00e8res, parce que vous avez l\u2019impression qu\u2019elle vous a toujours desservis. Mais c\u2019est qu\u2019on vous l\u2019a mal apprise \u2014 et certes les territoires perdus de la R\u00e9publique sont ceux o\u00f9 l\u2019Ecole fonctionne le plus mal. Peut-\u00eatre serait-il temps de se mettre vraiment au boulot \u2014 tous ensemble. En v\u00e9rit\u00e9, la colonisation europ\u00e9enne a \u00e9t\u00e9 presque partout un immense facteur de progr\u00e8s.<br \/>\nSi tu crois le contraire, \u00f4 mon fr\u00e8re en errance p\u00e9dagogique, c\u2019est que tu es mal inform\u00e9.<\/p>\n<p>Tu accuses les acteurs blancs qui jouent des r\u00f4les de Noirs. Blackface ! comme tu dis en bon fran\u00e7ais. Allons, je t\u2019accorde qu\u2019Al Jonson maquill\u00e9 en Noir pour jouer le Chanteur de jazz n\u2019\u00e9tait pas une grande r\u00e9ussite \u2014 cela pr\u00eaterait plut\u00f4t \u00e0 sourire. Mais Orson Welles grim\u00e9 en Maure pour jouer Othello \u00e9tait sublime \u2014 et aucun acteur noir n\u2019aurait pu l\u2019\u00e9galer \u00e0 l\u2019\u00e9poque. Qu\u2019\u00e0 talent \u00e9gal on choisisse un Noir pour jouer le Noir, pourquoi pas ? Mais \u00e0 talent in\u00e9gal, ce serait une erreur de casting, n\u2019est-ce pas\u2026 Tout comme Burt Lancaster a jou\u00e9 l\u2019Indien avec un talent qu\u2019aucun Peau-Rouge de son temps ne poss\u00e9dait. C\u2019est cela, le th\u00e9\u00e2tre ou le cin\u00e9ma : donner l\u2019illusion. Si demain un acteur noir dou\u00e9 joue le Christ ou Dom Juan, je n\u2019y vois aucun inconv\u00e9nient. Mais il ne suffit pas d\u2019\u00eatre noir et de faire le pitre pour interpr\u00e9ter d\u00e9cemment le Docteur Knock. Le g\u00e9nie n\u2019est pas g\u00e9n\u00e9tique. C\u2019est le fruit d\u2019un long, tr\u00e8s long travail.<\/p>\n<p>Plut\u00f4t que d\u2019accuser les enseignants de ne pas t\u2019aimer parce qu\u2019ils te mettent de mauvaises notes \u2014 et ce n\u2019est en rien une g\u00e9n\u00e9ralit\u00e9 \u2014, accroche-toi, redouble d\u2019efforts, et n\u2019attends pas de p\u00e9dagogues repentants qu\u2019ils te surnotent pour te faire plaisir et acheter la paix en Seine Saint-Denis. C\u2019est ce qu\u2019ont fait bien avant toi, et avant moi, des hommes comme L\u00e9opold Sedar Senghor ou Aim\u00e9 C\u00e9saire \u2014 d\u2019immenses po\u00e8tes pour lequel j\u2019ai une grande v\u00e9n\u00e9ration.<a href=\"https:\/\/blog.causeur.fr\/bonnetdane\/o-vous-freres-humains-dune-autre-couleur-que-la-mienne-003172\/capture-decran-2020-06-30-a-11-55-32\" rel=\"attachment wp-att-3177\"><img loading=\"lazy\" decoding=\"async\" class=\"aligncenter size-large wp-image-3177\" src=\"https:\/\/blog.causeur.fr\/bonnetdane\/files\/2020\/06\/Capture-d\u2019e\u0301cran-2020-06-30-a\u0300-11.55.32-1024x606.png\" alt=\"Capture d\u2019e\u0301cran 2020-06-30 a\u0300 11.55.32\" width=\"584\" height=\"346\" srcset=\"https:\/\/blog.causeur.fr\/bonnetdane\/wp-content\/uploads\/sites\/25\/2020\/06\/Capture-d\u2019e\u0301cran-2020-06-30-a\u0300-11.55.32-1024x606.png 1024w, https:\/\/blog.causeur.fr\/bonnetdane\/wp-content\/uploads\/sites\/25\/2020\/06\/Capture-d\u2019e\u0301cran-2020-06-30-a\u0300-11.55.32-300x178.png 300w, https:\/\/blog.causeur.fr\/bonnetdane\/wp-content\/uploads\/sites\/25\/2020\/06\/Capture-d\u2019e\u0301cran-2020-06-30-a\u0300-11.55.32-768x455.png 768w, https:\/\/blog.causeur.fr\/bonnetdane\/wp-content\/uploads\/sites\/25\/2020\/06\/Capture-d\u2019e\u0301cran-2020-06-30-a\u0300-11.55.32-500x296.png 500w, https:\/\/blog.causeur.fr\/bonnetdane\/wp-content\/uploads\/sites\/25\/2020\/06\/Capture-d\u2019e\u0301cran-2020-06-30-a\u0300-11.55.32.png 1165w\" sizes=\"auto, (max-width: 584px) 100vw, 584px\" \/><\/a> Senghor n\u2019a pas d\u00e9croch\u00e9 l\u2019agr\u00e9gation de grammaire gr\u00e2ce \u00e0 je ne sais quelle discrimination positive. C\u00e9saire n\u2019est pas entr\u00e9 \u00e0 l\u2019Ecole Normale Sup\u00e9rieure parce qu\u2019on lui a fait une fleur. Ils ont l\u2019un et l\u2019autre boss\u00e9. Et ils sont devenus les chantres de la n\u00e9gritude en utilisant leur plume comme fusil \u2014 pas en cassant des vitrines.<\/p>\n<p>Les fautes suppos\u00e9es de nos p\u00e8res sont tr\u00e8s l\u00e9g\u00e8res \u00e0 nos c\u0153urs de Blancs \u2014 c\u2019est toute la diff\u00e9rence entre la culture, qui fait la part du feu, et la religion qui croit qu\u2019hier p\u00e8se encore aujourd\u2019hui.<br \/>\nEt les Blancs qui cherchent \u00e0 gagner tes faveurs en s\u2019agenouillant ou en l\u00e9chant tes bottes sont juste des jobards que l\u2019id\u00e9e de culpabilit\u00e9 fait fr\u00e9tiller. Chacun ses fantasmes.<\/p>\n<p>Alors en v\u00e9rit\u00e9 je te le dis, mon fr\u00e8re : mets-toi au boulot, d\u00e9croche des qualifications qui feront envie \u00e0 tous, entre toi aussi \u00e0 l\u2019Acad\u00e9mie fran\u00e7aise, fonde une entreprise dynamique et nouvelle, n\u2019oblige pas ta femme \u00e0 exciser vos filles, renonce \u00e0 la polygamie, et nous discuterons \u00e0 \u00e9galit\u00e9.<br \/>\nParce que l\u2019\u00e9galit\u00e9, vois-tu, est un droit th\u00e9orique. Tous tant que nous sommes, fr\u00e8res humains de diverses couleurs, nous avons les m\u00eames droits \u2014 mais nous n\u2019avons de valeur qu\u2019en fonction de nos actes. Tant que tu t\u2019obstineras, \u00f4 mon fr\u00e8re, \u00e0 r\u00e9clamer des subsides et des g\u00e9nuflexions sans rien apporter par toi-m\u00eame, tu seras juste un fardeau, pour toi et pour les autres.<\/p>\n<p>M\u00eame le droit de gueuler se conquiert \u2014 par le talent. Nombre de po\u00e8tes antillais ou africains qui ont exalt\u00e9 l\u2019homme noir l\u2019ont fait avec un g\u00e9nie des mots que j\u2019admire profond\u00e9ment. Mais ils n\u2019ont pas pour autant crach\u00e9 sur l\u2019homme blanc, ni revendiqu\u00e9 des droits qu\u2019ils n\u2019auraient pas m\u00e9rit\u00e9s.<br \/>\nTu devrais te demander quels sont tes vrais ennemis, mon fr\u00e8re. Te demander si ce ne sont pas certains activistes qui te manipulent et te marchent dessus pour s\u2019\u00e9lever ou s\u2019enrichir. Quand tu as fini de souiller une statue de peinture rouge, es-tu plus riche pour autant ? Colbert, \u00e7a ne lui fait rien que des cr\u00e9tins \u00e0 Thionville d\u00e9baptisent un lyc\u00e9e pour l\u2019appeler Rosa Parks\u2014 et \u00e7a ne fait rien non plus \u00e0 Rosa Parks, qui ne savait pas o\u00f9 \u00e9tait Thionville \u2014 et toi non plus, mon fr\u00e8re en ignorance. Colbert reste grand \u2014 et le Code Noir, il ne l\u2019a pas sign\u00e9, il \u00e9tait d\u00e9j\u00e0 mort : mais qui te l\u2019a expliqu\u00e9, dis-moi, \u00f4 mon fr\u00e8re en grande ignorance ?<\/p>\n<p>Quant \u00e0 vouloir purger les arts de tous les termes qui t\u2019offensent\u2026 Les universit\u00e9s am\u00e9ricaines interdisent en ce moment des grands noms de la lutte antiraciste, Harper Lee ou Mark Twain, sous pr\u00e9texte qu\u2019on trouve dans leurs \u0153uvres des mots qui pourraient offenser les oreilles des \u00e9tudiants noirs. Nigger ! Mais le mot n\u2019est l\u00e0 que pour donner une id\u00e9e juste de ce qu\u2019\u00e9tait vraiment l\u2019Am\u00e9rique de la s\u00e9gr\u00e9gation. Et quand Montesquieu ou Voltaire parlent de \u00ab n\u00e8gres \u00bb, c\u2019est pour condamner l\u2019esclavage. Se focaliser sur le mot sans voir l\u2019intention qui est derri\u00e8re t\u00e9moigne d\u2019un esprit de tout petit calibre, \u00f4 mon fr\u00e8re en inculture ! Et tu ne voudrais tout de m\u00eame pas que je pense que tu es plus b\u00eate que moi ?<\/p>\n<p>Jean-Paul Brighelli<\/p>\n","protected":false},"excerpt":{"rendered":"<p>(Non, je ne dis pas \u00ab racis\u00e9s \u00bb. \u00ab Racis\u00e9 \u00bb est un mot de bobo raciste.) Donc, \u00f4 vous fr\u00e8res humains, de quelque couleur que vous soyez, excusez-moi de vous infliger un petit cours de culture g\u00e9n\u00e9rale. Vous vous distinguez en ce moment en vous en prenant \u00e0 des statues \u2014 que cela laisse [&hellip;]<\/p>\n","protected":false},"author":6,"featured_media":0,"comment_status":"open","ping_status":"open","sticky":false,"template":"","format":"standard","meta":{"footnotes":""},"categories":[1],"tags":[1144,2065,2063,2062,113,2064,2050],"class_list":{"0":"post-3172","1":"post","2":"type-post","3":"status-publish","4":"format-standard","6":"category-non-classe","7":"tag-cesaire","8":"tag-colbert","9":"tag-negritude","10":"tag-noirs-blancs","11":"tag-racisme","12":"tag-senghor","13":"tag-statues"},"_links":{"self":[{"href":"https:\/\/blog.causeur.fr\/bonnetdane\/wp-json\/wp\/v2\/posts\/3172","targetHints":{"allow":["GET"]}}],"collection":[{"href":"https:\/\/blog.causeur.fr\/bonnetdane\/wp-json\/wp\/v2\/posts"}],"about":[{"href":"https:\/\/blog.causeur.fr\/bonnetdane\/wp-json\/wp\/v2\/types\/post"}],"author":[{"embeddable":true,"href":"https:\/\/blog.causeur.fr\/bonnetdane\/wp-json\/wp\/v2\/users\/6"}],"replies":[{"embeddable":true,"href":"https:\/\/blog.causeur.fr\/bonnetdane\/wp-json\/wp\/v2\/comments?post=3172"}],"version-history":[{"count":0,"href":"https:\/\/blog.causeur.fr\/bonnetdane\/wp-json\/wp\/v2\/posts\/3172\/revisions"}],"wp:attachment":[{"href":"https:\/\/blog.causeur.fr\/bonnetdane\/wp-json\/wp\/v2\/media?parent=3172"}],"wp:term":[{"taxonomy":"category","embeddable":true,"href":"https:\/\/blog.causeur.fr\/bonnetdane\/wp-json\/wp\/v2\/categories?post=3172"},{"taxonomy":"post_tag","embeddable":true,"href":"https:\/\/blog.causeur.fr\/bonnetdane\/wp-json\/wp\/v2\/tags?post=3172"}],"curies":[{"name":"wp","href":"https:\/\/api.w.org\/{rel}","templated":true}]}}