{"id":3185,"date":"2020-07-15T13:00:10","date_gmt":"2020-07-15T11:00:10","guid":{"rendered":"https:\/\/blog.causeur.fr\/bonnetdane\/?p=3185"},"modified":"2021-04-22T18:48:03","modified_gmt":"2021-04-22T16:48:03","slug":"christian-biet-1952-2020","status":"publish","type":"post","link":"https:\/\/blog.causeur.fr\/bonnetdane\/christian-biet-1952-2020-3185","title":{"rendered":"Christian Biet, 1952-2020"},"content":{"rendered":"<p><a href=\"https:\/\/blog.causeur.fr\/bonnetdane\/christian-biet-1952-2020-003185\/capture-decran-2020-07-15-a-12-41-02\" rel=\"attachment wp-att-3193\"><img loading=\"lazy\" decoding=\"async\" class=\"aligncenter size-full wp-image-3193\" src=\"https:\/\/blog.causeur.fr\/bonnetdane\/files\/2020\/07\/Capture-d\u2019e\u0301cran-2020-07-15-a\u0300-12.41.02.png\" alt=\"Capture d\u2019e\u0301cran 2020-07-15 a\u0300 12.41.02\" width=\"427\" height=\"439\" srcset=\"https:\/\/blog.causeur.fr\/bonnetdane\/wp-content\/uploads\/sites\/25\/2020\/07\/Capture-d\u2019e\u0301cran-2020-07-15-a\u0300-12.41.02.png 427w, https:\/\/blog.causeur.fr\/bonnetdane\/wp-content\/uploads\/sites\/25\/2020\/07\/Capture-d\u2019e\u0301cran-2020-07-15-a\u0300-12.41.02-292x300.png 292w\" sizes=\"auto, (max-width: 427px) 100vw, 427px\" \/><\/a>Christian Biet, que nombre de gens connaissent pour ses livres sur le th\u00e9\u00e2tre, condens\u00e9s de son enseignement \u00e0 Paris X-Nanterre, vient de mourir, quasiment dans la premi\u00e8re semaine de sa retraite. Aussi b\u00eatement que possible, histoire de nous rappeler qu\u2019il n\u2019y a pas de fa\u00e7on intelligente de dispara\u00eetre. Un malaise, une chute en v\u00e9lo, un choc sur la t\u00eate, cela suffit \u00e0 effacer un \u00eatre d\u2019une immense intelligence, tout comme ce peut \u00eatre la raison suffisante de la disparition d\u2019un cr\u00e9tin.<\/p>\n<p>J\u2019ai rencontr\u00e9 Christian \u2014 au centre sur la photo \u2014 en septembre 1974, au quatri\u00e8me \u00e9tage du b\u00e2timent qui, \u00e0 l\u2019entr\u00e9e du Parc de Saint-Cloud, abritait alors les locaux de l\u2019ENS du m\u00eame nom. Mon ami Jean-Luc Rispail et moi y suivions les cours d\u2019agr\u00e9gation, Christian avait rejoint l\u2019Ecole en auditeur libre. Et nous avons imm\u00e9diatement reconnu en lui une intelligence sup\u00e9rieure, certes, mais surtout une capacit\u00e9 \u00e0 rire qui nous l\u2019a rendu pr\u00e9cieux.<br \/>\nQuitte \u00e0 interloquer ceux qui l\u2019ont connu bien plus tard, \u00e0 Nanterre, il \u00e9tait tr\u00e8s port\u00e9 sur l\u2019humour \u00e0 l\u2019emporte-pi\u00e8ce et les\u00a0jeux de mots d\u2019autant plus hilarants qu\u2019ils \u00e9taient tir\u00e9s par les cheveux. Il cultivait le second degr\u00e9 comme d\u2019autres les fraises. Cela dit, parfaitement capable de prendre des notes lorsque le cours \u00e9tait intelligent (merci encore \u00e0 Jean Goldzink ou G\u00e9rard Gengembre), et d\u2019alimenter des chahuts muets \u2014\u00ac les plus redoutables \u2014 lorsque le professeur n\u2019\u00e9tait pas au niveau de nos attentes. Des rafales de r\u00e9flexions sanglantes lanc\u00e9es dans sa barbe, qui pliaient de rire les belles auditrices admises \u00e0 suivre l\u2019enseignement de l\u2019ENS.<\/p>\n<p>Deux ans plus tard, Christian et son \u00e9pouse d\u2019un c\u00f4t\u00e9, moi et ma compagne d\u2019alors part\u00eemes pour les Etats-Unis. Nous y accompl\u00eemes un p\u00e9riple insens\u00e9 de plus de 12 000 kilom\u00e8tres, dont je ne retiendrai qu\u2019une image. Quelque part du c\u00f4t\u00e9 de Monument Valley, nous avions lou\u00e9 des chevaux pour parcourir les canyons \u00e0 l\u2019ancienne. Et le canasson de Christian p\u00e9tait de fa\u00e7on irr\u00e9pressible \u2014 de sorte que les autres lui passaient devant, pour ne pas renifler\u00a0ses remugles, et que le malheureux barbu avala notre poussi\u00e8re pendant toute la journ\u00e9e. Une occasion en or pour \u00e9puiser toutes les blagues possibles sur la p\u00e9tomanie \u2014 et il ne fut pas le dernier \u00e0 en rire.<\/p>\n<p>Nous avions r\u00e9ussi l\u2019agr\u00e9gation tous les trois, Jean-Luc, Christian et moi, en 1975, et nous ne nous sommes plus quitt\u00e9s. Ensemble nous sommes all\u00e9 voir Louis Magnard, en 1980, pour lui proposer d\u2019\u00e9diter une collection concurrente du Lagarde &amp; Michard qui \u00e9tait le Bible de tant d\u2019enseignants routiniers \u2014 quoique cette routine d\u2019alors para\u00eetrait aujourd\u2019hui d\u2019une rigueur implacable. Ce faisant nous nous attaquions \u00e0 une forteresse, puisque Magnard \u00e9tait d\u00e9j\u00e0 en discussion avec Alain Viala et Claude Aziza, universitaires reconnus, pour mettre au point une collection par si\u00e8cles concurrente de l\u2019institution de Bordas. \u00ab Si vous m\u2019apportiez un projet\u2026 \u00bb, susurra l\u2019\u00e9diteur. Nous y pass\u00e2mes la nuit, mais le lendemain matin, il avait sur sa table un projet complet, d\u00e9capant, qui lui fit r\u00e9voquer nos concurrents (Viala au moins ne nous l\u2019a jamais pardonn\u00e9) et nous choisir, nous obscurs, nous si jeunes, pour \u00e9laborer des livres dont on parle encore dans les chaumi\u00e8res \u2014 destin\u00e9s aux classes de lyc\u00e9e, et qui font d\u00e9sormais les beaux jours des agr\u00e9gatifs, quand ils y pensent.<a href=\"https:\/\/blog.causeur.fr\/bonnetdane\/christian-biet-1952-2020-003185\/biet-brighelli-rispail-textes-et-contextes-xvie-xviie-siecles_0001\" rel=\"attachment wp-att-3194\"><img loading=\"lazy\" decoding=\"async\" class=\"aligncenter size-medium wp-image-3194\" src=\"https:\/\/blog.causeur.fr\/bonnetdane\/files\/2020\/07\/Biet-Brighelli-Rispail-Textes-et-contextes-XVIe-XVIIe-sie\u0300cles_0001-213x300.jpg\" alt=\"Biet, Brighelli, Rispail, Textes et contextes, XVIe-XVIIe sie\u0300cles_0001\" width=\"213\" height=\"300\" srcset=\"https:\/\/blog.causeur.fr\/bonnetdane\/wp-content\/uploads\/sites\/25\/2020\/07\/Biet-Brighelli-Rispail-Textes-et-contextes-XVIe-XVIIe-sie\u0300cles_0001-213x300.jpg 213w, https:\/\/blog.causeur.fr\/bonnetdane\/wp-content\/uploads\/sites\/25\/2020\/07\/Biet-Brighelli-Rispail-Textes-et-contextes-XVIe-XVIIe-sie\u0300cles_0001-768x1080.jpg 768w, https:\/\/blog.causeur.fr\/bonnetdane\/wp-content\/uploads\/sites\/25\/2020\/07\/Biet-Brighelli-Rispail-Textes-et-contextes-XVIe-XVIIe-sie\u0300cles_0001-728x1024.jpg 728w, https:\/\/blog.causeur.fr\/bonnetdane\/wp-content\/uploads\/sites\/25\/2020\/07\/Biet-Brighelli-Rispail-Textes-et-contextes-XVIe-XVIIe-sie\u0300cles_0001.jpg 1138w\" sizes=\"auto, (max-width: 213px) 100vw, 213px\" \/><\/a><a href=\"https:\/\/blog.causeur.fr\/bonnetdane\/christian-biet-1952-2020-003185\/61stbv7-odl-_sx331_bo1204203200_\" rel=\"attachment wp-att-3195\"><img loading=\"lazy\" decoding=\"async\" class=\"aligncenter size-medium wp-image-3195\" src=\"https:\/\/blog.causeur.fr\/bonnetdane\/files\/2020\/07\/61stbv7-OdL._SX331_BO1204203200_-200x300.jpg\" alt=\"61stbv7-OdL._SX331_BO1,204,203,200_\" width=\"200\" height=\"300\" srcset=\"https:\/\/blog.causeur.fr\/bonnetdane\/wp-content\/uploads\/sites\/25\/2020\/07\/61stbv7-OdL._SX331_BO1204203200_-200x300.jpg 200w, https:\/\/blog.causeur.fr\/bonnetdane\/wp-content\/uploads\/sites\/25\/2020\/07\/61stbv7-OdL._SX331_BO1204203200_.jpg 333w\" sizes=\"auto, (max-width: 200px) 100vw, 200px\" \/><\/a><a href=\"https:\/\/blog.causeur.fr\/bonnetdane\/christian-biet-1952-2020-003185\/61k3d54m4rl-_sx346_bo1204203200_\" rel=\"attachment wp-att-3196\"><img loading=\"lazy\" decoding=\"async\" class=\"aligncenter size-medium wp-image-3196\" src=\"https:\/\/blog.causeur.fr\/bonnetdane\/files\/2020\/07\/61k3d54m4rL._SX346_BO1204203200_-209x300.jpg\" alt=\"61k3d54m4rL._SX346_BO1,204,203,200_\" width=\"209\" height=\"300\" srcset=\"https:\/\/blog.causeur.fr\/bonnetdane\/wp-content\/uploads\/sites\/25\/2020\/07\/61k3d54m4rL._SX346_BO1204203200_-209x300.jpg 209w, https:\/\/blog.causeur.fr\/bonnetdane\/wp-content\/uploads\/sites\/25\/2020\/07\/61k3d54m4rL._SX346_BO1204203200_.jpg 348w\" sizes=\"auto, (max-width: 209px) 100vw, 209px\" \/><\/a><a href=\"https:\/\/blog.causeur.fr\/bonnetdane\/christian-biet-1952-2020-003185\/attachment\/007446533\" rel=\"attachment wp-att-3197\"><img loading=\"lazy\" decoding=\"async\" class=\"aligncenter size-medium wp-image-3197\" src=\"https:\/\/blog.causeur.fr\/bonnetdane\/files\/2020\/07\/007446533-259x300.jpg\" alt=\"007446533\" width=\"259\" height=\"300\" srcset=\"https:\/\/blog.causeur.fr\/bonnetdane\/wp-content\/uploads\/sites\/25\/2020\/07\/007446533-259x300.jpg 259w, https:\/\/blog.causeur.fr\/bonnetdane\/wp-content\/uploads\/sites\/25\/2020\/07\/007446533.jpg 400w\" sizes=\"auto, (max-width: 259px) 100vw, 259px\" \/><\/a> Cela donne une id\u00e9e palpable de la baisse de niveau. Les\u00a0quatre livres, con\u00e7us en moins de quatre ans, totalisaient 500 pages de plus que la somme de Bordas \u2014 et quelques milliers de plus que les manuels aujourd\u2019hui propos\u00e9s en Seconde \/ Premi\u00e8re. Cela aussi donne une certaine id\u00e9e de l\u2019\u00e9rosion des exigences.<\/p>\n<p>Un journaliste de France-Culture nous contacta alors pour interroger Edgar Faure qui venait de sortir le premier tome de ses <em>M\u00e9moires<\/em>. Le grand homme (il \u00e9tait vraiment d\u2019une intelligence sup\u00e9rieure) nous appr\u00e9cia si fort qu\u2019il nous invita le dimanche suivant \u00e0 d\u00e9jeuner avec nos compagnes dans sa masure des bords de Seine. L\u2019apr\u00e8s-midi, il nous d\u00e9fia au tarot \u2014 et nous e\u00fbmes la satisfaction de taper le carton avec une ancienne gloire de la Quatri\u00e8me R\u00e9publique, de nous faire raconter les turpitudes de tel ou tel qui n&rsquo;avait toujours pas renonc\u00e9, et de gagner environ 500 francs, dont l&rsquo;ancien Pr\u00e9sident du Conseil\u00a0s\u2019acquitta \u00e0 l\u2019instant; Tout cela eut l\u2019air de beaucoup amuser son \u00e9pouse, qui visiblement s\u2019ennuyait \u00e0 p\u00e9rir dans ce ch\u00e2teau fort agr\u00e9able et \u00e9loign\u00e9 de tout.<\/p>\n<p>Dans cette p\u00e9riode fertile en livres, Christian et moi e\u00fbmes le bon go\u00fbt d\u2019avoir chacun une fille, que nous promenions sur nos \u00e9paules, de Jardin des Plantes en Parc floral, de week-ends \u00e0 la campagne en go\u00fbters pleins de rires d\u2019enfants. Je les entends encore \u2014 trente ans plus tard.<\/p>\n<p>Notre association a dur\u00e9 jusqu\u2019\u00e0 la fin des ann\u00e9es 1980, quand Jean-Luc a cru malin\u00a0d\u2019attraper la maladie \u00e0 la mode. Nous nous sommes occup\u00e9s de lui tant que nous avons pu, en ces temps barbares o\u00f9 le Retrovir balbutiait encore dans son \u00e9prouvette \u2014 jusqu\u2019\u00e0 ce que nous lui disions adieu au fun\u00e9rarium du P\u00e8re-Lachaise, en janvier 1992. Il faisait froid mais il faisait beau.<br \/>\nUn tr\u00e9pied auquel manque soudain un pied n\u2019est plus tr\u00e8s stable. Pourtant nous avons continu\u00e9 \u00e0 cr\u00e9er des collections, en bossant par exemple pour Gallimard, o\u00f9 nous avions, \u00e0 trois, particip\u00e9 au lancement de la collection D\u00e9couvertes, o\u00f9 nous avons con\u00e7u ensemble les biographies de Dumas<a href=\"https:\/\/blog.causeur.fr\/bonnetdane\/christian-biet-1952-2020-003185\/unnamed-4\" rel=\"attachment wp-att-3198\"><img loading=\"lazy\" decoding=\"async\" class=\"aligncenter size-full wp-image-3198\" src=\"https:\/\/blog.causeur.fr\/bonnetdane\/files\/2020\/07\/unnamed.jpg\" alt=\"unnamed\" width=\"195\" height=\"275\" \/><\/a> et de Malraux,<a href=\"https:\/\/blog.causeur.fr\/bonnetdane\/christian-biet-1952-2020-003185\/9782070530298-475x500-1\" rel=\"attachment wp-att-3199\"><img loading=\"lazy\" decoding=\"async\" class=\"aligncenter size-medium wp-image-3199\" src=\"https:\/\/blog.causeur.fr\/bonnetdane\/files\/2020\/07\/9782070530298-475x500-1-209x300.jpg\" alt=\"9782070530298-475x500-1\" width=\"209\" height=\"300\" srcset=\"https:\/\/blog.causeur.fr\/bonnetdane\/wp-content\/uploads\/sites\/25\/2020\/07\/9782070530298-475x500-1-209x300.jpg 209w, https:\/\/blog.causeur.fr\/bonnetdane\/wp-content\/uploads\/sites\/25\/2020\/07\/9782070530298-475x500-1.jpg 349w\" sizes=\"auto, (max-width: 209px) 100vw, 209px\" \/><\/a> et o\u00f9 Christian et moi avons achev\u00e9 le volume sur le Surr\u00e9alisme<a href=\"https:\/\/blog.causeur.fr\/bonnetdane\/christian-biet-1952-2020-003185\/les-surrealistes-decouvertes-gallimard-1991\" rel=\"attachment wp-att-3200\"><img loading=\"lazy\" decoding=\"async\" class=\"aligncenter size-medium wp-image-3200\" src=\"https:\/\/blog.causeur.fr\/bonnetdane\/files\/2020\/07\/Les-Surrealistes-Decouvertes-Gallimard-1991-215x300.jpg\" alt=\"Les-Surrealistes-Decouvertes-Gallimard-1991\" width=\"215\" height=\"300\" srcset=\"https:\/\/blog.causeur.fr\/bonnetdane\/wp-content\/uploads\/sites\/25\/2020\/07\/Les-Surrealistes-Decouvertes-Gallimard-1991-215x300.jpg 215w, https:\/\/blog.causeur.fr\/bonnetdane\/wp-content\/uploads\/sites\/25\/2020\/07\/Les-Surrealistes-Decouvertes-Gallimard-1991.jpg 286w\" sizes=\"auto, (max-width: 215px) 100vw, 215px\" \/><\/a> que la c\u00e9cit\u00e9 soudaine de Jean-Luc avait mis hors de sa port\u00e9e, quoiqu\u2019il l\u2019ait sign\u00e9). Et cr\u00e9\u00e9 les Folio Junior Edition Sp\u00e9ciale.<br \/>\nEntre-temps, Christian avait \u00e9crit une th\u00e8se brillante sur les repr\u00e9sentations d\u2019\u0152dipe au XVIIIe si\u00e8cle, d\u00e9croch\u00e9 un poste \u00e0 Nanterre, et il s\u2019est tr\u00e8s vite impos\u00e9 comme le sp\u00e9cialiste du th\u00e9\u00e2tre des XVIIe-XVIIIe si\u00e8cles, puis du th\u00e9\u00e2tre tout court.<br \/>\nIl avait enseign\u00e9 en coll\u00e8ge, en d\u00e9but de carri\u00e8re (j\u2019ai encore souvenir de son \u00e9tude du <em>Conte \u00e0 votre fa\u00e7on<\/em> de Queneau \u2014 en sixi\u00e8me), il avait connu ce qu\u2019il y avait de pire dans le syst\u00e8me \u00e9ducatif, y avait brill\u00e9, et il savait se montrer courtois avec les jeunes th\u00e9sards et les PRAG de passage \u2014 ce que peu de profs exclusivement nourris dans le giron universitaire consentent \u00e0\u00a0faire.<\/p>\n<p>Puis la vie et la g\u00e9ographie nous s\u00e9par\u00e8rent. Quelques personnes bien intentionn\u00e9es y contribu\u00e8rent aussi un peu, appuyant sur les divergences id\u00e9ologiques entre un ancien de Lutte Ouvri\u00e8re rest\u00e9 \u00e0 gauche et un ancien mao souverainiste, donc r\u00e9put\u00e9 de droite. Mais j\u2019ai souvenir de son rire lorsque je lui expliquai, il y a encore trois ans, que j\u2019avais donn\u00e9 en sujet de dissert un passage de son bouquin sur <em>Qu\u2019est-ce que le th\u00e9\u00e2tre<\/em>. Nous avions \u00e9t\u00e9 \u00e9tudiants ensemble, nous \u00e9tions \u00e0 pr\u00e9sent \u00e9tudi\u00e9s.<\/p>\n<p>Il est mort. Trois mots d\u00e9finitifs, car comme a si bien dit Beauvoir lorsque Sartre a cass\u00e9 sa pipe, \u00ab sa mort nous s\u00e9pare, ma mort ne nous r\u00e9unira pas. \u00bb Des trois mousquetaires (ainsi nous appelait Louis Magnard) originels, je reste seul. \u00ab Et il reprit seul, seul \u00e0 jamais, le chemin de Paris \u00bb C\u2019est vers la fin du <em>Vicomte de Bragelonne<\/em>, le plus d\u00e9sesp\u00e9r\u00e9 de tous les livres de Dumas. J\u2019\u00e9cris ces lignes dans le train qui me ram\u00e8ne justement \u00e0 Paris, et au P\u00e8re-Lachaise. Tous les chemins m\u00e8nent \u00e0 Rome, para\u00eet-il \u2014 oui, et au cimeti\u00e8re. Mais je ne suis pas press\u00e9.<\/p>\n<p>Jean-Paul Brighelli<\/p>\n<p>PS. Je ne voudrais pas que le lecteur enseignant qui tomberait sur le sujet \u00e9voqu\u00e9\u00a0plus haut pense que je me d\u00e9file. Un corrig\u00e9 enti\u00e8rement r\u00e9dig\u00e9, comme je le fais depuis toujours pour mes \u00e9l\u00e8ves, sera propos\u00e9 dans les commentaires de cette chronique quelque peu am\u00e8re \u2014 mais comment l\u2019\u00e9viter ?<\/p>\n","protected":false},"excerpt":{"rendered":"<p>Christian Biet, que nombre de gens connaissent pour ses livres sur le th\u00e9\u00e2tre, condens\u00e9s de son enseignement \u00e0 Paris X-Nanterre, vient de mourir, quasiment dans la premi\u00e8re semaine de sa retraite. Aussi b\u00eatement que possible, histoire de nous rappeler qu\u2019il n\u2019y a pas de fa\u00e7on intelligente de dispara\u00eetre. Un malaise, une chute en v\u00e9lo, un [&hellip;]<\/p>\n","protected":false},"author":6,"featured_media":0,"comment_status":"open","ping_status":"open","sticky":false,"template":"","format":"standard","meta":{"footnotes":""},"categories":[1],"tags":[2083,2086,2087,2084,2085,2088],"class_list":{"0":"post-3185","1":"post","2":"type-post","3":"status-publish","4":"format-standard","6":"category-non-classe","7":"tag-christian-biet","8":"tag-decouvertes-gallimard","9":"tag-folio-junior-edition-speciale","10":"tag-jean-luc-rispail","11":"tag-textes-contextes","12":"tag-theatre"},"_links":{"self":[{"href":"https:\/\/blog.causeur.fr\/bonnetdane\/wp-json\/wp\/v2\/posts\/3185","targetHints":{"allow":["GET"]}}],"collection":[{"href":"https:\/\/blog.causeur.fr\/bonnetdane\/wp-json\/wp\/v2\/posts"}],"about":[{"href":"https:\/\/blog.causeur.fr\/bonnetdane\/wp-json\/wp\/v2\/types\/post"}],"author":[{"embeddable":true,"href":"https:\/\/blog.causeur.fr\/bonnetdane\/wp-json\/wp\/v2\/users\/6"}],"replies":[{"embeddable":true,"href":"https:\/\/blog.causeur.fr\/bonnetdane\/wp-json\/wp\/v2\/comments?post=3185"}],"version-history":[{"count":0,"href":"https:\/\/blog.causeur.fr\/bonnetdane\/wp-json\/wp\/v2\/posts\/3185\/revisions"}],"wp:attachment":[{"href":"https:\/\/blog.causeur.fr\/bonnetdane\/wp-json\/wp\/v2\/media?parent=3185"}],"wp:term":[{"taxonomy":"category","embeddable":true,"href":"https:\/\/blog.causeur.fr\/bonnetdane\/wp-json\/wp\/v2\/categories?post=3185"},{"taxonomy":"post_tag","embeddable":true,"href":"https:\/\/blog.causeur.fr\/bonnetdane\/wp-json\/wp\/v2\/tags?post=3185"}],"curies":[{"name":"wp","href":"https:\/\/api.w.org\/{rel}","templated":true}]}}