{"id":3192,"date":"2020-07-19T20:09:44","date_gmt":"2020-07-19T18:09:44","guid":{"rendered":"https:\/\/blog.causeur.fr\/bonnetdane\/?p=3192"},"modified":"2021-04-22T18:48:03","modified_gmt":"2021-04-22T16:48:03","slug":"la-france-masquee","status":"publish","type":"post","link":"https:\/\/blog.causeur.fr\/bonnetdane\/la-france-masquee-3192","title":{"rendered":"La France masqu\u00e9e"},"content":{"rendered":"<p><a href=\"https:\/\/blog.causeur.fr\/bonnetdane\/la-france-masquee-003192\/url-4\" rel=\"attachment wp-att-3203\"><img loading=\"lazy\" decoding=\"async\" class=\"aligncenter size-full wp-image-3203\" src=\"https:\/\/blog.causeur.fr\/bonnetdane\/files\/2020\/07\/url.jpg\" alt=\"url\" width=\"264\" height=\"191\" \/><\/a>Le 20 novembre 1977, Anouar el-Sadate pronon\u00e7a devant la Knesset un discours historique qui d\u00e9boucha l\u2019ann\u00e9e suivante, le 17 septembre, sur la signature des accords de Camp David. Pour ce geste de paix, cette esp\u00e9rance un instant partag\u00e9e, Sadate et Begin re\u00e7urent le Prix Nobel de la Paix.<br \/>\nOn sait rarement que le discours du pr\u00e9sident \u00e9gyptien fut film\u00e9 par les services secrets isra\u00e9liens avec des cam\u00e9ras ultra-rapides \u2014 le meilleur moyen pour se repasser l\u2019\u00e9v\u00e9nement au ralenti. Les ma\u00eetres-espions, \u00e9paul\u00e9s de quelques linguistes de premier ordre, scrut\u00e8rent attentivement le visage de Sadate, pour y d\u00e9celer une contradiction \u00e9ventuelle entre ce qu\u2019il disait et ses intentions profondes. Parce que 80% de ce que nous disons appartient \u00e0 ce que le grand linguiste am\u00e9ricain Edward T. Hall appelle le \u00ab langage silencieux \u00bb. Mimiques, gestes, inflexions de voix, tout participe de la v\u00e9racit\u00e9 de notre discours \u2014 ou de nos mensonges.<br \/>\nLes sp\u00e9cialistes conclurent que Sadate \u00e9tait sinc\u00e8re. Les terroristes arabes\u00a0tir\u00e8rent la m\u00eame conclusion, et assassin\u00e8rent Sadate le 6 octobre 1981.<\/p>\n<p>Que se passerait-il aujourd\u2019hui si un \u00e9mule de Sadate venait devant la Knesset ? L\u2019obligerait-on \u00e0 mettre un masque ? Et qui nous dirait, alors, si les avions des mollahs\u00a0ne bombarderaient pas Tel-Aviv une heure plus tard ?<\/p>\n<p>J<a href=\"https:\/\/blog.causeur.fr\/bonnetdane\/enseigner-masque-003142\">\u2019ai expliqu\u00e9 d\u00e9j\u00e0 que l\u2019on ne peut pas enseigner masqu\u00e9<\/a>. Et que l\u2019on va probablement amuser le populo \u00e0 la rentr\u00e9e avec des consid\u00e9rations sanitaires qui feront oublier les mesures \u00e9conomiques drastiques, les manifestations non r\u00e9prim\u00e9es de la racaille et les \u00e9glises br\u00fbl\u00e9es. 80% de ce que l\u2019on dit en classe passe par le langage silencieux \u2014 gestes, mimiques, inflexions de voix. AH, essayez donc de moduler votre voix avec des \u00e9paisseurs de tissu sur le visage ! Il faut \u00eatre idiot pour croire que la transmission des savoirs passe exclusivement par le discours verbal \u2014 sinon, autant l\u2019\u00e9crire, et tous les \u00ab distanciels \u00bb du monde ne valent pas un cours en \u00ab pr\u00e9sentiel \u00bb.<\/p>\n<p>Le masque que l\u2019on veut nous imposer dans toutes les circonstances importantes de la vie. Les \u00ab milieux ferm\u00e9s \u00bb sont \u00e0 g\u00e9om\u00e9trie variable, mais ont vocation \u00e0 se d\u00e9velopper : qui veut parier avec moi que le masque sera impos\u00e9 en fonction de la taille des magasins, de fa\u00e7on \u00e0 ce que les grandes surfaces s\u2019en mettent plein les poches et finissent de ruiner les commerces de proximit\u00e9 ? Une timide reprise \u00e9conomique se dessinait, on la flingue dans l\u2019\u0153uf \u2014 personne ne me fera croire qu\u2019on fait les m\u00eames achats avec un masque sur le visage ou \u00e0 l\u2019air libre.<br \/>\nEt dans toutes les moments\u00a0o\u00f9 il est essentiel de savoir ce que pense l\u2019autre, il en sera de m\u00eame. Comme dans le tableau de Magritte en t\u00eate de cet article, les amants se disent \u00ab oui \u00bb d\u00e9sormais \u00e0 la mairie avec un masque sur la bouche \u2014 et pourtant, c\u2019est un moment o\u00f9 il vaut mieux savoir si le partenaire que nous avons choisi est ou non sinc\u00e8re. Croyez-vous qu\u2019au Cap d\u2019Agde ou ailleurs, les amateurs de radada se rencontrent masqu\u00e9s ? C\u2019est pourtant essentiel, de d\u00e9crypter, juste avant l\u2019instant fatal, les vraies intentions de l\u2019autre\u2026<br \/>\nC\u2019est pour le coup que l\u2019on en arriverait \u00e0 dire, toujours comme Magritte : \u00ab Ceci n\u2019est pas une pipe \u00bb\u2026 <a href=\"https:\/\/www.marianne.net\/debattons\/billets\/l-amour-au-temps-du-coronavirus\">L\u2019amour au temps du coronavirus<\/a>, quelle aventure !<\/p>\n<p>Je ne porte pas de masque, et je n\u2019en porterai pas, quitte \u00e0 slalomer entre commerces intelligents et espaces d\u00e9di\u00e9s \u00e0 la trouille. Je ne suis pas dou\u00e9 pour l\u2019hyst\u00e9rie collective (et j\u2019en arrive \u00e0 postuler que les gens masqu\u00e9s dans la rue, sur les plages et m\u00eame dans leur automobile et alors qu\u2019ils y sont seuls, <em>sont<\/em> des hyst\u00e9riques, surtout s&rsquo;ils le nient), quand de toute \u00e9vidence elle a pour but de nous pr\u00e9-vendre un illusoire vaccin qui remplira les poches des g\u00e9ants de la pharmacie. Quand je pense que certains de mes coll\u00e8gues refusent d\u00e9j\u00e0 de revenir en cours tant qu\u2019un vaccin n\u2019est pas au point\u2026 Quand je constate que les syndicats ont impos\u00e9 au ministre des r\u00e8gles drastiques sur la \u00ab distance \u00bb entre \u00e9l\u00e8ves \u2014 et comment vais-je \u00ab distancier \u00bb les 45 ou 50 \u00e9l\u00e8ves de mes classes dans un espace de 40M2 maximum, hein ?<\/p>\n<div id=\"ligne\"><\/div>\n<p>Les rumeurs distill\u00e9es par les m\u00e9dias sont d\u2019admirables vecteurs d\u2019hyst\u00e9rie. \u00ab Reprise de l\u2019\u00e9pid\u00e9mie \u00e0 Marseille \u00bb, clame un toubib en manque de notori\u00e9t\u00e9. En fait, 11 nouveaux cas en quinze jours pour 850 000 habitants. Reprise de l\u2019\u00e9pid\u00e9mie en Meurthe-et-Moselle \u2014 sauf que dix jours plus tard, on s\u2019aper\u00e7oit que c\u2019\u00e9tait faux. Et le chiffre des d\u00e9c\u00e8s baisse partout.<\/p>\n<p>Le Bac 2020 fut une mascarade, encore plus outr\u00e9e que les Bacs pr\u00e9c\u00e9dents. Les Licences 2020 sont une forfaiture \u2014 tant d\u2019\u00e9tudiants se sont vant\u00e9s publiquement d\u2019avoir trich\u00e9 qu\u2019on devrait les radier \u00e0 vie de tout cursus. Vous tenez vraiment \u00e0 d\u00e9valoriser le peu qu\u2019il reste de transmission en classe ? Vous tenez vraiment \u00e0 jouer au ma\u00eetre ou \u00e0 la ma\u00eetresse toute l\u2019ann\u00e9e ?<br \/>\nGardons un peu de raison. Prot\u00e9geons effectivement les personnes \u00e2g\u00e9es (80% des d\u00e9c\u00e8s sont des gens de plus de 80 ans \u2014 et cela tient souvent au fonctionnement immonde des EHPAD). Multiplions les tests, si \u00e7a peut rassurer : apr\u00e8s tout, les acteurs pornos en font, et fort exigeants, tous les mois, voire toutes les semaines, et ils n&rsquo;en meurent pas. Ayons un peu d\u2019hygi\u00e8ne personnelle \u2014 j\u2019esp\u00e8re que les lecteurs n\u2019ont pas attendu le coronavirus pour se laver les mains plusieurs fois par jour, au moins chaque fois qu\u2019ils se rendent aux toilettes, et pour ne pas \u00e9ternuer dans le visage de son voisin : il y a de vieilles r\u00e8gles qu\u2019on appelle d\u2019un mot global, <em>politesse<\/em>, et qu\u2019il faudrait penser \u00e0 remettre au go\u00fbt du jour.<\/p>\n<p>Jean-Paul Brighelli<\/p>\n","protected":false},"excerpt":{"rendered":"<p>Le 20 novembre 1977, Anouar el-Sadate pronon\u00e7a devant la Knesset un discours historique qui d\u00e9boucha l\u2019ann\u00e9e suivante, le 17 septembre, sur la signature des accords de Camp David. Pour ce geste de paix, cette esp\u00e9rance un instant partag\u00e9e, Sadate et Begin re\u00e7urent le Prix Nobel de la Paix. On sait rarement que le discours du [&hellip;]<\/p>\n","protected":false},"author":6,"featured_media":0,"comment_status":"open","ping_status":"open","sticky":false,"template":"","format":"standard","meta":{"footnotes":""},"categories":[1],"tags":[2091,2093,2092,2090,2089],"class_list":{"0":"post-3192","1":"post","2":"type-post","3":"status-publish","4":"format-standard","6":"category-non-classe","7":"tag-anour-el-sadate","8":"tag-hysterie","9":"tag-knesset","10":"tag-langage-silencieux","11":"tag-masques"},"_links":{"self":[{"href":"https:\/\/blog.causeur.fr\/bonnetdane\/wp-json\/wp\/v2\/posts\/3192","targetHints":{"allow":["GET"]}}],"collection":[{"href":"https:\/\/blog.causeur.fr\/bonnetdane\/wp-json\/wp\/v2\/posts"}],"about":[{"href":"https:\/\/blog.causeur.fr\/bonnetdane\/wp-json\/wp\/v2\/types\/post"}],"author":[{"embeddable":true,"href":"https:\/\/blog.causeur.fr\/bonnetdane\/wp-json\/wp\/v2\/users\/6"}],"replies":[{"embeddable":true,"href":"https:\/\/blog.causeur.fr\/bonnetdane\/wp-json\/wp\/v2\/comments?post=3192"}],"version-history":[{"count":0,"href":"https:\/\/blog.causeur.fr\/bonnetdane\/wp-json\/wp\/v2\/posts\/3192\/revisions"}],"wp:attachment":[{"href":"https:\/\/blog.causeur.fr\/bonnetdane\/wp-json\/wp\/v2\/media?parent=3192"}],"wp:term":[{"taxonomy":"category","embeddable":true,"href":"https:\/\/blog.causeur.fr\/bonnetdane\/wp-json\/wp\/v2\/categories?post=3192"},{"taxonomy":"post_tag","embeddable":true,"href":"https:\/\/blog.causeur.fr\/bonnetdane\/wp-json\/wp\/v2\/tags?post=3192"}],"curies":[{"name":"wp","href":"https:\/\/api.w.org\/{rel}","templated":true}]}}