{"id":3216,"date":"2020-07-30T17:38:18","date_gmt":"2020-07-30T15:38:18","guid":{"rendered":"https:\/\/blog.causeur.fr\/bonnetdane\/?p=3216"},"modified":"2021-04-22T18:48:03","modified_gmt":"2021-04-22T16:48:03","slug":"pendant-que-vous-portez-des-masques-on-vous-fait-les-poches","status":"publish","type":"post","link":"https:\/\/blog.causeur.fr\/bonnetdane\/pendant-que-vous-portez-des-masques-on-vous-fait-les-poches-3216","title":{"rendered":"Pendant que vous portez des masques, on vous fait les poches"},"content":{"rendered":"<p><a href=\"https:\/\/blog.causeur.fr\/bonnetdane\/pendant-que-vous-portez-des-masques-on-vous-fait-les-poches-003216\/avt_agnes-verdier-molinie_3152\" rel=\"attachment wp-att-3220\"><img loading=\"lazy\" decoding=\"async\" class=\"aligncenter size-full wp-image-3220\" src=\"https:\/\/blog.causeur.fr\/bonnetdane\/files\/2020\/07\/AVT_Agnes-Verdier-Molinie_3152.jpg\" alt=\"AVT_Agnes-Verdier-Molinie_3152\" width=\"520\" height=\"293\" srcset=\"https:\/\/blog.causeur.fr\/bonnetdane\/wp-content\/uploads\/sites\/25\/2020\/07\/AVT_Agnes-Verdier-Molinie_3152.jpg 520w, https:\/\/blog.causeur.fr\/bonnetdane\/wp-content\/uploads\/sites\/25\/2020\/07\/AVT_Agnes-Verdier-Molinie_3152-300x169.jpg 300w, https:\/\/blog.causeur.fr\/bonnetdane\/wp-content\/uploads\/sites\/25\/2020\/07\/AVT_Agnes-Verdier-Molinie_3152-500x282.jpg 500w\" sizes=\"auto, (max-width: 520px) 100vw, 520px\" \/><\/a>Vous avez vu op\u00e9rer des pickpockets : l\u2019une vous demande l\u2019aum\u00f4ne, son b\u00e9b\u00e9 accroch\u00e9 \u00e0 sa hanche et ses marmots \u00e0 ses jupes, l\u2019autre vous fait les poches. C\u2019est la technique du torero pour tromper la vigilance de la b\u00eate : la muleta dissimule l\u2019\u00e9p\u00e9e, la v\u00e9ronique cache la mort. Il est tr\u00e8s difficile d\u2019analyser des messages simultan\u00e9s et disparates.<\/p>\n<p>Nous en sommes l\u00e0 : pendant que les \u00ab autorit\u00e9s sanitaires \u00bb (sur elles la b\u00e9n\u00e9diction d\u2019Allah le mis\u00e9ricordieux) vous parlent de deuxi\u00e8me vague, de reprise de l\u2019\u00e9pid\u00e9mie, de la n\u00e9cessit\u00e9 de porter des masques dans les lieux clos \u2014 et bient\u00f4t dans les lieux ouverts, promet Olivier V\u00e9ran, illusionniste en chef depuis que J\u00e9r\u00f4me Salomon a disparu des \u00e9crans de t\u00e9l\u00e9 \u2014, le gouvernement s\u2019appr\u00eate \u00e0 lancer la plus formidable op\u00e9ration jamais mont\u00e9e contre les droits les plus \u00e9l\u00e9mentaires des travailleurs.<\/p>\n<p>\u00c0 vrai dire, il a tir\u00e9 une premi\u00e8re salve pendant le confinement, et bien peu de gens y ont pr\u00eat\u00e9 attention. Le gouvernement, en toute impunit\u00e9, pendant que les m\u00e9dias vous parlaient de morts par \u00e9touffement, quelle horreur, a remont\u00e9 les seuils de d\u00e9passement de la dur\u00e9e maximum du travail \u00e0 60 heures par semaine et \u00e0 48 heures en moyenne sur une dur\u00e9e de 12 semaines (apr\u00e8s, on vous ramasse \u00e0 la petite cuill\u00e8re, inutile d\u2019en parler). Et ce, sans autorisation pr\u00e9fectorale \u2014 \u00e7a, c\u2019\u00e9tait avant.<\/p>\n<p>Personne n&rsquo;a mouft\u00e9. Quand je pense que des cr\u00e9tins se demandent ce que le gouvernement avait \u00e0 gagner \u00e0 d\u00e9cr\u00e9ter le confinement, et y voient la preuve que l\u2019\u00e9pid\u00e9mie \u00e9tait une chose s\u00e9rieuse, et l\u2019est encore, bla-bla-bla\u2026 On ne fait jamais faire \u00e0 l\u2019\u00e9conomie quoi que ce soit qui lui est absolument contraire, parce qu\u2019elle est le facteur d\u00e9terminant en derni\u00e8re instance, comme disait le vieux Karl.<br \/>\nElle, et non la sant\u00e9. Quand on a eu besoin de reconstruire la France ruin\u00e9e par la Premi\u00e8re guerre mondiale, ou en plein Plan Marshall, ou que l\u2019on a d\u00fb dig\u00e9rer les timides avanc\u00e9es sociales post-68, on ne s\u2019est gu\u00e8re souci\u00e9 de la grippe espagnole, ni asiatique, ni de Hong-Kong.<br \/>\nDe surcroit, le Covid-19 a l\u2019extr\u00eame \u00e9l\u00e9gance de ne toucher, quasi exclusivement, que des gens \u00e0 la retraite. Des bouches inutiles et qui co\u00fbtent cher. Ils creusaient nos d\u00e9ficits, le virus a creus\u00e9 leur tombe. Et pour bien vous faire peur, on vous a interdit d\u2019assister \u00e0 leurs obs\u00e8ques. 100 000 ans de civilisation effac\u00e9s par d\u00e9cret \u2014 avec l\u2019assentiment d\u2019une humanit\u00e9 hyst\u00e9ris\u00e9e. \u2014 et, de fait, d\u00e9shumanis\u00e9e<br \/>\nCarton plein.<\/p>\n<p>Et maintenant, que pr\u00e9pare-t-on, sous le masque ? Demandez donc \u00e0 Agn\u00e8s Verdier-Molini\u00e9, directrice de l\u2019IFRAP, la Fondation pour la Recherche sur les administrations et les politiques publiques. Un Institut reconnu d\u2019utilit\u00e9 publique par d\u00e9cret, en 2009. L\u2019IFRAP a salu\u00e9 la loi EL Khomri, vous vous souvenez peut-\u00eatre de cette r\u00e9forme de fond du droit du travail, contest\u00e9e par les petits et salu\u00e9e par les grands \u2014 une vraie r\u00e9forme socialiste-lib\u00e9rale vot\u00e9e quand le ministre de l\u2019Economie s\u2019appelait Emmanuel Macron. <a href=\"https:\/\/www.lefigaro.fr\/vox\/economie\/agnes-verdier-molinie-code-du-travail-trois-solutions-pour-sauver-l-emploi-20200729\">Mme Verdier-Molini\u00e9 vient de se fendre d\u2019une tribune dans <em>le Figaro<\/em><\/a> qui pr\u00e9sente la suite des r\u00e9jouissances : signature par les syndicats (FO a d\u00e9j\u00e0 commenc\u00e9 \u00e0 montrer le bon exemple) d\u2019accords sur la majoration du temps de travail, la majoration des heures suppl\u00e9mentaires \u2014 10% \u00e0 terme \u2014 et la r\u00e9duction des RTT. Multiplication des CDD \u00ab sans justification du caract\u00e8re temporaire et pour six ans maximum, comme dans le secteur public \u00bb. Contournement des syndicats, en passant par des organismes \u00ab maison \u00bb \u2014 comme en Allemagne.<br \/>\nBient\u00f4t \u00ab baisse momentan\u00e9e des salaires, r\u00e9duction des majorations pour les heures suppl\u00e9mentaires, et suppression totale des RTT \u00bb.<br \/>\nTravaillez, prenez de la peine\u2026<\/p>\n<p>Pour faire passer cette razzia sur les droits des travailleurs, on ne cherchera pas le rapport de forces \u2014 \u00e7a, c\u2019\u00e9tait avant. On fera signer des \u00ab accords de performance collective \u00bb \u2014 une jolie trouvaille linguistique. \u00ab Cet accord permet de d\u00e9roger aux clauses initiales du contrat de travail du salari\u00e9 et donc de baisser les salaires plut\u00f4t que de licencier \u00bb. Comme tout le monde portera un masque durant la r\u00e9union patronat-syndicats, il sera bien difficile \u00e0 ces derniers de se concentrer sur l\u2019arnaque grandiose de ces \u00ab accords \u00bb. D\u2019ailleurs, \u00ab une quinzaine ont \u00e9t\u00e9 sign\u00e9s depuis le d\u00e9but de la crise \u00bb \u2014 mais septembre sera si noir que le rythme s\u2019acc\u00e9l\u00e8rera, ch\u00e8re amie\u2026 Comptez sur le bon docteur V\u00e9ran et sur les cha\u00eenes d\u2019info en continu. Les quelques Fran\u00e7ais qui n\u2019ont pas encore peur seront rattrap\u00e9s par la trouille. Non seulement ils travailleront pour 50% de salaire en moins (c\u2019est <a href=\"https:\/\/thetravelersclub.boardingarea.com\/la-survie-de-british-airways-reductions-de-50-du-salaire-des-pilotes-et-de-20-de-ceux-de-la-direction\/\">ce que British Airways vient d\u2019imposer \u00e0 ses pilotes<\/a> \u2014 et 20% pour sa direction, on mesure le sacrifice), mais ils auront le souci de respecter les gestes-barri\u00e8re en protestant. Magnifique.<br \/>\nOn tol\u00e9rera quand m\u00eame les manifestations spontan\u00e9es de la racaille des banlieues, afin de stigmatiser l\u2019inconscience de ces jeunes gens \u2014 un autre \u00e9cran de fum\u00e9e qui sera rediffus\u00e9 en boucle.<\/p>\n<p>Que de bons esprits se polarisent sur cette question des masques sans comprendre que c\u2019est une fa\u00e7on d\u2019amuser le chaland, que le souci sanitaire est le lubrifiant d\u2019un empapaoutage massif, voil\u00e0 qui me sid\u00e8re. Il n\u2019y a de \u00ab deuxi\u00e8me vague \u00bb nulle part \u2014 sauf sur BFM-TV. Il n\u2019y a de reprise de l\u2019\u00e9pid\u00e9mie nulle part \u2014 sauf sur i-t\u00e9l\u00e9. Pour vous faire peur, on vous pr\u00e9sente le nombre de nouveaux malades en pourcentages : passer de 6 \u00e0 8 cas pour 100 000 habitants, c\u2019est une augmentation de 30% \u2014 mais cela ne repr\u00e9sente rien en chiffres absolus.<br \/>\nMais 20% de salaire en moins pour 60 heures par semaine, \u00e7a devrait vous parler, non ? Eh bien \u00e7a ne dit rien \u00e0 personne, parce que le torero a agit\u00e9 la muleta, que le ministre feint de porter un masque \u2014 et vous foncez, terroris\u00e9s, vers l\u2019\u00e9p\u00e9e qui vous tue, en croyant \u00e9viter ll&rsquo;estocade.<br \/>\nAllez, je parie que les m\u00eames ne protesteront pas, par peur du Covid, quand on d\u00e9cidera de saisir leurs maigres avoirs. Les leurs, parce que ceux des gens riches sont ailleurs \u2014 ou alors, vous n\u2019avez jamais fr\u00e9quent\u00e9 de gens riches.<\/p>\n<p>Jean-Paul Brighelli<\/p>\n","protected":false},"excerpt":{"rendered":"<p>Vous avez vu op\u00e9rer des pickpockets : l\u2019une vous demande l\u2019aum\u00f4ne, son b\u00e9b\u00e9 accroch\u00e9 \u00e0 sa hanche et ses marmots \u00e0 ses jupes, l\u2019autre vous fait les poches. C\u2019est la technique du torero pour tromper la vigilance de la b\u00eate : la muleta dissimule l\u2019\u00e9p\u00e9e, la v\u00e9ronique cache la mort. Il est tr\u00e8s difficile d\u2019analyser [&hellip;]<\/p>\n","protected":false},"author":6,"featured_media":0,"comment_status":"open","ping_status":"open","sticky":false,"template":"","format":"standard","meta":{"footnotes":""},"categories":[1],"tags":[2119,2118,2089,2120,2122,2121],"class_list":{"0":"post-3216","1":"post","2":"type-post","3":"status-publish","4":"format-standard","6":"category-non-classe","7":"tag-agnes-verdier-molinie","8":"tag-ifrap","9":"tag-masques","10":"tag-modification-du-droit-du-travail","11":"tag-reduction-de-salaires","12":"tag-rtt"},"_links":{"self":[{"href":"https:\/\/blog.causeur.fr\/bonnetdane\/wp-json\/wp\/v2\/posts\/3216","targetHints":{"allow":["GET"]}}],"collection":[{"href":"https:\/\/blog.causeur.fr\/bonnetdane\/wp-json\/wp\/v2\/posts"}],"about":[{"href":"https:\/\/blog.causeur.fr\/bonnetdane\/wp-json\/wp\/v2\/types\/post"}],"author":[{"embeddable":true,"href":"https:\/\/blog.causeur.fr\/bonnetdane\/wp-json\/wp\/v2\/users\/6"}],"replies":[{"embeddable":true,"href":"https:\/\/blog.causeur.fr\/bonnetdane\/wp-json\/wp\/v2\/comments?post=3216"}],"version-history":[{"count":0,"href":"https:\/\/blog.causeur.fr\/bonnetdane\/wp-json\/wp\/v2\/posts\/3216\/revisions"}],"wp:attachment":[{"href":"https:\/\/blog.causeur.fr\/bonnetdane\/wp-json\/wp\/v2\/media?parent=3216"}],"wp:term":[{"taxonomy":"category","embeddable":true,"href":"https:\/\/blog.causeur.fr\/bonnetdane\/wp-json\/wp\/v2\/categories?post=3216"},{"taxonomy":"post_tag","embeddable":true,"href":"https:\/\/blog.causeur.fr\/bonnetdane\/wp-json\/wp\/v2\/tags?post=3216"}],"curies":[{"name":"wp","href":"https:\/\/api.w.org\/{rel}","templated":true}]}}