{"id":3229,"date":"2020-08-22T07:12:31","date_gmt":"2020-08-22T05:12:31","guid":{"rendered":"https:\/\/blog.causeur.fr\/bonnetdane\/?p=3229"},"modified":"2021-04-22T18:48:03","modified_gmt":"2021-04-22T16:48:03","slug":"du-masque-comme-blaspheme","status":"publish","type":"post","link":"https:\/\/blog.causeur.fr\/bonnetdane\/du-masque-comme-blaspheme-3229","title":{"rendered":"Du masque comme blasph\u00e8me"},"content":{"rendered":"<p><a href=\"https:\/\/blog.causeur.fr\/bonnetdane\/du-masque-comme-blaspheme-003229\/attachment\/238317\" rel=\"attachment wp-att-3232\"><img loading=\"lazy\" decoding=\"async\" class=\"aligncenter size-full wp-image-3232\" src=\"https:\/\/blog.causeur.fr\/bonnetdane\/files\/2020\/08\/238317.jpg\" alt=\"238317\" width=\"540\" height=\"675\" srcset=\"https:\/\/blog.causeur.fr\/bonnetdane\/wp-content\/uploads\/sites\/25\/2020\/08\/238317.jpg 540w, https:\/\/blog.causeur.fr\/bonnetdane\/wp-content\/uploads\/sites\/25\/2020\/08\/238317-240x300.jpg 240w\" sizes=\"auto, (max-width: 540px) 100vw, 540px\" \/><\/a>Je suis ath\u00e9e jusqu\u2019au bout des ongles, pr\u00eat \u00e0 en d\u00e9coudre avec tous les terroristes de la foi. Cela dit, je respecte tout \u00e0 fait les croyances des uns et des autres, tant qu\u2019elles n\u2019empi\u00e8tent pas sur mon existence. Je les consid\u00e8re peut-\u00eatre un peu comme une forme de folie douce, mais tant qu\u2019elles ne font pas de mal \u00e0 ceux qui les professent\u2026<\/p>\n<p>Mon p\u00e8re \u2014 88 ans depuis peu \u2014 est croyant. Il tient aux habitudes contract\u00e9es durant son enfance en Corse, aller \u00e0 la messe entre autres. Sauf que depuis six mois, il n\u2019y va plus. Le 15 ao\u00fbt \u2014 la Sainte Marie est une f\u00eate majeure des cultures m\u00e9diterran\u00e9ennes \u2014 il a fait une ultime tentative, mais la mairie (communiste) du petit village des Pyr\u00e9n\u00e9es-Orientales o\u00f9 il r\u00e9side est formelle et applique \u00e0 la lettre les consignes nationales : les fid\u00e8les doivent \u00eatre masqu\u00e9s. Alors il est rentr\u00e9 chez lui. \u00ab On ne se masque pas devant Dieu \u00bb, dit-il. Pour compenser, il s\u2019est offert le petit livre d\u2019Antoine Compagnon, <em>Un \u00e9t\u00e9 avec Pascal<\/em>, \u00e9tant entendu que comme tous les chr\u00e9tiens authentiques, il est plut\u00f4t jans\u00e9niste que j\u00e9suite. Le j\u00e9suitisme s\u2019accommode des masques, sans doute. Le jans\u00e9nisme ne conna\u00eet que les masques mortuaires \u2014 lorsqu&rsquo;on ne triche plus avec les apparences.<br \/>\nAjoutons que mon p\u00e8re est de sant\u00e9 fragile, qu\u2019il rel\u00e8ve tout juste d\u2019un AVC qui aurait pu \u00eatre fatal, qu&rsquo;il a divers maux li\u00e9s \u00e0 l&rsquo;\u00e2ge et qu\u2019il n\u2019a pas peur de mourir \u2014 m\u00eame si l\u2019id\u00e9e qu\u2019un pr\u00eatre masqu\u00e9 lui offrira l\u2019extr\u00eame-onction lui r\u00e9pugne. Tant qu\u2019\u00e0 faire, il s\u2019en passera, sachant combien les hommes sont des philistins \u2014 le mot biblique pour \u00ab jean-foutre \u00bb. Il s\u2019arrangera directement avec son dieu.<\/p>\n<p>Les officiels qui ont d\u00e9cid\u00e9 que l\u2019on irait masqu\u00e9 \u00e0 la messe sont des jean-foutre. Ce sont les m\u00eames qui durant le confinement ont interdit les fun\u00e9railles \u2014 on enterrait les d\u00e9funts \u00e0 la va-vite, sous pr\u00e9texte d\u2019\u00e9pid\u00e9mie. Une premi\u00e8re dans l\u2019histoire de France, et m\u00eame dans l\u2019histoire du monde, o\u00f9 le degr\u00e9 d\u2019humanit\u00e9 est justement \u00e9valu\u00e9 en fonction des rites fun\u00e9raires. La victoire des jean-foutre, c\u2019est-\u00e0-dire de la d\u00e9shumanit\u00e9. Oh comme ils doivent se f\u00e9liciter aujourd\u2019hui des mesures soi-disant prophylactiques qui t\u00e9moignent de leur victoire ! Oh comme ils doivent jouir devoir 67 millions de Fran\u00e7ais crevant de trouille \u2014 pour rien.<\/p>\n<p>L\u2019\u00e9glise, c\u2019est, en grec, l\u2019 \u1f10\u03ba\u03ba\u03bb\u03b7\u03c3\u03af\u03b1 \u2212 l&rsquo;assembl\u00e9e des fid\u00e8les, qui \u00e0 l\u2019origine co\u00efncidait avec l\u2019assembl\u00e9e des citoyens. C\u2019est la raison pour laquelle les b\u00e2timents \u00e9taient construits pour accueillir la population enti\u00e8re des cit\u00e9s o\u00f9 ils \u00e9taient b\u00e2tis. La communion est, si l\u2019on en croit son pr\u00e9fixe, con\u00e7ue de la m\u00eame fa\u00e7on, une fusion de l\u2019individu avec son Dieu, certes, mais une fusion aussi de ceux qui partagent une foi commune. Interdire de fait de participer \u00e0 la messe et de communier \u2014 faut-il que ce soit un agnostique pur qui le rappelle ? \u2014 est une abomination religieuse et sociale.<br \/>\nQuant au pr\u00e9texte \u00ab altruiste \u00bb selon lequel s\u2019isoler derri\u00e8re son masque t\u00e9moigne du respect que l\u2019on a pour les autres, c\u2019est une man\u0153uvre j\u00e9suite pour tenter de sauver les meubles. La v\u00e9rit\u00e9 c\u2019est que la peur a fait basculer la foi.<\/p>\n<p>Dans les westerns de mon enfance, il n\u2019y avait que les bandits qui se masquaient. C\u2019\u00e9tait le signe ext\u00e9rieur de leur malfaisance. Inciter les citoyens \u00e0 se \u00ab distancier \u00bb (dans la t\u00eate de quels m\u00e9dicastres administratifs une telle id\u00e9e a-t-elle pu germer ?), \u00e0 ne plus se serrer la main, \u00e0 ne plus s\u2019embrasser, transforme de facto 67 millions de Fran\u00e7ais en autant de conspirateurs.<br \/>\nOb\u00e9ir \u00e0 des jean-foutre ne me semble pas une tr\u00e8s bonne id\u00e9e. Malsaine, en tout cas.<\/p>\n<p>Et je le dis tout net. Je ne me masquerai pas devant mes \u00e9l\u00e8ves, dans dix jours. Pourtant, \u00e0 en croire les hyst\u00e9riques qui sont l\u00e9gion ces temps-ci, \u00e0 bient\u00f4t 67 ans c\u2019est moi qui risque le plus. Mais on peut \u00eatre ath\u00e9e et ne pas avoir peur de la mort \u2014 quelle qu\u2019elle soit, et il y a peu de chances qu\u2019elle soit amicale. Comme disait Jean de Sponde, que cite volontiers mon paternel : \u00ab Mais si faut-il mourir. \u00bb<br \/>\nAlors je laisserai l\u2019administration m\u2019interdire d\u2019enseigner. Figurez-vous que je ne suis pas l\u00e0 pour enseigner la peur, la crainte de l\u2019autre, la grande trouille bleue. La culture est une autre forme d\u2019 \u1f10\u03ba\u03ba\u03bb\u03b7\u03c3\u03af\u03b1, une fa\u00e7on de se retrouver, de communier sur ces id\u00e9es qui ont fait le monde, et particuli\u00e8rement la France. Et la terreur, le repliement sur soi, l\u2019enfermement de chacun derri\u00e8re son rempart de toile, ne font pas partie de notre culture.<\/p>\n<p>Jean-Paul Brighelli<\/p>\n","protected":false},"excerpt":{"rendered":"<p>Je suis ath\u00e9e jusqu\u2019au bout des ongles, pr\u00eat \u00e0 en d\u00e9coudre avec tous les terroristes de la foi. Cela dit, je respecte tout \u00e0 fait les croyances des uns et des autres, tant qu\u2019elles n\u2019empi\u00e8tent pas sur mon existence. Je les consid\u00e8re peut-\u00eatre un peu comme une forme de folie douce, mais tant qu\u2019elles ne [&hellip;]<\/p>\n","protected":false},"author":6,"featured_media":0,"comment_status":"open","ping_status":"open","sticky":false,"template":"","format":"standard","meta":{"footnotes":""},"categories":[1],"tags":[2148,1168,2146,1870,2147],"class_list":{"0":"post-3229","1":"post","2":"type-post","3":"status-publish","4":"format-standard","6":"category-non-classe","7":"tag-antoine-compagnon","8":"tag-foi","9":"tag-masque","10":"tag-mort","11":"tag-pascal"},"_links":{"self":[{"href":"https:\/\/blog.causeur.fr\/bonnetdane\/wp-json\/wp\/v2\/posts\/3229","targetHints":{"allow":["GET"]}}],"collection":[{"href":"https:\/\/blog.causeur.fr\/bonnetdane\/wp-json\/wp\/v2\/posts"}],"about":[{"href":"https:\/\/blog.causeur.fr\/bonnetdane\/wp-json\/wp\/v2\/types\/post"}],"author":[{"embeddable":true,"href":"https:\/\/blog.causeur.fr\/bonnetdane\/wp-json\/wp\/v2\/users\/6"}],"replies":[{"embeddable":true,"href":"https:\/\/blog.causeur.fr\/bonnetdane\/wp-json\/wp\/v2\/comments?post=3229"}],"version-history":[{"count":0,"href":"https:\/\/blog.causeur.fr\/bonnetdane\/wp-json\/wp\/v2\/posts\/3229\/revisions"}],"wp:attachment":[{"href":"https:\/\/blog.causeur.fr\/bonnetdane\/wp-json\/wp\/v2\/media?parent=3229"}],"wp:term":[{"taxonomy":"category","embeddable":true,"href":"https:\/\/blog.causeur.fr\/bonnetdane\/wp-json\/wp\/v2\/categories?post=3229"},{"taxonomy":"post_tag","embeddable":true,"href":"https:\/\/blog.causeur.fr\/bonnetdane\/wp-json\/wp\/v2\/tags?post=3229"}],"curies":[{"name":"wp","href":"https:\/\/api.w.org\/{rel}","templated":true}]}}