{"id":3234,"date":"2020-09-01T07:45:38","date_gmt":"2020-09-01T05:45:38","guid":{"rendered":"https:\/\/blog.causeur.fr\/bonnetdane\/?p=3234"},"modified":"2021-04-22T18:48:03","modified_gmt":"2021-04-22T16:48:03","slug":"la-double-contrainte-du-professeur-masque","status":"publish","type":"post","link":"https:\/\/blog.causeur.fr\/bonnetdane\/la-double-contrainte-du-professeur-masque-3234","title":{"rendered":"La double contrainte du professeur masqu\u00e9"},"content":{"rendered":"<p><a href=\"https:\/\/blog.causeur.fr\/bonnetdane\/la-double-contrainte-du-professeur-masque-003234\/big-1309429a83\" rel=\"attachment wp-att-3238\"><img loading=\"lazy\" decoding=\"async\" class=\"aligncenter size-full wp-image-3238\" src=\"https:\/\/blog.causeur.fr\/bonnetdane\/files\/2020\/09\/big-1309429a83.jpg\" alt=\"big-1309429a83\" width=\"599\" height=\"553\" srcset=\"https:\/\/blog.causeur.fr\/bonnetdane\/wp-content\/uploads\/sites\/25\/2020\/09\/big-1309429a83.jpg 599w, https:\/\/blog.causeur.fr\/bonnetdane\/wp-content\/uploads\/sites\/25\/2020\/09\/big-1309429a83-300x277.jpg 300w, https:\/\/blog.causeur.fr\/bonnetdane\/wp-content\/uploads\/sites\/25\/2020\/09\/big-1309429a83-325x300.jpg 325w\" sizes=\"auto, (max-width: 599px) 100vw, 599px\" \/><\/a>Dans un article r\u00e9cent <a href=\"https:\/\/www.lefigaro.fr\/vox\/politique\/jean-paul-brighelli-comment-peut-on-enseigner-avec-un-masque-20200827\">paru sur le <em>FigaroVox<\/em><\/a>, j\u2019\u00e9voquais le <em>double bind<\/em>, la double contrainte ch\u00e8re \u00e0 Gregory Bateson et \u00e0 l\u2019\u00e9cole de Palo-Alto. \u00ab La double contrainte, \u00e9crivais-je, est au c\u0153ur des processus tragiques : si Ph\u00e8dre parle, elle meurt, et si elle ne parle pas, elle meurt. Ou, si l\u2019on pr\u00e9f\u00e8re un exemple moins dramatique, c\u2019est ce qui arrive \u00e0 ce l\u00e9gionnaire romain somm\u00e9, dans Ast\u00e9rix en Corse, de dire que la s\u0153ur du chef corse lui pla\u00eet (et alors on le tue) ou qu\u2019elle ne lui pla\u00eet pas \u2014 et alors on le tue. \u00bb<br \/>\nOn me pardonnera de me citer : j\u2019ai pens\u00e9 \u00e0 cette double contrainte lorsqu\u2019\u00e0 l\u2019occasion de la rituelle r\u00e9union de rentr\u00e9e, le proviseur, bien dans son r\u00f4le de transmetteur des d\u00e9cisions officielles, nous a rappel\u00e9, \u00e0 propos du port du masque, que c\u2019\u00e9tait une d\u00e9cision minist\u00e9rielle, et qu\u2019en tant que fonctionnaires, nous \u00e9tions somm\u00e9s d\u2019appliquer lesdites d\u00e9cisions.<br \/>\nCertes. C\u2019est au nom de cette docilit\u00e9 de principe que les enseignants ont jadis appliqu\u00e9 comme un seul homme les programmes d\u00e9biles \u00e9dict\u00e9s par l\u2019\u00e9quipe de branquignols p\u00e9dagogistes grouillant autour de Vallaud-Belkacem \u2014 ah oui, mais elle \u00e9tait de gauche\u2026<\/p>\n<p>Peu importe. Le ministre, qui se dispense pourtant d\u2019en porter un dans ses conf\u00e9rences de presse, veut qu\u2019\u00e9l\u00e8ves et enseignants soient masqu\u00e9s. M\u00eame s\u2019il n\u2019a pas pens\u00e9 \u00e0 tout : par exemple, dans les devoirs surveill\u00e9s qui durent souvent six heures dans nombre de disciplines, en classes pr\u00e9paratoires, il ne serait pas permis aux \u00e9l\u00e8ves de se restaurer ni de boire \u2014 ni \u00e0 nous, ou alors en nous cachant. Ah bon ? Pas permis non plus aux \u00e9l\u00e8ves de d\u00e9jeuner d\u2019un repas apport\u00e9 de la maison dans les salles de classe \u2014 ni ailleurs. La caf\u00e9t\u00e9ria est l\u00e0 pour \u00e7a \u2014 sauf qu\u2019elle accueille 50 personnes en serrant. Evitez de distribuer des photocopies que vous auriez pu toucher. D\u00e9-ma-t\u00e9-ria-li-sez. Quant aux trombinoscopes que nous r\u00e9alisons nous-m\u00eames en d\u00e9but d\u2019ann\u00e9e, pas question de s\u2019y risquer, l\u2019administration nous en fournira \u00e0 partir des photos fournies par les \u00e9l\u00e8ves.<br \/>\nMais \u00e7a ne servira \u00e0 rien, puisque face \u00e0 nous, nous aurons une mar\u00e9e de masques parfaitement anonymes. \u00c0 quoi allons-nous identifier nos \u00e9l\u00e8ves ? \u00c0 leur coiffure ? Aux boutons d\u2019acn\u00e9 qui leur trouent \u00e9ventuellement le front ? \u00c0 moins qu\u2019ils n\u2019\u00e9crivent leur nom sur leur maque \u2014 mais il para\u00eet que \u00e7a en diminue l\u2019efficacit\u00e9, qui n\u2019est d\u00e9j\u00e0 pas garantie\u2026<\/p>\n<p>Ce sont des probl\u00e8mes techniques qui vont se d\u00e9canter \u2014 quand les profs, comme l\u2019a soulign\u00e9 l\u2019un d\u2019entre eux, s\u2019apercevront \u00e0 l\u2019usage qu\u2019il est impossible de parler fort avec un masque plus de 10 minutes. Alors, pendant quatre heures\u2026<br \/>\nAinsi pensent les technocrates, qui ne viennent jamais sur le terrain.<br \/>\nCe n\u2019est pourtant pas faute de leur expliquer.<\/p>\n<p>Mais l\u00e0 n\u2019est pas le n\u0153ud de la question. Le vrai probl\u00e8me, c\u2019est notre devoir d\u2019enseignants.<br \/>\nParce qu\u2019au-dessus de la question anecdotique du masque, qui n\u2019est port\u00e9, soyons s\u00e9rieux, que pour faire plaisir au lobby des hypocondriaques et des m\u00e9dicastres qui nous gouvernent, il y a la question de l\u2019enseignement.<br \/>\nParce que mon devoir principal d\u2019enseignant, c\u2019est de transmettre, de la fa\u00e7on la plus efficace possible, le plus grand nombre d\u2019informations de qualit\u00e9 \u00e0 des \u00e9l\u00e8ves qui, apr\u00e8s cinq mois de confinement exig\u00e9s par le m\u00eame lobby, sont dans un \u00e9tat proche de l\u2019Ohio, comme chantait jadis Isabelle Adjani\u2026<br \/>\nVoil\u00e0 le <em>hic<\/em> : si les conditions dans lesquelles on pr\u00e9tend me faire enseigner vont \u00e0 l\u2019encontre de ce qu\u2019il est n\u00e9cessaire de faire pour bien enseigner, lequel de mes devoirs vais-je choisir ? Faire plaisir \u00e0 l\u2019administration ou former mes \u00e9l\u00e8ves ?<br \/>\nParce que <a href=\"https:\/\/blog.causeur.fr\/bonnetdane\/enseigner-masque-003142\">comme je l\u2019ai expliqu\u00e9 d\u00e9j\u00e0 au mois de mai<\/a>, les deux sont largement incompatibles. Le langage silencieux, celui gr\u00e2ce auquel nous faisons passer les informations et surtout celui par lequel nous voyons si elles passent, en miroir sur le visage des \u00e9l\u00e8ves, est aboli par le masque. Les zombies parlent aux zombies !<\/p>\n<p>Alors, et je pose s\u00e9rieusement la question \u00e0 celles et ceux qui sont des partisans d\u00e9clar\u00e9s de la servitude volontaire \u2014 sous pr\u00e9texte d\u2019altruisme, l\u2019un des plus sid\u00e9rants mensonges qu\u2019aie jamais produit l\u2019\u00e9go\u00efsme humain : pr\u00e9f\u00e9rez-vous des \u00e9l\u00e8ves instruits \u00e0 fond, \u00e0 l\u2019ancienne si je puis dire, ou des ectoplasmes n\u2019absorbant que la moiti\u00e9, au mieux, de ce que nous distillerons ? O\u00f9 est le vrai devoir de l\u2019enseignant, monsieur Blanquer ?<br \/>\nEt ne me dites pas qu\u2019il faut faire au mieux, etc. Nous avons fait \u00ab au mieux \u00bb pendant le confinement, et nous avons perdu, de l\u2019aveu de tous les sp\u00e9cialistes \u2014 moins optimistes que vous \u2014 plus de 15% des \u00e9l\u00e8ves. Perdus-perdus, Petits poucets d\u00e9vor\u00e9s par Olivier V\u00e9ran, et ses clones. Probablement irr\u00e9cup\u00e9rables. Merci beaucoup aux m\u00e9decins qui ont pouss\u00e9 le gouvernement \u00e0 d\u00e9cr\u00e9ter le confinement, ils sont responsables de l\u2019ab\u00eatissement de millions d\u2019\u00e9l\u00e8ves. En d\u2019autres temps, on les aurait accus\u00e9s de trahison envers la patrie, et on les aurait guillotin\u00e9s. Ces temps-ci, 93 me titille.<br \/>\nC\u2019est d\u2019ailleurs la premi\u00e8re fois que l\u2019on donne autant de pouvoir \u00e0 ces imb\u00e9ciles. Ni pendant la grippe espagnole (des millions de morts), ni pendant la grippe de Hong-Kong ou la grippe asiatique (pr\u00e8s de 100 000 morts \u00e0 chaque fois), ni m\u00eame pendant que le SIDA tuait tous ceux qu\u2019il touchait \u2014 et il en a tu\u00e9 40 millions, le Covid est un tout petit joueur. J\u2019esp\u00e8re bien que c\u2019est la derni\u00e8re fois qu\u2019on les prend au s\u00e9rieux. Salopards, va ! Une g\u00e9n\u00e9ration quasi an\u00e9antie.<\/p>\n<p>Reformulons la question. Dois-je me contenter de g\u00e9rer l\u2019existant \u2014 la perte de sens, l\u2019incapacit\u00e9 \u00e0 suivre, le d\u00e9faut de culture \u2014 en expliquant aux \u00e9l\u00e8ves que je leur donne moins par ordre minist\u00e9riel alors que je pourrais leur donner plus, ou dois-je faire fi des consignes (qui entre nous ne servent \u00e0 rien, plus vite nous aurons acquis une immunit\u00e9 collective et mieux nous serons arm\u00e9s face aux prochaines vagues des ann\u00e9es \u00e0 venir) et faire de mon mieux pour transmettre ce que j\u2019ai de savoir ?<br \/>\nParce que les deux sont incompatibles.<br \/>\nEvidemment, j\u2019ai choisi \u2014 je vais encore me faire mal voir de ma hi\u00e9rarchie : mais j\u2019\u0153uvre pour le bien des \u00e9l\u00e8ves. Au d\u00e9triment m\u00eame de ma propre sant\u00e9, ajouterais-je, si je voulais faire jouer la corde sensible. J\u2019\u0153uvre pour leur futur, pas pour mon pr\u00e9sent, qui est derri\u00e8re moi. Pour eux, et pas pour un ministre qui sera pass\u00e9 depuis jolie lurette quand ils seront encore emp\u00eatr\u00e9s dans leur ignorance masqu\u00e9e.<\/p>\n<p>Jean-Paul Brighelli<\/p>\n","protected":false},"excerpt":{"rendered":"<p>Dans un article r\u00e9cent paru sur le FigaroVox, j\u2019\u00e9voquais le double bind, la double contrainte ch\u00e8re \u00e0 Gregory Bateson et \u00e0 l\u2019\u00e9cole de Palo-Alto. \u00ab La double contrainte, \u00e9crivais-je, est au c\u0153ur des processus tragiques : si Ph\u00e8dre parle, elle meurt, et si elle ne parle pas, elle meurt. Ou, si l\u2019on pr\u00e9f\u00e8re un exemple [&hellip;]<\/p>\n","protected":false},"author":6,"featured_media":0,"comment_status":"open","ping_status":"open","sticky":false,"template":"","format":"standard","meta":{"footnotes":""},"categories":[1],"tags":[2149,2089,169,2150,1226],"class_list":{"0":"post-3234","1":"post","2":"type-post","3":"status-publish","4":"format-standard","6":"category-non-classe","7":"tag-devoir-du-fonctionnaire","8":"tag-masques","9":"tag-pedagogie","10":"tag-servitude-volontaire","11":"tag-transmission"},"_links":{"self":[{"href":"https:\/\/blog.causeur.fr\/bonnetdane\/wp-json\/wp\/v2\/posts\/3234","targetHints":{"allow":["GET"]}}],"collection":[{"href":"https:\/\/blog.causeur.fr\/bonnetdane\/wp-json\/wp\/v2\/posts"}],"about":[{"href":"https:\/\/blog.causeur.fr\/bonnetdane\/wp-json\/wp\/v2\/types\/post"}],"author":[{"embeddable":true,"href":"https:\/\/blog.causeur.fr\/bonnetdane\/wp-json\/wp\/v2\/users\/6"}],"replies":[{"embeddable":true,"href":"https:\/\/blog.causeur.fr\/bonnetdane\/wp-json\/wp\/v2\/comments?post=3234"}],"version-history":[{"count":0,"href":"https:\/\/blog.causeur.fr\/bonnetdane\/wp-json\/wp\/v2\/posts\/3234\/revisions"}],"wp:attachment":[{"href":"https:\/\/blog.causeur.fr\/bonnetdane\/wp-json\/wp\/v2\/media?parent=3234"}],"wp:term":[{"taxonomy":"category","embeddable":true,"href":"https:\/\/blog.causeur.fr\/bonnetdane\/wp-json\/wp\/v2\/categories?post=3234"},{"taxonomy":"post_tag","embeddable":true,"href":"https:\/\/blog.causeur.fr\/bonnetdane\/wp-json\/wp\/v2\/tags?post=3234"}],"curies":[{"name":"wp","href":"https:\/\/api.w.org\/{rel}","templated":true}]}}