{"id":3237,"date":"2020-09-06T11:33:54","date_gmt":"2020-09-06T09:33:54","guid":{"rendered":"https:\/\/blog.causeur.fr\/bonnetdane\/?p=3237"},"modified":"2021-04-22T18:48:03","modified_gmt":"2021-04-22T16:48:03","slug":"jpb-note-daniele-o","status":"publish","type":"post","link":"https:\/\/blog.causeur.fr\/bonnetdane\/jpb-note-daniele-o-3237","title":{"rendered":"JPB note Dani\u00e8le O***"},"content":{"rendered":"<p><a href=\"https:\/\/blog.causeur.fr\/bonnetdane\/jpb-note-daniele-o-003237\/afp-1d906ef9070aceea7ae40a44195768e727c078b2\" rel=\"attachment wp-att-3240\"><img loading=\"lazy\" decoding=\"async\" class=\"aligncenter size-full wp-image-3240\" src=\"https:\/\/blog.causeur.fr\/bonnetdane\/files\/2020\/09\/afp-1d906ef9070aceea7ae40a44195768e727c078b2.jpg\" alt=\"afp-1d906ef9070aceea7ae40a44195768e727c078b2\" width=\"768\" height=\"512\" srcset=\"https:\/\/blog.causeur.fr\/bonnetdane\/wp-content\/uploads\/sites\/25\/2020\/09\/afp-1d906ef9070aceea7ae40a44195768e727c078b2.jpg 768w, https:\/\/blog.causeur.fr\/bonnetdane\/wp-content\/uploads\/sites\/25\/2020\/09\/afp-1d906ef9070aceea7ae40a44195768e727c078b2-300x200.jpg 300w, https:\/\/blog.causeur.fr\/bonnetdane\/wp-content\/uploads\/sites\/25\/2020\/09\/afp-1d906ef9070aceea7ae40a44195768e727c078b2-450x300.jpg 450w\" sizes=\"auto, (max-width: 768px) 100vw, 768px\" \/><\/a>J\u2019ai fait un jour une \u00e9mission de radio avec Philippe Vandel, ex-pr\u00e9sentateur sur <em>Canal +<\/em> du Journal du hard. Il est officiellement prosopagnosique \u2014 si, si, \u00e7a existe : il ne parvient pas \u00e0 reconna\u00eetre les visages. C\u2019est un travers (g\u00eanant quand m\u00eame dans son m\u00e9tier) qui est plus r\u00e9pandu que l\u2019on ne croit. \u00c0 la fin de notre entretien, comme il me demandait \u2014 cela faisait partie du rite de l\u2019\u00e9mission \u2014 quel souvenir amusant je pouvais lui raconter, j\u2019ai expliqu\u00e9 avoir \u00e9t\u00e9 un jour arr\u00eat\u00e9 dans la rue par une fort jolie personne qui m\u2019a f\u00e9licit\u00e9 pour ma performance de la veille \u00e0 la t\u00e9l\u00e9vision. N\u2019\u00e9tant pas pass\u00e9 depuis un certain temps dans l\u2019\u00e9trange lucarne, je me suis creus\u00e9 la t\u00eate pour deviner avec qui elle pouvait bien me confondre. Je n\u2019osais demander, quand tout \u00e0 coup, un d\u00e9tail qui l\u2019avait frapp\u00e9e m\u2019a mis sur la voie : elle me confondait avec Roberto Malone, vedette italienne du X \u2014 pass\u00e9 effectivement la veille sur Canal\u2026 J\u2019ai donc exprim\u00e9 \u00e0 la dame ma profonde reconnaissance, si je puis ainsi m\u2019exprimer, \u00e0 cette dame qui n&rsquo;\u00e9tait physionomiste que de l&rsquo;h\u00e9misph\u00e8re sud \u2014 et nous avons repris chacun notre route\u2026<\/p>\n<p>Je suis moi-m\u00eame atteint de ce mal myst\u00e9rieux : j\u2019ai le plus grand mal \u00e0 identifier mes \u00e9l\u00e8ves. Cela me prend des mois, et souvent je suis incapable, dans un conseil de classe de fin d\u2019ann\u00e9e, d\u2019identifier telle ou tel \u2014 sinon avec l\u2019aide d\u2019un trombinoscope soigneusement camoufl\u00e9, parce qu\u2019enfin, me suis-je fait expliquer maintes fois, cela ne se fait pas d\u2019ignorer qui est qui. Et encore je n\u2019ai jamais eu que trois classes, au maximum. Comment font les profs de Musique ou d\u2019Arts plastiques, qui se coltinent en coll\u00e8ge une bonne quinzaine de classes diff\u00e9rentes minimum ?<\/p>\n<p>J\u2019ignore donc l couleur de peau de la petite Dani\u00e8le O***. Un patronyme ne suffit pas, m\u00eame s\u2019il indique une pr\u00e9valence. Oui, je suis prosopagnosique au point d\u2019ignorer si un \u00e9l\u00e8ve est noir ou blanc \u2014 ou ce que vous voulez. Et dans nombre de cas, je ne sais m\u00eame pas, en corrigeant des copies, si c\u2019est un gar\u00e7on ou une fille : l\u2019\u00e9criture donne des indications qui ne sont pas enti\u00e8rement fiables.<\/p>\n<p>Et vous savez quoi ? Je me contre-fiche de savoir si la petite Dani\u00e8le O*** est d\u2019origine africaine ou su\u00e9doise. La couleur de sa peau n\u2019interf\u00e8re pas sur les notes que je lui mets. J\u2019ai un vague souvenir qu\u2019un \u00e9l\u00e8ve un jour m\u2019a lanc\u00e9 : \u00ab Ouais, vous me mettez de sales notes parce que je suis noir ! \u00bb Je l\u2019ai observ\u00e9 attentivement, et oui, il \u00e9tait manifestement d\u2019origine africaine. \u00ab Mais non, je vous saque juste parce que vous \u00eates nul. \u00bb<br \/>\nEt l\u2019instant d\u2019apr\u00e8s, j\u2019avais oubli\u00e9 son visage.<\/p>\n<p>Je suis l\u00e0 pour appr\u00e9cier les performances de mes \u00e9l\u00e8ves. La couleur de leur peau, leur origine, leur religion, leur milieu social, passent largement en dessous de ma ligne d\u2019horizon. Il ne me viendrait pas plus \u00e0 l\u2019id\u00e9e de surnoter quelqu\u2019un parce qu\u2019il arrive d\u2019un quartier pauvre que de le sous-noter parce qu\u2019il habite un arrondissement chic : la discrimination positive n\u2019est pas le style de la maison. Je resterais assez ahuri si une imb\u00e9cile quelconque revendiquait aujourd\u2019hui l\u2019h\u00e9ritage de ses anc\u00eatres esclaves (et encore, comment sait-elle qu\u2019elle \u00e9tait du groupe des opprim\u00e9s, et pas des oppresseurs ?) ou contestait mon analyse de Voltaire au nom de je ne sais quel pr\u00e9jug\u00e9 racial. Ceux qui mutilent les statues de Colbert ont le m\u00eame QI d\u00e9ficient que cet \u00e9meutier qui, dans un c\u00e9l\u00e8bre po\u00e8me de Hugo, vient d\u2019incendier la biblioth\u00e8que \u2014 et qui ne sait pas lire : contrairement \u00e0 ce que sous-entend alors \u00ab l\u2019homme-si\u00e8cle \u00bb (quel con !), l\u2019ignorance n\u2019est jamais la circonstance att\u00e9nuante d\u2019un comportement excessif. Je ne suis pas de ceux qui croient, comme Edwy Plenel, que le fait d\u2019avoir \u00e9t\u00e9 \u00e9lev\u00e9s dans un quartier mis\u00e9rable donne aux fr\u00e8res Kouachi une quelconque excuse dans la tuerie de 2015. Ni \u00e0 eux, ni \u00e0 qui que ce soit. Un salopard n\u2019a pas d\u2019excuse, qu&rsquo;il s&rsquo;appelle Koulibaly ou Traor\u00e9.<\/p>\n<p>J\u2019ai donc not\u00e9 la petite Dani\u00e8le O*** en fonction de ce qu\u2019elle a produit : absence de raisonnement construit, recours \u00e0 l\u2019invective faute de vocabulaire, fautes de fran\u00e7ais, argument d\u2019autorit\u00e9 sans justification de la comp\u00e9tence, ton de voix h\u00e9sitant toujours entre le larmoyant \u2014 sans cause \u2014 et l\u2019impr\u00e9cation \u2014 sans raison. 2\/20, tout au plus.<br \/>\nJ\u2019ai dans la m\u00eame classe (virtuelle) une certaine Houria B***, qui pr\u00e9tend que les Blancs sont comme ci et les Juifs comme \u00e7a. M\u00eames erreurs, m\u00eames pr\u00e9jug\u00e9s, m\u00eame \u00e9valuation. 2\/20. Le prix du papier et de l\u2019encre. Dans le conseil de classe national, mon coll\u00e8gue sociologue, Edwy P***, plaide pour l\u2019une et pour l\u2019autre, expliquant, ergotant, vitup\u00e9rant. Ma foi, si j\u2019avais \u00e0 le noter lui aussi, il ne vaudrait pas plus cher.<\/p>\n<p>Il y a\u2026 quelques ann\u00e9es, faisant passer le Bac au lyc\u00e9e Turgot \u00e0 Paris, j\u2019ai mis une petite moyenne \u00e0 une \u00e9l\u00e8ve dont j\u2019ignorais tout, et dont je ne me rappellerais pas plus le nom que le visage, si entre midi et deux, son p\u00e8re, un \u00e9crivain du nom de Pascal B***, ayant obtenu de l\u2019administration (qui n\u2019aurait jamais d\u00fb c\u00e9der \u00e0 sa demande, mais \u00e0 Paris, \u00e7a se passe comme \u00e7a) mon num\u00e9ro de portable, ne m\u2019avait incendi\u00e9 en m\u2019expliquant que sa fille \u00e9tait un pur joyau dont je n\u2019avais pas appr\u00e9ci\u00e9 le brillant. Ma foi, sur ce coup, elle \u00e9tait tr\u00e8s moyenne, et m\u00eame m\u00e9diocre. 10\/20, c\u2019\u00e9tait bien pay\u00e9. Soit le prof est souverain, dans un jury, soit il peut refuser de si\u00e9ger et partir cueillir des p\u00e2querettes.<br \/>\nDeux ans plus tard, rebelote au lyc\u00e9e Corot de Savigny-sur-Orge. Me voici face \u00e0 un loulou d\u00e9penaill\u00e9, hirsute, mal r\u00e9veill\u00e9, blouson de cuir et colifichets de motard, \u00e0 qui je donne \u00e0 expliquer une page des Provinciales \u2014 \u00e0 8h du matin, c\u2019\u00e9tait tout de m\u00eame assez vache. Il m\u2019a regard\u00e9 d\u2019un air \u00e9gar\u00e9, Pascal apparemment ne lui disait rien du tout. Mais il s\u2019est vaillamment collet\u00e9 \u00e0 un texte fort difficile, je l\u2019ai regard\u00e9 en souriant suer sur son brouillon pendant sa demi-heure de pr\u00e9paration. Enfin, il se retrouva devant moi, lut le passage assez bien \u2014 c\u2019\u00e9tait l\u2019une de ces diatribes sauvages que Pascal adresse aux J\u00e9suites \u2014 et \u00e0 la fin, redressa la t\u00eate et me dit :<br \/>\n&#8211; Qu\u2019est-ce qu\u2019il leur met ! \u00bb<br \/>\nJe l\u2019encourageai \u00e0 poursuivre en ce sens, et il fit une explication quelque peu rock\u2019n\u2019roll, mais sans contresens, et avec des intuitions fines : le baston, c\u2019\u00e9tait sa culture, comme on dit. Que cela se pass\u00e2t au XVIIe si\u00e8cle ne le troublait en rien.<br \/>\nTout au fil de la matin\u00e9e, j\u2019interrogeai quelques greluches de sa classe \u2014 m\u00eame liste de textes \u2014, jolies et bien peign\u00e9es, qui me racont\u00e8rent sur Racine des banalit\u00e9s impardonnables. Je suis plut\u00f4t gentil, dans ces examens qui ne signifient plus grand-chose, je les notai toutes entre 8 et 10. Et c&rsquo;\u00e9tait bien pay\u00e9.<br \/>\n\u00c0 14h, une prof en furie m\u2019interpella comme j\u2019allais recommencer mes oraux. \u00ab Comment avez-vous pu sous-noter mes \u00e9l\u00e8ves, je me suis fait communiquer les bordereaux (ce que l\u2019administration n\u2019aurait jamais d\u00fb faire), et l\u2019autre, l\u00e0 (elle aussi avait manifestement oubli\u00e9 son nom), 15 \/ 20 sur Pascal \u2014 alors qu\u2019il n\u2019a m\u00eame pas assist\u00e9 \u00e0 mes cours ! \u00bb<br \/>\nElle m\u2019avait chauff\u00e9 les oreilles. \u00ab Il n\u2019est pas venu \u00e0 vos cours ? C\u2019est peut-\u00eatre pour \u00e7a qu\u2019il s\u2019en est mieux sorti que vos petites ch\u00e9ries\u2026 \u00bb<br \/>\nElle est partie outr\u00e9e.<\/p>\n<p>Je me fiche enti\u00e8rement de l\u2019apparence des gens, de leur appartenance \u00e0 telle ou telle coterie, \u00e0 telle communaut\u00e9. Je me contrefous de leurs origines. Je note du point de vue de Sirius, avec autant d\u2019objectivit\u00e9 que possible. Et si un sociologue tentait de me persuader que mon objectivit\u00e9 est n\u00e9cessairement fauss\u00e9e par la couleur de ma peau, ma culture, mon histoire ou mes options politiques, je crois que je lui conseillerais d\u2019aller se faire voir \u2014 chez les Grecs, qui pourtant ne m\u00e9ritent pas \u00e7a.<\/p>\n<p>Jean-Paul Brighelli<\/p>\n","protected":false},"excerpt":{"rendered":"<p>J\u2019ai fait un jour une \u00e9mission de radio avec Philippe Vandel, ex-pr\u00e9sentateur sur Canal + du Journal du hard. Il est officiellement prosopagnosique \u2014 si, si, \u00e7a existe : il ne parvient pas \u00e0 reconna\u00eetre les visages. C\u2019est un travers (g\u00eanant quand m\u00eame dans son m\u00e9tier) qui est plus r\u00e9pandu que l\u2019on ne croit. \u00c0 [&hellip;]<\/p>\n","protected":false},"author":6,"featured_media":0,"comment_status":"open","ping_status":"open","sticky":false,"template":"","format":"standard","meta":{"footnotes":""},"categories":[1],"tags":[164,41,169,2151,113],"class_list":{"0":"post-3237","1":"post","2":"type-post","3":"status-publish","4":"format-standard","6":"category-non-classe","7":"tag-discrimination-positive","8":"tag-notation","9":"tag-pedagogie","10":"tag-prejuges","11":"tag-racisme"},"_links":{"self":[{"href":"https:\/\/blog.causeur.fr\/bonnetdane\/wp-json\/wp\/v2\/posts\/3237","targetHints":{"allow":["GET"]}}],"collection":[{"href":"https:\/\/blog.causeur.fr\/bonnetdane\/wp-json\/wp\/v2\/posts"}],"about":[{"href":"https:\/\/blog.causeur.fr\/bonnetdane\/wp-json\/wp\/v2\/types\/post"}],"author":[{"embeddable":true,"href":"https:\/\/blog.causeur.fr\/bonnetdane\/wp-json\/wp\/v2\/users\/6"}],"replies":[{"embeddable":true,"href":"https:\/\/blog.causeur.fr\/bonnetdane\/wp-json\/wp\/v2\/comments?post=3237"}],"version-history":[{"count":0,"href":"https:\/\/blog.causeur.fr\/bonnetdane\/wp-json\/wp\/v2\/posts\/3237\/revisions"}],"wp:attachment":[{"href":"https:\/\/blog.causeur.fr\/bonnetdane\/wp-json\/wp\/v2\/media?parent=3237"}],"wp:term":[{"taxonomy":"category","embeddable":true,"href":"https:\/\/blog.causeur.fr\/bonnetdane\/wp-json\/wp\/v2\/categories?post=3237"},{"taxonomy":"post_tag","embeddable":true,"href":"https:\/\/blog.causeur.fr\/bonnetdane\/wp-json\/wp\/v2\/tags?post=3237"}],"curies":[{"name":"wp","href":"https:\/\/api.w.org\/{rel}","templated":true}]}}