{"id":3251,"date":"2020-10-03T03:13:03","date_gmt":"2020-10-03T01:13:03","guid":{"rendered":"https:\/\/blog.causeur.fr\/bonnetdane\/?p=3251"},"modified":"2021-04-22T18:48:02","modified_gmt":"2021-04-22T16:48:02","slug":"les-aerostats-quand-amelie-nothomb-sinteresse-a-la-lecture","status":"publish","type":"post","link":"https:\/\/blog.causeur.fr\/bonnetdane\/les-aerostats-quand-amelie-nothomb-sinteresse-a-la-lecture-3251","title":{"rendered":"Les A\u00e9rostats : quand Am\u00e9lie Nothomb s&rsquo;int\u00e9resse \u00e0 la lecture"},"content":{"rendered":"<p><a href=\"https:\/\/blog.causeur.fr\/bonnetdane\/les-aerostats-quand-amelie-nothomb-sinteresse-a-la-lecture-003251\/les-aerostats\" rel=\"attachment wp-att-3254\"><img loading=\"lazy\" decoding=\"async\" class=\"aligncenter size-full wp-image-3254\" src=\"https:\/\/blog.causeur.fr\/bonnetdane\/files\/2020\/10\/Les-aerostats.jpg\" alt=\"Les-aerostats\" width=\"400\" height=\"615\" srcset=\"https:\/\/blog.causeur.fr\/bonnetdane\/wp-content\/uploads\/sites\/25\/2020\/10\/Les-aerostats.jpg 400w, https:\/\/blog.causeur.fr\/bonnetdane\/wp-content\/uploads\/sites\/25\/2020\/10\/Les-aerostats-195x300.jpg 195w\" sizes=\"auto, (max-width: 400px) 100vw, 400px\" \/><\/a>J\u2019ai une vieille faiblesse pour Am\u00e9lie Nothomb. J\u2019avais lu en son temps <em>Hygi\u00e8ne de l\u2019assassin<\/em>, un roman-conversation plein de promesses. Puis quelques autres \u2014 pas tous, elle \u00e9crit \u00e0 un rythme infernal. Et dans les ann\u00e9es 1990, quand je m\u2019occupais de la partie Litt\u00e9rature du Dictionnaire Larousse, j\u2019ai fait entrer la dame aux chapeaux dans le <em>Petit Larousse<\/em>. J\u2019esp\u00e8re qu\u2019elle est depuis dans le \u00ab Robert des noms propres \u00bb\u2026<br \/>\nC\u2019est une interview p\u00each\u00e9e \u00e0 la fin de l\u2019\u00e9t\u00e9 dans le <em>Midi-Libre<\/em> qui m\u2019a donn\u00e9 envie de lire <em>les A\u00e9rostats<\/em> \u2014 un titre qui s\u2019\u00e9claire \u00e0 la lueur des zeppelins en flammes, mais chut, ne divulg\u00e2chons pas l\u2019intrigue.<br \/>\nQue disait la plus c\u00e9l\u00e8bre des romanciers belges d\u2019aujourd\u2019hui ? Qu\u2019elle avait \u00ab pass\u00e9 son adolescence dans les livres, et qu\u2019elle n\u2019avait r\u00e9ussi \u00e0 se greffer au monde, malgr\u00e9 son immense solitude, que gr\u00e2ce aux livres \u00bb. Puis l\u2019auteur (et non auteure, je suis presque s\u00fbr qu\u2019elle r\u00e9pudie ces barbarismes modernes) se faisait p\u00e9dagogue, expliquait qu\u2019il \u00ab faut briser ce malentendu qui veut que lire soit un truc de vieux \u00bb, alors que \u00ab c\u2019est l\u2019absolu contraire \u00bb.<br \/>\nAlors sonna \u00e0 mes oreilles une d\u00e9licieuse musique. \u00ab Dans beaucoup de lyc\u00e9es et de coll\u00e8ges, on consid\u00e8re qu\u2019il n\u2019est pas possible de faire lire un roman en entier \u00e0 des \u00e9l\u00e8ves. Quand j\u2019en ai \u00e9t\u00e9 t\u00e9moin, j\u2019ai \u00e9t\u00e9 effar\u00e9e. Mais on m\u2019a r\u00e9pondu : \u00ab Faire lire un livre en entier ? Mais vous n\u2019y pensez pas ! \u00bb Je crois qu\u2019on m\u2019a prise pour une toqu\u00e9e. Et apr\u00e8s on s\u2019\u00e9tonne que les jeunes ne lisent plus. \u00bb Et de conclure : \u00ab C\u2019est pour moi le comble du m\u00e9pris et de la condescendance \u00e0 l\u2019\u00e9gard de la jeunesse \u00bb.<br \/>\nJe contresignerais volontiers ces derni\u00e8res lignes. L\u2019inaptitude de la plupart de mes coll\u00e8gues \u00e0 proposer aux \u00e9l\u00e8ves quoi que ce soit qui d\u00e9passe en longueur la nouvelle (<em>la V\u00e9nus d\u2019Ille<\/em>, c\u2019est presque trop long, essayons <em>la Chevelure<\/em>, quatre pages, \u00ab ils \u00bb doivent y arriver) fait partie de ces <em>a priori<\/em> p\u00e9dagogiques qui tuent le m\u00e9tier de prof, et flinguent concurremment les jeunes inintelligences qui leur sont confi\u00e9es.<\/p>\n<p><em>Les A\u00e9rostats<\/em> parlent donc de la lecture. De l\u2019acc\u00e8s aux livres. Une \u00e9tudiante enseigne \u00e0 un lyc\u00e9en peu port\u00e9 sur la litt\u00e9rature les beaut\u00e9s du <em>Rouge et le noir<\/em> (il n\u2019aime pas) ou de <em>l\u2019Iliade<\/em> (il adore \u2014 \u00e0 ceci pr\u00e8s qu\u2019il hait les Grecs et s\u2019identifie \u00e0 Hector, le perdant magnifique). Puis quelques autres chefs d\u2019\u0153uvre qui sont tous, explique la p\u00e9dagogue (qui a lu Queneau, qu\u2019elle cite sans le nommer, car Nothomb ne verse pas dans la p\u00e9danterie) \u00e0 son \u00e9l\u00e8ve, des Iliades ou des Odyss\u00e9es \u2014 qu\u2019il a d\u00e9test\u00e9e, car, dit-il fort justement, Ulysse m\u00e8ne Nausicaa en bateau\u2026<br \/>\nRetour \u00e0 la politique \u00e9ducative. \u00ab \u00ab Qu\u2019avez-vous d\u00fb lire, au coll\u00e8ge ? \u00bb Expression stup\u00e9faite, comme s\u2019il ne comprenait pas la question. Je reformulai avec des termes diff\u00e9rents : \u00ab Vous rappelez-vous vos lectures obligatoires ? \u00bb \u00ab Des lectures obligatoires ? Jamais ils n\u2019auraient os\u00e9 un coup pareil. \u00bb \u00bb<br \/>\nQuand je pense que j\u2019avais fait lire et \u00e9tudier en Cinqui\u00e8me, \u00e0 la fin des ann\u00e9es 1970, <em>le Comte de Monte-Cristo<\/em>, 1500 pages en Poche, et que les n\u00e9oprofs d\u00e9passent rarement, \u00e0 cet \u00e2ge o\u00f9 les programmes fran\u00e7ais sugg\u00e8rent d\u2019\u00e9tudier le Monstre en litt\u00e9rature, <em>la Belle et la b\u00eate<\/em>\u2026 Et encore, disent les m\u00f4mes, \u00e0 quoi \u00e7a sert, on a vu le dessin anim\u00e9\u2026<br \/>\nOuais. Comme ils ont vu <em>le Bossu de Notre-Dame<\/em> et croient dur comme fer qu\u2019Esm\u00e9ralda se marie \u00e0 la fin de l\u2019histoire avec le beau Ph\u0153bus pendant que le Bossu fatal saute de joie\u2026<br \/>\nD\u2019o\u00f9 la curieuse \u00e9pid\u00e9mie de dyslexie signal\u00e9e depuis quelques ann\u00e9es. \u00ab Nous vivions une \u00e9poque ridicule o\u00f9 imposer \u00e0 un jeune de lire un roman entier \u00e9tait vu comme contraire aux droits de l\u2019homme \u00bb.<\/p>\n<p>La romanci\u00e8re n\u2019est pas dupe. Elle sait bien que l\u2019impr\u00e9gnation \u00e0 la lecture vient des parents, et que l\u2019on arrive \u00e0 l\u2019\u00e9cole enclin ou r\u00e9tif aux livres. \u00ab Ma m\u00e8re me lisait les <em>Contes<\/em> de Perrault [o\u00f9 le petit chaperon rouge est mang\u00e9e par le loup, et c\u2019est tout] au chevet de mon lit et il allait de soi que je d\u00e9couvre par moi-m\u00eame le mode d\u2019emploi de ces grimoires. D\u00e8s mes huit ans, j\u2019\u00e9tais devenue d\u00e9pendante de ces immersions dans l\u2019univers miraculeux des enchanteurs que sont Hector Malot, Jules Verne et la comtesse de S\u00e9gur. L\u2019\u00e9cole n\u2019avait eu qu\u2019\u00e0 s\u2019engouffrer dans la br\u00e8che \u00bb.<br \/>\nVous vous rappelez peut-\u00eatre le petit Poulou, dans <em>les Mots<\/em> : \u00ab Etait-ce lire ? Non, mais mourir d\u2019extase. \u00bb<\/p>\n<p>Et sachant que son livre risque d\u2019en froisser plus d\u2019un, parmi les p\u00e9dagogues qui d\u00e9sormais ne l\u2019inviteront plus, Nothomb pr\u00e9vient : \u00ab La litt\u00e9rature n\u2019est pas l\u2019art de mettre les gens d\u2019accord. Quand j\u2019entends des lecteurs dire \u00ab j\u2019adh\u00e8re \u00e0 <em>Madame Bovary<\/em> \u00bb, je soupire de d\u00e9sespoir \u00bb. Ai-je tort d\u2019entendre dans ce propos l\u2019\u00e9cho de l\u2019<em>Evangile selon Matthieu<\/em> : \u00ab Ne pensez pas que je sois venu apporter la paix sur la terre : je ne suis pas venu apporter la paix, mais le glaive. \u00bb Un romancier qui ne choque pas les bonnes consciences \u2014 et l\u2019Education s\u2019est construite ces derni\u00e8res ann\u00e9es sur le consensus universel \u2014 est nul et non avenu.<br \/>\nEt ce n\u2019est pas par sa vulgarit\u00e9 qu\u2019il choque. Nothomb n\u2019\u00e9prouve aucun besoin d\u2019\u00e9crire comme Despentes, en vomissant sa bi\u00e8re. D\u2019ailleurs l\u2019h\u00e9ro\u00efne (19 ans) vouvoie le h\u00e9ros, qui en a 16, au lieu d\u2019adopter le tutoiement de rigueur entre adolescents (et entre profs\u2026). Le \u00ab Tu \u00bb m\u2019\u00e9voque \u00e0 chaque fois la r\u00e9plique de Cyrano : \u00ab Tu ? Qu\u2019est-ce donc qu\u2019ensemble nous gard\u00e2mes ? \u00bb Nothomb \u00e9crit un fran\u00e7ais s\u00e9v\u00e8rement ch\u00e2ti\u00e9, jusque dans son oralit\u00e9. Apr\u00e8s tout, comme elle le souligne elle-m\u00eame, \u00ab les meilleurs grammairiens de cette langue sont belges \u00bb \u2014 si l\u2019on \u00e9tait chez G\u00e9rard de Villiers, l\u2019auteur noterait : \u00ab Ici passa soudain un ange qui ressemblait \u00e0 Maurice Grevisse \u00bb.<\/p>\n<p>J\u2019ai particuli\u00e8rement aim\u00e9 \u2014 \u00e0 propos des modes vestimentaires dans <em>la Princesse de Cl\u00e8ves<\/em> \u2014 quelques r\u00e9flexions rapides sur les \u00ab sublimes crev\u00e9s narratifs \u00bb du roman de Mme de La Fayette. \u00ab Aujourd\u2019hui, quand les habits ont des plis creux, c\u2019est sans aucun int\u00e9r\u00eat. \u00c0 l\u2019\u00e9poque, \u00e0 l\u2019int\u00e9rieur des plis creux, on dissimulait des \u00e9toffes somptueuses \u00bb. Rarement lu une plus belle m\u00e9taphore de ce que devrait \u00eatre la litt\u00e9rature. Pas pour rien que j\u2019ai finalis\u00e9 r\u00e9cemment pour mes \u00e9tudiants une \u00e9tude sur le pli et le voile qui d\u00e9veloppe celle de Starobinski sur \u00ab le voile de Popp\u00e9e \u00bb. Qui s\u2019\u00e9tonnera que le plaisir du texte soit dans la fente ?<br \/>\nUn pli que ce roman ne forme pas tout \u00e0 fait. Il court sur Am\u00e9lie Nothomb une l\u00e9gende : elle \u00e9crirait plusieurs livres par an, livrant impitoyablement \u00e0 Albin Michel le plus abouti. Peut-\u00eatre est-il temps qu\u2019elle se consacre enti\u00e8rement \u00e0 un seul texte, qu\u2019on lira, celui-l\u00e0, par plaisir, et qu\u2019on relira par jouissance, pour deviner la soie au-del\u00e0 des crev\u00e9s. On en arrive \u00e0 se dire que l\u2019auteur ne croit pas \u00e0 son public, et juge inutile \u2014 un certain \u00ab m\u00e9pris d\u2019avance \u00bb affleure \u00e7\u00e0 et l\u00e0 \u2014 d\u2019en donner davantage. Mais par les fentes de son texte, on devine des chatoiements lointains.<\/p>\n<p>Jean-Paul Brighelli<\/p>\n","protected":false},"excerpt":{"rendered":"<p>J\u2019ai une vieille faiblesse pour Am\u00e9lie Nothomb. J\u2019avais lu en son temps Hygi\u00e8ne de l\u2019assassin, un roman-conversation plein de promesses. Puis quelques autres \u2014 pas tous, elle \u00e9crit \u00e0 un rythme infernal. Et dans les ann\u00e9es 1990, quand je m\u2019occupais de la partie Litt\u00e9rature du Dictionnaire Larousse, j\u2019ai fait entrer la dame aux chapeaux dans [&hellip;]<\/p>\n","protected":false},"author":6,"featured_media":0,"comment_status":"open","ping_status":"open","sticky":false,"template":"","format":"standard","meta":{"footnotes":""},"categories":[1],"tags":[2170,434,2171,169],"class_list":{"0":"post-3251","1":"post","2":"type-post","3":"status-publish","4":"format-standard","6":"category-non-classe","7":"tag-amelie-nothomb","8":"tag-lecture","9":"tag-les-aerostats","10":"tag-pedagogie"},"_links":{"self":[{"href":"https:\/\/blog.causeur.fr\/bonnetdane\/wp-json\/wp\/v2\/posts\/3251","targetHints":{"allow":["GET"]}}],"collection":[{"href":"https:\/\/blog.causeur.fr\/bonnetdane\/wp-json\/wp\/v2\/posts"}],"about":[{"href":"https:\/\/blog.causeur.fr\/bonnetdane\/wp-json\/wp\/v2\/types\/post"}],"author":[{"embeddable":true,"href":"https:\/\/blog.causeur.fr\/bonnetdane\/wp-json\/wp\/v2\/users\/6"}],"replies":[{"embeddable":true,"href":"https:\/\/blog.causeur.fr\/bonnetdane\/wp-json\/wp\/v2\/comments?post=3251"}],"version-history":[{"count":0,"href":"https:\/\/blog.causeur.fr\/bonnetdane\/wp-json\/wp\/v2\/posts\/3251\/revisions"}],"wp:attachment":[{"href":"https:\/\/blog.causeur.fr\/bonnetdane\/wp-json\/wp\/v2\/media?parent=3251"}],"wp:term":[{"taxonomy":"category","embeddable":true,"href":"https:\/\/blog.causeur.fr\/bonnetdane\/wp-json\/wp\/v2\/categories?post=3251"},{"taxonomy":"post_tag","embeddable":true,"href":"https:\/\/blog.causeur.fr\/bonnetdane\/wp-json\/wp\/v2\/tags?post=3251"}],"curies":[{"name":"wp","href":"https:\/\/api.w.org\/{rel}","templated":true}]}}