{"id":3285,"date":"2020-11-17T18:22:13","date_gmt":"2020-11-17T16:22:13","guid":{"rendered":"https:\/\/blog.causeur.fr\/bonnetdane\/?p=3285"},"modified":"2021-04-22T18:48:02","modified_gmt":"2021-04-22T16:48:02","slug":"de-gaulle-vite","status":"publish","type":"post","link":"https:\/\/blog.causeur.fr\/bonnetdane\/de-gaulle-vite-3285","title":{"rendered":"De Gaulle, vite !"},"content":{"rendered":"<p><a href=\"https:\/\/blog.causeur.fr\/bonnetdane\/de-gaulle-vite-003285\/de_gaulle_mai68-7e04d\" rel=\"attachment wp-att-3287\"><img loading=\"lazy\" decoding=\"async\" class=\"aligncenter size-full wp-image-3287\" src=\"https:\/\/blog.causeur.fr\/bonnetdane\/files\/2020\/11\/de_gaulle_mai68-7e04d.jpg\" alt=\"de_gaulle_mai68-7e04d\" width=\"650\" height=\"505\" srcset=\"https:\/\/blog.causeur.fr\/bonnetdane\/wp-content\/uploads\/sites\/25\/2020\/11\/de_gaulle_mai68-7e04d.jpg 650w, https:\/\/blog.causeur.fr\/bonnetdane\/wp-content\/uploads\/sites\/25\/2020\/11\/de_gaulle_mai68-7e04d-300x233.jpg 300w, https:\/\/blog.causeur.fr\/bonnetdane\/wp-content\/uploads\/sites\/25\/2020\/11\/de_gaulle_mai68-7e04d-386x300.jpg 386w\" sizes=\"auto, (max-width: 650px) 100vw, 650px\" \/><\/a>Dans une remarquable interview <a href=\"https:\/\/www.lefigaro.fr\/politique\/henri-guaino-de-gaulle-n-a-jamais-joue-la-politique-de-la-peur-20201108\">parue dans <em>le Figaro<\/em> du 9 novembre<\/a> \u2014 jour anniversaire de la mort de De Gaulle, qui sert de fil conducteur \u00e0 l\u2019entretien \u2014, Henri Guaino revient sur la politique du gouvernement actuel face \u00e0 l\u2019\u00e9pid\u00e9mie et face au risque terroriste.<br \/>\nLe moins que l\u2019on puisse dire est que ce n\u2019est pas l\u2019enthousiasme qui l\u2019\u00e9touffe. Parce qu\u2019il a un raisonnement politique global, un raisonnement national \u2014 un raisonnement gaullien \u2014 au lieu de le diffracter en \u00ab politique sanitaire \u00bb et \u00ab politique s\u00e9curitaire \u00bb \u2014 politique politicienne en un mot. Au lieu d\u2019assumer personnellement des d\u00e9cisions douloureuses, le Pr\u00e9sident de la R\u00e9publique les a dispatch\u00e9es entre de multiples fusibles. \u00ab La r\u00e9ponse gaullienne, dit Guaino, aurait consist\u00e9 \u00e0 ne pas diluer les responsabilit\u00e9s des mesures prises entre le gouvernement, le Parlement, le conseil scientifique, puis les pr\u00e9fets et les maires, ce qui a eu, entre autres, pour effet que chaque d\u00e9cideur g\u00e8re avant toute chose son risque p\u00e9nal plut\u00f4t que la crise sanitaire. Il aurait \u00e9t\u00e9 plus gaullien et plus conforme \u00e0 l\u2019esprit des institutions que, pour mettre entre parenth\u00e8ses toutes les libert\u00e9s fondamentales, le pr\u00e9sident de la R\u00e9publique, qui n\u2019encourt pas de risque p\u00e9nal, mette en \u0153uvre l\u2019article 16 de la Constitution, pr\u00e9cis\u00e9ment fait pour ce genre de situation. Ainsi aurait-il port\u00e9, lui seul, la responsabilit\u00e9 politique des d\u00e9cisions. \u00bb<br \/>\nMais l\u2019ombre de l\u2019affaire du sang contamin\u00e9, dans les ann\u00e9es SIDA, plane sur les d\u00e9cisions avort\u00e9es. Macron a pr\u00e9f\u00e9r\u00e9 \u00ab se cacher derri\u00e8re la science pour prendre des d\u00e9cisions qui n\u2019ont rien \u00e0 voir avec la science. \u00bb Il s\u2019ensuit que \u00ab la dissolution du Conseil scientifique l\u00e8verait cette ambigu\u00eft\u00e9 malsaine. \u00bb Car enfin, d\u00e9courager le port de masques en mars, \u00e9tait-ce de la science ? Les imposer dans la rue, quand les contaminations se font en espaces clos, est-ce de la science ? Fermer les petits commerces et laisser les grandes surfaces ouvertes, quand la Catalogne fait exactement l\u2019inverse, est-ce de la science ? Non \u2014 mais cela sert les int\u00e9r\u00eats de grands groupes, o\u00f9 sont peut-\u00eatre positionn\u00e9s les copains.<br \/>\nCela permet aussi d\u2019instaurer une politique de la peur. Franchissant le point Godwin avec perspicacit\u00e9, Guaino remarque que la derni\u00e8re fois que l\u2019on a jou\u00e9 la peur contre les Fran\u00e7ais, c\u2019\u00e9tait sous Vichy \u2014 alors que De Gaulle jouait la carte du courage. Mais on ne lit pas beaucoup de courage derri\u00e8re tous ces visages masqu\u00e9s. Imaginez-vous De Gaulle, qui \u00e0 la Lib\u00e9ration de Paris a descendu les Champs-Elys\u00e9es debout, sans courir, alors que des tireurs embusqu\u00e9s le prenaient pour cible, affubl\u00e9 d\u2019un masque ?<\/p>\n<p>Il en est de m\u00eame pour le terrorisme. \u00ab Ce qui serait gaullien, ce serait de prendre enfin la mesure de ce que nous devons affronter, c\u2019est-\u00e0-dire une v\u00e9ritable guerre de civilisation sans merci men\u00e9e contre nous \u00bb. Men\u00e9e non seulement par des terroristes fanatis\u00e9s, mais par \u00ab des minorit\u00e9s agissantes qui travaillent sans rel\u00e2che \u00e0 la culpabilisation de l\u2019Occident et au communautarisme devant lesquels, par l\u00e2chet\u00e9 collective, nous nous aplatissons depuis des d\u00e9cennies. \u00bb Oui \u2014 mais les consid\u00e9rations \u00e9lectoralistes l\u2019ont emport\u00e9 au fil des ans sur le raisonnement politique. Et nous voici prenant des mesures savantes contre un virus dont nous ne savons pas grand-chose, et n\u2019osant pas en prendre contre un ennemi dont nous savons tout.<\/p>\n<p>C\u2019est dr\u00f4le, quand on y pense, ce d\u00e9sir de G\u00e9n\u00e9ral. Beno\u00eet Duteurtre en avait fait une magnifique pochade il y a quelques ann\u00e9es avec <em>le Retour du G\u00e9n\u00e9ral<\/em> \u2014 seul \u00e0 m\u00eame de faire accepter d\u2019honn\u00eates mayonnaises maison, et d\u2019ignorer les consignes sanitaires de l\u2019Europe, qui obligent les bistros \u00e0 utiliser de la mayo industrielle\u2026 Et aujourd\u2019hui, le voici convoqu\u00e9 pour contr\u00f4ler les fronti\u00e8res et courir sus \u00e0 l\u2019islamiste qui s\u2019en vient \u00e9gorger nos fils et nos compagnes\u2026<\/p>\n<p>Une seule solution : refaire une Nation. Recr\u00e9er ce destin collectif qui fut de tout temps le g\u00e9nie de la France. En finir avec les lubies int\u00e9ress\u00e9es de la mondialisation. La nation n\u2019est pas une notion d\u00e9pass\u00e9e, comme s\u2019efforcent de nous le faire croire des commentateurs aux ordres de quelques banquiers int\u00e9ress\u00e9s \u00e0 la dilution de l\u2019entit\u00e9 France.<br \/>\nIl faut r\u00e9agir vite \u2014 sinon, dans les basques d\u2019une \u00e9pid\u00e9mie dont nous constatons, en France, les d\u00e9g\u00e2ts, bien plus importants que chez nos voisins, et donc la nocivit\u00e9 de la politique sanitaire suivie, ce sera un fascisme r\u00e9el qui s\u2019instaurera, comme le nazisme s\u2019est insinu\u00e9 dans les fourgons d\u2019une r\u00e9publique de Weimar en d\u00e9liquescence. Ce n\u2019est pas au conseil scientifique, un organisme non \u00e9lu et d\u00e9sign\u00e9 selon des crit\u00e8res troubles, de r\u00e9soudre un probl\u00e8me qui est en fait une question de civilisation. Et je ne voudrais pas que demain, le choix s\u2019op\u00e8re entre la mort par \u00e9pid\u00e9mie et la soumission \u00e0 un ordre nouveau \u2014 la charia, par exemple.<\/p>\n<p>Jean-Paul Brighelli<\/p>\n","protected":false},"excerpt":{"rendered":"<p>Dans une remarquable interview parue dans le Figaro du 9 novembre \u2014 jour anniversaire de la mort de De Gaulle, qui sert de fil conducteur \u00e0 l\u2019entretien \u2014, Henri Guaino revient sur la politique du gouvernement actuel face \u00e0 l\u2019\u00e9pid\u00e9mie et face au risque terroriste. Le moins que l\u2019on puisse dire est que ce n\u2019est [&hellip;]<\/p>\n","protected":false},"author":6,"featured_media":0,"comment_status":"open","ping_status":"open","sticky":false,"template":"","format":"standard","meta":{"footnotes":""},"categories":[1],"tags":[691,2202,925,2196,2201,73,596],"class_list":{"0":"post-3285","1":"post","2":"type-post","3":"status-publish","4":"format-standard","6":"category-non-classe","7":"tag-benoit-duteurtre","8":"tag-covid","9":"tag-de-gaulle","10":"tag-epidemie","11":"tag-henri-guaino","12":"tag-islamisme","13":"tag-terrorisme"},"_links":{"self":[{"href":"https:\/\/blog.causeur.fr\/bonnetdane\/wp-json\/wp\/v2\/posts\/3285","targetHints":{"allow":["GET"]}}],"collection":[{"href":"https:\/\/blog.causeur.fr\/bonnetdane\/wp-json\/wp\/v2\/posts"}],"about":[{"href":"https:\/\/blog.causeur.fr\/bonnetdane\/wp-json\/wp\/v2\/types\/post"}],"author":[{"embeddable":true,"href":"https:\/\/blog.causeur.fr\/bonnetdane\/wp-json\/wp\/v2\/users\/6"}],"replies":[{"embeddable":true,"href":"https:\/\/blog.causeur.fr\/bonnetdane\/wp-json\/wp\/v2\/comments?post=3285"}],"version-history":[{"count":0,"href":"https:\/\/blog.causeur.fr\/bonnetdane\/wp-json\/wp\/v2\/posts\/3285\/revisions"}],"wp:attachment":[{"href":"https:\/\/blog.causeur.fr\/bonnetdane\/wp-json\/wp\/v2\/media?parent=3285"}],"wp:term":[{"taxonomy":"category","embeddable":true,"href":"https:\/\/blog.causeur.fr\/bonnetdane\/wp-json\/wp\/v2\/categories?post=3285"},{"taxonomy":"post_tag","embeddable":true,"href":"https:\/\/blog.causeur.fr\/bonnetdane\/wp-json\/wp\/v2\/tags?post=3285"}],"curies":[{"name":"wp","href":"https:\/\/api.w.org\/{rel}","templated":true}]}}