{"id":3286,"date":"2020-11-23T12:53:01","date_gmt":"2020-11-23T10:53:01","guid":{"rendered":"https:\/\/blog.causeur.fr\/bonnetdane\/?p=3286"},"modified":"2021-04-22T18:48:02","modified_gmt":"2021-04-22T16:48:02","slug":"retour-a-athenes","status":"publish","type":"post","link":"https:\/\/blog.causeur.fr\/bonnetdane\/retour-a-athenes-3286","title":{"rendered":"Retour \u00e0 Ath\u00e8nes"},"content":{"rendered":"<p><a href=\"https:\/\/blog.causeur.fr\/bonnetdane\/retour-a-athenes-003286\/1627340-rocher-sacre-lequel-eleve-parthenon\" rel=\"attachment wp-att-3289\"><img loading=\"lazy\" decoding=\"async\" class=\"aligncenter size-medium wp-image-3289\" src=\"https:\/\/blog.causeur.fr\/bonnetdane\/files\/2020\/11\/1627340-rocher-sacre-lequel-eleve-parthenon-300x200.jpg\" alt=\"1627340-rocher-sacre-lequel-eleve-parthenon\" width=\"300\" height=\"200\" srcset=\"https:\/\/blog.causeur.fr\/bonnetdane\/wp-content\/uploads\/sites\/25\/2020\/11\/1627340-rocher-sacre-lequel-eleve-parthenon-300x200.jpg 300w, https:\/\/blog.causeur.fr\/bonnetdane\/wp-content\/uploads\/sites\/25\/2020\/11\/1627340-rocher-sacre-lequel-eleve-parthenon-768x512.jpg 768w, https:\/\/blog.causeur.fr\/bonnetdane\/wp-content\/uploads\/sites\/25\/2020\/11\/1627340-rocher-sacre-lequel-eleve-parthenon-450x300.jpg 450w, https:\/\/blog.causeur.fr\/bonnetdane\/wp-content\/uploads\/sites\/25\/2020\/11\/1627340-rocher-sacre-lequel-eleve-parthenon.jpg 902w\" sizes=\"auto, (max-width: 300px) 100vw, 300px\" \/><\/a>On s\u2019est souvent gauss\u00e9 du <a href=\"http:\/\/www2.assemblee-nationale.fr\/decouvrir-l-assemblee\/histoire\/grands-discours-parlementaires\/jules-ferry-28-juillet-1885\">discours de Jules Ferry \u00e0 l\u2019Assembl\u00e9e<\/a>, le 28 juillet 1885. Affirmer : \u00ab Il y a pour les races sup\u00e9rieures un droit, parce qu&rsquo;il y a un devoir pour elles. Elles ont le devoir de civiliser les races inf\u00e9rieures&#8230; \u00bb sonne mal \u00e0 nos oreilles de droits-de-l\u2019hommistes persuad\u00e9s qu\u2019il y a une dignit\u00e9 \u00e9gale de toutes les races et de toutes les civilisations.<br \/>\nSi sur le premier point cela va de soi \u2014 il n\u2019y a pas de race inf\u00e9rieure, quoi que vous mettiez sous le mot \u00ab race \u00bb \u2014, il n\u2019en est pas de m\u00eame en ce qui concerne le second. La formule de Samuel Huntington, le \u00ab choc des civilisations \u00bb, remonte \u00e0 1996. Elle a \u00e9t\u00e9 maintes fois critiqu\u00e9e par les belles \u00e2mes, sauf qu\u2019elle s\u2019est r\u00e9v\u00e9l\u00e9e, au fil des guerres effectives et des attentats, d\u2019une redoutable clairvoyance. La mondialisation am\u00e8ne en contact imm\u00e9diat des r\u00e9gimes, des civilisations et des croyances qui se sont ignor\u00e9es pendant des si\u00e8cles, parce que l\u2019\u00e9loignement g\u00e9ographique interdisait de fait le contact. Mais voil\u00e0, deux clics d\u2019ordinateur mettent aujourd\u2019hui le Pakistanais le plus r\u00e9trograde \u00e0 port\u00e9e de kalachnikov de n\u2019importe quel caricaturiste fran\u00e7ais, qu\u2019il vilipende instantan\u00e9ment et br\u00fblerait volontiers dans un grand pogrom de ses \u0153uvres.<\/p>\n<p>D\u2019aucuns nous pr\u00e9viennent alors qu\u2019il faut m\u00e9nager les susceptibilit\u00e9s de ces gens-l\u00e0, faire preuve de tact, ne pas offenser leurs superstitions, etc.<br \/>\nJean-Michel Delacompt\u00e9e, \u00e9crivain tr\u00e8s estimable (<em>Notre langue fran\u00e7aise<\/em> \u2014 2018 \u2014 est un bon livre, m\u00eame si son auteur, soucieux de plaire aux Acad\u00e9miciens qui l\u2019ont couronn\u00e9, ne rentre gu\u00e8re dans le d\u00e9tail de cette langue en lambeaux enseign\u00e9e dans nos \u00e9coles, gr\u00e2ce \u00e0 une habile politique p\u00e9dagogique) vient de se fendre sur le sujet d\u2019un article int\u00e9ressant <a href=\"https:\/\/www.lefigaro.fr\/vox\/societe\/republier-les-caricatures-de-charlie-hebdo-ethique-de-conviction-et-ethique-de-responsabilite-20201113\">dans <em>le Figaro<\/em> du 14 novembre<\/a>.<br \/>\nSoucieux de d\u00e9fendre la ch\u00e8vre et le chou, le couscous et le cassoulet, il \u00e9voque l\u2019ombre de Jules Ferry pour relativiser notre belle ambition d\u2019universaliser les valeurs sur lesquelles s\u2019est fond\u00e9e notre R\u00e9publique : \u00ab D\u00e9fendre la libert\u00e9 de conscience dans les pays de confession musulmane repr\u00e9sente une t\u00e2che d\u2019une extraordinaire difficult\u00e9. Blasph\u00e8me, apostasie, contestation de la parole coranique y suscitent opprobre, proc\u00e8s, prison, crimes de sang. Penser que l\u2019on peut, en republiant les caricatures dans le cadre du proc\u00e8s des attentats de janvier 2015, opposer la grandeur de la libert\u00e9 de conscience \u00e0 l\u2019obscurantisme qui ronge ces pays rel\u00e8ve de la m\u00eame illusion que celle qui conduisit les Etats-Unis \u00e0 tenter d\u2019imposer par la force la d\u00e9mocratie en Irak. Vient aussi \u00e0 l\u2019esprit l\u2019exemple de la IIIe R\u00e9publique qui, all\u00e9guant un souci d\u2019authentique humanisme, pr\u00e9tendit apporter aux peuples \u00ab moins avanc\u00e9s \u00bb les lumi\u00e8res de la civilisation. \u00bb<br \/>\nEt de r\u00e9sumer : \u00ab L\u2019universalisme de nos valeurs fait \u00e0 juste titre notre fiert\u00e9, mais il nous leurre. \u00bb<br \/>\nDe l\u00e0 \u00e0 conclure que nous devrions m\u00e9nager les susceptibilit\u00e9s de gens qui nous ach\u00e8tent des Vache-qui-rit et des Mirages, il n\u2019y a qu\u2019un pas. Sauf que de la pr\u00e9caution \u00e0 la soumission, il n\u2019y a aussi qu\u2019un pas.<\/p>\n<p>Les Ath\u00e9niens du Ve si\u00e8cle ne pr\u00e9tendirent jamais imposer leur mode de vie aux Perses \u2014 il faudra attendre l\u2019ambition d\u2019Alexandre pour en arriver l\u00e0, et surtout le d\u00e9litement de l\u2019empire du Grand Roi. Ils appelaient \u00ab barbares \u00bb ceux qui ne partageaient ni leur langue, ni leurs coutumes. Le mot n\u2019avait rien de p\u00e9joratif en soi, c\u2019\u00e9tait une distinction g\u00e9ographico-linguistique, \u00e0 une \u00e9poque o\u00f9 Ninive ou Babylone \u00e9taient juste de beaux noms vagues, \u00e0 des distances prodigieuses \u2014 pas des r\u00e9alit\u00e9s d\u00e9boulant sur l\u2019\u00e9cran de l\u2019ordinateur ou sous le couteau des assassins. De m\u00eame, ils avaient baptis\u00e9s \u00ab m\u00e9t\u00e8ques \u00bb les citoyens qui n\u2019\u00e9taient pas d\u2019extraction ath\u00e9nienne, et auxquels ils refusaient les droits des citoyens.<br \/>\nPeut-\u00eatre faut-il en revenir \u00e0 Ath\u00e8nes. Comprendre que les pays qui nous abreuvent d\u2019injures sont juste des barbares. Que ceux qui chez nous les imitent, et que nous avons import\u00e9s en grand nombre, le sont aussi. Qu\u2019il faut un bon bout de temps pour qu\u2019un barbare d\u2019importation devienne citoyen fran\u00e7ais de plein droit \u2014 et nous devrions peut-\u00eatre r\u00e9introduire des distinctions entre habitants de l\u2019Hexagone, selon l\u2019acquisition des Lumi\u00e8res sur lesquelles est fond\u00e9e notre civilisation : j\u2019avais tent\u00e9 d\u2019expliquer cela en \u00e9crivant <em>Voltaire ou le jihad<\/em>. Lis <em>l\u2019Encyclop\u00e9die<\/em>, r\u00e9cite le <em>Dictionnaire philosophique<\/em>, adh\u00e8re au discours des Lumi\u00e8res, ou r\u00e9sous-toi \u00e0 n\u2019avoir qu\u2019un statut de m\u00e9t\u00e8que ath\u00e9nien \u2013 litt\u00e9ralement, \u00ab celui qui a chang\u00e9 de r\u00e9sidence \u00bb. Tant que tu n\u2019\u00e9pouses pas les valeurs de notre civilisation, ne t\u2019\u00e9tonne pas que nous rejetions la greffe.<br \/>\nLes Allemands n\u2019ont pas de ces pudeurs de vierges. Leurs Turcs d\u2019importation restent des Turcs longtemps. \u00c7a ne les emp\u00eache pas d\u2019\u0153uvrer \u00e0 la grandeur de l\u2019Allemagne.<\/p>\n<p>Respecter les croyances, en ces temps d\u2019exacerbation des passions, revient tr\u00e8s vite \u00e0 respecter des fanatismes \u2014 et aucun fanatisme ne peut \u00eatre accept\u00e9 dans une France des Lumi\u00e8res. C\u2019\u00e9tait le sens de l\u2019intervention c\u00e9l\u00e8bre du comte de Clermont-Tonnerre en d\u00e9cembre 1789, \u00e0 propos des Juifs : \u00ab \u00ab Il faut tout refuser aux Juifs comme nation et tout accorder aux Juifs comme individus \u00bb. La cr\u00e9ation par Napol\u00e9on du Consistoire en 1808, qui permit l\u2019int\u00e9gration pacifique de tant d\u2019Isra\u00e9lites qui \u00e9taient pers\u00e9cut\u00e9s en raison de leur religion, s\u2019inscrit dans cette optique.<br \/>\nIl est inconcevable que nous acceptions \u2014 et il n\u2019est pas trop tard, tant que la d\u00e9mographie ne cr\u00e9e pas une situation irr\u00e9versible qui nous ferait basculer dans la tyrannie des barbares \u2014 la constitution de \u00ab communaut\u00e9s \u00bb faisant pratiquement nation dans certaines p\u00e9riph\u00e9ries urbaines. Inconcevable que l\u2019Ecole, qui devrait \u00eatre le berceau commun d\u2019o\u00f9 \u00e9mergent tous les citoyens fran\u00e7ais, se soit r\u00e9sign\u00e9e \u00e0 tol\u00e9rer des discours s\u00e9paratistes, voire criminels. Si nous n\u2019avions pas laiss\u00e9 des p\u00e9dagogues en mal de d\u00e9magogie instaurer, depuis la loi Jospin (1989), le droit des \u00e9l\u00e8ves \u00e0 prof\u00e9rer des insanit\u00e9s, nous ne verrions pas des gosses de 15 ans vendre leur prof d\u2019Histoire \u00e0 un assassin pour une poign\u00e9e de cacahou\u00e8tes.<br \/>\nOui, il y a des barbares dans nombre de pays. S\u2019ils ont envie de se so\u00fbler de sables et de corans, \u00e0 leur guise. L\u2019\u00e9poque o\u00f9 nous avions l\u2019illusion de pouvoir les \u00e9duquer aux Lumi\u00e8res est bien pass\u00e9e, et le colonialisme n\u2019a jamais apport\u00e9 que des ranc\u0153urs mal dig\u00e9r\u00e9es : pensez, nous les avons gu\u00e9ris de la fi\u00e8vre jaune, de la malaria, de l\u2019esclavage, du tribalisme, et autres joyeuset\u00e9s qui constituent le fond de leur civilisation \u2014 aussi respectables, \u00e0 distance, que celle des Perses pour les Ath\u00e9niens.<br \/>\nQuant \u00e0 ceux qui sont aujourd\u2019hui pr\u00e9sents sur le sol fran\u00e7ais, il faut les int\u00e9grer. Cesser de pr\u00e9tendre que la d\u00e9mocratie nous impose de respecter leurs superstitions. Justement, <a href=\"https:\/\/blog.causeur.fr\/bonnetdane\/republique-versus-democratie-003253\">comme je l\u2019expliquais il y a peu<\/a>, la d\u00e9mocratie n\u2019est pas la r\u00e9publique. Alors, \u00ab Fran\u00e7ais, encore un effort si vous voulez \u00eatre r\u00e9publicains \u00bb \u2014 et cessez de plaindre ou m\u00eame de \u00ab comprendre \u00bb ceux qui encensent les \u00e9gorgeurs. Eduquons-les, ou rejetons-les.<\/p>\n<p>Jean-Paul Brighelli<\/p>\n","protected":false},"excerpt":{"rendered":"<p>On s\u2019est souvent gauss\u00e9 du discours de Jules Ferry \u00e0 l\u2019Assembl\u00e9e, le 28 juillet 1885. Affirmer : \u00ab Il y a pour les races sup\u00e9rieures un droit, parce qu&rsquo;il y a un devoir pour elles. Elles ont le devoir de civiliser les races inf\u00e9rieures&#8230; \u00bb sonne mal \u00e0 nos oreilles de droits-de-l\u2019hommistes persuad\u00e9s qu\u2019il y [&hellip;]<\/p>\n","protected":false},"author":6,"featured_media":0,"comment_status":"open","ping_status":"open","sticky":false,"template":"","format":"standard","meta":{"footnotes":""},"categories":[1],"tags":[2207,2205,2204,121,2203,1039,2206,708],"class_list":{"0":"post-3286","1":"post","2":"type-post","3":"status-publish","4":"format-standard","6":"category-non-classe","7":"tag-athenes","8":"tag-barbares","9":"tag-choc-des-civilisations","10":"tag-democratie","11":"tag-jukes-ferry","12":"tag-lumieres","13":"tag-meteques","14":"tag-republique"},"_links":{"self":[{"href":"https:\/\/blog.causeur.fr\/bonnetdane\/wp-json\/wp\/v2\/posts\/3286","targetHints":{"allow":["GET"]}}],"collection":[{"href":"https:\/\/blog.causeur.fr\/bonnetdane\/wp-json\/wp\/v2\/posts"}],"about":[{"href":"https:\/\/blog.causeur.fr\/bonnetdane\/wp-json\/wp\/v2\/types\/post"}],"author":[{"embeddable":true,"href":"https:\/\/blog.causeur.fr\/bonnetdane\/wp-json\/wp\/v2\/users\/6"}],"replies":[{"embeddable":true,"href":"https:\/\/blog.causeur.fr\/bonnetdane\/wp-json\/wp\/v2\/comments?post=3286"}],"version-history":[{"count":0,"href":"https:\/\/blog.causeur.fr\/bonnetdane\/wp-json\/wp\/v2\/posts\/3286\/revisions"}],"wp:attachment":[{"href":"https:\/\/blog.causeur.fr\/bonnetdane\/wp-json\/wp\/v2\/media?parent=3286"}],"wp:term":[{"taxonomy":"category","embeddable":true,"href":"https:\/\/blog.causeur.fr\/bonnetdane\/wp-json\/wp\/v2\/categories?post=3286"},{"taxonomy":"post_tag","embeddable":true,"href":"https:\/\/blog.causeur.fr\/bonnetdane\/wp-json\/wp\/v2\/tags?post=3286"}],"curies":[{"name":"wp","href":"https:\/\/api.w.org\/{rel}","templated":true}]}}