{"id":33,"date":"2006-05-25T18:12:20","date_gmt":"2006-05-25T18:12:20","guid":{"rendered":"http:\/\/blog.causeur.fr\/bonnetdane\/?p=33"},"modified":"2021-04-22T18:54:01","modified_gmt":"2021-04-22T16:54:01","slug":"lecole-est-finie","status":"publish","type":"post","link":"https:\/\/blog.causeur.fr\/bonnetdane\/lecole-est-finie-33","title":{"rendered":"L&rsquo;\u00e9cole est finie !"},"content":{"rendered":"<p>Nous n&rsquo;avions pas encore tout vu.<\/p>\n<p>Article de Marie-Estelle Pech, paru dans le Figaro du mercredi 24 mai \u2014 Saint Donatien\u2026<\/p>\n<p>\u00ab Est-il besoin pour int\u00e9resser les \u00e9l\u00e8ves \u00e0 la litt\u00e9rature de leur faire \u00e9tudier les autobiographies de Loana, Charlotte Valandrey, Jean-Pierre Pernaud et autres stars du petit \u00e9cran ? Les futurs professeurs de fran\u00e7ais en seront peut-\u00eatre un jour r\u00e9duits \u00e0 cette extr\u00e9mit\u00e9. Cette ann\u00e9e, huit enseignants du renomm\u00e9 lyc\u00e9e Joffre \u00e0 Montpellier (H\u00e9rault) ont d\u00e9cid\u00e9 de faire un premier pas dans cette direction. Ils ont fait plancher leurs \u00e9l\u00e8ves de premi\u00e8re sur la r\u00e9cente autobiographie \u00e0 succ\u00e8s du chanteur Herv\u00e9 Vilard, L&rsquo;\u00c2me seule, o\u00f9 ce dernier raconte son pass\u00e9 d&rsquo;enfant confi\u00e9 \u00e0 l&rsquo;assistance publique. Au risque de d\u00e9concerter les examinateurs, cet ouvrage sera m\u00eame pr\u00e9sent\u00e9 \u00e0 l&rsquo;oral du bac par les \u00e9l\u00e8ves de Joffre dans quelques semaines ! \u00abCe livre a de vrais qualit\u00e9s litt\u00e9raires\u00bb, justifie Patrick Loubati\u00e8re, le professeur de fran\u00e7ais \u00e0 l&rsquo;origine de cette initiative. L&rsquo;ancien chanteur de charme des ann\u00e9es soixante-dix a \u00e9t\u00e9 invit\u00e9 \u00e0 discuter de son oeuvre avec les lyc\u00e9ens, la semaine derni\u00e8re. (\u2026) <br \/>Jeune enseignante de fran\u00e7ais dans un coll\u00e8ge des Yvelines, Laurence ne s&rsquo;est toujours pas remise des conseils de son inspecteur p\u00e9dagogique l&rsquo;an dernier : faire \u00e9tudier Le Voile noir d&rsquo;Anny Duperey, dans lequel l&rsquo;actrice raconte la disparition tragique de ses parents. Les romans \u00e0 l&rsquo;eau de rose de Marc L\u00e9vy, pourtant r\u00e9guli\u00e8rement \u00e9reint\u00e9s par la critique litt\u00e9raire, ont bonne presse aupr\u00e8s de certains inspecteurs. \u00abOn nous encourage \u00e0 \u00e9tudier des \u0153uvres de faible niveau. Comme si nous \u00e9tions l\u00e0 pour faire stagner les \u00e9l\u00e8ves\u00bb, s&rsquo;agace Laurence.(\u2026) <br \/>Au lyc\u00e9e Joffre de Montpellier, Patrick Loubati\u00e8re se d\u00e9fend de tout nivellement par le bas. Selon lui, celle d&rsquo;Herv\u00e9 Vilard illustre parfaitement le th\u00e8me de l&rsquo;autobiographie, au programme du bac de fran\u00e7ais. La plupart des \u00e9l\u00e8ves lui ont confi\u00e9 se sentir davantage concern\u00e9s par ce livre que par les Confessions de Jean-Jacques Rousseau, \u00abqui leur est tomb\u00e9 des mains\u00bb, pr\u00e9cise-t-il, m\u00eame dans ce lyc\u00e9e r\u00e9put\u00e9 pour ses bons r\u00e9sultats au bac. Il est \u00abplus facile de s&rsquo;identifier \u00e0 Herv\u00e9 Vilard qu&rsquo;\u00e0 Montaigne parce qu&rsquo;il est plus proche de nous, confirme Agathe, \u00e9l\u00e8ve de premi\u00e8re S. Son pass\u00e9 d&rsquo;orphelin est touchant. C&rsquo;est un homme tr\u00e8s simple, pas intimidant, \u00e0 qui on a pu poser plein de questions.\u00bb \u00bb<\/p>\n<p>Retour sur un d\u00e9sastre annonc\u00e9. <br \/>En 1999-2000, la \u00ab commission Viala \u00bb, du nom du distingu\u00e9 universitaire (Paris-III et Oxford) qui la dirigeait, accouche de nouveaux programmes de Fran\u00e7ais pour les lyc\u00e9es. Finie la dictature (?) du chronologique et de l\u2019histoire litt\u00e9raire ! Place \u00e0 des \u00ab notions \u00bb \u2014 \u00ab Argumentation \u00bb, \u00ab Genres \u00bb, \u00ab travail de l\u2019\u00e9criture \u00bb, \u00ab Autobiographie \u00bb, etc.<br \/>J\u2019ai, \u00e0 l\u2019\u00e9poque, pr\u00e9venu un membre de cette commission (la seule prof de lyc\u00e9e, par parenth\u00e8se \u2014 les autres \u00e9taient des universitaires ou des administratifs) qu\u2019ils jouaient avec le feu. \u00ab Que nenni ! \u00bb r\u00e9torqua-t-elle en substance. \u00ab Enfin ! Prenez l\u2019autobiographie ! Rousseau, Montaigne, Ch\u00e2teaubriand\u2026 Des gens incontestables, n\u2019est-ce pas ? \u00bb<br \/>Mais seul le pire est s\u00fbr, comme dit la loi de Murphy (\u00ab If something can get wrong, it will \u00bb, pour les anglicistes). <br \/>N\u2019emp\u00eache\u2026 Fort des assurances de ma coll\u00e8gue, j\u2019ai dirig\u00e9, avec un ami, une collection (aux \u00e9ditions Magnard) qui tentait de tirer le meilleur de ces programmes ineptes. La table des mati\u00e8res du volume consacr\u00e9 au Biographique \/ Autobiographique propose des textes de Plutarque \u00e0 Camus, en passant par Commynes, Montaigne, La Rochefoucauld, Retz, Saint-Simon, Rousseau, Ch\u00e2teaubriand, et j\u2019en passe\u2026<br \/>Pauvres cloches que nous \u00e9tions ! Seul le pire est s\u00fbr\u2026<br \/>L\u2019an pass\u00e9, \u00e0 l\u2019\u00e9crit du CAPES de Lettres, dans un sujet sur le biographique, les candidats futurs profs parlaient tout uniment de Loana et de Rousseau (dire plut\u00f4t \u00ab Jean-Jacques \u00bb \u2014 non par r\u00e9f\u00e9rence \u00e0 \u00ab Rousseau juge de Jean-Jacques \u00bb, mais parce que \u00e7a vous a un petit c\u00f4t\u00e9 intime, un relent de Steevy\u2026). Et voici que le lyc\u00e9e Joffre, qui est (qui fut, m\u2019affirme une enseignante qui a imm\u00e9diatement r\u00e9agi \u00e0 l\u2019article, que j\u2019ai largement diffus\u00e9 sur la Toile) cautionne Herv\u00e9 Vilard. <br \/>Capri, c\u2019est fini, l\u2019\u00e9cole aussi.<br \/>D\u2019o\u00f9 vient cette confusion, qui am\u00e8ne des enseignants certainement pleins de bonnes intentions, \u00e0 d\u00e9faut d\u2019avoir de vraies r\u00e9f\u00e9rences, \u00e0 amener leurs \u00e9l\u00e8ves rencontrer le grand homme, has-been des sixties, au CRDP de Montpellier, qui pr\u00eate une salle pour l\u2019occasion ? <br \/>Au passage, cela a permis \u00e0 Vilard, qui revient de derri\u00e8re les ombres, de faire un tabac \u00e0 la \u00ab Com\u00e9die du Livre \u00bb, le Salon qu\u2019organise la ville au mois de mai.<\/p>\n<p>Pour Viala (dont je ne remets en cause ni le savoir, ni l\u2019ambition), tout fait texte, tout est discours. Pris au pied de la lettre par les demi-habiles, qui sont l\u00e9gion, cela consiste \u00e0 traiter de la m\u00eame mani\u00e8re les people et les grands \u00e9crivains. Anny Duperey, dont je connais par ailleurs le go\u00fbt pour les vrais textes, doit \u00eatre bien sid\u00e9r\u00e9e (flatt\u00e9e toutefois, peut-\u00eatre) d\u2019\u00eatre devenue une r\u00e9f\u00e9rence litt\u00e9raire qui supplante Rousseau\u2026 <br \/>Rousseau \u00ab qui leur est tomb\u00e9 des mains \u00bb : curieuse p\u00e9dagogie qui va dans le sens de la pente, alors que les plus belles victoires (et les \u00e9l\u00e8ves y sont sensibles) sont celles qui triomphent d\u2019une vraie difficult\u00e9. D\u2019ailleurs, pour s\u2019ennuyer \u00e0 Rousseau, il faut \u00eatre de mauvaise foi \u2014 mais la mauvaise foi a bonne presse, en ce moment.<br \/>Quant \u00e0 Marc L\u00e9vy\u2026 Il y a toujours eu des best-sellers, avant m\u00eame que le mot exist\u00e2t. Et vous savez quoi ? Il est tr\u00e8s rare qu\u2019on \u00e9tudie, en classe ou ailleurs, ceux des si\u00e8cles pass\u00e9s. Il est rarissime qu\u2019on les \u00e9dite encore. Que reste-t-il de Xavier de Mont\u00e9pin, le plus grand succ\u00e8s du XIXe si\u00e8cle ? La Porteuse de pain, les Deux orphelines, se vendaient \u00e0 des centaines de milliers d\u2019exemplaires. Le Rouge et le Noir, moins de 500. Qui aurait l\u2019id\u00e9e de faire \u00e9tudier Souvestre et Allain plut\u00f4t que Mallarm\u00e9 ?<br \/>Que dites-vous ? On n\u2019\u00e9tudie plus Mallarm\u00e9 ? Ni Stendhal ? ET on sugg\u00e8re de lire Germinal en abr\u00e9g\u00e9\u2026 Je le sais bien\u2026 Pauvre France\u2026<br \/>Un dernier point. Quel texte \u00e9tudie-t-on quand on se penche sur \u00ab l\u2019\u0153uvre \u00bb d\u2019Herv\u00e9 Vilard ? Qui l\u2019a \u00e9crite ? Pour avoir moi-m\u00eame donn\u00e9, ces vingt derni\u00e8res ann\u00e9es, quelques coups de mains \u00e0 des stars, enfants de stars et hommes politiques, quand je ne r\u00e9digeais pas compl\u00e8tement les romans de tel ou tel \u00e9crivain confirm\u00e9, je sais ce qu\u2019il en est de la \u00ab n\u00e9gritude \u00bb : le texte final de ces ouvrages est calibr\u00e9 pour un public pr\u00e9cis \u2014 et il entre pas mal de m\u00e9pris, dans le milieu \u00e9ditorial, pour ledit public. Mais on fait ainsi entrer dans les cr\u00e2nes vides des \u00e9l\u00e8ves format\u00e9s par la t\u00e9l\u00e9 people, la presse people et maintenant l\u2019\u00e9cole people que tout le monde peut devenir \u00e9crivain (ou chanteur, ou acteur), d\u2019un coup de baguette magique.<br \/>Eh bien non ! C\u2019est un travail, figurez-vous\u2026<br \/>Mais la m\u00eame commission Viala, r\u00e9formant aussi l\u2019\u00e9crit du Bac, a invent\u00e9 cette supercherie grandiose, \u00ab l\u2019\u00e9criture d\u2019invention \u00bb. En clair, chaque \u00e9l\u00e8ve qui choisit ce sujet (pr\u00e8s de 50% des bacheliers fin Premi\u00e8re, tant on leur a viss\u00e9 dans le cr\u00e2ne la certitude de leur capacit\u00e9 \u00e0 \u00e9crire \u2014 merci, B\u00e9gaudeau !) est incit\u00e9 \u00e0 se faire \u00e9crivain, en continuant un texte, en lui r\u00e9pondant, en s\u2019improvisant g\u00e9nie.<br \/>\u00c7a ne marche pas comme \u00e7a. Rimbaud \u00e9crivait peut-\u00eatre des merveilles \u00e0 16 ans, mais il avait travaill\u00e9 en classe comme un forcen\u00e9 \u2014 lisez donc ses r\u00e9dactions en vers latins.<br \/>Alors, bien s\u00fbr, les m\u00e9dias nous sortent de leur chapeau, r\u00e9guli\u00e8rement, une \u00e9crivaine (curieusement, ce sont presque toujours des filles \u2014 plus fr\u00eales, sans doute, et plus pr\u00e9coces, comme on sait\u2026) qui, \u00e0 17 ou 18 ans enthousiasme les chroniqueurs. Pour les plus jeunes, je signale que \u00e7a ne date pas d\u2019aujourd\u2019hui, ce genre de coup m\u00e9diatique. Dans les ann\u00e9es 50, on avait sorti Minou Drouet (il en reste quoi ?), et Sagan au d\u00e9but des ann\u00e9es 60 \u2014 il en restera quoi ? D\u2019autant que c\u2019est \u00e0 la fois all\u00e9chant et d\u00e9sesp\u00e9rant, pour les gamines pri\u00e9es de s\u2019identifier \u00e0 ces stars en herbe. L\u2019une est fille de d\u00e9put\u00e9, quelque part dans le Dr\u00f4me ou le Vaucluse, l\u2019autre fille d\u2019un philosophe sp\u00e9cialiste en jolies chemises \u2014 et j\u2019en passe. Mod\u00e8les si lointains\u2026<br \/>(De temps en temps, on nous sort un jeune gar\u00e7on,. On nous a fait le coup avec Alexandre Jardin, cr\u00e9ature invent\u00e9e par Fran\u00e7oise Verny, qui a si merveilleusement renouvel\u00e9 son style \u00e0 son dernier livre\u2026 Il a d\u00fb changer de stylo).<\/p>\n<p>Inutile d\u2019aller plus loin. Je suis sans doute un dinosaure, mais je me battrai jusqu\u2019au bout pour que les enfants de toutes les conditions aient le droit d\u2019acc\u00e9der aux plus belles pages de la litt\u00e9rature. Nous sommes quelques-uns qui partageons les m\u00eames ambitions. Apr\u00e8s nous le d\u00e9luge.<br \/>D\u2019ici l\u00e0, Patrick Loubati\u00e8re, le fan d\u2019Herv\u00e9 Vilard, sera professeur en IUFM \u2014 \u00e0 Montpellier, par exemple : \u00e7a fera monter le niveau. Je ne sais pas si Capri, c\u2019est fini. Mais pour rester dans les ann\u00e9es soixante, je sais au moins que \u00ab l\u2019\u00e9cole est finie, l\u2019\u00e9cole est finie, l\u2019\u00e9cole est finie\u2026 \u00bb<br \/>Ad libitum.<\/p>\n<p>Jean-Paul Brighelli<\/p>\n","protected":false},"excerpt":{"rendered":"<p>Nous n&rsquo;avions pas encore tout vu. Article de Marie-Estelle Pech, paru dans le Figaro du mercredi 24 mai \u2014 Saint Donatien\u2026 \u00ab Est-il besoin pour int\u00e9resser les \u00e9l\u00e8ves \u00e0 la litt\u00e9rature de leur faire \u00e9tudier les autobiographies de Loana, Charlotte Valandrey, Jean-Pierre Pernaud et autres stars du petit \u00e9cran ? Les futurs professeurs de fran\u00e7ais [&hellip;]<\/p>\n","protected":false},"author":6,"featured_media":0,"comment_status":"open","ping_status":"open","sticky":false,"template":"","format":"standard","meta":{"footnotes":""},"categories":[1],"tags":[],"class_list":{"0":"post-33","1":"post","2":"type-post","3":"status-publish","4":"format-standard","6":"category-non-classe"},"_links":{"self":[{"href":"https:\/\/blog.causeur.fr\/bonnetdane\/wp-json\/wp\/v2\/posts\/33","targetHints":{"allow":["GET"]}}],"collection":[{"href":"https:\/\/blog.causeur.fr\/bonnetdane\/wp-json\/wp\/v2\/posts"}],"about":[{"href":"https:\/\/blog.causeur.fr\/bonnetdane\/wp-json\/wp\/v2\/types\/post"}],"author":[{"embeddable":true,"href":"https:\/\/blog.causeur.fr\/bonnetdane\/wp-json\/wp\/v2\/users\/6"}],"replies":[{"embeddable":true,"href":"https:\/\/blog.causeur.fr\/bonnetdane\/wp-json\/wp\/v2\/comments?post=33"}],"version-history":[{"count":0,"href":"https:\/\/blog.causeur.fr\/bonnetdane\/wp-json\/wp\/v2\/posts\/33\/revisions"}],"wp:attachment":[{"href":"https:\/\/blog.causeur.fr\/bonnetdane\/wp-json\/wp\/v2\/media?parent=33"}],"wp:term":[{"taxonomy":"category","embeddable":true,"href":"https:\/\/blog.causeur.fr\/bonnetdane\/wp-json\/wp\/v2\/categories?post=33"},{"taxonomy":"post_tag","embeddable":true,"href":"https:\/\/blog.causeur.fr\/bonnetdane\/wp-json\/wp\/v2\/tags?post=33"}],"curies":[{"name":"wp","href":"https:\/\/api.w.org\/{rel}","templated":true}]}}