{"id":3331,"date":"2021-01-21T17:11:47","date_gmt":"2021-01-21T15:11:47","guid":{"rendered":"https:\/\/blog.causeur.fr\/bonnetdane\/?p=3331"},"modified":"2021-04-22T18:48:01","modified_gmt":"2021-04-22T16:48:01","slug":"la-repentance-a-sens-unique","status":"publish","type":"post","link":"https:\/\/blog.causeur.fr\/bonnetdane\/la-repentance-a-sens-unique-3331","title":{"rendered":"La repentance \u00e0 sens unique"},"content":{"rendered":"<p><a href=\"https:\/\/blog.causeur.fr\/bonnetdane\/la-repentance-a-sens-unique-003331\/41k6svdrc6l-_sx295_bo1204203200_\" rel=\"attachment wp-att-3334\"><img loading=\"lazy\" decoding=\"async\" class=\"aligncenter size-full wp-image-3334\" src=\"https:\/\/blog.causeur.fr\/bonnetdane\/files\/2021\/01\/41K6SVDRC6L._SX295_BO1204203200_.jpg\" alt=\"41K6SVDRC6L._SX295_BO1,204,203,200_\" width=\"297\" height=\"474\" srcset=\"https:\/\/blog.causeur.fr\/bonnetdane\/wp-content\/uploads\/sites\/25\/2021\/01\/41K6SVDRC6L._SX295_BO1204203200_.jpg 297w, https:\/\/blog.causeur.fr\/bonnetdane\/wp-content\/uploads\/sites\/25\/2021\/01\/41K6SVDRC6L._SX295_BO1204203200_-188x300.jpg 188w\" sizes=\"auto, (max-width: 297px) 100vw, 297px\" \/><\/a>Benjamin Stora a donc remis un rapport sur l\u2019am\u00e9nagement des relations France \u2013Alg\u00e9rie, proposant de solder les abominations d\u2019une longue guerre.<br \/>\nAvouons donc les \u00ab corv\u00e9es de bois \u00bb, la torture, deux si\u00e8cles d\u2019impitoyable diffusion des vaccinations et de lutte contre la famine \u2014 et de coups de chicotte, soyons r\u00e9alistes. Avouons que nous avons puissamment contribu\u00e9 \u00e0 faire sortir de terre le p\u00e9trole et le gaz avec lesquels les militaires depuis soixante ans se remplissent les poches \u2014 en \u00e9change d\u2019une portion du Sahara pour y exp\u00e9rimenter la force de frappe fran\u00e7aise\u2026<br \/>\nMais j\u2019aimerais que parall\u00e8lement les Alg\u00e9riens avouent les attentats aveugles qui tuaient femmes et enfants, les mutilations op\u00e9r\u00e9es \u00e0 vif sur des militaires fran\u00e7ais prisonniers, les Pieds-Noirs assassin\u00e9s surtout quand ils \u00e9taient sans d\u00e9fense, et les 250 000 harkis (et leurs familles : les r\u00e9sistants de la onzi\u00e8me heure du FLN se sont fait une virginit\u00e9 politique en tuant des nourrissons et des femmes enceintes) qui ont \u00e9t\u00e9 la petite monnaie des accords d\u2019Evian \u2014le prix en fait de la protection, quinze ans durant, des int\u00e9r\u00eats strat\u00e9giques fran\u00e7ais dans le sud.<\/p>\n<p>Oui, j\u2019aimerais beaucoup qu\u2019un pays qui a fait de \u00ab harki \u00bb une injure a tous usages reconnaisse que ses p\u00e8res fondateurs se sont conduits eux aussi comme des enfants de salauds.<\/p>\n<p>En 2002, j\u2019ai co-\u00e9crit avec mon ami Boussad Azni dont je salue la m\u00e9moire, un natif de Tizi-Ouzou expatri\u00e9 avec tant d\u2019autres dans l\u2019un de ces merveilleux camps de vacances o\u00f9 les autorit\u00e9s fran\u00e7aise ont concentr\u00e9, deux d\u00e9cennies durant, des gens qui n\u2019avaient rien fait d\u2019autre que d\u00e9fendre les int\u00e9r\u00eats de la nation, un livre rassemblant les dizaines de milliers de t\u00e9moignages des massacres op\u00e9r\u00e9s par des \u00ab r\u00e9sistants \u00bb vaincus la veille, \u00e0 qui l\u2019on a offert \u00e0 Evian une victoire dont ils d\u00e9sesp\u00e9raient. Un d\u00e9luge d\u2019horreurs. Les harkis ont vainement plaid\u00e9 le crime contre l\u2019humanit\u00e9 \u2014 mais qui \u00e9coute les vaincus ?<\/p>\n<p>De m\u00eame, il faudra ici r\u00e9\u00e9valuer l\u2019action de militants bien intentionn\u00e9s qui ont fait passer des armes en Alg\u00e9rie \u2014 des armes qui ont tu\u00e9 des Fran\u00e7ais par milliers. Ce ne furent pas des h\u00e9ros, mais des tra\u00eetres.<\/p>\n<p>Si l\u2019Alg\u00e9rie et les Alg\u00e9riens veulent effectivement normaliser les relations avec la France, qu\u2019ils fassent le m\u00e9nage dans leur m\u00e9moire officielle, grattent la couche de vernis qui occulte les monstruosit\u00e9s, et comprennent que cette guerre fut sale \u00e0 tous les niveaux \u2014 comme toutes les guerres. Qu\u2019il n\u2019y a pas de vainqueurs \u2014 juste des vaincus, dans les deux camps. Parce que les terroristes vainqueurs ont admirablement bousill\u00e9 un pays qui avait \u00e9t\u00e9 mis en valeur, agricolement mais aussi humainement : combien d\u2019\u00e9lites alg\u00e9riennes form\u00e9es en France avant m\u00eame l\u2019ind\u00e9pendance \u2014 combien de pr\u00e9sidents hospitalis\u00e9s en France ?<br \/>\nEt sans m\u00eame un \u00ab merci \u00bb, comme si tout leur \u00e9tait d\u00fb\u2026 Tout comme actuellement ils se moquent des Chinois qui s\u2019y implantent, parce qu\u2019ils travaillent \u2014 quelle bonne blague\u2026<\/p>\n<p>Il n\u2019y a pas de m\u00e9moire \u00e0 sens unique. Les guerres sont toujours \u00e0 torts partag\u00e9s. Il faudrait d\u00e9j\u00e0 le reconna\u00eetre. J\u2019aimerais assez que les Alg\u00e9riens r\u00e9\u00e9crivent les manuels d\u2019Histoire en usage l\u00e0-bas \u2014 les n\u00f4tres sont d\u00e9j\u00e0 tout imbib\u00e9s de repentance ex-coloniale. Puis alors ils pourront promulguer des lois donnant aux femmes les m\u00eames droits qu\u2019aux hommes \u2014 y compris le droit de ne pas \u00eatre importun\u00e9es par des fanatiques religieux. J\u2019y suis all\u00e9 en 1970, c\u2019est un magnifique pays, j\u2019ai sur ma peau la nostalgie des plages de Bougie (ou Bidjaia, comme vous voulez) ou Tichy et des rencontres que l\u2019on pouvait y faire\u2026 Et sur la langue le souvenir des confitures de roses de Blida.<br \/>\nMais c\u2019est un pays arqu\u00e9 dans un absolutisme de la m\u00e9moire reconstruite, et qui a cess\u00e9 de participer \u00e0 la modernit\u00e9. Si tant d\u2019Alg\u00e9riens sont venus en France, c\u2019\u00e9tait pour y travailler, certes, mais peut-\u00eatre avant tout pour fuir un pays qui avait tant promis et qui n\u2019a rien tenu.<\/p>\n<p>Alors, tous les rapports n\u2019y feront rien : les peuples doivent se ressaisir de leur m\u00e9moire, effacer les discours pompeux et pontifiants de ceux qui exploitent le pass\u00e9 \u00e0 leur strict avantage, et accueillir les harkis ou les Pieds-Noirs qui d\u00e9sireraient revisiter leurs villes ravag\u00e9es et leurs cimeti\u00e8res d\u00e9sacralis\u00e9s. Mais quand ce sont les r\u00e9visionnistes et les vandales qui exigent que nous fassions tout le chemin\u2026<\/p>\n<p>Jean-Paul Brighelli<\/p>\n","protected":false},"excerpt":{"rendered":"<p>Benjamin Stora a donc remis un rapport sur l\u2019am\u00e9nagement des relations France \u2013Alg\u00e9rie, proposant de solder les abominations d\u2019une longue guerre. Avouons donc les \u00ab corv\u00e9es de bois \u00bb, la torture, deux si\u00e8cles d\u2019impitoyable diffusion des vaccinations et de lutte contre la famine \u2014 et de coups de chicotte, soyons r\u00e9alistes. Avouons que nous avons [&hellip;]<\/p>\n","protected":false},"author":6,"featured_media":0,"comment_status":"open","ping_status":"open","sticky":false,"template":"","format":"standard","meta":{"footnotes":""},"categories":[1],"tags":[356,2256,2077,420,2076,2258,2257],"class_list":{"0":"post-3331","1":"post","2":"type-post","3":"status-publish","4":"format-standard","6":"category-non-classe","7":"tag-algerie","8":"tag-benjamin-stora","9":"tag-boussad-azni","10":"tag-colonialisme","11":"tag-harkis","12":"tag-repentance","13":"tag-torture"},"_links":{"self":[{"href":"https:\/\/blog.causeur.fr\/bonnetdane\/wp-json\/wp\/v2\/posts\/3331","targetHints":{"allow":["GET"]}}],"collection":[{"href":"https:\/\/blog.causeur.fr\/bonnetdane\/wp-json\/wp\/v2\/posts"}],"about":[{"href":"https:\/\/blog.causeur.fr\/bonnetdane\/wp-json\/wp\/v2\/types\/post"}],"author":[{"embeddable":true,"href":"https:\/\/blog.causeur.fr\/bonnetdane\/wp-json\/wp\/v2\/users\/6"}],"replies":[{"embeddable":true,"href":"https:\/\/blog.causeur.fr\/bonnetdane\/wp-json\/wp\/v2\/comments?post=3331"}],"version-history":[{"count":0,"href":"https:\/\/blog.causeur.fr\/bonnetdane\/wp-json\/wp\/v2\/posts\/3331\/revisions"}],"wp:attachment":[{"href":"https:\/\/blog.causeur.fr\/bonnetdane\/wp-json\/wp\/v2\/media?parent=3331"}],"wp:term":[{"taxonomy":"category","embeddable":true,"href":"https:\/\/blog.causeur.fr\/bonnetdane\/wp-json\/wp\/v2\/categories?post=3331"},{"taxonomy":"post_tag","embeddable":true,"href":"https:\/\/blog.causeur.fr\/bonnetdane\/wp-json\/wp\/v2\/tags?post=3331"}],"curies":[{"name":"wp","href":"https:\/\/api.w.org\/{rel}","templated":true}]}}