{"id":3366,"date":"2021-02-26T16:26:13","date_gmt":"2021-02-26T14:26:13","guid":{"rendered":"https:\/\/blog.causeur.fr\/bonnetdane\/?p=3366"},"modified":"2021-04-22T18:48:01","modified_gmt":"2021-04-22T16:48:01","slug":"a-la-recherche-du-proletaire-perdu","status":"publish","type":"post","link":"https:\/\/blog.causeur.fr\/bonnetdane\/a-la-recherche-du-proletaire-perdu-3366","title":{"rendered":"\u00c0 la recherche du prol\u00e9taire perdu"},"content":{"rendered":"<p><a href=\"https:\/\/blog.causeur.fr\/bonnetdane\/a-la-recherche-du-proletaire-perdu-003366\/vidal-islamogauchisme-universite\" rel=\"attachment wp-att-3373\"><img loading=\"lazy\" decoding=\"async\" class=\"aligncenter size-medium wp-image-3373\" src=\"https:\/\/blog.causeur.fr\/bonnetdane\/files\/2021\/02\/vidal-islamogauchisme-universite-300x150.jpg\" alt=\"vidal-islamogauchisme-universite\" width=\"300\" height=\"150\" srcset=\"https:\/\/blog.causeur.fr\/bonnetdane\/wp-content\/uploads\/sites\/25\/2021\/02\/vidal-islamogauchisme-universite-300x150.jpg 300w, https:\/\/blog.causeur.fr\/bonnetdane\/wp-content\/uploads\/sites\/25\/2021\/02\/vidal-islamogauchisme-universite-768x384.jpg 768w, https:\/\/blog.causeur.fr\/bonnetdane\/wp-content\/uploads\/sites\/25\/2021\/02\/vidal-islamogauchisme-universite-500x250.jpg 500w, https:\/\/blog.causeur.fr\/bonnetdane\/wp-content\/uploads\/sites\/25\/2021\/02\/vidal-islamogauchisme-universite.jpg 1000w\" sizes=\"auto, (max-width: 300px) 100vw, 300px\" \/><\/a>Fr\u00e9d\u00e9rique Vidal, qui postule pour la place de plus bel \u00e9l\u00e9phant dans un magasin de porcelaine, est actuellement vilipend\u00e9e par une partie des universitaires (pas tous, heureusement, il en est qui sauvent l\u2019honneur de l\u2019institution), pour avoir demand\u00e9 au CNRS d\u2019enqu\u00eater sur l\u2019islamo-gauchisme \u00e0 l\u2019universit\u00e9. Adresse plaisante : autant demander \u00e0 un violeur d\u2019enqu\u00eater sur les maltraitances inflig\u00e9es aux femmes. Jean-Michel Blanquer de son c\u00f4t\u00e9 affirme que l\u2019islamo-gauchisme est \u00ab un fait social indubitable. \u00bb \u00ab Fantasme ! \u00bb s\u2019\u00e9crient les uns, \u00ab Chasse aux sorci\u00e8res ! \u00bb<a href=\"https:\/\/www.lemonde.fr\/idees\/article\/2021\/02\/20\/islamo-gauchisme-nous-universitaires-et-chercheurs-demandons-avec-force-la-demission-de-frederique-vidal_6070663_3232.html\"> hurlent les autres<\/a>, dont on trouvera la <a href=\"https:\/\/universiteouverte.org\/2021\/02\/19\/demission_vidal\/?fbclid=IwAR1x01jCvaZCXP2sgb1-ZvQd52On7FB8GiTp3CML8xhtmOOfTm8trU8nTtM\">liste ici<\/a>. Le dolorisme et l\u2019id\u00e9ologie victimaire sont \u00e0 la mode, et comme bien peu de gens, dans le monde universitaire, ont les braies bien nettes, chacun se croit vis\u00e9.<br \/>\nL\u2019islamo-gauchisme est pourtant plus qu\u2019un fait social : c\u2019est un fait politique. Une construction artificielle, une chim\u00e8re monstrueuse \u00e9labor\u00e9e dans les ateliers d\u2019une Gauche sans projet.<\/p>\n<p>L\u2019islamo-gauchisme, expression forg\u00e9e par Pierre-Andr\u00e9 Taguieff, est, selon la d\u00e9finition de Jacques Julliard <a href=\"https:\/\/www.revuedesdeuxmondes.fr\/jacques-julliard-lislamo-gauchisme-cest-haine-de-lidentite-francaise\/\">dans<em> la Revue des Deux mondes<\/em><\/a>, \u00ab un courant de pens\u00e9e qui consid\u00e8re que le r\u00e9veil de l\u2019islam et la mont\u00e9e de l\u2019islamisme sont des \u00e9l\u00e9ments de critique tr\u00e8s int\u00e9ressants du n\u00e9ocapitalisme et, d\u2019une certaine fa\u00e7on, se substituent \u00e0 la lutte des classes et au prol\u00e9tariat classique, qui a d\u00e9\u00e7u ceux qui comptaient sur lui. \u00bb<\/p>\n<p>Ce qui suit est l\u2019historique de cette notion.<\/p>\n<p>En 2002, avant le premier tour de la pr\u00e9sidentielle, Pierre Mauroy conseilla \u00e0 Lionel Jospin de \u00ab parler au peuple \u00bb. Le candidat, qui ignorait encore qu\u2019il arriverait troisi\u00e8me au soir du premier tour, et qui se voyait beau, r\u00e9pondit avec sa morgue ordinaire que la Fondation Jean Jaur\u00e8s et Terra Nova, bo\u00eetes \u00e0 id\u00e9es courtes de la Gauche bobo\u00efs\u00e9e, le lui d\u00e9conseillaient. Le peuple, expliquaient ces grands esprits, n\u2019existait plus, en tout cas comme r\u00e9servoir de voix pour la Gauche ; cela faisait d\u2019ailleurs quinze ans qu\u2019il votait, de plus en plus, pour le Front national. Le vrai r\u00e9servoir de voix, c\u2019\u00e9taient les classes moyennes\u2026<br \/>\nOn sait ce qu\u2019il en advint.<\/p>\n<p>La disparition progressive du prol\u00e9tariat a suivi la d\u00e9sindustrialisation de la France. Je ne suis pas loin de penser que fermer l\u2019outil industriel, c\u2019\u00e9tait supprimer, dans la pens\u00e9e de dirigeants lib\u00e9raux, cette partie de l\u2019opinion qui a une propension \u00e0 l\u2019\u00e9meute. Tout ce qu\u2019il en reste aujourd\u2019hui, ce sont les Gilets jaunes.<br \/>\nL\u2019\u00e9chec de Jospin a sonn\u00e9 le tocsin pour les belles intelligences qui hantent les UER de Sociologie (exception faite de quelques-uns, y compris \u00e0 gauche, comme G\u00e9rard Noiriel et St\u00e9phane Beaud \u2014 vilipend\u00e9s par les leurs depuis qu&rsquo;ils ont fait para\u00eetre, le mois dernier, <em>Race et sciences sociales<\/em>). S\u2019il n\u2019y a plus de prol\u00e9taires, allons chercher d\u2019autres \u00ab damn\u00e9s de la terre \u00bb. Rempla\u00e7ons la lutte des classes par la lutte des races. Et am\u00e9nageons les horaires des piscines municipales, \u00e0 Lille et ailleurs, afin que les musulmanes, toujours pures, comme chacun sait, ne se baignent pas dans les m\u00eames eaux que des salopes c\u00e9frans.<\/p>\n<p>Les immigr\u00e9s, main d\u2019\u0153uvre surexploit\u00e9e dans les ann\u00e9es 1960-1970, avaient fait des enfants, qui, le cul entre deux cultures, choisirent celle qui leur offrait un peu de transcendance, l\u2019islam, tout en adoptant les gadgets de l\u2019autre : le capitalisme ne s\u2019inqui\u00e8te gu\u00e8re des revendications existentielles tant qu\u2019on ach\u00e8te ses produits. Les insurrections alg\u00e9riennes du FIS et du GIA mirent de l\u2019huile d\u2019arachide sur ce feu. Comme on les avait adroitement enferm\u00e9s dans des ghettos, ces enfants de deuxi\u00e8me ou troisi\u00e8me g\u00e9n\u00e9ration commenc\u00e8rent par en expulser les Juifs qui y vivaient encore : \u00e0 Trappes ou ailleurs, on n\u2019incendie pas les synagogues pour des prunes.<br \/>\nCet antis\u00e9mitisme de l\u2019islam, h\u00e9ritier des belles d\u00e9clarations du Grand Mufti de J\u00e9rusalem, Husseini, alli\u00e9 d\u2019Hitler contre les Juifs, conflua avec l\u2019antisionisme des gauchistes de la LCR, qui tourn\u00e8rent alors un regard int\u00e9ress\u00e9 vers des gens susceptibles de renforcer ses maigres bataillons.<br \/>\nPuis les jeunes musulmans burent les paroles des imams envoy\u00e9s en France par des r\u00e9gimes et des organisations qui ont une vision \u00e0 long terme et une politique adroite de cheval de Troie : les universit\u00e9s ont vu affluer des publics plus port\u00e9s sur l\u2019entrisme religieux que sur les savoirs classiques. Les plus extr\u00e9mistes foment\u00e8rent des attentats ici-m\u00eame. Ceux qui avaient le go\u00fbt des voyages rejoignirent Daesh \u2014 puis sont revenus pr\u00eacher la bonne parole d\u2019Allah le Mis\u00e9ricordieux.<br \/>\n\u00ab L\u00e0 se trouve, pensent les id\u00e9ologues de l\u2019extr\u00eame-gauche, le r\u00e9servoir humain de notre reconqu\u00eate. Foin du marxisme qui faisait de la religion l\u2019opium du peuple ! C \u2018est par l\u2019islam que nous enfoncerons un coin dans cette vieille gueuse pourrissante \u2014 la R\u00e9publique fran\u00e7aise. \u00bb Jacques Julliard n\u2019avait pas tort en affirmant que \u00ab l\u2019islamo-gauchisme, c\u2019est la haine de l\u2019identit\u00e9 fran\u00e7aise. \u00bb<\/p>\n<p>S\u2019ensuivit un effet boule de neige. Aux islamistes purs et durs, d\u00fbment chapitr\u00e9s afin de feindre (la taq\u00eeya n\u2019est pas pour les chiens) la collaboration avec des koufars qu\u2019ils m\u00e9prisaient profond\u00e9ment, s\u2019adjoignirent par intersectionnalit\u00e9 tous ceux qui voulaient s\u2019\u00e9lever en pi\u00e9tinant le cadavre de l\u2019homme blanc occidental. Alors que la Gauche \u00e9tait historiquement anti-raciste, au moins depuis l\u2019Affaire Dreyfus, des \u00e9tudiants, des syndicalistes, des enseignants, se sont mis \u00e0 inventer des meetings ou des colloques r\u00e9serv\u00e9s aux \u00ab racis\u00e9s \u00bb et autres \u00ab indig\u00e8nes de la R\u00e9publique \u00bb. Le ph\u00e9nom\u00e8ne se retrouve \u00e0 tous les niveaux, et des syndicalistes, pour accro\u00eetre le nombre de leurs affid\u00e9s, ont ent\u00e9rin\u00e9 ces pratiques racistes : voir SUD, notamment, ou l\u2019UNEF, qui exhibe des militantes voil\u00e9es (tout comme le NPA pr\u00e9sente des candidates voil\u00e9es \u00e0 des \u00e9lections locales) tout en interdisant la lecture des \u0153uvres de Charb, qui se fait ainsi assassiner deux fois.<br \/>\nJean-Luc M\u00e9lenchon s\u2019est converti \u00e0 cette ligne, et d\u00e9file d\u00e9sormais avec les Fr\u00e8res musulmans. Oh, comme je plains les d\u00e9mocrates sinc\u00e8res et de gauche qui ont vot\u00e9 pour lui et ont fait le lit de ces compromissions ignobles !<\/p>\n<p>Intersectionnalit\u00e9 oblige, des f\u00e9ministes se voil\u00e8rent la face (si je puis ainsi m\u2019exprimer), et d\u00e9cid\u00e8rent d\u2019oublier que le voile islamique est le symbole de l\u2019inf\u00e9riorit\u00e9 de la femme, de sa soumission aux diktats des barbus. Tant qu\u2019\u00e0 faire, ces chiennes de garde omirent aussi de condamner la polygamie, l\u2019excision, les certificats de virginit\u00e9, les mariages forc\u00e9s et autres discriminations impos\u00e9es par une vision fanatique de l\u2019Islam des cavernes. La loi de 2004, bien timide, qui interdit l\u2019exhibition de signes religieux ostentatoires dans les lyc\u00e9es et coll\u00e8ges, leur para\u00eet un d\u00e9ni de d\u00e9mocratie. On en reparlera quand elles devront se voiler elles-m\u00eames. En attendant, le voile envahit les universit\u00e9s, et nombre d\u2019universitaires ont d\u00fb faire face \u00e0 des protestations selon les sujets qu\u2019ils traitaient.<br \/>\nL\u2019enseignant que je suis sait bien, depuis des d\u00e9cennies, que les petites maghr\u00e9bines n\u2019ont que l\u2019\u00e9cole pour se lib\u00e9rer d\u2019un environnement familial totalitaire. Et qu\u2019elles brillent bien davantage que leurs grands-fr\u00e8res, occup\u00e9s \u00e0 les museler. Peu importe aux f\u00e9ministes actuelles, pour qui un tchador a la m\u00eame signification qu\u2019une mini-jupe, et un burkini qu\u2019un bikini. Le paradoxe du f\u00e9minisme contemporain, c\u2019est qu\u2019il sacrifie des femmes, et en grand nombre, sur l\u2019autel sacr\u00e9 de la convergence des luttes.<\/p>\n<p>Tous les laiss\u00e9s-pour-compte du Tiers monde, venus en Europe trouver un boulot et des subventions, tous les descendants d\u2019esclaves (attention : ne pas m\u00e9langer ceux de la traite trans-Atlantique, emmen\u00e9s par des Blancs odieux, et ceux, bien plus nombreux, de la traite trans-africaine, mutil\u00e9s et massacr\u00e9s par des fr\u00e8res en Mohammed, sur lui la Paix et la B\u00e9n\u00e9diction), les gays et lesbiennes qui ont choisi d\u2019ignorer qu\u2019ils seront un jour ou l\u2019autre empal\u00e9s ou lapid\u00e9s par leurs nouveaux amis, tout ce beau petit monde a choisi la revendication brutale plut\u00f4t que la voie plus difficile des \u00e9tudes et des concours.<\/p>\n<p>Ils ne se contentent pas de faire du bruit : ils d\u00e9nient aux autres le droit \u00e0 la parole et m\u00eame \u00e0 l\u2019existence. Alain Finkielkraut, Sylviane Agacinski, Elisabeth Badinter en ont fait l\u2019am\u00e8re exp\u00e9rience. Le slogan de 68, \u00ab Il est interdit d\u2019interdire \u00bb, est devenu \u00ab Il est interdit d\u2019exprimer quoi que ce soit qui ne soit pas en accord avec la doxa dont nous sommes d\u00e9positaires \u00bb. Logique : \u00e0 force de fr\u00e9quenter des fanatiques, on se bricole sa charia dans son coin. L\u2019id\u00e9ologie \u00ab woke \u00bb am\u00e9ricaine, selon laquelle le Blanc est coupable par naissance, le m\u00e2le violeur par essence et la la\u00efcit\u00e9 \u00e0 la fran\u00e7aise une atteinte intol\u00e9rable au droit constitutionnel d\u2019\u00eatre un cr\u00e9tin superstitieux et arrogant, s\u2019insinue progressivement dans nos facs. Et les universitaires, par conviction ou par l\u00e2chet\u00e9, ent\u00e9rinent ces \u00e9lucubrations et les perp\u00e9tuent en s\u00e9lectionnant des objets d\u2019\u00e9tude plus farfelus les uns que les autres.<br \/>\nLe recrutement d\u2019enseignants conformes \u00e0 cette doxa accentue encore le m\u00e9canisme d\u2019emprise. La terreur que font r\u00e9gner quelques extr\u00e9mistes cr\u00e9e la panique dans la majorit\u00e9 silencieuse. Les m\u00e9dias, qui r\u00e9pondent volontiers aux sollicitations des \u00e9nergum\u00e8nes, grossissent les faits. Et tout ce beau monde pr\u00e9pare l\u2019av\u00e8nement d\u2019une soci\u00e9t\u00e9 raciste, fanatique, soumise, o\u00f9 il fera certainement tr\u00e8s bon vivre.<\/p>\n<p>Alors oui, Fr\u00e9d\u00e9rique Vidal et Jean-Michel Blanquer ont raison de nommer l\u2019islamo-gauchisme. Peut-\u00eatre pourraient-ils aussi se donner les moyens de faire appliquer les lois existantes, qui interdisent \u2014 c\u2019est l\u2019essence de la Constitution \u2014 toute distinction de sexe, de race ou de religion. Et \u00e7a, c\u2019est le boulot des ministres de l\u2019Int\u00e9rieur et de la Justice.<\/p>\n<p>Jean-Paul Brighelli<\/p>\n","protected":false},"excerpt":{"rendered":"<p>Fr\u00e9d\u00e9rique Vidal, qui postule pour la place de plus bel \u00e9l\u00e9phant dans un magasin de porcelaine, est actuellement vilipend\u00e9e par une partie des universitaires (pas tous, heureusement, il en est qui sauvent l\u2019honneur de l\u2019institution), pour avoir demand\u00e9 au CNRS d\u2019enqu\u00eater sur l\u2019islamo-gauchisme \u00e0 l\u2019universit\u00e9. Adresse plaisante : autant demander \u00e0 un violeur d\u2019enqu\u00eater sur [&hellip;]<\/p>\n","protected":false},"author":6,"featured_media":0,"comment_status":"open","ping_status":"open","sticky":false,"template":"","format":"standard","meta":{"footnotes":""},"categories":[1],"tags":[148,2319,2313,2307,1218,2316,2310],"class_list":{"0":"post-3366","1":"post","2":"type-post","3":"status-publish","4":"format-standard","6":"category-non-classe","7":"tag-antisemitisme","8":"tag-frederique-vidal","9":"tag-gerard-noiriel","10":"tag-islamo-gauchisme","11":"tag-jean-michel-blanquer","12":"tag-stephane-beaud","13":"tag-taguieff"},"_links":{"self":[{"href":"https:\/\/blog.causeur.fr\/bonnetdane\/wp-json\/wp\/v2\/posts\/3366","targetHints":{"allow":["GET"]}}],"collection":[{"href":"https:\/\/blog.causeur.fr\/bonnetdane\/wp-json\/wp\/v2\/posts"}],"about":[{"href":"https:\/\/blog.causeur.fr\/bonnetdane\/wp-json\/wp\/v2\/types\/post"}],"author":[{"embeddable":true,"href":"https:\/\/blog.causeur.fr\/bonnetdane\/wp-json\/wp\/v2\/users\/6"}],"replies":[{"embeddable":true,"href":"https:\/\/blog.causeur.fr\/bonnetdane\/wp-json\/wp\/v2\/comments?post=3366"}],"version-history":[{"count":0,"href":"https:\/\/blog.causeur.fr\/bonnetdane\/wp-json\/wp\/v2\/posts\/3366\/revisions"}],"wp:attachment":[{"href":"https:\/\/blog.causeur.fr\/bonnetdane\/wp-json\/wp\/v2\/media?parent=3366"}],"wp:term":[{"taxonomy":"category","embeddable":true,"href":"https:\/\/blog.causeur.fr\/bonnetdane\/wp-json\/wp\/v2\/categories?post=3366"},{"taxonomy":"post_tag","embeddable":true,"href":"https:\/\/blog.causeur.fr\/bonnetdane\/wp-json\/wp\/v2\/tags?post=3366"}],"curies":[{"name":"wp","href":"https:\/\/api.w.org\/{rel}","templated":true}]}}