{"id":3370,"date":"2021-03-03T06:29:07","date_gmt":"2021-03-03T04:29:07","guid":{"rendered":"https:\/\/blog.causeur.fr\/bonnetdane\/?p=3370"},"modified":"2021-04-22T18:48:01","modified_gmt":"2021-04-22T16:48:01","slug":"le-bac-en-proie-au-coronavirus","status":"publish","type":"post","link":"https:\/\/blog.causeur.fr\/bonnetdane\/le-bac-en-proie-au-coronavirus-3370","title":{"rendered":"Le Bac en proie au coronavirus"},"content":{"rendered":"<p><a href=\"https:\/\/blog.causeur.fr\/bonnetdane\/le-bac-en-proie-au-coronavirus-003370\/photo-d-illustration-lbp-philippe-bruchot-1594128562\" rel=\"attachment wp-att-3375\"><img loading=\"lazy\" decoding=\"async\" class=\"aligncenter size-medium wp-image-3375\" src=\"https:\/\/blog.causeur.fr\/bonnetdane\/files\/2021\/03\/photo-d-illustration-lbp-philippe-bruchot-1594128562-300x200.jpg\" alt=\"photo-d-illustration-lbp-philippe-bruchot-1594128562\" width=\"300\" height=\"200\" srcset=\"https:\/\/blog.causeur.fr\/bonnetdane\/wp-content\/uploads\/sites\/25\/2021\/03\/photo-d-illustration-lbp-philippe-bruchot-1594128562-300x200.jpg 300w, https:\/\/blog.causeur.fr\/bonnetdane\/wp-content\/uploads\/sites\/25\/2021\/03\/photo-d-illustration-lbp-philippe-bruchot-1594128562-768x512.jpg 768w, https:\/\/blog.causeur.fr\/bonnetdane\/wp-content\/uploads\/sites\/25\/2021\/03\/photo-d-illustration-lbp-philippe-bruchot-1594128562-1024x683.jpg 1024w, https:\/\/blog.causeur.fr\/bonnetdane\/wp-content\/uploads\/sites\/25\/2021\/03\/photo-d-illustration-lbp-philippe-bruchot-1594128562-450x300.jpg 450w, https:\/\/blog.causeur.fr\/bonnetdane\/wp-content\/uploads\/sites\/25\/2021\/03\/photo-d-illustration-lbp-philippe-bruchot-1594128562.jpg 1600w\" sizes=\"auto, (max-width: 300px) 100vw, 300px\" \/><\/a>Philippe de Villiers porte plainte contre le ministre de l\u2019Education qui veut instituer deux Bacs, le tout courant, et en contr\u00f4le continu, pour l\u2019enseignement public, et un autre, plus relev\u00e9, et en \u00e9preuves \u00e9crites finales, pour les lyc\u00e9es priv\u00e9s hors contrat. Contrairement \u00e0 <a href=\"https:\/\/www.valeursactuelles.com\/clubvaleurs\/politique\/baccalaureat-deux-vitesses-philippe-de-villiers-porte-plainte-contre-castex-veran-et-blanquer-pour-mise-en-danger-de-la-vie-dautrui-128789\">ce qu\u2019il affirme dans <em>Valeurs actuelles<\/em><\/a> (\u00ab On p\u00e9nalise les meilleurs \u00e9l\u00e8ves pour garantir dans la dur\u00e9e la m\u00e9diocrit\u00e9 de l\u2019Education nationale \u00bb), il ne s\u2019agit pas d\u2019un projet discriminatoire (s\u00e9rieusement, vous imaginez Blanquer stigmatiser le priv\u00e9 ?) mais de la cons\u00e9quence d\u2019une r\u00e9alit\u00e9 : tandis que le public \u00e9tait autoris\u00e9 \u00e0 diviser les classes de lyc\u00e9e en deux, et d\u2019alterner les groupes, le priv\u00e9 (y compris le priv\u00e9 sous contrat) a massivement continu\u00e9 \u00e0 faire cours en classe enti\u00e8re. Les Terminales du priv\u00e9 en savent donc potentiellement deux fois plus que celles du public, o\u00f9 gr\u00e2ce \u00e0 la vigilance des syndicats qui soignent leur popularit\u00e9 en effrayant un corps professoral o\u00f9 l\u2019on ne compte aucun d\u00e9c\u00e8s d\u00fb directement au Covid, ni aucun \u00e9l\u00e8ve, les programmes sont effiloch\u00e9s et divis\u00e9s en pr\u00e9sentiel \/ distanciel. Le cru 2021 sera aussi faible et d\u00e9risoire que le Bac 2020.<\/p>\n<p>Ce qui suit ouvre des pistes de r\u00e9flexion sur notre examen national, r\u00e9duit \u00e0 peu de choses ces vingt derni\u00e8res ann\u00e9es, et \u00e0 rien depuis deux ans.<\/p>\n<p>Quand Jean-Michel Blanquer est arriv\u00e9 rue de Grenelle, il avait un immense chantier devant lui : comment gommer, aussi vite que possible, les effets catastrophique du minist\u00e8re Vallaud-Belkacem \u2014 et plus globalement de cinq ans d\u2019une Gauche qui avait offert tous les leviers de commande \u00e0 des p\u00e9dagogistes d\u00e9j\u00e0 bien install\u00e9s.<br \/>\nMme Vallaud-Belkacem avait d\u00e9mantibul\u00e9 ce qui restait d\u2019enseignement. Mais femme, maghr\u00e9bine, de gauche, elle poss\u00e9dait toutes les vertus qui la rendaient intouchable aux yeux des syndicats. De surcro\u00eet, notoirement incomp\u00e9tente, elle illustrait \u00e0 merveille le fameux mot de Fran\u00e7oise Giroud : \u00ab La femme sera vraiment l&rsquo;\u00e9gale de l&rsquo;homme le jour o\u00f9, \u00e0 un poste important, on d\u00e9signera une femme incomp\u00e9tente. \u00bb C\u2019\u00e9tait fait et nous nous en r\u00e9jouissons\u2026<\/p>\n<p>Blanquer a peut-\u00eatre eu tort de ne pas s\u2019attaquer de front \u00e0 ces chantiers ouverts par son pr\u00e9d\u00e9cesseur, de la Maternelle au lyc\u00e9e. Il a pr\u00e9f\u00e9r\u00e9 prendre le probl\u00e8me par les deux bouts, en sugg\u00e9rant que les instituteurs devraient d\u00e9sormais apprendre \u00e0 lire et \u00e0 \u00e9crire aux enfants \u2014 une atteinte insupportable aux droits sacr\u00e9s de l\u2019autonomie p\u00e9dagogique de la B\u00eatise \u2014 et en r\u00e9formant le Bac.<\/p>\n<p>La r\u00e9forme des cursus \u00e9tait indispensable. La section S \u00e9tait devenu un fourre-tout, la section L un d\u00e9barras. Il fallait certainement revivifier le syst\u00e8me, en orientant les \u00ab bons en maths \u00bb vers une section o\u00f9 ils en feraient pour de bon, et en proposant aux autres des voies parall\u00e8les susceptibles de les s\u00e9duire sans les accabler sous la trigonom\u00e9trie. Objectif atteint, l\u2019option Sp\u00e9cialit\u00e9 Maths ne garde presque plus en Terminale que ceux qui comprennent, ce qui n\u2019est pas une mauvaise chose.<\/p>\n<p>R\u00e9former le Bac \u00e9tait une gageure. L\u2019examen \u00e9tait si d\u00e9valu\u00e9 qu\u2019il aurait mieux valu, comme je l\u2019ai propos\u00e9 inlassablement, le remplacer par un Certificat de fin d\u2019\u00e9tudes \u2014 en le \u00ab secondarisant \u00bb compl\u00e8tement. Et laisser l\u2019enseignement sup\u00e9rieur, via Parcoursup, faire le tri. Ou, si l\u2019on me passe la m\u00e9taphore, opter pour la proportionnelle int\u00e9grale, en lieu et place du scrutin nominal \u00e0 deux tours \u2014 l\u2019\u00e9crit et l\u2019oral.<\/p>\n<p>Blanquer a pr\u00e9f\u00e9r\u00e9 injecter une dose de proportionnelle dans un syst\u00e8me globalement intouch\u00e9. Les \u00ab E3C \u00bb, ces \u00e9preuves interm\u00e9diaires pass\u00e9es en Premi\u00e8re et en Terminale, veulent introduire du contr\u00f4le continu tout en gardant l\u2019examen final. Les pourcentages adjug\u00e9s aux uns et aux autres sont aussi byzantins que les propositions de Fran\u00e7ois Bayrou \u2014 par exemple mettre les r\u00e9gions tr\u00e8s peupl\u00e9es en proportionnelle, et garder le scrutin uninominal \u00e0 deux tours pour le reste de la population. Toute solution b\u00e2tarde est en soi une mauvaise id\u00e9e.<br \/>\nSur ce vint le virus.<\/p>\n<p>On sait ce qu\u2019il est advenu de la cuv\u00e9e Bac 2020. Avec plus de 95% de r\u00e9ussite, c\u2019est une parodie d\u2019examen. Le cru Bac 2021, issu d\u2019un enseignement \u00e0 mi-temps o\u00f9 les enseignants n\u2019auront pas, en moyenne, trait\u00e9 la moiti\u00e9 du programme, lui ressemblera comme un fr\u00e8re. Il sera peut-\u00eatre pire, les \u00e9l\u00e8ves sont revenus d\u00e9but septembre avec une app\u00e9tence au travail singuli\u00e8rement diminu\u00e9e par des mois de confinement et de maniement des t\u00e9l\u00e9-commandes. De surcro\u00eet, savoir que l\u2019an dernier des cancres ont obtenu le Bac leur fait revendiquer pour juin prochain le m\u00eame privil\u00e8ge.<\/p>\n<p>Alors, posons la question. Pourquoi ne pas profiter du d\u00e9sastre dans lequel le Covid a pr\u00e9cipit\u00e9 le syst\u00e8me \u00e9ducatif pour supprimer carr\u00e9ment cette formalit\u00e9 ? Le Bac n\u2019est plus un examen \u2014 il n\u2019est m\u00eame plus un rite de passage. Un parchemin de valeur nulle \u2014 qui recrute au niveau Bac ? Uber, peut-\u00eatre. Ou Deliveroo.<br \/>\nLes enseignants, lib\u00e9r\u00e9s de la perspective d\u2019\u00e9preuves peu significatives mais obligatoires, pourraient traiter le programme comme ils l\u2019entendent. Bien s\u00fbr, les \u00e9tablissements domin\u00e9s par les facariens n\u2019auraient pas bonne presse. Mais justement, laissons les parents (qui n\u2019auront plus de pr\u00e9texte pour venir casser la figure des profs) inscrire leurs rejetons o\u00f9 ils le d\u00e9sirent, dans la limite des places disponibles. Ou, <a href=\"https:\/\/etudiant.lefigaro.fr\/article\/affelnet-polemique-autour-des-nouvelles-regles-d-affectation-au-lycee-a-paris_6b6ed7d8-7063-11eb-8dff-3e0ebe46e6e9\/\">comme \u00e0 Paris<\/a>, remodelons Affelnet, le logiciel qui dispatche en lyc\u00e9e les \u00e9l\u00e8ves de fin Troisi\u00e8me, et cr\u00e9ons une mixit\u00e9 scolaire en fonction de l\u2019Indice de position sociale du coll\u00e8ge d\u2019origine \u2014 somme toute plus parlant que la dichotomie boursier \/ non boursier, surtout dans une capitale peupl\u00e9e de CSP++.<\/p>\n<p>Le Bac est un symbole du pass\u00e9. Le Bac 2021 a autant de rapports avec celui cr\u00e9\u00e9 par Napol\u00e9on, ou avec celui que vous avez pass\u00e9, que vous-m\u00eame avec vos anc\u00eatres. Rayons-le d\u2019un trait de plume, et laissons l\u2019enseignement sup\u00e9rieur faire le tri : les meilleurs cursus prendront les meilleurs \u2014 comme aujourd\u2019hui \u2014, et les autres mod\u00e8reront leurs pr\u00e9tentions.<br \/>\n\u00ab Ecole \u00e0 deux vitesses ! \u00bb crieront les syndicats. Mais c\u2019est d\u00e9j\u00e0 le cas, chers coll\u00e8gues : croyez-vous que les cursus exigeants choisissent les candidats en fonction de leurs notes ? L\u2019\u00e9tablissement d\u2019origine, priv\u00e9 ou public, compte au moins pour la moiti\u00e9 de l\u2019appr\u00e9ciation. J\u2019ai m\u00eame vu des commentaires d\u00e9terminants du genre \u00ab dans tel lyc\u00e9e, c\u2019est Untel qui enseigne les maths \u00bb \u2014 parce que nous ne sommes pas tous \u00e9gaux, figurez-vous.<\/p>\n<p>Il reste un peu plus d\u2019un an \u00e0 Blanquer pour en finir avec les d\u00e9pouilles de l\u2019ancien monde. Quitte \u00e0 \u00eatre un ministre impopulaire \u2014 et c\u2019est tr\u00e8s injuste quand on pense au d\u00e9sastre de Vallaud-Belkacem dont personne ne dit mot \u2014, autant imposer une vraie r\u00e9forme qui permettra d\u2019enseigner sans la menace d\u2019un couperet qui de toute fa\u00e7on n\u2019a plus aucune signification.<\/p>\n<p>Jean-Paul Brighelli<\/p>\n","protected":false},"excerpt":{"rendered":"<p>Philippe de Villiers porte plainte contre le ministre de l\u2019Education qui veut instituer deux Bacs, le tout courant, et en contr\u00f4le continu, pour l\u2019enseignement public, et un autre, plus relev\u00e9, et en \u00e9preuves \u00e9crites finales, pour les lyc\u00e9es priv\u00e9s hors contrat. Contrairement \u00e0 ce qu\u2019il affirme dans Valeurs actuelles (\u00ab On p\u00e9nalise les meilleurs \u00e9l\u00e8ves [&hellip;]<\/p>\n","protected":false},"author":6,"featured_media":0,"comment_status":"open","ping_status":"open","sticky":false,"template":"","format":"standard","meta":{"footnotes":""},"categories":[1],"tags":[40,1827,2202,2322],"class_list":{"0":"post-3370","1":"post","2":"type-post","3":"status-publish","4":"format-standard","6":"category-non-classe","7":"tag-bac","8":"tag-blanquer","9":"tag-covid","10":"tag-parcoursup"},"_links":{"self":[{"href":"https:\/\/blog.causeur.fr\/bonnetdane\/wp-json\/wp\/v2\/posts\/3370","targetHints":{"allow":["GET"]}}],"collection":[{"href":"https:\/\/blog.causeur.fr\/bonnetdane\/wp-json\/wp\/v2\/posts"}],"about":[{"href":"https:\/\/blog.causeur.fr\/bonnetdane\/wp-json\/wp\/v2\/types\/post"}],"author":[{"embeddable":true,"href":"https:\/\/blog.causeur.fr\/bonnetdane\/wp-json\/wp\/v2\/users\/6"}],"replies":[{"embeddable":true,"href":"https:\/\/blog.causeur.fr\/bonnetdane\/wp-json\/wp\/v2\/comments?post=3370"}],"version-history":[{"count":0,"href":"https:\/\/blog.causeur.fr\/bonnetdane\/wp-json\/wp\/v2\/posts\/3370\/revisions"}],"wp:attachment":[{"href":"https:\/\/blog.causeur.fr\/bonnetdane\/wp-json\/wp\/v2\/media?parent=3370"}],"wp:term":[{"taxonomy":"category","embeddable":true,"href":"https:\/\/blog.causeur.fr\/bonnetdane\/wp-json\/wp\/v2\/categories?post=3370"},{"taxonomy":"post_tag","embeddable":true,"href":"https:\/\/blog.causeur.fr\/bonnetdane\/wp-json\/wp\/v2\/tags?post=3370"}],"curies":[{"name":"wp","href":"https:\/\/api.w.org\/{rel}","templated":true}]}}